{"id":1227,"date":"2009-11-06T11:19:59","date_gmt":"2009-11-06T08:19:59","guid":{"rendered":"http:\/\/localhost\/wordpress\/2009\/11\/06\/bitmemis-siirler\/"},"modified":"2009-11-06T11:19:59","modified_gmt":"2009-11-06T08:19:59","slug":"bitmemis-siirler","status":"publish","type":"post","link":"https:\/\/narteks.net\/index.php\/2009\/11\/06\/bitmemis-siirler\/","title":{"rendered":"B\u0130TMEM\u0130\u015e \u015e\u0130\u0130RLER"},"content":{"rendered":"<p>\u00a0<\/p>\n<p>\u015e\u00f6yle bir i\u00e7ten \u00f6pmeni senin,<br \/>Bin tane cennete de\u011fi\u015fmem&#8230;<br \/>Vars\u0131n yata\u011f\u0131m\u0131z ipek olmas\u0131n,<br \/>G\u00fczel v\u00fccudun danteller i\u00e7inde de\u011filmi\u015f,<br \/>Ne \u00e7\u0131kar&#8230;<br \/>O b\u00fct\u00fcn tatl\u0131 saatlerinde gecenin<br \/>G\u00fcne\u015f perdelere gelene kadar,<br \/>Kollar\u0131nda bulutlarda gibiyim,<br \/>Mehtap sa\u00e7a\u011f\u0131m\u0131zdaki buzlarda<br \/>Odam\u0131za bir so\u011fuk ayd\u0131nl\u0131k dolmu\u015f.<br \/>G\u00f6zlerin g\u00f6zlerimde,<br \/>Boynumda s\u0131ms\u0131cak kollar\u0131n,<br \/>G\u00fcnd\u00fczki yorgunlu\u011fum kaybolmu\u015f.<br \/>Seni her an minnetle yad ederim<br \/>Sen \u015fimdi \u015fark\u0131larla evimizdesin,<br \/>Sahibem, efendim, elag\u00f6zl\u00fcm<br \/>G\u00f6zlerinden \u00f6perim..<br \/>Boydan boya bek\u00e7i d\u00fcd\u00fckleri sokaklarda<br \/>Gecemiz huzur i\u00e7inde ela g\u00f6zl\u00fcm.<br \/>\u00d6p\u00fc\u015flerin \u00f6p\u00fc\u015flerin ardarda&#8230;<br \/>Hem sevgi hem \u015fefkat dolu ellerin<br \/>Ne olur yine b\u00f6yle yar\u0131nda<br \/>Binlerce \u015f\u00fckrediyorum hayata geldi\u011fime kollar\u0131nda..<br \/>Bir ba\u015fka lezzet var hayatta ela g\u00f6zl\u00fcm,<br \/>\u00d6teki alemleri bilmek istemem.<br \/>\u015e\u00f6yle bir i\u00e7ten \u00f6pmeni senin,<br \/>Binlerce cennete de\u011fi\u015fmem.<\/p>\n<p>Turgut UYAR<\/p>\n","protected":false},"excerpt":{"rendered":"<p>\u00a0 \u015e\u00f6yle bir i\u00e7ten \u00f6pmeni senin,Bin tane cennete de\u011fi\u015fmem&#8230;Vars\u0131n yata\u011f\u0131m\u0131z ipek olmas\u0131n,G\u00fczel v\u00fccudun danteller i\u00e7inde de\u011filmi\u015f,Ne \u00e7\u0131kar&#8230;O b\u00fct\u00fcn tatl\u0131 saatlerinde geceninG\u00fcne\u015f perdelere gelene kadar,Kollar\u0131nda bulutlarda gibiyim,Mehtap sa\u00e7a\u011f\u0131m\u0131zdaki buzlardaOdam\u0131za bir so\u011fuk ayd\u0131nl\u0131k dolmu\u015f.G\u00f6zlerin g\u00f6zlerimde,Boynumda s\u0131ms\u0131cak kollar\u0131n,G\u00fcnd\u00fczki yorgunlu\u011fum kaybolmu\u015f.Seni her an minnetle yad ederimSen \u015fimdi \u015fark\u0131larla evimizdesin,Sahibem, efendim, elag\u00f6zl\u00fcmG\u00f6zlerinden \u00f6perim..Boydan boya bek\u00e7i d\u00fcd\u00fckleri sokaklardaGecemiz huzur i\u00e7inde ela [&hellip;]<\/p>\n","protected":false},"author":1,"featured_media":0,"comment_status":"open","ping_status":"open","sticky":false,"template":"","format":"standard","meta":{"footnotes":""},"categories":[65],"tags":[],"class_list":{"0":"post-1227","1":"post","2":"type-post","3":"status-publish","4":"format-standard","6":"category-turgut-uyar"},"yoast_head":"<!-- This site is optimized with the Yoast SEO Premium plugin v24.9 (Yoast SEO v24.9) - https:\/\/yoast.com\/wordpress\/plugins\/seo\/ -->\n<title>B\u0130TMEM\u0130\u015e \u015e\u0130\u0130RLER - narteks.net<\/title>\n<meta name=\"robots\" content=\"index, follow, max-snippet:-1, max-image-preview:large, max-video-preview:-1\" \/>\n<link rel=\"canonical\" href=\"https:\/\/narteks.net\/index.php\/2009\/11\/06\/bitmemis-siirler\/\" \/>\n<meta property=\"og:locale\" content=\"tr_TR\" \/>\n<meta property=\"og:type\" content=\"article\" \/>\n<meta property=\"og:title\" content=\"B\u0130TMEM\u0130\u015e \u015e\u0130\u0130RLER\" \/>\n<meta property=\"og:description\" content=\"\u00a0 \u015e\u00f6yle bir i\u00e7ten \u00f6pmeni senin,Bin tane cennete de\u011fi\u015fmem&#8230;Vars\u0131n yata\u011f\u0131m\u0131z ipek olmas\u0131n,G\u00fczel v\u00fccudun danteller i\u00e7inde de\u011filmi\u015f,Ne \u00e7\u0131kar&#8230;O b\u00fct\u00fcn tatl\u0131 saatlerinde geceninG\u00fcne\u015f perdelere gelene kadar,Kollar\u0131nda bulutlarda gibiyim,Mehtap sa\u00e7a\u011f\u0131m\u0131zdaki buzlardaOdam\u0131za bir so\u011fuk ayd\u0131nl\u0131k dolmu\u015f.G\u00f6zlerin g\u00f6zlerimde,Boynumda s\u0131ms\u0131cak kollar\u0131n,G\u00fcnd\u00fczki yorgunlu\u011fum kaybolmu\u015f.Seni her an minnetle yad ederimSen \u015fimdi \u015fark\u0131larla evimizdesin,Sahibem, efendim, elag\u00f6zl\u00fcmG\u00f6zlerinden \u00f6perim..Boydan boya bek\u00e7i d\u00fcd\u00fckleri sokaklardaGecemiz huzur i\u00e7inde ela [&hellip;]\" \/>\n<meta property=\"og:url\" content=\"https:\/\/narteks.net\/index.php\/2009\/11\/06\/bitmemis-siirler\/\" \/>\n<meta property=\"og:site_name\" content=\"narteks.net\" \/>\n<meta property=\"article:published_time\" content=\"2009-11-06T08:19:59+00:00\" \/>\n<meta property=\"og:image\" content=\"https:\/\/narteks.net\/wp-content\/uploads\/narteks.png\" \/>\n\t<meta property=\"og:image:width\" content=\"300\" \/>\n\t<meta property=\"og:image:height\" content=\"90\" \/>\n\t<meta property=\"og:image:type\" content=\"image\/png\" \/>\n<meta name=\"author\" content=\"Tar\u0131k\" \/>\n<meta name=\"twitter:card\" content=\"summary_large_image\" \/>\n<meta name=\"twitter:creator\" content=\"@narteks\" \/>\n<meta name=\"twitter:site\" content=\"@narteks\" \/>\n<meta name=\"twitter:label1\" content=\"Yazan:\" \/>\n\t<meta name=\"twitter:data1\" content=\"Tar\u0131k\" \/>\n\t<meta name=\"twitter:label2\" content=\"Tahmini okuma s\u00fcresi\" \/>\n\t<meta name=\"twitter:data2\" content=\"1 dakika\" \/>\n<script type=\"application\/ld+json\" class=\"yoast-schema-graph\">{\"@context\":\"https:\/\/schema.org\",\"@graph\":[{\"@type\":\"Article\",\"@id\":\"https:\/\/narteks.net\/index.php\/2009\/11\/06\/bitmemis-siirler\/#article\",\"isPartOf\":{\"@id\":\"https:\/\/narteks.net\/index.php\/2009\/11\/06\/bitmemis-siirler\/\"},\"author\":{\"name\":\"Tar\u0131k\",\"@id\":\"https:\/\/narteks.net\/#\/schema\/person\/61f37d9834294b72d31d274e7ed79bca\"},\"headline\":\"B\u0130TMEM\u0130\u015e \u015e\u0130\u0130RLER\",\"datePublished\":\"2009-11-06T08:19:59+00:00\",\"mainEntityOfPage\":{\"@id\":\"https:\/\/narteks.net\/index.php\/2009\/11\/06\/bitmemis-siirler\/\"},\"wordCount\":161,\"commentCount\":0,\"publisher\":{\"@id\":\"https:\/\/narteks.net\/#organization\"},\"articleSection\":[\"Turgut UYAR\"],\"inLanguage\":\"tr\",\"potentialAction\":[{\"@type\":\"CommentAction\",\"name\":\"Comment\",\"target\":[\"https:\/\/narteks.net\/index.php\/2009\/11\/06\/bitmemis-siirler\/#respond\"]}]},{\"@type\":\"WebPage\",\"@id\":\"https:\/\/narteks.net\/index.php\/2009\/11\/06\/bitmemis-siirler\/\",\"url\":\"https:\/\/narteks.net\/index.php\/2009\/11\/06\/bitmemis-siirler\/\",\"name\":\"B\u0130TMEM\u0130\u015e \u015e\u0130\u0130RLER - narteks.net\",\"isPartOf\":{\"@id\":\"https:\/\/narteks.net\/#website\"},\"datePublished\":\"2009-11-06T08:19:59+00:00\",\"breadcrumb\":{\"@id\":\"https:\/\/narteks.net\/index.php\/2009\/11\/06\/bitmemis-siirler\/#breadcrumb\"},\"inLanguage\":\"tr\",\"potentialAction\":[{\"@type\":\"ReadAction\",\"target\":[\"https:\/\/narteks.net\/index.php\/2009\/11\/06\/bitmemis-siirler\/\"]}]},{\"@type\":\"BreadcrumbList\",\"@id\":\"https:\/\/narteks.net\/index.php\/2009\/11\/06\/bitmemis-siirler\/#breadcrumb\",\"itemListElement\":[{\"@type\":\"ListItem\",\"position\":1,\"name\":\"Anasayfa\",\"item\":\"https:\/\/narteks.net\/\"},{\"@type\":\"ListItem\",\"position\":2,\"name\":\"B\u0130TMEM\u0130\u015e \u015e\u0130\u0130RLER\"}]},{\"@type\":\"WebSite\",\"@id\":\"https:\/\/narteks.net\/#website\",\"url\":\"https:\/\/narteks.net\/\",\"name\":\"narteks.net\",\"description\":\"K\u00fclt\u00fcr Sanat Edebiyat Felsefe\",\"publisher\":{\"@id\":\"https:\/\/narteks.net\/#organization\"},\"alternateName\":\"K\u00fclt\u00fcr Sanat Edebiyat Felsefe\",\"potentialAction\":[{\"@type\":\"SearchAction\",\"target\":{\"@type\":\"EntryPoint\",\"urlTemplate\":\"https:\/\/narteks.net\/?s={search_term_string}\"},\"query-input\":{\"@type\":\"PropertyValueSpecification\",\"valueRequired\":true,\"valueName\":\"search_term_string\"}}],\"inLanguage\":\"tr\"},{\"@type\":\"Organization\",\"@id\":\"https:\/\/narteks.net\/#organization\",\"name\":\"narteks.net\",\"url\":\"https:\/\/narteks.net\/\",\"logo\":{\"@type\":\"ImageObject\",\"inLanguage\":\"tr\",\"@id\":\"https:\/\/narteks.net\/#\/schema\/logo\/image\/\",\"url\":\"https:\/\/narteks.net\/wp-content\/uploads\/narteks.png\",\"contentUrl\":\"https:\/\/narteks.net\/wp-content\/uploads\/narteks.png\",\"width\":300,\"height\":90,\"caption\":\"narteks.net\"},\"image\":{\"@id\":\"https:\/\/narteks.net\/#\/schema\/logo\/image\/\"},\"sameAs\":[\"https:\/\/x.com\/narteks\",\"https:\/\/instagram.com\/narteksnet\"]},{\"@type\":\"Person\",\"@id\":\"https:\/\/narteks.net\/#\/schema\/person\/61f37d9834294b72d31d274e7ed79bca\",\"name\":\"Tar\u0131k\",\"image\":{\"@type\":\"ImageObject\",\"inLanguage\":\"tr\",\"@id\":\"https:\/\/narteks.net\/#\/schema\/person\/image\/\",\"url\":\"https:\/\/secure.gravatar.com\/avatar\/50865afb55632c4ae467e0af0930f6510aa2297d8014be502a55b14f3b7550cf?s=96&d=mm&r=g\",\"contentUrl\":\"https:\/\/secure.gravatar.com\/avatar\/50865afb55632c4ae467e0af0930f6510aa2297d8014be502a55b14f3b7550cf?s=96&d=mm&r=g\",\"caption\":\"Tar\u0131k\"},\"sameAs\":[\"http:\/\/narteks.net\"],\"url\":\"https:\/\/narteks.net\/index.php\/author\/narbak\/\"}]}<\/script>\n<!-- \/ Yoast SEO Premium plugin. -->","yoast_head_json":{"title":"B\u0130TMEM\u0130\u015e \u015e\u0130\u0130RLER - narteks.net","robots":{"index":"index","follow":"follow","max-snippet":"max-snippet:-1","max-image-preview":"max-image-preview:large","max-video-preview":"max-video-preview:-1"},"canonical":"https:\/\/narteks.net\/index.php\/2009\/11\/06\/bitmemis-siirler\/","og_locale":"tr_TR","og_type":"article","og_title":"B\u0130TMEM\u0130\u015e \u015e\u0130\u0130RLER","og_description":"\u00a0 \u015e\u00f6yle bir i\u00e7ten \u00f6pmeni senin,Bin tane cennete de\u011fi\u015fmem&#8230;Vars\u0131n yata\u011f\u0131m\u0131z ipek olmas\u0131n,G\u00fczel v\u00fccudun danteller i\u00e7inde de\u011filmi\u015f,Ne \u00e7\u0131kar&#8230;O b\u00fct\u00fcn tatl\u0131 saatlerinde geceninG\u00fcne\u015f perdelere gelene kadar,Kollar\u0131nda bulutlarda gibiyim,Mehtap sa\u00e7a\u011f\u0131m\u0131zdaki buzlardaOdam\u0131za bir so\u011fuk ayd\u0131nl\u0131k dolmu\u015f.G\u00f6zlerin g\u00f6zlerimde,Boynumda s\u0131ms\u0131cak kollar\u0131n,G\u00fcnd\u00fczki yorgunlu\u011fum kaybolmu\u015f.Seni her an minnetle yad ederimSen \u015fimdi \u015fark\u0131larla evimizdesin,Sahibem, efendim, elag\u00f6zl\u00fcmG\u00f6zlerinden \u00f6perim..Boydan boya bek\u00e7i d\u00fcd\u00fckleri sokaklardaGecemiz huzur i\u00e7inde ela [&hellip;]","og_url":"https:\/\/narteks.net\/index.php\/2009\/11\/06\/bitmemis-siirler\/","og_site_name":"narteks.net","article_published_time":"2009-11-06T08:19:59+00:00","og_image":[{"width":300,"height":90,"url":"https:\/\/narteks.net\/wp-content\/uploads\/narteks.png","type":"image\/png"}],"author":"Tar\u0131k","twitter_card":"summary_large_image","twitter_creator":"@narteks","twitter_site":"@narteks","twitter_misc":{"Yazan:":"Tar\u0131k","Tahmini okuma s\u00fcresi":"1 dakika"},"schema":{"@context":"https:\/\/schema.org","@graph":[{"@type":"Article","@id":"https:\/\/narteks.net\/index.php\/2009\/11\/06\/bitmemis-siirler\/#article","isPartOf":{"@id":"https:\/\/narteks.net\/index.php\/2009\/11\/06\/bitmemis-siirler\/"},"author":{"name":"Tar\u0131k","@id":"https:\/\/narteks.net\/#\/schema\/person\/61f37d9834294b72d31d274e7ed79bca"},"headline":"B\u0130TMEM\u0130\u015e \u015e\u0130\u0130RLER","datePublished":"2009-11-06T08:19:59+00:00","mainEntityOfPage":{"@id":"https:\/\/narteks.net\/index.php\/2009\/11\/06\/bitmemis-siirler\/"},"wordCount":161,"commentCount":0,"publisher":{"@id":"https:\/\/narteks.net\/#organization"},"articleSection":["Turgut UYAR"],"inLanguage":"tr","potentialAction":[{"@type":"CommentAction","name":"Comment","target":["https:\/\/narteks.net\/index.php\/2009\/11\/06\/bitmemis-siirler\/#respond"]}]},{"@type":"WebPage","@id":"https:\/\/narteks.net\/index.php\/2009\/11\/06\/bitmemis-siirler\/","url":"https:\/\/narteks.net\/index.php\/2009\/11\/06\/bitmemis-siirler\/","name":"B\u0130TMEM\u0130\u015e \u015e\u0130\u0130RLER - narteks.net","isPartOf":{"@id":"https:\/\/narteks.net\/#website"},"datePublished":"2009-11-06T08:19:59+00:00","breadcrumb":{"@id":"https:\/\/narteks.net\/index.php\/2009\/11\/06\/bitmemis-siirler\/#breadcrumb"},"inLanguage":"tr","potentialAction":[{"@type":"ReadAction","target":["https:\/\/narteks.net\/index.php\/2009\/11\/06\/bitmemis-siirler\/"]}]},{"@type":"BreadcrumbList","@id":"https:\/\/narteks.net\/index.php\/2009\/11\/06\/bitmemis-siirler\/#breadcrumb","itemListElement":[{"@type":"ListItem","position":1,"name":"Anasayfa","item":"https:\/\/narteks.net\/"},{"@type":"ListItem","position":2,"name":"B\u0130TMEM\u0130\u015e \u015e\u0130\u0130RLER"}]},{"@type":"WebSite","@id":"https:\/\/narteks.net\/#website","url":"https:\/\/narteks.net\/","name":"narteks.net","description":"K\u00fclt\u00fcr Sanat Edebiyat Felsefe","publisher":{"@id":"https:\/\/narteks.net\/#organization"},"alternateName":"K\u00fclt\u00fcr Sanat Edebiyat Felsefe","potentialAction":[{"@type":"SearchAction","target":{"@type":"EntryPoint","urlTemplate":"https:\/\/narteks.net\/?s={search_term_string}"},"query-input":{"@type":"PropertyValueSpecification","valueRequired":true,"valueName":"search_term_string"}}],"inLanguage":"tr"},{"@type":"Organization","@id":"https:\/\/narteks.net\/#organization","name":"narteks.net","url":"https:\/\/narteks.net\/","logo":{"@type":"ImageObject","inLanguage":"tr","@id":"https:\/\/narteks.net\/#\/schema\/logo\/image\/","url":"https:\/\/narteks.net\/wp-content\/uploads\/narteks.png","contentUrl":"https:\/\/narteks.net\/wp-content\/uploads\/narteks.png","width":300,"height":90,"caption":"narteks.net"},"image":{"@id":"https:\/\/narteks.net\/#\/schema\/logo\/image\/"},"sameAs":["https:\/\/x.com\/narteks","https:\/\/instagram.com\/narteksnet"]},{"@type":"Person","@id":"https:\/\/narteks.net\/#\/schema\/person\/61f37d9834294b72d31d274e7ed79bca","name":"Tar\u0131k","image":{"@type":"ImageObject","inLanguage":"tr","@id":"https:\/\/narteks.net\/#\/schema\/person\/image\/","url":"https:\/\/secure.gravatar.com\/avatar\/50865afb55632c4ae467e0af0930f6510aa2297d8014be502a55b14f3b7550cf?s=96&d=mm&r=g","contentUrl":"https:\/\/secure.gravatar.com\/avatar\/50865afb55632c4ae467e0af0930f6510aa2297d8014be502a55b14f3b7550cf?s=96&d=mm&r=g","caption":"Tar\u0131k"},"sameAs":["http:\/\/narteks.net"],"url":"https:\/\/narteks.net\/index.php\/author\/narbak\/"}]}},"_links":{"self":[{"href":"https:\/\/narteks.net\/index.php\/wp-json\/wp\/v2\/posts\/1227","targetHints":{"allow":["GET"]}}],"collection":[{"href":"https:\/\/narteks.net\/index.php\/wp-json\/wp\/v2\/posts"}],"about":[{"href":"https:\/\/narteks.net\/index.php\/wp-json\/wp\/v2\/types\/post"}],"author":[{"embeddable":true,"href":"https:\/\/narteks.net\/index.php\/wp-json\/wp\/v2\/users\/1"}],"replies":[{"embeddable":true,"href":"https:\/\/narteks.net\/index.php\/wp-json\/wp\/v2\/comments?post=1227"}],"version-history":[{"count":0,"href":"https:\/\/narteks.net\/index.php\/wp-json\/wp\/v2\/posts\/1227\/revisions"}],"wp:attachment":[{"href":"https:\/\/narteks.net\/index.php\/wp-json\/wp\/v2\/media?parent=1227"}],"wp:term":[{"taxonomy":"category","embeddable":true,"href":"https:\/\/narteks.net\/index.php\/wp-json\/wp\/v2\/categories?post=1227"},{"taxonomy":"post_tag","embeddable":true,"href":"https:\/\/narteks.net\/index.php\/wp-json\/wp\/v2\/tags?post=1227"}],"curies":[{"name":"wp","href":"https:\/\/api.w.org\/{rel}","templated":true}]}}