{"id":123,"date":"2009-02-27T15:46:08","date_gmt":"2009-02-27T12:46:08","guid":{"rendered":"http:\/\/localhost\/wordpress\/2009\/02\/27\/gulusun-eklenir-kimligime\/"},"modified":"2009-02-27T15:46:08","modified_gmt":"2009-02-27T12:46:08","slug":"gulusun-eklenir-kimligime","status":"publish","type":"post","link":"https:\/\/narteks.net\/index.php\/2009\/02\/27\/gulusun-eklenir-kimligime\/","title":{"rendered":"G\u00dcL\u00dc\u015e\u00dcN EKLEN\u0130R K\u0130ML\u0130\u011e\u0130ME"},"content":{"rendered":"<p>\u00a0<\/p>\n<p>G\u00fcn biter g\u00fcl\u00fc\u015f\u00fcn kal\u0131r bende <br \/>an\u0131lar gibi s\u00fcr\u00fcklenir bulutlar <br \/>\u00d6mr\u00fcm\u00fcz ayr\u0131l\u0131klar toplam\u0131d\u0131r <br \/>yar\u0131m kalan bir \u015fiir belki de <\/p>\n<p>Ayk\u0131r\u0131 anlamlar aray\u0131p durma <br \/>g\u00fcz bitip sular k\u00f6p\u00fcr\u00fcr de <br \/>kapanmaz g\u00fcl\u00fc\u015f\u00fcn\u00fcn a\u00e7t\u0131\u011f\u0131 yara <br \/>u\u00e7urum olur zaman her gece <\/p>\n<p>Her gece yeni bir sava\u015f baslar <br \/>ac\u0131 ses olur, ses deli ya\u011fmur <\/p>\n<p>S\u0131\u011f\u0131nd\u0131\u011f\u0131m her yer ad\u0131nla an\u0131l\u0131r <br \/>ben girerim soka\u011f\u0131 devriyeler basar <br \/>Bir de g\u00fcl\u00fc\u015f\u00fcn eklenir kimli\u011fime.<\/p>\n<p>AHMET TELL\u0130<\/p>\n","protected":false},"excerpt":{"rendered":"<p>\u00a0 G\u00fcn biter g\u00fcl\u00fc\u015f\u00fcn kal\u0131r bende an\u0131lar gibi s\u00fcr\u00fcklenir bulutlar \u00d6mr\u00fcm\u00fcz ayr\u0131l\u0131klar toplam\u0131d\u0131r yar\u0131m kalan bir \u015fiir belki de Ayk\u0131r\u0131 anlamlar aray\u0131p durma g\u00fcz bitip sular k\u00f6p\u00fcr\u00fcr de kapanmaz g\u00fcl\u00fc\u015f\u00fcn\u00fcn a\u00e7t\u0131\u011f\u0131 yara u\u00e7urum olur zaman her gece Her gece yeni bir sava\u015f baslar ac\u0131 ses olur, ses deli ya\u011fmur S\u0131\u011f\u0131nd\u0131\u011f\u0131m her yer ad\u0131nla an\u0131l\u0131r ben [&hellip;]<\/p>\n","protected":false},"author":1,"featured_media":0,"comment_status":"open","ping_status":"open","sticky":false,"template":"","format":"standard","meta":{"footnotes":""},"categories":[7],"tags":[],"class_list":{"0":"post-123","1":"post","2":"type-post","3":"status-publish","4":"format-standard","6":"category-ahmet-telli"},"yoast_head":"<!-- This site is optimized with the Yoast SEO Premium plugin v24.9 (Yoast SEO v24.9) - https:\/\/yoast.com\/wordpress\/plugins\/seo\/ -->\n<title>G\u00dcL\u00dc\u015e\u00dcN EKLEN\u0130R K\u0130ML\u0130\u011e\u0130ME - narteks.net<\/title>\n<meta name=\"robots\" content=\"index, follow, max-snippet:-1, max-image-preview:large, max-video-preview:-1\" \/>\n<link rel=\"canonical\" href=\"https:\/\/narteks.net\/index.php\/2009\/02\/27\/gulusun-eklenir-kimligime\/\" \/>\n<meta property=\"og:locale\" content=\"tr_TR\" \/>\n<meta property=\"og:type\" content=\"article\" \/>\n<meta property=\"og:title\" content=\"G\u00dcL\u00dc\u015e\u00dcN EKLEN\u0130R K\u0130ML\u0130\u011e\u0130ME\" \/>\n<meta property=\"og:description\" content=\"\u00a0 G\u00fcn biter g\u00fcl\u00fc\u015f\u00fcn kal\u0131r bende an\u0131lar gibi s\u00fcr\u00fcklenir bulutlar \u00d6mr\u00fcm\u00fcz ayr\u0131l\u0131klar toplam\u0131d\u0131r yar\u0131m kalan bir \u015fiir belki de Ayk\u0131r\u0131 anlamlar aray\u0131p durma g\u00fcz bitip sular k\u00f6p\u00fcr\u00fcr de kapanmaz g\u00fcl\u00fc\u015f\u00fcn\u00fcn a\u00e7t\u0131\u011f\u0131 yara u\u00e7urum olur zaman her gece Her gece yeni bir sava\u015f baslar ac\u0131 ses olur, ses deli ya\u011fmur S\u0131\u011f\u0131nd\u0131\u011f\u0131m her yer ad\u0131nla an\u0131l\u0131r ben [&hellip;]\" \/>\n<meta property=\"og:url\" content=\"https:\/\/narteks.net\/index.php\/2009\/02\/27\/gulusun-eklenir-kimligime\/\" \/>\n<meta property=\"og:site_name\" content=\"narteks.net\" \/>\n<meta property=\"article:published_time\" content=\"2009-02-27T12:46:08+00:00\" \/>\n<meta property=\"og:image\" content=\"https:\/\/narteks.net\/wp-content\/uploads\/narteks.png\" \/>\n\t<meta property=\"og:image:width\" content=\"300\" \/>\n\t<meta property=\"og:image:height\" content=\"90\" \/>\n\t<meta property=\"og:image:type\" content=\"image\/png\" \/>\n<meta name=\"author\" content=\"Tar\u0131k\" \/>\n<meta name=\"twitter:card\" content=\"summary_large_image\" \/>\n<meta name=\"twitter:creator\" content=\"@narteks\" \/>\n<meta name=\"twitter:site\" content=\"@narteks\" \/>\n<meta name=\"twitter:label1\" content=\"Yazan:\" \/>\n\t<meta name=\"twitter:data1\" content=\"Tar\u0131k\" \/>\n<script type=\"application\/ld+json\" class=\"yoast-schema-graph\">{\"@context\":\"https:\/\/schema.org\",\"@graph\":[{\"@type\":\"Article\",\"@id\":\"https:\/\/narteks.net\/index.php\/2009\/02\/27\/gulusun-eklenir-kimligime\/#article\",\"isPartOf\":{\"@id\":\"https:\/\/narteks.net\/index.php\/2009\/02\/27\/gulusun-eklenir-kimligime\/\"},\"author\":{\"name\":\"Tar\u0131k\",\"@id\":\"https:\/\/narteks.net\/#\/schema\/person\/61f37d9834294b72d31d274e7ed79bca\"},\"headline\":\"G\u00dcL\u00dc\u015e\u00dcN EKLEN\u0130R K\u0130ML\u0130\u011e\u0130ME\",\"datePublished\":\"2009-02-27T12:46:08+00:00\",\"mainEntityOfPage\":{\"@id\":\"https:\/\/narteks.net\/index.php\/2009\/02\/27\/gulusun-eklenir-kimligime\/\"},\"wordCount\":107,\"commentCount\":0,\"publisher\":{\"@id\":\"https:\/\/narteks.net\/#organization\"},\"articleSection\":[\"Ahmet TELL\u0130\"],\"inLanguage\":\"tr\",\"potentialAction\":[{\"@type\":\"CommentAction\",\"name\":\"Comment\",\"target\":[\"https:\/\/narteks.net\/index.php\/2009\/02\/27\/gulusun-eklenir-kimligime\/#respond\"]}]},{\"@type\":\"WebPage\",\"@id\":\"https:\/\/narteks.net\/index.php\/2009\/02\/27\/gulusun-eklenir-kimligime\/\",\"url\":\"https:\/\/narteks.net\/index.php\/2009\/02\/27\/gulusun-eklenir-kimligime\/\",\"name\":\"G\u00dcL\u00dc\u015e\u00dcN EKLEN\u0130R K\u0130ML\u0130\u011e\u0130ME - narteks.net\",\"isPartOf\":{\"@id\":\"https:\/\/narteks.net\/#website\"},\"datePublished\":\"2009-02-27T12:46:08+00:00\",\"breadcrumb\":{\"@id\":\"https:\/\/narteks.net\/index.php\/2009\/02\/27\/gulusun-eklenir-kimligime\/#breadcrumb\"},\"inLanguage\":\"tr\",\"potentialAction\":[{\"@type\":\"ReadAction\",\"target\":[\"https:\/\/narteks.net\/index.php\/2009\/02\/27\/gulusun-eklenir-kimligime\/\"]}]},{\"@type\":\"BreadcrumbList\",\"@id\":\"https:\/\/narteks.net\/index.php\/2009\/02\/27\/gulusun-eklenir-kimligime\/#breadcrumb\",\"itemListElement\":[{\"@type\":\"ListItem\",\"position\":1,\"name\":\"Anasayfa\",\"item\":\"https:\/\/narteks.net\/\"},{\"@type\":\"ListItem\",\"position\":2,\"name\":\"G\u00dcL\u00dc\u015e\u00dcN EKLEN\u0130R K\u0130ML\u0130\u011e\u0130ME\"}]},{\"@type\":\"WebSite\",\"@id\":\"https:\/\/narteks.net\/#website\",\"url\":\"https:\/\/narteks.net\/\",\"name\":\"narteks.net\",\"description\":\"K\u00fclt\u00fcr Sanat Edebiyat Felsefe\",\"publisher\":{\"@id\":\"https:\/\/narteks.net\/#organization\"},\"alternateName\":\"K\u00fclt\u00fcr Sanat Edebiyat Felsefe\",\"potentialAction\":[{\"@type\":\"SearchAction\",\"target\":{\"@type\":\"EntryPoint\",\"urlTemplate\":\"https:\/\/narteks.net\/?s={search_term_string}\"},\"query-input\":{\"@type\":\"PropertyValueSpecification\",\"valueRequired\":true,\"valueName\":\"search_term_string\"}}],\"inLanguage\":\"tr\"},{\"@type\":\"Organization\",\"@id\":\"https:\/\/narteks.net\/#organization\",\"name\":\"narteks.net\",\"url\":\"https:\/\/narteks.net\/\",\"logo\":{\"@type\":\"ImageObject\",\"inLanguage\":\"tr\",\"@id\":\"https:\/\/narteks.net\/#\/schema\/logo\/image\/\",\"url\":\"https:\/\/narteks.net\/wp-content\/uploads\/narteks.png\",\"contentUrl\":\"https:\/\/narteks.net\/wp-content\/uploads\/narteks.png\",\"width\":300,\"height\":90,\"caption\":\"narteks.net\"},\"image\":{\"@id\":\"https:\/\/narteks.net\/#\/schema\/logo\/image\/\"},\"sameAs\":[\"https:\/\/x.com\/narteks\",\"https:\/\/instagram.com\/narteksnet\"]},{\"@type\":\"Person\",\"@id\":\"https:\/\/narteks.net\/#\/schema\/person\/61f37d9834294b72d31d274e7ed79bca\",\"name\":\"Tar\u0131k\",\"image\":{\"@type\":\"ImageObject\",\"inLanguage\":\"tr\",\"@id\":\"https:\/\/narteks.net\/#\/schema\/person\/image\/\",\"url\":\"https:\/\/secure.gravatar.com\/avatar\/50865afb55632c4ae467e0af0930f6510aa2297d8014be502a55b14f3b7550cf?s=96&d=mm&r=g\",\"contentUrl\":\"https:\/\/secure.gravatar.com\/avatar\/50865afb55632c4ae467e0af0930f6510aa2297d8014be502a55b14f3b7550cf?s=96&d=mm&r=g\",\"caption\":\"Tar\u0131k\"},\"sameAs\":[\"http:\/\/narteks.net\"],\"url\":\"https:\/\/narteks.net\/index.php\/author\/narbak\/\"}]}<\/script>\n<!-- \/ Yoast SEO Premium plugin. -->","yoast_head_json":{"title":"G\u00dcL\u00dc\u015e\u00dcN EKLEN\u0130R K\u0130ML\u0130\u011e\u0130ME - narteks.net","robots":{"index":"index","follow":"follow","max-snippet":"max-snippet:-1","max-image-preview":"max-image-preview:large","max-video-preview":"max-video-preview:-1"},"canonical":"https:\/\/narteks.net\/index.php\/2009\/02\/27\/gulusun-eklenir-kimligime\/","og_locale":"tr_TR","og_type":"article","og_title":"G\u00dcL\u00dc\u015e\u00dcN EKLEN\u0130R K\u0130ML\u0130\u011e\u0130ME","og_description":"\u00a0 G\u00fcn biter g\u00fcl\u00fc\u015f\u00fcn kal\u0131r bende an\u0131lar gibi s\u00fcr\u00fcklenir bulutlar \u00d6mr\u00fcm\u00fcz ayr\u0131l\u0131klar toplam\u0131d\u0131r yar\u0131m kalan bir \u015fiir belki de Ayk\u0131r\u0131 anlamlar aray\u0131p durma g\u00fcz bitip sular k\u00f6p\u00fcr\u00fcr de kapanmaz g\u00fcl\u00fc\u015f\u00fcn\u00fcn a\u00e7t\u0131\u011f\u0131 yara u\u00e7urum olur zaman her gece Her gece yeni bir sava\u015f baslar ac\u0131 ses olur, ses deli ya\u011fmur S\u0131\u011f\u0131nd\u0131\u011f\u0131m her yer ad\u0131nla an\u0131l\u0131r ben [&hellip;]","og_url":"https:\/\/narteks.net\/index.php\/2009\/02\/27\/gulusun-eklenir-kimligime\/","og_site_name":"narteks.net","article_published_time":"2009-02-27T12:46:08+00:00","og_image":[{"width":300,"height":90,"url":"https:\/\/narteks.net\/wp-content\/uploads\/narteks.png","type":"image\/png"}],"author":"Tar\u0131k","twitter_card":"summary_large_image","twitter_creator":"@narteks","twitter_site":"@narteks","twitter_misc":{"Yazan:":"Tar\u0131k"},"schema":{"@context":"https:\/\/schema.org","@graph":[{"@type":"Article","@id":"https:\/\/narteks.net\/index.php\/2009\/02\/27\/gulusun-eklenir-kimligime\/#article","isPartOf":{"@id":"https:\/\/narteks.net\/index.php\/2009\/02\/27\/gulusun-eklenir-kimligime\/"},"author":{"name":"Tar\u0131k","@id":"https:\/\/narteks.net\/#\/schema\/person\/61f37d9834294b72d31d274e7ed79bca"},"headline":"G\u00dcL\u00dc\u015e\u00dcN EKLEN\u0130R K\u0130ML\u0130\u011e\u0130ME","datePublished":"2009-02-27T12:46:08+00:00","mainEntityOfPage":{"@id":"https:\/\/narteks.net\/index.php\/2009\/02\/27\/gulusun-eklenir-kimligime\/"},"wordCount":107,"commentCount":0,"publisher":{"@id":"https:\/\/narteks.net\/#organization"},"articleSection":["Ahmet TELL\u0130"],"inLanguage":"tr","potentialAction":[{"@type":"CommentAction","name":"Comment","target":["https:\/\/narteks.net\/index.php\/2009\/02\/27\/gulusun-eklenir-kimligime\/#respond"]}]},{"@type":"WebPage","@id":"https:\/\/narteks.net\/index.php\/2009\/02\/27\/gulusun-eklenir-kimligime\/","url":"https:\/\/narteks.net\/index.php\/2009\/02\/27\/gulusun-eklenir-kimligime\/","name":"G\u00dcL\u00dc\u015e\u00dcN EKLEN\u0130R K\u0130ML\u0130\u011e\u0130ME - narteks.net","isPartOf":{"@id":"https:\/\/narteks.net\/#website"},"datePublished":"2009-02-27T12:46:08+00:00","breadcrumb":{"@id":"https:\/\/narteks.net\/index.php\/2009\/02\/27\/gulusun-eklenir-kimligime\/#breadcrumb"},"inLanguage":"tr","potentialAction":[{"@type":"ReadAction","target":["https:\/\/narteks.net\/index.php\/2009\/02\/27\/gulusun-eklenir-kimligime\/"]}]},{"@type":"BreadcrumbList","@id":"https:\/\/narteks.net\/index.php\/2009\/02\/27\/gulusun-eklenir-kimligime\/#breadcrumb","itemListElement":[{"@type":"ListItem","position":1,"name":"Anasayfa","item":"https:\/\/narteks.net\/"},{"@type":"ListItem","position":2,"name":"G\u00dcL\u00dc\u015e\u00dcN EKLEN\u0130R K\u0130ML\u0130\u011e\u0130ME"}]},{"@type":"WebSite","@id":"https:\/\/narteks.net\/#website","url":"https:\/\/narteks.net\/","name":"narteks.net","description":"K\u00fclt\u00fcr Sanat Edebiyat Felsefe","publisher":{"@id":"https:\/\/narteks.net\/#organization"},"alternateName":"K\u00fclt\u00fcr Sanat Edebiyat Felsefe","potentialAction":[{"@type":"SearchAction","target":{"@type":"EntryPoint","urlTemplate":"https:\/\/narteks.net\/?s={search_term_string}"},"query-input":{"@type":"PropertyValueSpecification","valueRequired":true,"valueName":"search_term_string"}}],"inLanguage":"tr"},{"@type":"Organization","@id":"https:\/\/narteks.net\/#organization","name":"narteks.net","url":"https:\/\/narteks.net\/","logo":{"@type":"ImageObject","inLanguage":"tr","@id":"https:\/\/narteks.net\/#\/schema\/logo\/image\/","url":"https:\/\/narteks.net\/wp-content\/uploads\/narteks.png","contentUrl":"https:\/\/narteks.net\/wp-content\/uploads\/narteks.png","width":300,"height":90,"caption":"narteks.net"},"image":{"@id":"https:\/\/narteks.net\/#\/schema\/logo\/image\/"},"sameAs":["https:\/\/x.com\/narteks","https:\/\/instagram.com\/narteksnet"]},{"@type":"Person","@id":"https:\/\/narteks.net\/#\/schema\/person\/61f37d9834294b72d31d274e7ed79bca","name":"Tar\u0131k","image":{"@type":"ImageObject","inLanguage":"tr","@id":"https:\/\/narteks.net\/#\/schema\/person\/image\/","url":"https:\/\/secure.gravatar.com\/avatar\/50865afb55632c4ae467e0af0930f6510aa2297d8014be502a55b14f3b7550cf?s=96&d=mm&r=g","contentUrl":"https:\/\/secure.gravatar.com\/avatar\/50865afb55632c4ae467e0af0930f6510aa2297d8014be502a55b14f3b7550cf?s=96&d=mm&r=g","caption":"Tar\u0131k"},"sameAs":["http:\/\/narteks.net"],"url":"https:\/\/narteks.net\/index.php\/author\/narbak\/"}]}},"_links":{"self":[{"href":"https:\/\/narteks.net\/index.php\/wp-json\/wp\/v2\/posts\/123","targetHints":{"allow":["GET"]}}],"collection":[{"href":"https:\/\/narteks.net\/index.php\/wp-json\/wp\/v2\/posts"}],"about":[{"href":"https:\/\/narteks.net\/index.php\/wp-json\/wp\/v2\/types\/post"}],"author":[{"embeddable":true,"href":"https:\/\/narteks.net\/index.php\/wp-json\/wp\/v2\/users\/1"}],"replies":[{"embeddable":true,"href":"https:\/\/narteks.net\/index.php\/wp-json\/wp\/v2\/comments?post=123"}],"version-history":[{"count":0,"href":"https:\/\/narteks.net\/index.php\/wp-json\/wp\/v2\/posts\/123\/revisions"}],"wp:attachment":[{"href":"https:\/\/narteks.net\/index.php\/wp-json\/wp\/v2\/media?parent=123"}],"wp:term":[{"taxonomy":"category","embeddable":true,"href":"https:\/\/narteks.net\/index.php\/wp-json\/wp\/v2\/categories?post=123"},{"taxonomy":"post_tag","embeddable":true,"href":"https:\/\/narteks.net\/index.php\/wp-json\/wp\/v2\/tags?post=123"}],"curies":[{"name":"wp","href":"https:\/\/api.w.org\/{rel}","templated":true}]}}