{"id":1231,"date":"2009-11-06T11:33:40","date_gmt":"2009-11-06T08:33:40","guid":{"rendered":"http:\/\/localhost\/wordpress\/2009\/11\/06\/yalnizliga-veda\/"},"modified":"2009-11-06T11:33:40","modified_gmt":"2009-11-06T08:33:40","slug":"yalnizliga-veda","status":"publish","type":"post","link":"https:\/\/narteks.net\/index.php\/2009\/11\/06\/yalnizliga-veda\/","title":{"rendered":"YALNIZLI\u011eA VEDA"},"content":{"rendered":"<p>\u00a0<\/p>\n<p>Gidiyorum i\u015fte<br \/> Hayalde g\u00f6r, d\u00fc\u015fte g\u00f6r.<\/p>\n<p> Yaln\u0131zl\u0131\u011f\u0131n da ucuna geldim,<br \/> s\u0131rt\u0131mda kederin han\u00e7eri,<br \/> saplanmadan hep tehditle y\u00fcr\u00fct\u00fcr beni.<br \/> Bilmem neden ve nas\u0131l \u00e7\u0131kt\u0131m bu yola,<br \/> vard\u0131r elbet ba\u015flang\u0131c\u0131 bu halin;<br \/> ben de bir harmandan savruldum sonunda,<br \/> konmas\u0131z u\u00e7tum pe\u015finden kad\u0131n denilen hayalin.<\/p>\n<p> Hayatm\u0131\u015f ama as\u0131l beni kand\u0131ran cilve.<br \/> Yine de bir \u015fey verdi diyemem bana bu derin tasavvur<br \/> ve yery\u00fcz\u00fc meridyenlerle kesti\u011fim \u00f6zl\u00fc \u00e7amur<br \/> kerpici ili\u011fimde kurur, a\u011fr\u0131s\u0131 y\u00fcz\u00fcme vurur.<\/p>\n<p> Ah ne vedad\u0131r ne vebad\u0131r ne vebaldir bu!<br \/> Gitmek de\u011fil, art\u0131k da\u011f\u0131lmakbenimkisi<br \/> tozuyan akl\u0131m ve haf\u0131zamla.<br \/> Bitsin art\u0131k bu \u015fiirler, bu kitap, bu i\u00e7e d\u00f6n\u00fck cihann\u00fcma<br \/> Hayalse katili bir insan\u0131n<br \/> cesedi vurmaz hi\u00e7bir k\u0131y\u0131ya.<\/p>\n<p>Adnan \u00d6ZER<\/p>\n","protected":false},"excerpt":{"rendered":"<p>\u00a0 Gidiyorum i\u015fte Hayalde g\u00f6r, d\u00fc\u015fte g\u00f6r. Yaln\u0131zl\u0131\u011f\u0131n da ucuna geldim, s\u0131rt\u0131mda kederin han\u00e7eri, saplanmadan hep tehditle y\u00fcr\u00fct\u00fcr beni. Bilmem neden ve nas\u0131l \u00e7\u0131kt\u0131m bu yola, vard\u0131r elbet ba\u015flang\u0131c\u0131 bu halin; ben de bir harmandan savruldum sonunda, konmas\u0131z u\u00e7tum pe\u015finden kad\u0131n denilen hayalin. Hayatm\u0131\u015f ama as\u0131l beni kand\u0131ran cilve. Yine de bir \u015fey verdi diyemem [&hellip;]<\/p>\n","protected":false},"author":1,"featured_media":0,"comment_status":"open","ping_status":"open","sticky":false,"template":"","format":"standard","meta":{"footnotes":""},"categories":[6],"tags":[],"class_list":{"0":"post-1231","1":"post","2":"type-post","3":"status-publish","4":"format-standard","6":"category-adnan-ozer"},"yoast_head":"<!-- This site is optimized with the Yoast SEO Premium plugin v24.9 (Yoast SEO v24.9) - https:\/\/yoast.com\/wordpress\/plugins\/seo\/ -->\n<title>YALNIZLI\u011eA VEDA - narteks.net<\/title>\n<meta name=\"robots\" content=\"index, follow, max-snippet:-1, max-image-preview:large, max-video-preview:-1\" \/>\n<link rel=\"canonical\" href=\"https:\/\/narteks.net\/index.php\/2009\/11\/06\/yalnizliga-veda\/\" \/>\n<meta property=\"og:locale\" content=\"tr_TR\" \/>\n<meta property=\"og:type\" content=\"article\" \/>\n<meta property=\"og:title\" content=\"YALNIZLI\u011eA VEDA\" \/>\n<meta property=\"og:description\" content=\"\u00a0 Gidiyorum i\u015fte Hayalde g\u00f6r, d\u00fc\u015fte g\u00f6r. Yaln\u0131zl\u0131\u011f\u0131n da ucuna geldim, s\u0131rt\u0131mda kederin han\u00e7eri, saplanmadan hep tehditle y\u00fcr\u00fct\u00fcr beni. Bilmem neden ve nas\u0131l \u00e7\u0131kt\u0131m bu yola, vard\u0131r elbet ba\u015flang\u0131c\u0131 bu halin; ben de bir harmandan savruldum sonunda, konmas\u0131z u\u00e7tum pe\u015finden kad\u0131n denilen hayalin. Hayatm\u0131\u015f ama as\u0131l beni kand\u0131ran cilve. Yine de bir \u015fey verdi diyemem [&hellip;]\" \/>\n<meta property=\"og:url\" content=\"https:\/\/narteks.net\/index.php\/2009\/11\/06\/yalnizliga-veda\/\" \/>\n<meta property=\"og:site_name\" content=\"narteks.net\" \/>\n<meta property=\"article:published_time\" content=\"2009-11-06T08:33:40+00:00\" \/>\n<meta property=\"og:image\" content=\"https:\/\/narteks.net\/wp-content\/uploads\/narteks.png\" \/>\n\t<meta property=\"og:image:width\" content=\"300\" \/>\n\t<meta property=\"og:image:height\" content=\"90\" \/>\n\t<meta property=\"og:image:type\" content=\"image\/png\" \/>\n<meta name=\"author\" content=\"Tar\u0131k\" \/>\n<meta name=\"twitter:card\" content=\"summary_large_image\" \/>\n<meta name=\"twitter:creator\" content=\"@narteks\" \/>\n<meta name=\"twitter:site\" content=\"@narteks\" \/>\n<meta name=\"twitter:label1\" content=\"Yazan:\" \/>\n\t<meta name=\"twitter:data1\" content=\"Tar\u0131k\" \/>\n\t<meta name=\"twitter:label2\" content=\"Tahmini okuma s\u00fcresi\" \/>\n\t<meta name=\"twitter:data2\" content=\"1 dakika\" \/>\n<script type=\"application\/ld+json\" class=\"yoast-schema-graph\">{\"@context\":\"https:\/\/schema.org\",\"@graph\":[{\"@type\":\"Article\",\"@id\":\"https:\/\/narteks.net\/index.php\/2009\/11\/06\/yalnizliga-veda\/#article\",\"isPartOf\":{\"@id\":\"https:\/\/narteks.net\/index.php\/2009\/11\/06\/yalnizliga-veda\/\"},\"author\":{\"name\":\"Tar\u0131k\",\"@id\":\"https:\/\/narteks.net\/#\/schema\/person\/61f37d9834294b72d31d274e7ed79bca\"},\"headline\":\"YALNIZLI\u011eA VEDA\",\"datePublished\":\"2009-11-06T08:33:40+00:00\",\"mainEntityOfPage\":{\"@id\":\"https:\/\/narteks.net\/index.php\/2009\/11\/06\/yalnizliga-veda\/\"},\"wordCount\":155,\"commentCount\":0,\"publisher\":{\"@id\":\"https:\/\/narteks.net\/#organization\"},\"articleSection\":[\"Adnan \u00d6ZER\"],\"inLanguage\":\"tr\",\"potentialAction\":[{\"@type\":\"CommentAction\",\"name\":\"Comment\",\"target\":[\"https:\/\/narteks.net\/index.php\/2009\/11\/06\/yalnizliga-veda\/#respond\"]}]},{\"@type\":\"WebPage\",\"@id\":\"https:\/\/narteks.net\/index.php\/2009\/11\/06\/yalnizliga-veda\/\",\"url\":\"https:\/\/narteks.net\/index.php\/2009\/11\/06\/yalnizliga-veda\/\",\"name\":\"YALNIZLI\u011eA VEDA - narteks.net\",\"isPartOf\":{\"@id\":\"https:\/\/narteks.net\/#website\"},\"datePublished\":\"2009-11-06T08:33:40+00:00\",\"breadcrumb\":{\"@id\":\"https:\/\/narteks.net\/index.php\/2009\/11\/06\/yalnizliga-veda\/#breadcrumb\"},\"inLanguage\":\"tr\",\"potentialAction\":[{\"@type\":\"ReadAction\",\"target\":[\"https:\/\/narteks.net\/index.php\/2009\/11\/06\/yalnizliga-veda\/\"]}]},{\"@type\":\"BreadcrumbList\",\"@id\":\"https:\/\/narteks.net\/index.php\/2009\/11\/06\/yalnizliga-veda\/#breadcrumb\",\"itemListElement\":[{\"@type\":\"ListItem\",\"position\":1,\"name\":\"Anasayfa\",\"item\":\"https:\/\/narteks.net\/\"},{\"@type\":\"ListItem\",\"position\":2,\"name\":\"YALNIZLI\u011eA VEDA\"}]},{\"@type\":\"WebSite\",\"@id\":\"https:\/\/narteks.net\/#website\",\"url\":\"https:\/\/narteks.net\/\",\"name\":\"narteks.net\",\"description\":\"K\u00fclt\u00fcr Sanat Edebiyat Felsefe\",\"publisher\":{\"@id\":\"https:\/\/narteks.net\/#organization\"},\"alternateName\":\"K\u00fclt\u00fcr Sanat Edebiyat Felsefe\",\"potentialAction\":[{\"@type\":\"SearchAction\",\"target\":{\"@type\":\"EntryPoint\",\"urlTemplate\":\"https:\/\/narteks.net\/?s={search_term_string}\"},\"query-input\":{\"@type\":\"PropertyValueSpecification\",\"valueRequired\":true,\"valueName\":\"search_term_string\"}}],\"inLanguage\":\"tr\"},{\"@type\":\"Organization\",\"@id\":\"https:\/\/narteks.net\/#organization\",\"name\":\"narteks.net\",\"url\":\"https:\/\/narteks.net\/\",\"logo\":{\"@type\":\"ImageObject\",\"inLanguage\":\"tr\",\"@id\":\"https:\/\/narteks.net\/#\/schema\/logo\/image\/\",\"url\":\"https:\/\/narteks.net\/wp-content\/uploads\/narteks.png\",\"contentUrl\":\"https:\/\/narteks.net\/wp-content\/uploads\/narteks.png\",\"width\":300,\"height\":90,\"caption\":\"narteks.net\"},\"image\":{\"@id\":\"https:\/\/narteks.net\/#\/schema\/logo\/image\/\"},\"sameAs\":[\"https:\/\/x.com\/narteks\",\"https:\/\/instagram.com\/narteksnet\"]},{\"@type\":\"Person\",\"@id\":\"https:\/\/narteks.net\/#\/schema\/person\/61f37d9834294b72d31d274e7ed79bca\",\"name\":\"Tar\u0131k\",\"image\":{\"@type\":\"ImageObject\",\"inLanguage\":\"tr\",\"@id\":\"https:\/\/narteks.net\/#\/schema\/person\/image\/\",\"url\":\"https:\/\/secure.gravatar.com\/avatar\/50865afb55632c4ae467e0af0930f6510aa2297d8014be502a55b14f3b7550cf?s=96&d=mm&r=g\",\"contentUrl\":\"https:\/\/secure.gravatar.com\/avatar\/50865afb55632c4ae467e0af0930f6510aa2297d8014be502a55b14f3b7550cf?s=96&d=mm&r=g\",\"caption\":\"Tar\u0131k\"},\"sameAs\":[\"http:\/\/narteks.net\"],\"url\":\"https:\/\/narteks.net\/index.php\/author\/narbak\/\"}]}<\/script>\n<!-- \/ Yoast SEO Premium plugin. -->","yoast_head_json":{"title":"YALNIZLI\u011eA VEDA - narteks.net","robots":{"index":"index","follow":"follow","max-snippet":"max-snippet:-1","max-image-preview":"max-image-preview:large","max-video-preview":"max-video-preview:-1"},"canonical":"https:\/\/narteks.net\/index.php\/2009\/11\/06\/yalnizliga-veda\/","og_locale":"tr_TR","og_type":"article","og_title":"YALNIZLI\u011eA VEDA","og_description":"\u00a0 Gidiyorum i\u015fte Hayalde g\u00f6r, d\u00fc\u015fte g\u00f6r. Yaln\u0131zl\u0131\u011f\u0131n da ucuna geldim, s\u0131rt\u0131mda kederin han\u00e7eri, saplanmadan hep tehditle y\u00fcr\u00fct\u00fcr beni. Bilmem neden ve nas\u0131l \u00e7\u0131kt\u0131m bu yola, vard\u0131r elbet ba\u015flang\u0131c\u0131 bu halin; ben de bir harmandan savruldum sonunda, konmas\u0131z u\u00e7tum pe\u015finden kad\u0131n denilen hayalin. Hayatm\u0131\u015f ama as\u0131l beni kand\u0131ran cilve. Yine de bir \u015fey verdi diyemem [&hellip;]","og_url":"https:\/\/narteks.net\/index.php\/2009\/11\/06\/yalnizliga-veda\/","og_site_name":"narteks.net","article_published_time":"2009-11-06T08:33:40+00:00","og_image":[{"width":300,"height":90,"url":"https:\/\/narteks.net\/wp-content\/uploads\/narteks.png","type":"image\/png"}],"author":"Tar\u0131k","twitter_card":"summary_large_image","twitter_creator":"@narteks","twitter_site":"@narteks","twitter_misc":{"Yazan:":"Tar\u0131k","Tahmini okuma s\u00fcresi":"1 dakika"},"schema":{"@context":"https:\/\/schema.org","@graph":[{"@type":"Article","@id":"https:\/\/narteks.net\/index.php\/2009\/11\/06\/yalnizliga-veda\/#article","isPartOf":{"@id":"https:\/\/narteks.net\/index.php\/2009\/11\/06\/yalnizliga-veda\/"},"author":{"name":"Tar\u0131k","@id":"https:\/\/narteks.net\/#\/schema\/person\/61f37d9834294b72d31d274e7ed79bca"},"headline":"YALNIZLI\u011eA VEDA","datePublished":"2009-11-06T08:33:40+00:00","mainEntityOfPage":{"@id":"https:\/\/narteks.net\/index.php\/2009\/11\/06\/yalnizliga-veda\/"},"wordCount":155,"commentCount":0,"publisher":{"@id":"https:\/\/narteks.net\/#organization"},"articleSection":["Adnan \u00d6ZER"],"inLanguage":"tr","potentialAction":[{"@type":"CommentAction","name":"Comment","target":["https:\/\/narteks.net\/index.php\/2009\/11\/06\/yalnizliga-veda\/#respond"]}]},{"@type":"WebPage","@id":"https:\/\/narteks.net\/index.php\/2009\/11\/06\/yalnizliga-veda\/","url":"https:\/\/narteks.net\/index.php\/2009\/11\/06\/yalnizliga-veda\/","name":"YALNIZLI\u011eA VEDA - narteks.net","isPartOf":{"@id":"https:\/\/narteks.net\/#website"},"datePublished":"2009-11-06T08:33:40+00:00","breadcrumb":{"@id":"https:\/\/narteks.net\/index.php\/2009\/11\/06\/yalnizliga-veda\/#breadcrumb"},"inLanguage":"tr","potentialAction":[{"@type":"ReadAction","target":["https:\/\/narteks.net\/index.php\/2009\/11\/06\/yalnizliga-veda\/"]}]},{"@type":"BreadcrumbList","@id":"https:\/\/narteks.net\/index.php\/2009\/11\/06\/yalnizliga-veda\/#breadcrumb","itemListElement":[{"@type":"ListItem","position":1,"name":"Anasayfa","item":"https:\/\/narteks.net\/"},{"@type":"ListItem","position":2,"name":"YALNIZLI\u011eA VEDA"}]},{"@type":"WebSite","@id":"https:\/\/narteks.net\/#website","url":"https:\/\/narteks.net\/","name":"narteks.net","description":"K\u00fclt\u00fcr Sanat Edebiyat Felsefe","publisher":{"@id":"https:\/\/narteks.net\/#organization"},"alternateName":"K\u00fclt\u00fcr Sanat Edebiyat Felsefe","potentialAction":[{"@type":"SearchAction","target":{"@type":"EntryPoint","urlTemplate":"https:\/\/narteks.net\/?s={search_term_string}"},"query-input":{"@type":"PropertyValueSpecification","valueRequired":true,"valueName":"search_term_string"}}],"inLanguage":"tr"},{"@type":"Organization","@id":"https:\/\/narteks.net\/#organization","name":"narteks.net","url":"https:\/\/narteks.net\/","logo":{"@type":"ImageObject","inLanguage":"tr","@id":"https:\/\/narteks.net\/#\/schema\/logo\/image\/","url":"https:\/\/narteks.net\/wp-content\/uploads\/narteks.png","contentUrl":"https:\/\/narteks.net\/wp-content\/uploads\/narteks.png","width":300,"height":90,"caption":"narteks.net"},"image":{"@id":"https:\/\/narteks.net\/#\/schema\/logo\/image\/"},"sameAs":["https:\/\/x.com\/narteks","https:\/\/instagram.com\/narteksnet"]},{"@type":"Person","@id":"https:\/\/narteks.net\/#\/schema\/person\/61f37d9834294b72d31d274e7ed79bca","name":"Tar\u0131k","image":{"@type":"ImageObject","inLanguage":"tr","@id":"https:\/\/narteks.net\/#\/schema\/person\/image\/","url":"https:\/\/secure.gravatar.com\/avatar\/50865afb55632c4ae467e0af0930f6510aa2297d8014be502a55b14f3b7550cf?s=96&d=mm&r=g","contentUrl":"https:\/\/secure.gravatar.com\/avatar\/50865afb55632c4ae467e0af0930f6510aa2297d8014be502a55b14f3b7550cf?s=96&d=mm&r=g","caption":"Tar\u0131k"},"sameAs":["http:\/\/narteks.net"],"url":"https:\/\/narteks.net\/index.php\/author\/narbak\/"}]}},"_links":{"self":[{"href":"https:\/\/narteks.net\/index.php\/wp-json\/wp\/v2\/posts\/1231","targetHints":{"allow":["GET"]}}],"collection":[{"href":"https:\/\/narteks.net\/index.php\/wp-json\/wp\/v2\/posts"}],"about":[{"href":"https:\/\/narteks.net\/index.php\/wp-json\/wp\/v2\/types\/post"}],"author":[{"embeddable":true,"href":"https:\/\/narteks.net\/index.php\/wp-json\/wp\/v2\/users\/1"}],"replies":[{"embeddable":true,"href":"https:\/\/narteks.net\/index.php\/wp-json\/wp\/v2\/comments?post=1231"}],"version-history":[{"count":0,"href":"https:\/\/narteks.net\/index.php\/wp-json\/wp\/v2\/posts\/1231\/revisions"}],"wp:attachment":[{"href":"https:\/\/narteks.net\/index.php\/wp-json\/wp\/v2\/media?parent=1231"}],"wp:term":[{"taxonomy":"category","embeddable":true,"href":"https:\/\/narteks.net\/index.php\/wp-json\/wp\/v2\/categories?post=1231"},{"taxonomy":"post_tag","embeddable":true,"href":"https:\/\/narteks.net\/index.php\/wp-json\/wp\/v2\/tags?post=1231"}],"curies":[{"name":"wp","href":"https:\/\/api.w.org\/{rel}","templated":true}]}}