{"id":1236,"date":"2009-11-06T11:49:17","date_gmt":"2009-11-06T08:49:17","guid":{"rendered":"http:\/\/localhost\/wordpress\/2009\/11\/06\/dayanisma\/"},"modified":"2009-11-06T11:49:17","modified_gmt":"2009-11-06T08:49:17","slug":"dayanisma","status":"publish","type":"post","link":"https:\/\/narteks.net\/index.php\/2009\/11\/06\/dayanisma\/","title":{"rendered":"DAYANI\u015eMA"},"content":{"rendered":"<p>\u00a0<\/p>\n<p>Haydi unutmayal\u0131m<br \/> Nereden biz g\u00fcc\u00fc al\u0131r\u0131z<br \/> Hem a\u00e7ken hem de tokken<br \/> Haydi unutmayal\u0131m<br \/> Bu dayan\u0131\u015fmay\u0131<br \/> \u0130\u015f\u00e7ileri t\u00fcm d\u00fcnyan\u0131n<br \/> Bir ama\u00e7ta birle\u015fsin<br \/> D\u00fcnyadaki nimetleri<br \/> Hep beraber payla\u015fs\u0131n<br \/> Haydi unutmayal\u0131m<br \/> Nereden biz g\u00fcc\u00fc al\u0131r\u0131z<br \/> Hem a\u00e7ken hem de tokken<br \/> Haydi unutmayal\u0131m<br \/> Bu dayan\u0131\u015fmay\u0131<br \/> Zenci, beyaz, sar\u0131, esmer<br \/> Birle\u015fen \u00f6zg\u00fcr olur<br \/> Kendileri konu\u015fsalar<br \/> Halklar hemen dost olur<br \/> Haydi unutmayal\u0131m<br \/> Nereden biz g\u00fcc\u00fc al\u0131r\u0131z<br \/> Hem a\u00e7ken, hem de tokken<br \/> Haydi unutmayal\u0131m<br \/> Bu dayan\u0131\u015fmay\u0131<br \/> \u0130\u015f\u00e7ileri t\u00fcm d\u00fcnyan\u0131n<br \/> Birlikten kuvvet do\u011far<br \/> Senin k\u0131z\u0131l birliklerin<br \/> Her t\u00fcrl\u00fc zulm\u00fc bo\u011far.<br \/> Haydi unutmayal\u0131m<br \/> Soruyu somut soral\u0131m<br \/> Hem a\u00e7ken, hem de tokken<br \/> Bu d\u00fcnya kimin d\u00fcnyas\u0131?<br \/> Gelecek kimindir?<\/p>\n<p>Bertolt BRECTH<\/p>\n","protected":false},"excerpt":{"rendered":"<p>\u00a0 Haydi unutmayal\u0131m Nereden biz g\u00fcc\u00fc al\u0131r\u0131z Hem a\u00e7ken hem de tokken Haydi unutmayal\u0131m Bu dayan\u0131\u015fmay\u0131 \u0130\u015f\u00e7ileri t\u00fcm d\u00fcnyan\u0131n Bir ama\u00e7ta birle\u015fsin D\u00fcnyadaki nimetleri Hep beraber payla\u015fs\u0131n Haydi unutmayal\u0131m Nereden biz g\u00fcc\u00fc al\u0131r\u0131z Hem a\u00e7ken hem de tokken Haydi unutmayal\u0131m Bu dayan\u0131\u015fmay\u0131 Zenci, beyaz, sar\u0131, esmer Birle\u015fen \u00f6zg\u00fcr olur Kendileri konu\u015fsalar Halklar hemen dost olur [&hellip;]<\/p>\n","protected":false},"author":1,"featured_media":0,"comment_status":"open","ping_status":"open","sticky":false,"template":"","format":"standard","meta":{"footnotes":""},"categories":[14],"tags":[],"class_list":{"0":"post-1236","1":"post","2":"type-post","3":"status-publish","4":"format-standard","6":"category-bertolt-brecth"},"yoast_head":"<!-- This site is optimized with the Yoast SEO Premium plugin v24.9 (Yoast SEO v24.9) - https:\/\/yoast.com\/wordpress\/plugins\/seo\/ -->\n<title>DAYANI\u015eMA - narteks.net<\/title>\n<meta name=\"robots\" content=\"index, follow, max-snippet:-1, max-image-preview:large, max-video-preview:-1\" \/>\n<link rel=\"canonical\" href=\"https:\/\/narteks.net\/index.php\/2009\/11\/06\/dayanisma\/\" \/>\n<meta property=\"og:locale\" content=\"tr_TR\" \/>\n<meta property=\"og:type\" content=\"article\" \/>\n<meta property=\"og:title\" content=\"DAYANI\u015eMA\" \/>\n<meta property=\"og:description\" content=\"\u00a0 Haydi unutmayal\u0131m Nereden biz g\u00fcc\u00fc al\u0131r\u0131z Hem a\u00e7ken hem de tokken Haydi unutmayal\u0131m Bu dayan\u0131\u015fmay\u0131 \u0130\u015f\u00e7ileri t\u00fcm d\u00fcnyan\u0131n Bir ama\u00e7ta birle\u015fsin D\u00fcnyadaki nimetleri Hep beraber payla\u015fs\u0131n Haydi unutmayal\u0131m Nereden biz g\u00fcc\u00fc al\u0131r\u0131z Hem a\u00e7ken hem de tokken Haydi unutmayal\u0131m Bu dayan\u0131\u015fmay\u0131 Zenci, beyaz, sar\u0131, esmer Birle\u015fen \u00f6zg\u00fcr olur Kendileri konu\u015fsalar Halklar hemen dost olur [&hellip;]\" \/>\n<meta property=\"og:url\" content=\"https:\/\/narteks.net\/index.php\/2009\/11\/06\/dayanisma\/\" \/>\n<meta property=\"og:site_name\" content=\"narteks.net\" \/>\n<meta property=\"article:published_time\" content=\"2009-11-06T08:49:17+00:00\" \/>\n<meta property=\"og:image\" content=\"https:\/\/narteks.net\/wp-content\/uploads\/narteks.png\" \/>\n\t<meta property=\"og:image:width\" content=\"300\" \/>\n\t<meta property=\"og:image:height\" content=\"90\" \/>\n\t<meta property=\"og:image:type\" content=\"image\/png\" \/>\n<meta name=\"author\" content=\"Tar\u0131k\" \/>\n<meta name=\"twitter:card\" content=\"summary_large_image\" \/>\n<meta name=\"twitter:creator\" content=\"@narteks\" \/>\n<meta name=\"twitter:site\" content=\"@narteks\" \/>\n<meta name=\"twitter:label1\" content=\"Yazan:\" \/>\n\t<meta name=\"twitter:data1\" content=\"Tar\u0131k\" \/>\n\t<meta name=\"twitter:label2\" content=\"Tahmini okuma s\u00fcresi\" \/>\n\t<meta name=\"twitter:data2\" content=\"1 dakika\" \/>\n<script type=\"application\/ld+json\" class=\"yoast-schema-graph\">{\"@context\":\"https:\/\/schema.org\",\"@graph\":[{\"@type\":\"Article\",\"@id\":\"https:\/\/narteks.net\/index.php\/2009\/11\/06\/dayanisma\/#article\",\"isPartOf\":{\"@id\":\"https:\/\/narteks.net\/index.php\/2009\/11\/06\/dayanisma\/\"},\"author\":{\"name\":\"Tar\u0131k\",\"@id\":\"https:\/\/narteks.net\/#\/schema\/person\/61f37d9834294b72d31d274e7ed79bca\"},\"headline\":\"DAYANI\u015eMA\",\"datePublished\":\"2009-11-06T08:49:17+00:00\",\"mainEntityOfPage\":{\"@id\":\"https:\/\/narteks.net\/index.php\/2009\/11\/06\/dayanisma\/\"},\"wordCount\":147,\"commentCount\":0,\"publisher\":{\"@id\":\"https:\/\/narteks.net\/#organization\"},\"articleSection\":[\"Bertolt BRECTH\"],\"inLanguage\":\"tr\",\"potentialAction\":[{\"@type\":\"CommentAction\",\"name\":\"Comment\",\"target\":[\"https:\/\/narteks.net\/index.php\/2009\/11\/06\/dayanisma\/#respond\"]}]},{\"@type\":\"WebPage\",\"@id\":\"https:\/\/narteks.net\/index.php\/2009\/11\/06\/dayanisma\/\",\"url\":\"https:\/\/narteks.net\/index.php\/2009\/11\/06\/dayanisma\/\",\"name\":\"DAYANI\u015eMA - narteks.net\",\"isPartOf\":{\"@id\":\"https:\/\/narteks.net\/#website\"},\"datePublished\":\"2009-11-06T08:49:17+00:00\",\"breadcrumb\":{\"@id\":\"https:\/\/narteks.net\/index.php\/2009\/11\/06\/dayanisma\/#breadcrumb\"},\"inLanguage\":\"tr\",\"potentialAction\":[{\"@type\":\"ReadAction\",\"target\":[\"https:\/\/narteks.net\/index.php\/2009\/11\/06\/dayanisma\/\"]}]},{\"@type\":\"BreadcrumbList\",\"@id\":\"https:\/\/narteks.net\/index.php\/2009\/11\/06\/dayanisma\/#breadcrumb\",\"itemListElement\":[{\"@type\":\"ListItem\",\"position\":1,\"name\":\"Anasayfa\",\"item\":\"https:\/\/narteks.net\/\"},{\"@type\":\"ListItem\",\"position\":2,\"name\":\"DAYANI\u015eMA\"}]},{\"@type\":\"WebSite\",\"@id\":\"https:\/\/narteks.net\/#website\",\"url\":\"https:\/\/narteks.net\/\",\"name\":\"narteks.net\",\"description\":\"K\u00fclt\u00fcr Sanat Edebiyat Felsefe\",\"publisher\":{\"@id\":\"https:\/\/narteks.net\/#organization\"},\"alternateName\":\"K\u00fclt\u00fcr Sanat Edebiyat Felsefe\",\"potentialAction\":[{\"@type\":\"SearchAction\",\"target\":{\"@type\":\"EntryPoint\",\"urlTemplate\":\"https:\/\/narteks.net\/?s={search_term_string}\"},\"query-input\":{\"@type\":\"PropertyValueSpecification\",\"valueRequired\":true,\"valueName\":\"search_term_string\"}}],\"inLanguage\":\"tr\"},{\"@type\":\"Organization\",\"@id\":\"https:\/\/narteks.net\/#organization\",\"name\":\"narteks.net\",\"url\":\"https:\/\/narteks.net\/\",\"logo\":{\"@type\":\"ImageObject\",\"inLanguage\":\"tr\",\"@id\":\"https:\/\/narteks.net\/#\/schema\/logo\/image\/\",\"url\":\"https:\/\/narteks.net\/wp-content\/uploads\/narteks.png\",\"contentUrl\":\"https:\/\/narteks.net\/wp-content\/uploads\/narteks.png\",\"width\":300,\"height\":90,\"caption\":\"narteks.net\"},\"image\":{\"@id\":\"https:\/\/narteks.net\/#\/schema\/logo\/image\/\"},\"sameAs\":[\"https:\/\/x.com\/narteks\",\"https:\/\/instagram.com\/narteksnet\"]},{\"@type\":\"Person\",\"@id\":\"https:\/\/narteks.net\/#\/schema\/person\/61f37d9834294b72d31d274e7ed79bca\",\"name\":\"Tar\u0131k\",\"image\":{\"@type\":\"ImageObject\",\"inLanguage\":\"tr\",\"@id\":\"https:\/\/narteks.net\/#\/schema\/person\/image\/\",\"url\":\"https:\/\/secure.gravatar.com\/avatar\/50865afb55632c4ae467e0af0930f6510aa2297d8014be502a55b14f3b7550cf?s=96&d=mm&r=g\",\"contentUrl\":\"https:\/\/secure.gravatar.com\/avatar\/50865afb55632c4ae467e0af0930f6510aa2297d8014be502a55b14f3b7550cf?s=96&d=mm&r=g\",\"caption\":\"Tar\u0131k\"},\"sameAs\":[\"http:\/\/narteks.net\"],\"url\":\"https:\/\/narteks.net\/index.php\/author\/narbak\/\"}]}<\/script>\n<!-- \/ Yoast SEO Premium plugin. -->","yoast_head_json":{"title":"DAYANI\u015eMA - narteks.net","robots":{"index":"index","follow":"follow","max-snippet":"max-snippet:-1","max-image-preview":"max-image-preview:large","max-video-preview":"max-video-preview:-1"},"canonical":"https:\/\/narteks.net\/index.php\/2009\/11\/06\/dayanisma\/","og_locale":"tr_TR","og_type":"article","og_title":"DAYANI\u015eMA","og_description":"\u00a0 Haydi unutmayal\u0131m Nereden biz g\u00fcc\u00fc al\u0131r\u0131z Hem a\u00e7ken hem de tokken Haydi unutmayal\u0131m Bu dayan\u0131\u015fmay\u0131 \u0130\u015f\u00e7ileri t\u00fcm d\u00fcnyan\u0131n Bir ama\u00e7ta birle\u015fsin D\u00fcnyadaki nimetleri Hep beraber payla\u015fs\u0131n Haydi unutmayal\u0131m Nereden biz g\u00fcc\u00fc al\u0131r\u0131z Hem a\u00e7ken hem de tokken Haydi unutmayal\u0131m Bu dayan\u0131\u015fmay\u0131 Zenci, beyaz, sar\u0131, esmer Birle\u015fen \u00f6zg\u00fcr olur Kendileri konu\u015fsalar Halklar hemen dost olur [&hellip;]","og_url":"https:\/\/narteks.net\/index.php\/2009\/11\/06\/dayanisma\/","og_site_name":"narteks.net","article_published_time":"2009-11-06T08:49:17+00:00","og_image":[{"width":300,"height":90,"url":"https:\/\/narteks.net\/wp-content\/uploads\/narteks.png","type":"image\/png"}],"author":"Tar\u0131k","twitter_card":"summary_large_image","twitter_creator":"@narteks","twitter_site":"@narteks","twitter_misc":{"Yazan:":"Tar\u0131k","Tahmini okuma s\u00fcresi":"1 dakika"},"schema":{"@context":"https:\/\/schema.org","@graph":[{"@type":"Article","@id":"https:\/\/narteks.net\/index.php\/2009\/11\/06\/dayanisma\/#article","isPartOf":{"@id":"https:\/\/narteks.net\/index.php\/2009\/11\/06\/dayanisma\/"},"author":{"name":"Tar\u0131k","@id":"https:\/\/narteks.net\/#\/schema\/person\/61f37d9834294b72d31d274e7ed79bca"},"headline":"DAYANI\u015eMA","datePublished":"2009-11-06T08:49:17+00:00","mainEntityOfPage":{"@id":"https:\/\/narteks.net\/index.php\/2009\/11\/06\/dayanisma\/"},"wordCount":147,"commentCount":0,"publisher":{"@id":"https:\/\/narteks.net\/#organization"},"articleSection":["Bertolt BRECTH"],"inLanguage":"tr","potentialAction":[{"@type":"CommentAction","name":"Comment","target":["https:\/\/narteks.net\/index.php\/2009\/11\/06\/dayanisma\/#respond"]}]},{"@type":"WebPage","@id":"https:\/\/narteks.net\/index.php\/2009\/11\/06\/dayanisma\/","url":"https:\/\/narteks.net\/index.php\/2009\/11\/06\/dayanisma\/","name":"DAYANI\u015eMA - narteks.net","isPartOf":{"@id":"https:\/\/narteks.net\/#website"},"datePublished":"2009-11-06T08:49:17+00:00","breadcrumb":{"@id":"https:\/\/narteks.net\/index.php\/2009\/11\/06\/dayanisma\/#breadcrumb"},"inLanguage":"tr","potentialAction":[{"@type":"ReadAction","target":["https:\/\/narteks.net\/index.php\/2009\/11\/06\/dayanisma\/"]}]},{"@type":"BreadcrumbList","@id":"https:\/\/narteks.net\/index.php\/2009\/11\/06\/dayanisma\/#breadcrumb","itemListElement":[{"@type":"ListItem","position":1,"name":"Anasayfa","item":"https:\/\/narteks.net\/"},{"@type":"ListItem","position":2,"name":"DAYANI\u015eMA"}]},{"@type":"WebSite","@id":"https:\/\/narteks.net\/#website","url":"https:\/\/narteks.net\/","name":"narteks.net","description":"K\u00fclt\u00fcr Sanat Edebiyat Felsefe","publisher":{"@id":"https:\/\/narteks.net\/#organization"},"alternateName":"K\u00fclt\u00fcr Sanat Edebiyat Felsefe","potentialAction":[{"@type":"SearchAction","target":{"@type":"EntryPoint","urlTemplate":"https:\/\/narteks.net\/?s={search_term_string}"},"query-input":{"@type":"PropertyValueSpecification","valueRequired":true,"valueName":"search_term_string"}}],"inLanguage":"tr"},{"@type":"Organization","@id":"https:\/\/narteks.net\/#organization","name":"narteks.net","url":"https:\/\/narteks.net\/","logo":{"@type":"ImageObject","inLanguage":"tr","@id":"https:\/\/narteks.net\/#\/schema\/logo\/image\/","url":"https:\/\/narteks.net\/wp-content\/uploads\/narteks.png","contentUrl":"https:\/\/narteks.net\/wp-content\/uploads\/narteks.png","width":300,"height":90,"caption":"narteks.net"},"image":{"@id":"https:\/\/narteks.net\/#\/schema\/logo\/image\/"},"sameAs":["https:\/\/x.com\/narteks","https:\/\/instagram.com\/narteksnet"]},{"@type":"Person","@id":"https:\/\/narteks.net\/#\/schema\/person\/61f37d9834294b72d31d274e7ed79bca","name":"Tar\u0131k","image":{"@type":"ImageObject","inLanguage":"tr","@id":"https:\/\/narteks.net\/#\/schema\/person\/image\/","url":"https:\/\/secure.gravatar.com\/avatar\/50865afb55632c4ae467e0af0930f6510aa2297d8014be502a55b14f3b7550cf?s=96&d=mm&r=g","contentUrl":"https:\/\/secure.gravatar.com\/avatar\/50865afb55632c4ae467e0af0930f6510aa2297d8014be502a55b14f3b7550cf?s=96&d=mm&r=g","caption":"Tar\u0131k"},"sameAs":["http:\/\/narteks.net"],"url":"https:\/\/narteks.net\/index.php\/author\/narbak\/"}]}},"_links":{"self":[{"href":"https:\/\/narteks.net\/index.php\/wp-json\/wp\/v2\/posts\/1236","targetHints":{"allow":["GET"]}}],"collection":[{"href":"https:\/\/narteks.net\/index.php\/wp-json\/wp\/v2\/posts"}],"about":[{"href":"https:\/\/narteks.net\/index.php\/wp-json\/wp\/v2\/types\/post"}],"author":[{"embeddable":true,"href":"https:\/\/narteks.net\/index.php\/wp-json\/wp\/v2\/users\/1"}],"replies":[{"embeddable":true,"href":"https:\/\/narteks.net\/index.php\/wp-json\/wp\/v2\/comments?post=1236"}],"version-history":[{"count":0,"href":"https:\/\/narteks.net\/index.php\/wp-json\/wp\/v2\/posts\/1236\/revisions"}],"wp:attachment":[{"href":"https:\/\/narteks.net\/index.php\/wp-json\/wp\/v2\/media?parent=1236"}],"wp:term":[{"taxonomy":"category","embeddable":true,"href":"https:\/\/narteks.net\/index.php\/wp-json\/wp\/v2\/categories?post=1236"},{"taxonomy":"post_tag","embeddable":true,"href":"https:\/\/narteks.net\/index.php\/wp-json\/wp\/v2\/tags?post=1236"}],"curies":[{"name":"wp","href":"https:\/\/api.w.org\/{rel}","templated":true}]}}