{"id":1247,"date":"2009-11-06T11:55:45","date_gmt":"2009-11-06T08:55:45","guid":{"rendered":"http:\/\/localhost\/wordpress\/2009\/11\/06\/kaledonya-pazari\/"},"modified":"2009-11-06T11:55:45","modified_gmt":"2009-11-06T08:55:45","slug":"kaledonya-pazari","status":"publish","type":"post","link":"https:\/\/narteks.net\/index.php\/2009\/11\/06\/kaledonya-pazari\/","title":{"rendered":"KALEDONYA PAZARI"},"content":{"rendered":"<p>\u00a0<\/p>\n<p>1.<br \/> Yedi kent yatar Troya\u00b4n\u0131n alt\u0131nda.<br \/> Kaz\u0131p \u00e7\u0131kartm\u0131\u015flar hepsini yeniden.<br \/> Londra\u00b4n\u0131n alt\u0131nda da yedi kent yatar m\u0131?<br \/> En dipten \u00e7\u0131kanlar\u0131 burada m\u0131 satarlar acaba?<\/p>\n<p>Fosforlu bal\u0131klar\u0131n durdu\u011fu \u015fu tezgah\u0131n orda,<br \/> \u00e7oraplar\u0131n aras\u0131nda i\u015fte bir de \u015fapka.<br \/> Yedi \u015filine alamazs\u0131n\u0131z yenisini, sa\u00e7ma,<br \/> buysa yaln\u0131z iki \u015filin, hem k\u00f6t\u00fc de\u011fil o kadar,<br \/> tek bir deli\u011fi var.<\/p>\n<p>2.<br \/> Korkun\u00e7 tanr\u0131 oturmu\u015ftu kalkmamacas\u0131na,<br \/> tabanlar\u0131 d\u0131\u015far\u0131 d\u00f6n\u00fck,<br \/> sonra bir g\u00fcn k\u0131r\u0131ld\u0131 burnu, d\u00fc\u015ft\u00fc ayak parmaklar\u0131ndan biri<br \/> ve g\u00f6zda\u011f\u0131 veren kolu,<br \/> ama bronz bedeni a\u011f\u0131rd\u0131 \u00e7ok, yaln\u0131z el y\u00fcr\u00fct\u00fclm\u00fc\u015ft\u00fc<br \/> ve ge\u00e7erek bir s\u00fcr\u00fc canl\u0131 ellerden d\u00fc\u015fm\u00fc\u015ft\u00fc<br \/> Kaledonya pazar\u0131na.*<\/p>\n<p>3.<br \/> &#8220;K\u00f6pr\u00fc yoktur Do\u011fu ile Bat\u0131 aras\u0131nda&#8221;<br \/> diye hayk\u0131rd\u0131 \u00fccretli ozanlar\u0131.<br \/> G\u00f6zlerimle g\u00f6rd\u00fcm ben ama<br \/> o b\u00fcy\u00fck Okyanusun s\u0131rt\u0131ndaki kocaman k\u00f6pr\u00fcleri.<br \/> Ve do\u011fuya ta\u015f\u0131nan koskoca silahlar\u0131 g\u00f6rd\u00fcm<br \/> ve onlar\u0131 \u015fark\u0131larla el \u00fcst\u00fcnde tutan halk\u0131.<br \/> Bu ara, i\u00e7inden kan damlayan \u00e7ay geliyordu,<br \/> sava\u015f yaral\u0131lar\u0131 ve alt\u0131n geliyordu, Do\u011fu\u00b4dan Bat\u0131\u00b4ya.<\/p>\n<p>Ve Winsdor dulu, karalar i\u00e7inde,<br \/> paray\u0131 al\u0131r, sokar \u00e7orab\u0131na,<br \/> pohpohlamadan s\u0131r\u0131t\u0131r,<br \/> g\u00f6nderir onu Kaledonya pazar\u0131na.<br \/> Nerde hani o eski \u00e7eviklik,<br \/> bir sabah gelirler topallaya topallaya,<br \/> ve bir tahta bacak sat\u0131n al\u0131rlar, elden d\u00fc\u015fme,<br \/> uysun diye tahta kafalar\u0131na.<\/p>\n<p>* Londra\u00b4n\u0131n \u00fcnl\u00fc bit pazar\u0131. Bu \u015fiir, Brecht\u00b4in bitmemi\u015f \u015fiirlerindendir.<\/p>\n<p>Bertolt BRECTH<\/p>\n","protected":false},"excerpt":{"rendered":"<p>\u00a0 1. Yedi kent yatar Troya\u00b4n\u0131n alt\u0131nda. Kaz\u0131p \u00e7\u0131kartm\u0131\u015flar hepsini yeniden. Londra\u00b4n\u0131n alt\u0131nda da yedi kent yatar m\u0131? En dipten \u00e7\u0131kanlar\u0131 burada m\u0131 satarlar acaba? Fosforlu bal\u0131klar\u0131n durdu\u011fu \u015fu tezgah\u0131n orda, \u00e7oraplar\u0131n aras\u0131nda i\u015fte bir de \u015fapka. Yedi \u015filine alamazs\u0131n\u0131z yenisini, sa\u00e7ma, buysa yaln\u0131z iki \u015filin, hem k\u00f6t\u00fc de\u011fil o kadar, tek bir deli\u011fi var. [&hellip;]<\/p>\n","protected":false},"author":1,"featured_media":0,"comment_status":"open","ping_status":"open","sticky":false,"template":"","format":"standard","meta":{"footnotes":""},"categories":[14],"tags":[],"class_list":{"0":"post-1247","1":"post","2":"type-post","3":"status-publish","4":"format-standard","6":"category-bertolt-brecth"},"yoast_head":"<!-- This site is optimized with the Yoast SEO Premium plugin v24.9 (Yoast SEO v24.9) - https:\/\/yoast.com\/wordpress\/plugins\/seo\/ -->\n<title>KALEDONYA PAZARI - narteks.net<\/title>\n<meta name=\"robots\" content=\"index, follow, max-snippet:-1, max-image-preview:large, max-video-preview:-1\" \/>\n<link rel=\"canonical\" href=\"https:\/\/narteks.net\/index.php\/2009\/11\/06\/kaledonya-pazari\/\" \/>\n<meta property=\"og:locale\" content=\"tr_TR\" \/>\n<meta property=\"og:type\" content=\"article\" \/>\n<meta property=\"og:title\" content=\"KALEDONYA PAZARI\" \/>\n<meta property=\"og:description\" content=\"\u00a0 1. Yedi kent yatar Troya\u00b4n\u0131n alt\u0131nda. Kaz\u0131p \u00e7\u0131kartm\u0131\u015flar hepsini yeniden. Londra\u00b4n\u0131n alt\u0131nda da yedi kent yatar m\u0131? En dipten \u00e7\u0131kanlar\u0131 burada m\u0131 satarlar acaba? Fosforlu bal\u0131klar\u0131n durdu\u011fu \u015fu tezgah\u0131n orda, \u00e7oraplar\u0131n aras\u0131nda i\u015fte bir de \u015fapka. Yedi \u015filine alamazs\u0131n\u0131z yenisini, sa\u00e7ma, buysa yaln\u0131z iki \u015filin, hem k\u00f6t\u00fc de\u011fil o kadar, tek bir deli\u011fi var. [&hellip;]\" \/>\n<meta property=\"og:url\" content=\"https:\/\/narteks.net\/index.php\/2009\/11\/06\/kaledonya-pazari\/\" \/>\n<meta property=\"og:site_name\" content=\"narteks.net\" \/>\n<meta property=\"article:published_time\" content=\"2009-11-06T08:55:45+00:00\" \/>\n<meta property=\"og:image\" content=\"https:\/\/narteks.net\/wp-content\/uploads\/narteks.png\" \/>\n\t<meta property=\"og:image:width\" content=\"300\" \/>\n\t<meta property=\"og:image:height\" content=\"90\" \/>\n\t<meta property=\"og:image:type\" content=\"image\/png\" \/>\n<meta name=\"author\" content=\"Tar\u0131k\" \/>\n<meta name=\"twitter:card\" content=\"summary_large_image\" \/>\n<meta name=\"twitter:creator\" content=\"@narteks\" \/>\n<meta name=\"twitter:site\" content=\"@narteks\" \/>\n<meta name=\"twitter:label1\" content=\"Yazan:\" \/>\n\t<meta name=\"twitter:data1\" content=\"Tar\u0131k\" \/>\n\t<meta name=\"twitter:label2\" content=\"Tahmini okuma s\u00fcresi\" \/>\n\t<meta name=\"twitter:data2\" content=\"1 dakika\" \/>\n<script type=\"application\/ld+json\" class=\"yoast-schema-graph\">{\"@context\":\"https:\/\/schema.org\",\"@graph\":[{\"@type\":\"Article\",\"@id\":\"https:\/\/narteks.net\/index.php\/2009\/11\/06\/kaledonya-pazari\/#article\",\"isPartOf\":{\"@id\":\"https:\/\/narteks.net\/index.php\/2009\/11\/06\/kaledonya-pazari\/\"},\"author\":{\"name\":\"Tar\u0131k\",\"@id\":\"https:\/\/narteks.net\/#\/schema\/person\/61f37d9834294b72d31d274e7ed79bca\"},\"headline\":\"KALEDONYA PAZARI\",\"datePublished\":\"2009-11-06T08:55:45+00:00\",\"mainEntityOfPage\":{\"@id\":\"https:\/\/narteks.net\/index.php\/2009\/11\/06\/kaledonya-pazari\/\"},\"wordCount\":271,\"commentCount\":0,\"publisher\":{\"@id\":\"https:\/\/narteks.net\/#organization\"},\"articleSection\":[\"Bertolt BRECTH\"],\"inLanguage\":\"tr\",\"potentialAction\":[{\"@type\":\"CommentAction\",\"name\":\"Comment\",\"target\":[\"https:\/\/narteks.net\/index.php\/2009\/11\/06\/kaledonya-pazari\/#respond\"]}]},{\"@type\":\"WebPage\",\"@id\":\"https:\/\/narteks.net\/index.php\/2009\/11\/06\/kaledonya-pazari\/\",\"url\":\"https:\/\/narteks.net\/index.php\/2009\/11\/06\/kaledonya-pazari\/\",\"name\":\"KALEDONYA PAZARI - narteks.net\",\"isPartOf\":{\"@id\":\"https:\/\/narteks.net\/#website\"},\"datePublished\":\"2009-11-06T08:55:45+00:00\",\"breadcrumb\":{\"@id\":\"https:\/\/narteks.net\/index.php\/2009\/11\/06\/kaledonya-pazari\/#breadcrumb\"},\"inLanguage\":\"tr\",\"potentialAction\":[{\"@type\":\"ReadAction\",\"target\":[\"https:\/\/narteks.net\/index.php\/2009\/11\/06\/kaledonya-pazari\/\"]}]},{\"@type\":\"BreadcrumbList\",\"@id\":\"https:\/\/narteks.net\/index.php\/2009\/11\/06\/kaledonya-pazari\/#breadcrumb\",\"itemListElement\":[{\"@type\":\"ListItem\",\"position\":1,\"name\":\"Anasayfa\",\"item\":\"https:\/\/narteks.net\/\"},{\"@type\":\"ListItem\",\"position\":2,\"name\":\"KALEDONYA PAZARI\"}]},{\"@type\":\"WebSite\",\"@id\":\"https:\/\/narteks.net\/#website\",\"url\":\"https:\/\/narteks.net\/\",\"name\":\"narteks.net\",\"description\":\"K\u00fclt\u00fcr Sanat Edebiyat Felsefe\",\"publisher\":{\"@id\":\"https:\/\/narteks.net\/#organization\"},\"alternateName\":\"K\u00fclt\u00fcr Sanat Edebiyat Felsefe\",\"potentialAction\":[{\"@type\":\"SearchAction\",\"target\":{\"@type\":\"EntryPoint\",\"urlTemplate\":\"https:\/\/narteks.net\/?s={search_term_string}\"},\"query-input\":{\"@type\":\"PropertyValueSpecification\",\"valueRequired\":true,\"valueName\":\"search_term_string\"}}],\"inLanguage\":\"tr\"},{\"@type\":\"Organization\",\"@id\":\"https:\/\/narteks.net\/#organization\",\"name\":\"narteks.net\",\"url\":\"https:\/\/narteks.net\/\",\"logo\":{\"@type\":\"ImageObject\",\"inLanguage\":\"tr\",\"@id\":\"https:\/\/narteks.net\/#\/schema\/logo\/image\/\",\"url\":\"https:\/\/narteks.net\/wp-content\/uploads\/narteks.png\",\"contentUrl\":\"https:\/\/narteks.net\/wp-content\/uploads\/narteks.png\",\"width\":300,\"height\":90,\"caption\":\"narteks.net\"},\"image\":{\"@id\":\"https:\/\/narteks.net\/#\/schema\/logo\/image\/\"},\"sameAs\":[\"https:\/\/x.com\/narteks\",\"https:\/\/instagram.com\/narteksnet\"]},{\"@type\":\"Person\",\"@id\":\"https:\/\/narteks.net\/#\/schema\/person\/61f37d9834294b72d31d274e7ed79bca\",\"name\":\"Tar\u0131k\",\"image\":{\"@type\":\"ImageObject\",\"inLanguage\":\"tr\",\"@id\":\"https:\/\/narteks.net\/#\/schema\/person\/image\/\",\"url\":\"https:\/\/secure.gravatar.com\/avatar\/50865afb55632c4ae467e0af0930f6510aa2297d8014be502a55b14f3b7550cf?s=96&d=mm&r=g\",\"contentUrl\":\"https:\/\/secure.gravatar.com\/avatar\/50865afb55632c4ae467e0af0930f6510aa2297d8014be502a55b14f3b7550cf?s=96&d=mm&r=g\",\"caption\":\"Tar\u0131k\"},\"sameAs\":[\"http:\/\/narteks.net\"],\"url\":\"https:\/\/narteks.net\/index.php\/author\/narbak\/\"}]}<\/script>\n<!-- \/ Yoast SEO Premium plugin. -->","yoast_head_json":{"title":"KALEDONYA PAZARI - narteks.net","robots":{"index":"index","follow":"follow","max-snippet":"max-snippet:-1","max-image-preview":"max-image-preview:large","max-video-preview":"max-video-preview:-1"},"canonical":"https:\/\/narteks.net\/index.php\/2009\/11\/06\/kaledonya-pazari\/","og_locale":"tr_TR","og_type":"article","og_title":"KALEDONYA PAZARI","og_description":"\u00a0 1. Yedi kent yatar Troya\u00b4n\u0131n alt\u0131nda. Kaz\u0131p \u00e7\u0131kartm\u0131\u015flar hepsini yeniden. Londra\u00b4n\u0131n alt\u0131nda da yedi kent yatar m\u0131? En dipten \u00e7\u0131kanlar\u0131 burada m\u0131 satarlar acaba? Fosforlu bal\u0131klar\u0131n durdu\u011fu \u015fu tezgah\u0131n orda, \u00e7oraplar\u0131n aras\u0131nda i\u015fte bir de \u015fapka. Yedi \u015filine alamazs\u0131n\u0131z yenisini, sa\u00e7ma, buysa yaln\u0131z iki \u015filin, hem k\u00f6t\u00fc de\u011fil o kadar, tek bir deli\u011fi var. [&hellip;]","og_url":"https:\/\/narteks.net\/index.php\/2009\/11\/06\/kaledonya-pazari\/","og_site_name":"narteks.net","article_published_time":"2009-11-06T08:55:45+00:00","og_image":[{"width":300,"height":90,"url":"https:\/\/narteks.net\/wp-content\/uploads\/narteks.png","type":"image\/png"}],"author":"Tar\u0131k","twitter_card":"summary_large_image","twitter_creator":"@narteks","twitter_site":"@narteks","twitter_misc":{"Yazan:":"Tar\u0131k","Tahmini okuma s\u00fcresi":"1 dakika"},"schema":{"@context":"https:\/\/schema.org","@graph":[{"@type":"Article","@id":"https:\/\/narteks.net\/index.php\/2009\/11\/06\/kaledonya-pazari\/#article","isPartOf":{"@id":"https:\/\/narteks.net\/index.php\/2009\/11\/06\/kaledonya-pazari\/"},"author":{"name":"Tar\u0131k","@id":"https:\/\/narteks.net\/#\/schema\/person\/61f37d9834294b72d31d274e7ed79bca"},"headline":"KALEDONYA PAZARI","datePublished":"2009-11-06T08:55:45+00:00","mainEntityOfPage":{"@id":"https:\/\/narteks.net\/index.php\/2009\/11\/06\/kaledonya-pazari\/"},"wordCount":271,"commentCount":0,"publisher":{"@id":"https:\/\/narteks.net\/#organization"},"articleSection":["Bertolt BRECTH"],"inLanguage":"tr","potentialAction":[{"@type":"CommentAction","name":"Comment","target":["https:\/\/narteks.net\/index.php\/2009\/11\/06\/kaledonya-pazari\/#respond"]}]},{"@type":"WebPage","@id":"https:\/\/narteks.net\/index.php\/2009\/11\/06\/kaledonya-pazari\/","url":"https:\/\/narteks.net\/index.php\/2009\/11\/06\/kaledonya-pazari\/","name":"KALEDONYA PAZARI - narteks.net","isPartOf":{"@id":"https:\/\/narteks.net\/#website"},"datePublished":"2009-11-06T08:55:45+00:00","breadcrumb":{"@id":"https:\/\/narteks.net\/index.php\/2009\/11\/06\/kaledonya-pazari\/#breadcrumb"},"inLanguage":"tr","potentialAction":[{"@type":"ReadAction","target":["https:\/\/narteks.net\/index.php\/2009\/11\/06\/kaledonya-pazari\/"]}]},{"@type":"BreadcrumbList","@id":"https:\/\/narteks.net\/index.php\/2009\/11\/06\/kaledonya-pazari\/#breadcrumb","itemListElement":[{"@type":"ListItem","position":1,"name":"Anasayfa","item":"https:\/\/narteks.net\/"},{"@type":"ListItem","position":2,"name":"KALEDONYA PAZARI"}]},{"@type":"WebSite","@id":"https:\/\/narteks.net\/#website","url":"https:\/\/narteks.net\/","name":"narteks.net","description":"K\u00fclt\u00fcr Sanat Edebiyat Felsefe","publisher":{"@id":"https:\/\/narteks.net\/#organization"},"alternateName":"K\u00fclt\u00fcr Sanat Edebiyat Felsefe","potentialAction":[{"@type":"SearchAction","target":{"@type":"EntryPoint","urlTemplate":"https:\/\/narteks.net\/?s={search_term_string}"},"query-input":{"@type":"PropertyValueSpecification","valueRequired":true,"valueName":"search_term_string"}}],"inLanguage":"tr"},{"@type":"Organization","@id":"https:\/\/narteks.net\/#organization","name":"narteks.net","url":"https:\/\/narteks.net\/","logo":{"@type":"ImageObject","inLanguage":"tr","@id":"https:\/\/narteks.net\/#\/schema\/logo\/image\/","url":"https:\/\/narteks.net\/wp-content\/uploads\/narteks.png","contentUrl":"https:\/\/narteks.net\/wp-content\/uploads\/narteks.png","width":300,"height":90,"caption":"narteks.net"},"image":{"@id":"https:\/\/narteks.net\/#\/schema\/logo\/image\/"},"sameAs":["https:\/\/x.com\/narteks","https:\/\/instagram.com\/narteksnet"]},{"@type":"Person","@id":"https:\/\/narteks.net\/#\/schema\/person\/61f37d9834294b72d31d274e7ed79bca","name":"Tar\u0131k","image":{"@type":"ImageObject","inLanguage":"tr","@id":"https:\/\/narteks.net\/#\/schema\/person\/image\/","url":"https:\/\/secure.gravatar.com\/avatar\/50865afb55632c4ae467e0af0930f6510aa2297d8014be502a55b14f3b7550cf?s=96&d=mm&r=g","contentUrl":"https:\/\/secure.gravatar.com\/avatar\/50865afb55632c4ae467e0af0930f6510aa2297d8014be502a55b14f3b7550cf?s=96&d=mm&r=g","caption":"Tar\u0131k"},"sameAs":["http:\/\/narteks.net"],"url":"https:\/\/narteks.net\/index.php\/author\/narbak\/"}]}},"_links":{"self":[{"href":"https:\/\/narteks.net\/index.php\/wp-json\/wp\/v2\/posts\/1247","targetHints":{"allow":["GET"]}}],"collection":[{"href":"https:\/\/narteks.net\/index.php\/wp-json\/wp\/v2\/posts"}],"about":[{"href":"https:\/\/narteks.net\/index.php\/wp-json\/wp\/v2\/types\/post"}],"author":[{"embeddable":true,"href":"https:\/\/narteks.net\/index.php\/wp-json\/wp\/v2\/users\/1"}],"replies":[{"embeddable":true,"href":"https:\/\/narteks.net\/index.php\/wp-json\/wp\/v2\/comments?post=1247"}],"version-history":[{"count":0,"href":"https:\/\/narteks.net\/index.php\/wp-json\/wp\/v2\/posts\/1247\/revisions"}],"wp:attachment":[{"href":"https:\/\/narteks.net\/index.php\/wp-json\/wp\/v2\/media?parent=1247"}],"wp:term":[{"taxonomy":"category","embeddable":true,"href":"https:\/\/narteks.net\/index.php\/wp-json\/wp\/v2\/categories?post=1247"},{"taxonomy":"post_tag","embeddable":true,"href":"https:\/\/narteks.net\/index.php\/wp-json\/wp\/v2\/tags?post=1247"}],"curies":[{"name":"wp","href":"https:\/\/api.w.org\/{rel}","templated":true}]}}