{"id":1250,"date":"2009-11-06T11:57:22","date_gmt":"2009-11-06T08:57:22","guid":{"rendered":"http:\/\/localhost\/wordpress\/2009\/11\/06\/kentin-varoslarindan-gelen\/"},"modified":"2009-11-06T11:57:22","modified_gmt":"2009-11-06T08:57:22","slug":"kentin-varoslarindan-gelen","status":"publish","type":"post","link":"https:\/\/narteks.net\/index.php\/2009\/11\/06\/kentin-varoslarindan-gelen\/","title":{"rendered":"KENT\u0130N VARO\u015eLARINDAN GELEN"},"content":{"rendered":"<p>\u00a0<\/p>\n<p>\u0130ncecik pardes\u00fcler i\u00e7indeki okul arkada\u015flar\u0131m\u0131z<br \/> her vakit \u00e7ok ge\u00e7 gelirlerdi sabah dersine,<br \/> \u00e7\u00fcnk\u00fc s\u00fct ve gazete da\u011f\u0131t\u0131rlard\u0131 annelerinin yerine.<br \/> \u00d6\u011fretmenler<br \/> onlar\u0131 bir g\u00fczel azarlar<br \/> ve i\u015faret korlard\u0131 kara kapl\u0131 deftere<\/p>\n<p>Getirmezlerdi yanlar\u0131nda yiyecek filan.<br \/> Ders aralar\u0131nda yaln\u0131z<br \/> \u00f6devlerini yaparlard\u0131 helalarda.<br \/> Ama izin verilmezdi buna.<br \/> Dinlenmek ve yemek i\u00e7inmi\u015f ders aralar\u0131.<br \/> Pi\u00b4nin ondal\u0131k de\u011ferini bilemediler mi<br \/> \u00f6\u011fretmenleri sorard\u0131 onlar\u0131:<br \/> Neden kalmad\u0131n\u0131z o \u00e7\u0131kt\u0131\u011f\u0131n\u0131z \u00e7\u00f6pl\u00fckte?<br \/> Bilirdi onlar neden kalmad\u0131klar\u0131n\u0131.<\/p>\n<p>Kentin varo\u015flar\u0131ndan gelen yoksul \u00e7ocuklar\u0131na<br \/> devlet kap\u0131lar\u0131nda \u00f6nemsiz g\u00f6revler vaadedilirdi,<br \/> bu y\u00fczden onlar, gecelerini g\u00fcnd\u00fczlerine kat\u0131p ezberlerlerdi<br \/> par\u00e7a par\u00e7a olmu\u015f elden d\u00fc\u015fme kitaplar\u0131nda ne varsa.<br \/> Bir de \u00f6\u011frenirlerdi \u00f6\u011fretmenlerinin ayaklar\u0131n\u0131 yalamay\u0131<br \/> ve hor g\u00f6rmeyi kendi analar\u0131n\u0131<\/p>\n<p>Varo\u015flardan gelen yoksul okul \u00e7ocuklar\u0131na vaadedilen bu<br \/> \u00f6nemsiz g\u00f6revler<br \/> topra\u011f\u0131n alt\u0131ndayd\u0131.<br \/> Onlara ayr\u0131lan yerlerdeki sandalyelerin yoktu<br \/> oturacak yerleri.<br \/> Olsa olsa<br \/> K\u0131sa bitkilerin k\u00f6kleriydi<br \/> onlar\u0131 bekleyen.<br \/> Hem ne diye \u00f6\u011fretiliyordu bu \u00e7ocuklara Yunanca dilbilgisi,<br \/> Sezar\u00b4\u0131n seferleri, s\u00fclf\u00fcr\u00fcn form\u00fcl\u00fc, Pi\u00b4nin de\u011feri?<br \/> Al\u0131nlar\u0131nda yaz\u0131l\u0131 olan Flander\u00b4lerin kitle mezarlar\u0131nda<br \/> neye ihtiya\u00e7lar\u0131 olacakt\u0131 bu \u00e7ocuklar\u0131n<br \/> biraz kire\u00e7ten ba\u015fka?<\/p>\n<p>Bertolt BRECTH<\/p>\n","protected":false},"excerpt":{"rendered":"<p>\u00a0 \u0130ncecik pardes\u00fcler i\u00e7indeki okul arkada\u015flar\u0131m\u0131z her vakit \u00e7ok ge\u00e7 gelirlerdi sabah dersine, \u00e7\u00fcnk\u00fc s\u00fct ve gazete da\u011f\u0131t\u0131rlard\u0131 annelerinin yerine. \u00d6\u011fretmenler onlar\u0131 bir g\u00fczel azarlar ve i\u015faret korlard\u0131 kara kapl\u0131 deftere Getirmezlerdi yanlar\u0131nda yiyecek filan. Ders aralar\u0131nda yaln\u0131z \u00f6devlerini yaparlard\u0131 helalarda. Ama izin verilmezdi buna. Dinlenmek ve yemek i\u00e7inmi\u015f ders aralar\u0131. Pi\u00b4nin ondal\u0131k de\u011ferini bilemediler [&hellip;]<\/p>\n","protected":false},"author":1,"featured_media":0,"comment_status":"open","ping_status":"open","sticky":false,"template":"","format":"standard","meta":{"footnotes":""},"categories":[14],"tags":[],"class_list":{"0":"post-1250","1":"post","2":"type-post","3":"status-publish","4":"format-standard","6":"category-bertolt-brecth"},"yoast_head":"<!-- This site is optimized with the Yoast SEO Premium plugin v24.9 (Yoast SEO v24.9) - https:\/\/yoast.com\/wordpress\/plugins\/seo\/ -->\n<title>KENT\u0130N VARO\u015eLARINDAN GELEN - narteks.net<\/title>\n<meta name=\"robots\" content=\"index, follow, max-snippet:-1, max-image-preview:large, max-video-preview:-1\" \/>\n<link rel=\"canonical\" href=\"https:\/\/narteks.net\/index.php\/2009\/11\/06\/kentin-varoslarindan-gelen\/\" \/>\n<meta property=\"og:locale\" content=\"tr_TR\" \/>\n<meta property=\"og:type\" content=\"article\" \/>\n<meta property=\"og:title\" content=\"KENT\u0130N VARO\u015eLARINDAN GELEN\" \/>\n<meta property=\"og:description\" content=\"\u00a0 \u0130ncecik pardes\u00fcler i\u00e7indeki okul arkada\u015flar\u0131m\u0131z her vakit \u00e7ok ge\u00e7 gelirlerdi sabah dersine, \u00e7\u00fcnk\u00fc s\u00fct ve gazete da\u011f\u0131t\u0131rlard\u0131 annelerinin yerine. \u00d6\u011fretmenler onlar\u0131 bir g\u00fczel azarlar ve i\u015faret korlard\u0131 kara kapl\u0131 deftere Getirmezlerdi yanlar\u0131nda yiyecek filan. Ders aralar\u0131nda yaln\u0131z \u00f6devlerini yaparlard\u0131 helalarda. Ama izin verilmezdi buna. Dinlenmek ve yemek i\u00e7inmi\u015f ders aralar\u0131. Pi\u00b4nin ondal\u0131k de\u011ferini bilemediler [&hellip;]\" \/>\n<meta property=\"og:url\" content=\"https:\/\/narteks.net\/index.php\/2009\/11\/06\/kentin-varoslarindan-gelen\/\" \/>\n<meta property=\"og:site_name\" content=\"narteks.net\" \/>\n<meta property=\"article:published_time\" content=\"2009-11-06T08:57:22+00:00\" \/>\n<meta property=\"og:image\" content=\"https:\/\/narteks.net\/wp-content\/uploads\/narteks.png\" \/>\n\t<meta property=\"og:image:width\" content=\"300\" \/>\n\t<meta property=\"og:image:height\" content=\"90\" \/>\n\t<meta property=\"og:image:type\" content=\"image\/png\" \/>\n<meta name=\"author\" content=\"Tar\u0131k\" \/>\n<meta name=\"twitter:card\" content=\"summary_large_image\" \/>\n<meta name=\"twitter:creator\" content=\"@narteks\" \/>\n<meta name=\"twitter:site\" content=\"@narteks\" \/>\n<meta name=\"twitter:label1\" content=\"Yazan:\" \/>\n\t<meta name=\"twitter:data1\" content=\"Tar\u0131k\" \/>\n\t<meta name=\"twitter:label2\" content=\"Tahmini okuma s\u00fcresi\" \/>\n\t<meta name=\"twitter:data2\" content=\"1 dakika\" \/>\n<script type=\"application\/ld+json\" class=\"yoast-schema-graph\">{\"@context\":\"https:\/\/schema.org\",\"@graph\":[{\"@type\":\"Article\",\"@id\":\"https:\/\/narteks.net\/index.php\/2009\/11\/06\/kentin-varoslarindan-gelen\/#article\",\"isPartOf\":{\"@id\":\"https:\/\/narteks.net\/index.php\/2009\/11\/06\/kentin-varoslarindan-gelen\/\"},\"author\":{\"name\":\"Tar\u0131k\",\"@id\":\"https:\/\/narteks.net\/#\/schema\/person\/61f37d9834294b72d31d274e7ed79bca\"},\"headline\":\"KENT\u0130N VARO\u015eLARINDAN GELEN\",\"datePublished\":\"2009-11-06T08:57:22+00:00\",\"mainEntityOfPage\":{\"@id\":\"https:\/\/narteks.net\/index.php\/2009\/11\/06\/kentin-varoslarindan-gelen\/\"},\"wordCount\":228,\"commentCount\":0,\"publisher\":{\"@id\":\"https:\/\/narteks.net\/#organization\"},\"articleSection\":[\"Bertolt BRECTH\"],\"inLanguage\":\"tr\",\"potentialAction\":[{\"@type\":\"CommentAction\",\"name\":\"Comment\",\"target\":[\"https:\/\/narteks.net\/index.php\/2009\/11\/06\/kentin-varoslarindan-gelen\/#respond\"]}]},{\"@type\":\"WebPage\",\"@id\":\"https:\/\/narteks.net\/index.php\/2009\/11\/06\/kentin-varoslarindan-gelen\/\",\"url\":\"https:\/\/narteks.net\/index.php\/2009\/11\/06\/kentin-varoslarindan-gelen\/\",\"name\":\"KENT\u0130N VARO\u015eLARINDAN GELEN - narteks.net\",\"isPartOf\":{\"@id\":\"https:\/\/narteks.net\/#website\"},\"datePublished\":\"2009-11-06T08:57:22+00:00\",\"breadcrumb\":{\"@id\":\"https:\/\/narteks.net\/index.php\/2009\/11\/06\/kentin-varoslarindan-gelen\/#breadcrumb\"},\"inLanguage\":\"tr\",\"potentialAction\":[{\"@type\":\"ReadAction\",\"target\":[\"https:\/\/narteks.net\/index.php\/2009\/11\/06\/kentin-varoslarindan-gelen\/\"]}]},{\"@type\":\"BreadcrumbList\",\"@id\":\"https:\/\/narteks.net\/index.php\/2009\/11\/06\/kentin-varoslarindan-gelen\/#breadcrumb\",\"itemListElement\":[{\"@type\":\"ListItem\",\"position\":1,\"name\":\"Anasayfa\",\"item\":\"https:\/\/narteks.net\/\"},{\"@type\":\"ListItem\",\"position\":2,\"name\":\"KENT\u0130N VARO\u015eLARINDAN GELEN\"}]},{\"@type\":\"WebSite\",\"@id\":\"https:\/\/narteks.net\/#website\",\"url\":\"https:\/\/narteks.net\/\",\"name\":\"narteks.net\",\"description\":\"K\u00fclt\u00fcr Sanat Edebiyat Felsefe\",\"publisher\":{\"@id\":\"https:\/\/narteks.net\/#organization\"},\"alternateName\":\"K\u00fclt\u00fcr Sanat Edebiyat Felsefe\",\"potentialAction\":[{\"@type\":\"SearchAction\",\"target\":{\"@type\":\"EntryPoint\",\"urlTemplate\":\"https:\/\/narteks.net\/?s={search_term_string}\"},\"query-input\":{\"@type\":\"PropertyValueSpecification\",\"valueRequired\":true,\"valueName\":\"search_term_string\"}}],\"inLanguage\":\"tr\"},{\"@type\":\"Organization\",\"@id\":\"https:\/\/narteks.net\/#organization\",\"name\":\"narteks.net\",\"url\":\"https:\/\/narteks.net\/\",\"logo\":{\"@type\":\"ImageObject\",\"inLanguage\":\"tr\",\"@id\":\"https:\/\/narteks.net\/#\/schema\/logo\/image\/\",\"url\":\"https:\/\/narteks.net\/wp-content\/uploads\/narteks.png\",\"contentUrl\":\"https:\/\/narteks.net\/wp-content\/uploads\/narteks.png\",\"width\":300,\"height\":90,\"caption\":\"narteks.net\"},\"image\":{\"@id\":\"https:\/\/narteks.net\/#\/schema\/logo\/image\/\"},\"sameAs\":[\"https:\/\/x.com\/narteks\",\"https:\/\/instagram.com\/narteksnet\"]},{\"@type\":\"Person\",\"@id\":\"https:\/\/narteks.net\/#\/schema\/person\/61f37d9834294b72d31d274e7ed79bca\",\"name\":\"Tar\u0131k\",\"image\":{\"@type\":\"ImageObject\",\"inLanguage\":\"tr\",\"@id\":\"https:\/\/narteks.net\/#\/schema\/person\/image\/\",\"url\":\"https:\/\/secure.gravatar.com\/avatar\/50865afb55632c4ae467e0af0930f6510aa2297d8014be502a55b14f3b7550cf?s=96&d=mm&r=g\",\"contentUrl\":\"https:\/\/secure.gravatar.com\/avatar\/50865afb55632c4ae467e0af0930f6510aa2297d8014be502a55b14f3b7550cf?s=96&d=mm&r=g\",\"caption\":\"Tar\u0131k\"},\"sameAs\":[\"http:\/\/narteks.net\"],\"url\":\"https:\/\/narteks.net\/index.php\/author\/narbak\/\"}]}<\/script>\n<!-- \/ Yoast SEO Premium plugin. -->","yoast_head_json":{"title":"KENT\u0130N VARO\u015eLARINDAN GELEN - narteks.net","robots":{"index":"index","follow":"follow","max-snippet":"max-snippet:-1","max-image-preview":"max-image-preview:large","max-video-preview":"max-video-preview:-1"},"canonical":"https:\/\/narteks.net\/index.php\/2009\/11\/06\/kentin-varoslarindan-gelen\/","og_locale":"tr_TR","og_type":"article","og_title":"KENT\u0130N VARO\u015eLARINDAN GELEN","og_description":"\u00a0 \u0130ncecik pardes\u00fcler i\u00e7indeki okul arkada\u015flar\u0131m\u0131z her vakit \u00e7ok ge\u00e7 gelirlerdi sabah dersine, \u00e7\u00fcnk\u00fc s\u00fct ve gazete da\u011f\u0131t\u0131rlard\u0131 annelerinin yerine. \u00d6\u011fretmenler onlar\u0131 bir g\u00fczel azarlar ve i\u015faret korlard\u0131 kara kapl\u0131 deftere Getirmezlerdi yanlar\u0131nda yiyecek filan. Ders aralar\u0131nda yaln\u0131z \u00f6devlerini yaparlard\u0131 helalarda. Ama izin verilmezdi buna. Dinlenmek ve yemek i\u00e7inmi\u015f ders aralar\u0131. Pi\u00b4nin ondal\u0131k de\u011ferini bilemediler [&hellip;]","og_url":"https:\/\/narteks.net\/index.php\/2009\/11\/06\/kentin-varoslarindan-gelen\/","og_site_name":"narteks.net","article_published_time":"2009-11-06T08:57:22+00:00","og_image":[{"width":300,"height":90,"url":"https:\/\/narteks.net\/wp-content\/uploads\/narteks.png","type":"image\/png"}],"author":"Tar\u0131k","twitter_card":"summary_large_image","twitter_creator":"@narteks","twitter_site":"@narteks","twitter_misc":{"Yazan:":"Tar\u0131k","Tahmini okuma s\u00fcresi":"1 dakika"},"schema":{"@context":"https:\/\/schema.org","@graph":[{"@type":"Article","@id":"https:\/\/narteks.net\/index.php\/2009\/11\/06\/kentin-varoslarindan-gelen\/#article","isPartOf":{"@id":"https:\/\/narteks.net\/index.php\/2009\/11\/06\/kentin-varoslarindan-gelen\/"},"author":{"name":"Tar\u0131k","@id":"https:\/\/narteks.net\/#\/schema\/person\/61f37d9834294b72d31d274e7ed79bca"},"headline":"KENT\u0130N VARO\u015eLARINDAN GELEN","datePublished":"2009-11-06T08:57:22+00:00","mainEntityOfPage":{"@id":"https:\/\/narteks.net\/index.php\/2009\/11\/06\/kentin-varoslarindan-gelen\/"},"wordCount":228,"commentCount":0,"publisher":{"@id":"https:\/\/narteks.net\/#organization"},"articleSection":["Bertolt BRECTH"],"inLanguage":"tr","potentialAction":[{"@type":"CommentAction","name":"Comment","target":["https:\/\/narteks.net\/index.php\/2009\/11\/06\/kentin-varoslarindan-gelen\/#respond"]}]},{"@type":"WebPage","@id":"https:\/\/narteks.net\/index.php\/2009\/11\/06\/kentin-varoslarindan-gelen\/","url":"https:\/\/narteks.net\/index.php\/2009\/11\/06\/kentin-varoslarindan-gelen\/","name":"KENT\u0130N VARO\u015eLARINDAN GELEN - narteks.net","isPartOf":{"@id":"https:\/\/narteks.net\/#website"},"datePublished":"2009-11-06T08:57:22+00:00","breadcrumb":{"@id":"https:\/\/narteks.net\/index.php\/2009\/11\/06\/kentin-varoslarindan-gelen\/#breadcrumb"},"inLanguage":"tr","potentialAction":[{"@type":"ReadAction","target":["https:\/\/narteks.net\/index.php\/2009\/11\/06\/kentin-varoslarindan-gelen\/"]}]},{"@type":"BreadcrumbList","@id":"https:\/\/narteks.net\/index.php\/2009\/11\/06\/kentin-varoslarindan-gelen\/#breadcrumb","itemListElement":[{"@type":"ListItem","position":1,"name":"Anasayfa","item":"https:\/\/narteks.net\/"},{"@type":"ListItem","position":2,"name":"KENT\u0130N VARO\u015eLARINDAN GELEN"}]},{"@type":"WebSite","@id":"https:\/\/narteks.net\/#website","url":"https:\/\/narteks.net\/","name":"narteks.net","description":"K\u00fclt\u00fcr Sanat Edebiyat Felsefe","publisher":{"@id":"https:\/\/narteks.net\/#organization"},"alternateName":"K\u00fclt\u00fcr Sanat Edebiyat Felsefe","potentialAction":[{"@type":"SearchAction","target":{"@type":"EntryPoint","urlTemplate":"https:\/\/narteks.net\/?s={search_term_string}"},"query-input":{"@type":"PropertyValueSpecification","valueRequired":true,"valueName":"search_term_string"}}],"inLanguage":"tr"},{"@type":"Organization","@id":"https:\/\/narteks.net\/#organization","name":"narteks.net","url":"https:\/\/narteks.net\/","logo":{"@type":"ImageObject","inLanguage":"tr","@id":"https:\/\/narteks.net\/#\/schema\/logo\/image\/","url":"https:\/\/narteks.net\/wp-content\/uploads\/narteks.png","contentUrl":"https:\/\/narteks.net\/wp-content\/uploads\/narteks.png","width":300,"height":90,"caption":"narteks.net"},"image":{"@id":"https:\/\/narteks.net\/#\/schema\/logo\/image\/"},"sameAs":["https:\/\/x.com\/narteks","https:\/\/instagram.com\/narteksnet"]},{"@type":"Person","@id":"https:\/\/narteks.net\/#\/schema\/person\/61f37d9834294b72d31d274e7ed79bca","name":"Tar\u0131k","image":{"@type":"ImageObject","inLanguage":"tr","@id":"https:\/\/narteks.net\/#\/schema\/person\/image\/","url":"https:\/\/secure.gravatar.com\/avatar\/50865afb55632c4ae467e0af0930f6510aa2297d8014be502a55b14f3b7550cf?s=96&d=mm&r=g","contentUrl":"https:\/\/secure.gravatar.com\/avatar\/50865afb55632c4ae467e0af0930f6510aa2297d8014be502a55b14f3b7550cf?s=96&d=mm&r=g","caption":"Tar\u0131k"},"sameAs":["http:\/\/narteks.net"],"url":"https:\/\/narteks.net\/index.php\/author\/narbak\/"}]}},"_links":{"self":[{"href":"https:\/\/narteks.net\/index.php\/wp-json\/wp\/v2\/posts\/1250","targetHints":{"allow":["GET"]}}],"collection":[{"href":"https:\/\/narteks.net\/index.php\/wp-json\/wp\/v2\/posts"}],"about":[{"href":"https:\/\/narteks.net\/index.php\/wp-json\/wp\/v2\/types\/post"}],"author":[{"embeddable":true,"href":"https:\/\/narteks.net\/index.php\/wp-json\/wp\/v2\/users\/1"}],"replies":[{"embeddable":true,"href":"https:\/\/narteks.net\/index.php\/wp-json\/wp\/v2\/comments?post=1250"}],"version-history":[{"count":0,"href":"https:\/\/narteks.net\/index.php\/wp-json\/wp\/v2\/posts\/1250\/revisions"}],"wp:attachment":[{"href":"https:\/\/narteks.net\/index.php\/wp-json\/wp\/v2\/media?parent=1250"}],"wp:term":[{"taxonomy":"category","embeddable":true,"href":"https:\/\/narteks.net\/index.php\/wp-json\/wp\/v2\/categories?post=1250"},{"taxonomy":"post_tag","embeddable":true,"href":"https:\/\/narteks.net\/index.php\/wp-json\/wp\/v2\/tags?post=1250"}],"curies":[{"name":"wp","href":"https:\/\/api.w.org\/{rel}","templated":true}]}}