{"id":1253,"date":"2009-11-06T11:59:10","date_gmt":"2009-11-06T08:59:10","guid":{"rendered":"http:\/\/localhost\/wordpress\/2009\/11\/06\/madem-iyisin\/"},"modified":"2009-11-06T11:59:10","modified_gmt":"2009-11-06T08:59:10","slug":"madem-iyisin","status":"publish","type":"post","link":"https:\/\/narteks.net\/index.php\/2009\/11\/06\/madem-iyisin\/","title":{"rendered":"MADEM \u0130Y\u0130S\u0130N"},"content":{"rendered":"<p>\u00a0<\/p>\n<p>Anlad\u0131k iyisin,<br \/> Ama neye yar\u0131yor iyili\u011fin.<\/p>\n<p>Seni kimse sat\u0131n alamaz,<br \/> Eve d\u00fc\u015fen y\u0131ld\u0131r\u0131m da<br \/> Sat\u0131n al\u0131nmaz<br \/> Anlad\u0131k dedi\u011fin dedik,<br \/> Ama dedi\u011fin ne?<br \/> Do\u011frusun, s\u00f6ylersin d\u00fc\u015f\u00fcnd\u00fc\u011f\u00fcn\u00fc,<br \/> Ama d\u00fc\u015f\u00fcnd\u00fc\u011f\u00fcn ne?<br \/> Y\u00fcreklisin,<br \/> Kime kar\u015f\u0131?<br \/> Ak\u0131ll\u0131s\u0131n,<br \/> Yarar\u0131 kime?<br \/> G\u00f6zetmezsin kendi \u00e7\u0131kar\u0131n\u0131,<br \/> Peki g\u00f6zetti\u011fin kimin ki?<br \/> Dostlu\u011funa diyecek yok ya,<br \/> Dostlar\u0131n kimler?<\/p>\n<p>\u015eimdi bizi iyi dinle:<br \/> D\u00fc\u015fman\u0131m\u0131zs\u0131n sen bizim<br \/> Dikece\u011fiz seni bir duvar\u0131n dibine<br \/> Ama madem bir s\u00fcr\u00fc iyi y\u00f6n\u00fcn var<br \/> Dikece\u011fiz seni iyi bir duvar\u0131n dibine<br \/> \u0130yi t\u00fcfeklerden \u00e7\u0131kan<br \/> \u0130yi kur\u015funlarla vuraca\u011f\u0131z seni<br \/> Sonra da g\u00f6mece\u011fiz<br \/> \u0130yi bir k\u00fcrekle<br \/> \u0130yi bir topra\u011fa.<\/p>\n<p>Bertolt BRECTH<\/p>\n","protected":false},"excerpt":{"rendered":"<p>\u00a0 Anlad\u0131k iyisin, Ama neye yar\u0131yor iyili\u011fin. Seni kimse sat\u0131n alamaz, Eve d\u00fc\u015fen y\u0131ld\u0131r\u0131m da Sat\u0131n al\u0131nmaz Anlad\u0131k dedi\u011fin dedik, Ama dedi\u011fin ne? Do\u011frusun, s\u00f6ylersin d\u00fc\u015f\u00fcnd\u00fc\u011f\u00fcn\u00fc, Ama d\u00fc\u015f\u00fcnd\u00fc\u011f\u00fcn ne? Y\u00fcreklisin, Kime kar\u015f\u0131? Ak\u0131ll\u0131s\u0131n, Yarar\u0131 kime? G\u00f6zetmezsin kendi \u00e7\u0131kar\u0131n\u0131, Peki g\u00f6zetti\u011fin kimin ki? Dostlu\u011funa diyecek yok ya, Dostlar\u0131n kimler? \u015eimdi bizi iyi dinle: D\u00fc\u015fman\u0131m\u0131zs\u0131n sen bizim [&hellip;]<\/p>\n","protected":false},"author":1,"featured_media":0,"comment_status":"open","ping_status":"open","sticky":false,"template":"","format":"standard","meta":{"footnotes":""},"categories":[14],"tags":[],"class_list":{"0":"post-1253","1":"post","2":"type-post","3":"status-publish","4":"format-standard","6":"category-bertolt-brecth"},"yoast_head":"<!-- This site is optimized with the Yoast SEO Premium plugin v24.9 (Yoast SEO v24.9) - https:\/\/yoast.com\/wordpress\/plugins\/seo\/ -->\n<title>MADEM \u0130Y\u0130S\u0130N - narteks.net<\/title>\n<meta name=\"robots\" content=\"index, follow, max-snippet:-1, max-image-preview:large, max-video-preview:-1\" \/>\n<link rel=\"canonical\" href=\"https:\/\/narteks.net\/index.php\/2009\/11\/06\/madem-iyisin\/\" \/>\n<meta property=\"og:locale\" content=\"tr_TR\" \/>\n<meta property=\"og:type\" content=\"article\" \/>\n<meta property=\"og:title\" content=\"MADEM \u0130Y\u0130S\u0130N\" \/>\n<meta property=\"og:description\" content=\"\u00a0 Anlad\u0131k iyisin, Ama neye yar\u0131yor iyili\u011fin. Seni kimse sat\u0131n alamaz, Eve d\u00fc\u015fen y\u0131ld\u0131r\u0131m da Sat\u0131n al\u0131nmaz Anlad\u0131k dedi\u011fin dedik, Ama dedi\u011fin ne? Do\u011frusun, s\u00f6ylersin d\u00fc\u015f\u00fcnd\u00fc\u011f\u00fcn\u00fc, Ama d\u00fc\u015f\u00fcnd\u00fc\u011f\u00fcn ne? Y\u00fcreklisin, Kime kar\u015f\u0131? Ak\u0131ll\u0131s\u0131n, Yarar\u0131 kime? G\u00f6zetmezsin kendi \u00e7\u0131kar\u0131n\u0131, Peki g\u00f6zetti\u011fin kimin ki? Dostlu\u011funa diyecek yok ya, Dostlar\u0131n kimler? \u015eimdi bizi iyi dinle: D\u00fc\u015fman\u0131m\u0131zs\u0131n sen bizim [&hellip;]\" \/>\n<meta property=\"og:url\" content=\"https:\/\/narteks.net\/index.php\/2009\/11\/06\/madem-iyisin\/\" \/>\n<meta property=\"og:site_name\" content=\"narteks.net\" \/>\n<meta property=\"article:published_time\" content=\"2009-11-06T08:59:10+00:00\" \/>\n<meta property=\"og:image\" content=\"https:\/\/narteks.net\/wp-content\/uploads\/narteks.png\" \/>\n\t<meta property=\"og:image:width\" content=\"300\" \/>\n\t<meta property=\"og:image:height\" content=\"90\" \/>\n\t<meta property=\"og:image:type\" content=\"image\/png\" \/>\n<meta name=\"author\" content=\"Tar\u0131k\" \/>\n<meta name=\"twitter:card\" content=\"summary_large_image\" \/>\n<meta name=\"twitter:creator\" content=\"@narteks\" \/>\n<meta name=\"twitter:site\" content=\"@narteks\" \/>\n<meta name=\"twitter:label1\" content=\"Yazan:\" \/>\n\t<meta name=\"twitter:data1\" content=\"Tar\u0131k\" \/>\n\t<meta name=\"twitter:label2\" content=\"Tahmini okuma s\u00fcresi\" \/>\n\t<meta name=\"twitter:data2\" content=\"1 dakika\" \/>\n<script type=\"application\/ld+json\" class=\"yoast-schema-graph\">{\"@context\":\"https:\/\/schema.org\",\"@graph\":[{\"@type\":\"Article\",\"@id\":\"https:\/\/narteks.net\/index.php\/2009\/11\/06\/madem-iyisin\/#article\",\"isPartOf\":{\"@id\":\"https:\/\/narteks.net\/index.php\/2009\/11\/06\/madem-iyisin\/\"},\"author\":{\"name\":\"Tar\u0131k\",\"@id\":\"https:\/\/narteks.net\/#\/schema\/person\/61f37d9834294b72d31d274e7ed79bca\"},\"headline\":\"MADEM \u0130Y\u0130S\u0130N\",\"datePublished\":\"2009-11-06T08:59:10+00:00\",\"mainEntityOfPage\":{\"@id\":\"https:\/\/narteks.net\/index.php\/2009\/11\/06\/madem-iyisin\/\"},\"wordCount\":141,\"commentCount\":0,\"publisher\":{\"@id\":\"https:\/\/narteks.net\/#organization\"},\"articleSection\":[\"Bertolt BRECTH\"],\"inLanguage\":\"tr\",\"potentialAction\":[{\"@type\":\"CommentAction\",\"name\":\"Comment\",\"target\":[\"https:\/\/narteks.net\/index.php\/2009\/11\/06\/madem-iyisin\/#respond\"]}]},{\"@type\":\"WebPage\",\"@id\":\"https:\/\/narteks.net\/index.php\/2009\/11\/06\/madem-iyisin\/\",\"url\":\"https:\/\/narteks.net\/index.php\/2009\/11\/06\/madem-iyisin\/\",\"name\":\"MADEM \u0130Y\u0130S\u0130N - narteks.net\",\"isPartOf\":{\"@id\":\"https:\/\/narteks.net\/#website\"},\"datePublished\":\"2009-11-06T08:59:10+00:00\",\"breadcrumb\":{\"@id\":\"https:\/\/narteks.net\/index.php\/2009\/11\/06\/madem-iyisin\/#breadcrumb\"},\"inLanguage\":\"tr\",\"potentialAction\":[{\"@type\":\"ReadAction\",\"target\":[\"https:\/\/narteks.net\/index.php\/2009\/11\/06\/madem-iyisin\/\"]}]},{\"@type\":\"BreadcrumbList\",\"@id\":\"https:\/\/narteks.net\/index.php\/2009\/11\/06\/madem-iyisin\/#breadcrumb\",\"itemListElement\":[{\"@type\":\"ListItem\",\"position\":1,\"name\":\"Anasayfa\",\"item\":\"https:\/\/narteks.net\/\"},{\"@type\":\"ListItem\",\"position\":2,\"name\":\"MADEM \u0130Y\u0130S\u0130N\"}]},{\"@type\":\"WebSite\",\"@id\":\"https:\/\/narteks.net\/#website\",\"url\":\"https:\/\/narteks.net\/\",\"name\":\"narteks.net\",\"description\":\"K\u00fclt\u00fcr Sanat Edebiyat Felsefe\",\"publisher\":{\"@id\":\"https:\/\/narteks.net\/#organization\"},\"alternateName\":\"K\u00fclt\u00fcr Sanat Edebiyat Felsefe\",\"potentialAction\":[{\"@type\":\"SearchAction\",\"target\":{\"@type\":\"EntryPoint\",\"urlTemplate\":\"https:\/\/narteks.net\/?s={search_term_string}\"},\"query-input\":{\"@type\":\"PropertyValueSpecification\",\"valueRequired\":true,\"valueName\":\"search_term_string\"}}],\"inLanguage\":\"tr\"},{\"@type\":\"Organization\",\"@id\":\"https:\/\/narteks.net\/#organization\",\"name\":\"narteks.net\",\"url\":\"https:\/\/narteks.net\/\",\"logo\":{\"@type\":\"ImageObject\",\"inLanguage\":\"tr\",\"@id\":\"https:\/\/narteks.net\/#\/schema\/logo\/image\/\",\"url\":\"https:\/\/narteks.net\/wp-content\/uploads\/narteks.png\",\"contentUrl\":\"https:\/\/narteks.net\/wp-content\/uploads\/narteks.png\",\"width\":300,\"height\":90,\"caption\":\"narteks.net\"},\"image\":{\"@id\":\"https:\/\/narteks.net\/#\/schema\/logo\/image\/\"},\"sameAs\":[\"https:\/\/x.com\/narteks\",\"https:\/\/instagram.com\/narteksnet\"]},{\"@type\":\"Person\",\"@id\":\"https:\/\/narteks.net\/#\/schema\/person\/61f37d9834294b72d31d274e7ed79bca\",\"name\":\"Tar\u0131k\",\"image\":{\"@type\":\"ImageObject\",\"inLanguage\":\"tr\",\"@id\":\"https:\/\/narteks.net\/#\/schema\/person\/image\/\",\"url\":\"https:\/\/secure.gravatar.com\/avatar\/50865afb55632c4ae467e0af0930f6510aa2297d8014be502a55b14f3b7550cf?s=96&d=mm&r=g\",\"contentUrl\":\"https:\/\/secure.gravatar.com\/avatar\/50865afb55632c4ae467e0af0930f6510aa2297d8014be502a55b14f3b7550cf?s=96&d=mm&r=g\",\"caption\":\"Tar\u0131k\"},\"sameAs\":[\"http:\/\/narteks.net\"],\"url\":\"https:\/\/narteks.net\/index.php\/author\/narbak\/\"}]}<\/script>\n<!-- \/ Yoast SEO Premium plugin. -->","yoast_head_json":{"title":"MADEM \u0130Y\u0130S\u0130N - narteks.net","robots":{"index":"index","follow":"follow","max-snippet":"max-snippet:-1","max-image-preview":"max-image-preview:large","max-video-preview":"max-video-preview:-1"},"canonical":"https:\/\/narteks.net\/index.php\/2009\/11\/06\/madem-iyisin\/","og_locale":"tr_TR","og_type":"article","og_title":"MADEM \u0130Y\u0130S\u0130N","og_description":"\u00a0 Anlad\u0131k iyisin, Ama neye yar\u0131yor iyili\u011fin. Seni kimse sat\u0131n alamaz, Eve d\u00fc\u015fen y\u0131ld\u0131r\u0131m da Sat\u0131n al\u0131nmaz Anlad\u0131k dedi\u011fin dedik, Ama dedi\u011fin ne? Do\u011frusun, s\u00f6ylersin d\u00fc\u015f\u00fcnd\u00fc\u011f\u00fcn\u00fc, Ama d\u00fc\u015f\u00fcnd\u00fc\u011f\u00fcn ne? Y\u00fcreklisin, Kime kar\u015f\u0131? Ak\u0131ll\u0131s\u0131n, Yarar\u0131 kime? G\u00f6zetmezsin kendi \u00e7\u0131kar\u0131n\u0131, Peki g\u00f6zetti\u011fin kimin ki? Dostlu\u011funa diyecek yok ya, Dostlar\u0131n kimler? \u015eimdi bizi iyi dinle: D\u00fc\u015fman\u0131m\u0131zs\u0131n sen bizim [&hellip;]","og_url":"https:\/\/narteks.net\/index.php\/2009\/11\/06\/madem-iyisin\/","og_site_name":"narteks.net","article_published_time":"2009-11-06T08:59:10+00:00","og_image":[{"width":300,"height":90,"url":"https:\/\/narteks.net\/wp-content\/uploads\/narteks.png","type":"image\/png"}],"author":"Tar\u0131k","twitter_card":"summary_large_image","twitter_creator":"@narteks","twitter_site":"@narteks","twitter_misc":{"Yazan:":"Tar\u0131k","Tahmini okuma s\u00fcresi":"1 dakika"},"schema":{"@context":"https:\/\/schema.org","@graph":[{"@type":"Article","@id":"https:\/\/narteks.net\/index.php\/2009\/11\/06\/madem-iyisin\/#article","isPartOf":{"@id":"https:\/\/narteks.net\/index.php\/2009\/11\/06\/madem-iyisin\/"},"author":{"name":"Tar\u0131k","@id":"https:\/\/narteks.net\/#\/schema\/person\/61f37d9834294b72d31d274e7ed79bca"},"headline":"MADEM \u0130Y\u0130S\u0130N","datePublished":"2009-11-06T08:59:10+00:00","mainEntityOfPage":{"@id":"https:\/\/narteks.net\/index.php\/2009\/11\/06\/madem-iyisin\/"},"wordCount":141,"commentCount":0,"publisher":{"@id":"https:\/\/narteks.net\/#organization"},"articleSection":["Bertolt BRECTH"],"inLanguage":"tr","potentialAction":[{"@type":"CommentAction","name":"Comment","target":["https:\/\/narteks.net\/index.php\/2009\/11\/06\/madem-iyisin\/#respond"]}]},{"@type":"WebPage","@id":"https:\/\/narteks.net\/index.php\/2009\/11\/06\/madem-iyisin\/","url":"https:\/\/narteks.net\/index.php\/2009\/11\/06\/madem-iyisin\/","name":"MADEM \u0130Y\u0130S\u0130N - narteks.net","isPartOf":{"@id":"https:\/\/narteks.net\/#website"},"datePublished":"2009-11-06T08:59:10+00:00","breadcrumb":{"@id":"https:\/\/narteks.net\/index.php\/2009\/11\/06\/madem-iyisin\/#breadcrumb"},"inLanguage":"tr","potentialAction":[{"@type":"ReadAction","target":["https:\/\/narteks.net\/index.php\/2009\/11\/06\/madem-iyisin\/"]}]},{"@type":"BreadcrumbList","@id":"https:\/\/narteks.net\/index.php\/2009\/11\/06\/madem-iyisin\/#breadcrumb","itemListElement":[{"@type":"ListItem","position":1,"name":"Anasayfa","item":"https:\/\/narteks.net\/"},{"@type":"ListItem","position":2,"name":"MADEM \u0130Y\u0130S\u0130N"}]},{"@type":"WebSite","@id":"https:\/\/narteks.net\/#website","url":"https:\/\/narteks.net\/","name":"narteks.net","description":"K\u00fclt\u00fcr Sanat Edebiyat Felsefe","publisher":{"@id":"https:\/\/narteks.net\/#organization"},"alternateName":"K\u00fclt\u00fcr Sanat Edebiyat Felsefe","potentialAction":[{"@type":"SearchAction","target":{"@type":"EntryPoint","urlTemplate":"https:\/\/narteks.net\/?s={search_term_string}"},"query-input":{"@type":"PropertyValueSpecification","valueRequired":true,"valueName":"search_term_string"}}],"inLanguage":"tr"},{"@type":"Organization","@id":"https:\/\/narteks.net\/#organization","name":"narteks.net","url":"https:\/\/narteks.net\/","logo":{"@type":"ImageObject","inLanguage":"tr","@id":"https:\/\/narteks.net\/#\/schema\/logo\/image\/","url":"https:\/\/narteks.net\/wp-content\/uploads\/narteks.png","contentUrl":"https:\/\/narteks.net\/wp-content\/uploads\/narteks.png","width":300,"height":90,"caption":"narteks.net"},"image":{"@id":"https:\/\/narteks.net\/#\/schema\/logo\/image\/"},"sameAs":["https:\/\/x.com\/narteks","https:\/\/instagram.com\/narteksnet"]},{"@type":"Person","@id":"https:\/\/narteks.net\/#\/schema\/person\/61f37d9834294b72d31d274e7ed79bca","name":"Tar\u0131k","image":{"@type":"ImageObject","inLanguage":"tr","@id":"https:\/\/narteks.net\/#\/schema\/person\/image\/","url":"https:\/\/secure.gravatar.com\/avatar\/50865afb55632c4ae467e0af0930f6510aa2297d8014be502a55b14f3b7550cf?s=96&d=mm&r=g","contentUrl":"https:\/\/secure.gravatar.com\/avatar\/50865afb55632c4ae467e0af0930f6510aa2297d8014be502a55b14f3b7550cf?s=96&d=mm&r=g","caption":"Tar\u0131k"},"sameAs":["http:\/\/narteks.net"],"url":"https:\/\/narteks.net\/index.php\/author\/narbak\/"}]}},"_links":{"self":[{"href":"https:\/\/narteks.net\/index.php\/wp-json\/wp\/v2\/posts\/1253","targetHints":{"allow":["GET"]}}],"collection":[{"href":"https:\/\/narteks.net\/index.php\/wp-json\/wp\/v2\/posts"}],"about":[{"href":"https:\/\/narteks.net\/index.php\/wp-json\/wp\/v2\/types\/post"}],"author":[{"embeddable":true,"href":"https:\/\/narteks.net\/index.php\/wp-json\/wp\/v2\/users\/1"}],"replies":[{"embeddable":true,"href":"https:\/\/narteks.net\/index.php\/wp-json\/wp\/v2\/comments?post=1253"}],"version-history":[{"count":0,"href":"https:\/\/narteks.net\/index.php\/wp-json\/wp\/v2\/posts\/1253\/revisions"}],"wp:attachment":[{"href":"https:\/\/narteks.net\/index.php\/wp-json\/wp\/v2\/media?parent=1253"}],"wp:term":[{"taxonomy":"category","embeddable":true,"href":"https:\/\/narteks.net\/index.php\/wp-json\/wp\/v2\/categories?post=1253"},{"taxonomy":"post_tag","embeddable":true,"href":"https:\/\/narteks.net\/index.php\/wp-json\/wp\/v2\/tags?post=1253"}],"curies":[{"name":"wp","href":"https:\/\/api.w.org\/{rel}","templated":true}]}}