{"id":1256,"date":"2009-11-06T12:00:54","date_gmt":"2009-11-06T09:00:54","guid":{"rendered":"http:\/\/localhost\/wordpress\/2009\/11\/06\/olmasaydi-o-bulut\/"},"modified":"2009-11-06T12:00:54","modified_gmt":"2009-11-06T09:00:54","slug":"olmasaydi-o-bulut","status":"publish","type":"post","link":"https:\/\/narteks.net\/index.php\/2009\/11\/06\/olmasaydi-o-bulut\/","title":{"rendered":"OLMASAYDI O BULUT"},"content":{"rendered":"<p>\u00a0<\/p>\n<p>1.<br \/> Eyl\u00fclde mavi bir g\u00fcnd\u00fc<br \/> Gen\u00e7 bir erik a\u011fac\u0131n\u0131n alt\u0131nda sessiz<br \/> Sard\u0131m onu, solgun bir a\u015fkt\u0131<br \/> Kollar\u0131mda tatl\u0131 bir d\u00fc\u015f<br \/> Ve \u00fcst\u00fcm\u00fczde g\u00fczel yaz g\u00f6\u011f\u00fc<br \/> Bir bulut vard\u0131 uzakta<br \/> \u00d6ylesine beyaz ve \u00f6ylesine yukarda<br \/> Sonra bakt\u0131m, sanki hi\u00e7 yoktu<\/p>\n<p>2.<br \/> Aylar ge\u00e7ti o g\u00fcnden sonra<br \/> \u015e\u00f6yle ya da b\u00f6yle sessiz<br \/> Erik a\u011fa\u00e7lar\u0131n\u0131n hepsi kesildi<br \/> Sorarsan, a\u015fka ne oldu<br \/> An\u0131msayam\u0131yorum derim<br \/> Ama bilirim ne d\u00fc\u015f\u00fcnd\u00fc\u011f\u00fcn\u00fc<br \/> Y\u00fcz\u00fcn\u00fc unuttum ger\u00e7ekten<br \/> Tek bildi\u011fim, onu \u00f6pt\u00fc\u011f\u00fcm o zaman<\/p>\n<p>3.<br \/> \u00d6pt\u00fc\u011f\u00fcm\u00fc de unuturdum<br \/> Olmasayd\u0131 o bulut<br \/> An\u0131yorum hala ve hep anac\u0131\u011f\u0131m<br \/> Bembeyaz ve uzak<br \/> Erik a\u011fa\u00e7lar\u0131 belki yine \u00e7i\u00e7ek a\u00e7ar<br \/> Belki o kad\u0131n\u0131n \u015fimdi yedi \u00e7ocu\u011fu vard\u0131r<br \/> O bulut yaln\u0131zca bir dakika g\u00f6r\u00fcnd\u00fc<br \/> Ba\u015f\u0131m\u0131 kald\u0131rd\u0131\u011f\u0131mda u\u00e7up gitmi\u015fti.<\/p>\n<p>Bertolt BRECTH<\/p>\n","protected":false},"excerpt":{"rendered":"<p>\u00a0 1. Eyl\u00fclde mavi bir g\u00fcnd\u00fc Gen\u00e7 bir erik a\u011fac\u0131n\u0131n alt\u0131nda sessiz Sard\u0131m onu, solgun bir a\u015fkt\u0131 Kollar\u0131mda tatl\u0131 bir d\u00fc\u015f Ve \u00fcst\u00fcm\u00fczde g\u00fczel yaz g\u00f6\u011f\u00fc Bir bulut vard\u0131 uzakta \u00d6ylesine beyaz ve \u00f6ylesine yukarda Sonra bakt\u0131m, sanki hi\u00e7 yoktu 2. Aylar ge\u00e7ti o g\u00fcnden sonra \u015e\u00f6yle ya da b\u00f6yle sessiz Erik a\u011fa\u00e7lar\u0131n\u0131n hepsi kesildi [&hellip;]<\/p>\n","protected":false},"author":1,"featured_media":0,"comment_status":"open","ping_status":"open","sticky":false,"template":"","format":"standard","meta":{"footnotes":""},"categories":[14],"tags":[],"class_list":{"0":"post-1256","1":"post","2":"type-post","3":"status-publish","4":"format-standard","6":"category-bertolt-brecth"},"yoast_head":"<!-- This site is optimized with the Yoast SEO Premium plugin v24.9 (Yoast SEO v24.9) - https:\/\/yoast.com\/wordpress\/plugins\/seo\/ -->\n<title>OLMASAYDI O BULUT - narteks.net<\/title>\n<meta name=\"robots\" content=\"index, follow, max-snippet:-1, max-image-preview:large, max-video-preview:-1\" \/>\n<link rel=\"canonical\" href=\"https:\/\/narteks.net\/index.php\/2009\/11\/06\/olmasaydi-o-bulut\/\" \/>\n<meta property=\"og:locale\" content=\"tr_TR\" \/>\n<meta property=\"og:type\" content=\"article\" \/>\n<meta property=\"og:title\" content=\"OLMASAYDI O BULUT\" \/>\n<meta property=\"og:description\" content=\"\u00a0 1. Eyl\u00fclde mavi bir g\u00fcnd\u00fc Gen\u00e7 bir erik a\u011fac\u0131n\u0131n alt\u0131nda sessiz Sard\u0131m onu, solgun bir a\u015fkt\u0131 Kollar\u0131mda tatl\u0131 bir d\u00fc\u015f Ve \u00fcst\u00fcm\u00fczde g\u00fczel yaz g\u00f6\u011f\u00fc Bir bulut vard\u0131 uzakta \u00d6ylesine beyaz ve \u00f6ylesine yukarda Sonra bakt\u0131m, sanki hi\u00e7 yoktu 2. Aylar ge\u00e7ti o g\u00fcnden sonra \u015e\u00f6yle ya da b\u00f6yle sessiz Erik a\u011fa\u00e7lar\u0131n\u0131n hepsi kesildi [&hellip;]\" \/>\n<meta property=\"og:url\" content=\"https:\/\/narteks.net\/index.php\/2009\/11\/06\/olmasaydi-o-bulut\/\" \/>\n<meta property=\"og:site_name\" content=\"narteks.net\" \/>\n<meta property=\"article:published_time\" content=\"2009-11-06T09:00:54+00:00\" \/>\n<meta property=\"og:image\" content=\"https:\/\/narteks.net\/wp-content\/uploads\/narteks.png\" \/>\n\t<meta property=\"og:image:width\" content=\"300\" \/>\n\t<meta property=\"og:image:height\" content=\"90\" \/>\n\t<meta property=\"og:image:type\" content=\"image\/png\" \/>\n<meta name=\"author\" content=\"Tar\u0131k\" \/>\n<meta name=\"twitter:card\" content=\"summary_large_image\" \/>\n<meta name=\"twitter:creator\" content=\"@narteks\" \/>\n<meta name=\"twitter:site\" content=\"@narteks\" \/>\n<meta name=\"twitter:label1\" content=\"Yazan:\" \/>\n\t<meta name=\"twitter:data1\" content=\"Tar\u0131k\" \/>\n\t<meta name=\"twitter:label2\" content=\"Tahmini okuma s\u00fcresi\" \/>\n\t<meta name=\"twitter:data2\" content=\"1 dakika\" \/>\n<script type=\"application\/ld+json\" class=\"yoast-schema-graph\">{\"@context\":\"https:\/\/schema.org\",\"@graph\":[{\"@type\":\"Article\",\"@id\":\"https:\/\/narteks.net\/index.php\/2009\/11\/06\/olmasaydi-o-bulut\/#article\",\"isPartOf\":{\"@id\":\"https:\/\/narteks.net\/index.php\/2009\/11\/06\/olmasaydi-o-bulut\/\"},\"author\":{\"name\":\"Tar\u0131k\",\"@id\":\"https:\/\/narteks.net\/#\/schema\/person\/61f37d9834294b72d31d274e7ed79bca\"},\"headline\":\"OLMASAYDI O BULUT\",\"datePublished\":\"2009-11-06T09:00:54+00:00\",\"mainEntityOfPage\":{\"@id\":\"https:\/\/narteks.net\/index.php\/2009\/11\/06\/olmasaydi-o-bulut\/\"},\"wordCount\":162,\"commentCount\":0,\"publisher\":{\"@id\":\"https:\/\/narteks.net\/#organization\"},\"articleSection\":[\"Bertolt BRECTH\"],\"inLanguage\":\"tr\",\"potentialAction\":[{\"@type\":\"CommentAction\",\"name\":\"Comment\",\"target\":[\"https:\/\/narteks.net\/index.php\/2009\/11\/06\/olmasaydi-o-bulut\/#respond\"]}]},{\"@type\":\"WebPage\",\"@id\":\"https:\/\/narteks.net\/index.php\/2009\/11\/06\/olmasaydi-o-bulut\/\",\"url\":\"https:\/\/narteks.net\/index.php\/2009\/11\/06\/olmasaydi-o-bulut\/\",\"name\":\"OLMASAYDI O BULUT - narteks.net\",\"isPartOf\":{\"@id\":\"https:\/\/narteks.net\/#website\"},\"datePublished\":\"2009-11-06T09:00:54+00:00\",\"breadcrumb\":{\"@id\":\"https:\/\/narteks.net\/index.php\/2009\/11\/06\/olmasaydi-o-bulut\/#breadcrumb\"},\"inLanguage\":\"tr\",\"potentialAction\":[{\"@type\":\"ReadAction\",\"target\":[\"https:\/\/narteks.net\/index.php\/2009\/11\/06\/olmasaydi-o-bulut\/\"]}]},{\"@type\":\"BreadcrumbList\",\"@id\":\"https:\/\/narteks.net\/index.php\/2009\/11\/06\/olmasaydi-o-bulut\/#breadcrumb\",\"itemListElement\":[{\"@type\":\"ListItem\",\"position\":1,\"name\":\"Anasayfa\",\"item\":\"https:\/\/narteks.net\/\"},{\"@type\":\"ListItem\",\"position\":2,\"name\":\"OLMASAYDI O BULUT\"}]},{\"@type\":\"WebSite\",\"@id\":\"https:\/\/narteks.net\/#website\",\"url\":\"https:\/\/narteks.net\/\",\"name\":\"narteks.net\",\"description\":\"K\u00fclt\u00fcr Sanat Edebiyat Felsefe\",\"publisher\":{\"@id\":\"https:\/\/narteks.net\/#organization\"},\"alternateName\":\"K\u00fclt\u00fcr Sanat Edebiyat Felsefe\",\"potentialAction\":[{\"@type\":\"SearchAction\",\"target\":{\"@type\":\"EntryPoint\",\"urlTemplate\":\"https:\/\/narteks.net\/?s={search_term_string}\"},\"query-input\":{\"@type\":\"PropertyValueSpecification\",\"valueRequired\":true,\"valueName\":\"search_term_string\"}}],\"inLanguage\":\"tr\"},{\"@type\":\"Organization\",\"@id\":\"https:\/\/narteks.net\/#organization\",\"name\":\"narteks.net\",\"url\":\"https:\/\/narteks.net\/\",\"logo\":{\"@type\":\"ImageObject\",\"inLanguage\":\"tr\",\"@id\":\"https:\/\/narteks.net\/#\/schema\/logo\/image\/\",\"url\":\"https:\/\/narteks.net\/wp-content\/uploads\/narteks.png\",\"contentUrl\":\"https:\/\/narteks.net\/wp-content\/uploads\/narteks.png\",\"width\":300,\"height\":90,\"caption\":\"narteks.net\"},\"image\":{\"@id\":\"https:\/\/narteks.net\/#\/schema\/logo\/image\/\"},\"sameAs\":[\"https:\/\/x.com\/narteks\",\"https:\/\/instagram.com\/narteksnet\"]},{\"@type\":\"Person\",\"@id\":\"https:\/\/narteks.net\/#\/schema\/person\/61f37d9834294b72d31d274e7ed79bca\",\"name\":\"Tar\u0131k\",\"image\":{\"@type\":\"ImageObject\",\"inLanguage\":\"tr\",\"@id\":\"https:\/\/narteks.net\/#\/schema\/person\/image\/\",\"url\":\"https:\/\/secure.gravatar.com\/avatar\/50865afb55632c4ae467e0af0930f6510aa2297d8014be502a55b14f3b7550cf?s=96&d=mm&r=g\",\"contentUrl\":\"https:\/\/secure.gravatar.com\/avatar\/50865afb55632c4ae467e0af0930f6510aa2297d8014be502a55b14f3b7550cf?s=96&d=mm&r=g\",\"caption\":\"Tar\u0131k\"},\"sameAs\":[\"http:\/\/narteks.net\"],\"url\":\"https:\/\/narteks.net\/index.php\/author\/narbak\/\"}]}<\/script>\n<!-- \/ Yoast SEO Premium plugin. -->","yoast_head_json":{"title":"OLMASAYDI O BULUT - narteks.net","robots":{"index":"index","follow":"follow","max-snippet":"max-snippet:-1","max-image-preview":"max-image-preview:large","max-video-preview":"max-video-preview:-1"},"canonical":"https:\/\/narteks.net\/index.php\/2009\/11\/06\/olmasaydi-o-bulut\/","og_locale":"tr_TR","og_type":"article","og_title":"OLMASAYDI O BULUT","og_description":"\u00a0 1. Eyl\u00fclde mavi bir g\u00fcnd\u00fc Gen\u00e7 bir erik a\u011fac\u0131n\u0131n alt\u0131nda sessiz Sard\u0131m onu, solgun bir a\u015fkt\u0131 Kollar\u0131mda tatl\u0131 bir d\u00fc\u015f Ve \u00fcst\u00fcm\u00fczde g\u00fczel yaz g\u00f6\u011f\u00fc Bir bulut vard\u0131 uzakta \u00d6ylesine beyaz ve \u00f6ylesine yukarda Sonra bakt\u0131m, sanki hi\u00e7 yoktu 2. Aylar ge\u00e7ti o g\u00fcnden sonra \u015e\u00f6yle ya da b\u00f6yle sessiz Erik a\u011fa\u00e7lar\u0131n\u0131n hepsi kesildi [&hellip;]","og_url":"https:\/\/narteks.net\/index.php\/2009\/11\/06\/olmasaydi-o-bulut\/","og_site_name":"narteks.net","article_published_time":"2009-11-06T09:00:54+00:00","og_image":[{"width":300,"height":90,"url":"https:\/\/narteks.net\/wp-content\/uploads\/narteks.png","type":"image\/png"}],"author":"Tar\u0131k","twitter_card":"summary_large_image","twitter_creator":"@narteks","twitter_site":"@narteks","twitter_misc":{"Yazan:":"Tar\u0131k","Tahmini okuma s\u00fcresi":"1 dakika"},"schema":{"@context":"https:\/\/schema.org","@graph":[{"@type":"Article","@id":"https:\/\/narteks.net\/index.php\/2009\/11\/06\/olmasaydi-o-bulut\/#article","isPartOf":{"@id":"https:\/\/narteks.net\/index.php\/2009\/11\/06\/olmasaydi-o-bulut\/"},"author":{"name":"Tar\u0131k","@id":"https:\/\/narteks.net\/#\/schema\/person\/61f37d9834294b72d31d274e7ed79bca"},"headline":"OLMASAYDI O BULUT","datePublished":"2009-11-06T09:00:54+00:00","mainEntityOfPage":{"@id":"https:\/\/narteks.net\/index.php\/2009\/11\/06\/olmasaydi-o-bulut\/"},"wordCount":162,"commentCount":0,"publisher":{"@id":"https:\/\/narteks.net\/#organization"},"articleSection":["Bertolt BRECTH"],"inLanguage":"tr","potentialAction":[{"@type":"CommentAction","name":"Comment","target":["https:\/\/narteks.net\/index.php\/2009\/11\/06\/olmasaydi-o-bulut\/#respond"]}]},{"@type":"WebPage","@id":"https:\/\/narteks.net\/index.php\/2009\/11\/06\/olmasaydi-o-bulut\/","url":"https:\/\/narteks.net\/index.php\/2009\/11\/06\/olmasaydi-o-bulut\/","name":"OLMASAYDI O BULUT - narteks.net","isPartOf":{"@id":"https:\/\/narteks.net\/#website"},"datePublished":"2009-11-06T09:00:54+00:00","breadcrumb":{"@id":"https:\/\/narteks.net\/index.php\/2009\/11\/06\/olmasaydi-o-bulut\/#breadcrumb"},"inLanguage":"tr","potentialAction":[{"@type":"ReadAction","target":["https:\/\/narteks.net\/index.php\/2009\/11\/06\/olmasaydi-o-bulut\/"]}]},{"@type":"BreadcrumbList","@id":"https:\/\/narteks.net\/index.php\/2009\/11\/06\/olmasaydi-o-bulut\/#breadcrumb","itemListElement":[{"@type":"ListItem","position":1,"name":"Anasayfa","item":"https:\/\/narteks.net\/"},{"@type":"ListItem","position":2,"name":"OLMASAYDI O BULUT"}]},{"@type":"WebSite","@id":"https:\/\/narteks.net\/#website","url":"https:\/\/narteks.net\/","name":"narteks.net","description":"K\u00fclt\u00fcr Sanat Edebiyat Felsefe","publisher":{"@id":"https:\/\/narteks.net\/#organization"},"alternateName":"K\u00fclt\u00fcr Sanat Edebiyat Felsefe","potentialAction":[{"@type":"SearchAction","target":{"@type":"EntryPoint","urlTemplate":"https:\/\/narteks.net\/?s={search_term_string}"},"query-input":{"@type":"PropertyValueSpecification","valueRequired":true,"valueName":"search_term_string"}}],"inLanguage":"tr"},{"@type":"Organization","@id":"https:\/\/narteks.net\/#organization","name":"narteks.net","url":"https:\/\/narteks.net\/","logo":{"@type":"ImageObject","inLanguage":"tr","@id":"https:\/\/narteks.net\/#\/schema\/logo\/image\/","url":"https:\/\/narteks.net\/wp-content\/uploads\/narteks.png","contentUrl":"https:\/\/narteks.net\/wp-content\/uploads\/narteks.png","width":300,"height":90,"caption":"narteks.net"},"image":{"@id":"https:\/\/narteks.net\/#\/schema\/logo\/image\/"},"sameAs":["https:\/\/x.com\/narteks","https:\/\/instagram.com\/narteksnet"]},{"@type":"Person","@id":"https:\/\/narteks.net\/#\/schema\/person\/61f37d9834294b72d31d274e7ed79bca","name":"Tar\u0131k","image":{"@type":"ImageObject","inLanguage":"tr","@id":"https:\/\/narteks.net\/#\/schema\/person\/image\/","url":"https:\/\/secure.gravatar.com\/avatar\/50865afb55632c4ae467e0af0930f6510aa2297d8014be502a55b14f3b7550cf?s=96&d=mm&r=g","contentUrl":"https:\/\/secure.gravatar.com\/avatar\/50865afb55632c4ae467e0af0930f6510aa2297d8014be502a55b14f3b7550cf?s=96&d=mm&r=g","caption":"Tar\u0131k"},"sameAs":["http:\/\/narteks.net"],"url":"https:\/\/narteks.net\/index.php\/author\/narbak\/"}]}},"_links":{"self":[{"href":"https:\/\/narteks.net\/index.php\/wp-json\/wp\/v2\/posts\/1256","targetHints":{"allow":["GET"]}}],"collection":[{"href":"https:\/\/narteks.net\/index.php\/wp-json\/wp\/v2\/posts"}],"about":[{"href":"https:\/\/narteks.net\/index.php\/wp-json\/wp\/v2\/types\/post"}],"author":[{"embeddable":true,"href":"https:\/\/narteks.net\/index.php\/wp-json\/wp\/v2\/users\/1"}],"replies":[{"embeddable":true,"href":"https:\/\/narteks.net\/index.php\/wp-json\/wp\/v2\/comments?post=1256"}],"version-history":[{"count":0,"href":"https:\/\/narteks.net\/index.php\/wp-json\/wp\/v2\/posts\/1256\/revisions"}],"wp:attachment":[{"href":"https:\/\/narteks.net\/index.php\/wp-json\/wp\/v2\/media?parent=1256"}],"wp:term":[{"taxonomy":"category","embeddable":true,"href":"https:\/\/narteks.net\/index.php\/wp-json\/wp\/v2\/categories?post=1256"},{"taxonomy":"post_tag","embeddable":true,"href":"https:\/\/narteks.net\/index.php\/wp-json\/wp\/v2\/tags?post=1256"}],"curies":[{"name":"wp","href":"https:\/\/api.w.org\/{rel}","templated":true}]}}