{"id":1260,"date":"2009-11-06T12:03:12","date_gmt":"2009-11-06T09:03:12","guid":{"rendered":"http:\/\/localhost\/wordpress\/2009\/11\/06\/sevgililer\/"},"modified":"2009-11-06T12:03:12","modified_gmt":"2009-11-06T09:03:12","slug":"sevgililer","status":"publish","type":"post","link":"https:\/\/narteks.net\/index.php\/2009\/11\/06\/sevgililer\/","title":{"rendered":"SEVG\u0130L\u0130LER"},"content":{"rendered":"<p>\u00a0<\/p>\n<p>Bak! G\u00f6kte yay gibi u\u00e7an \u015fu turnalara<br \/> U\u00e7arlarken bir ya\u015famdan bir ba\u015fkas\u0131na<br \/> Bulutlar da birlikte gidiyor onlarla.<br \/> Bulut ve turnalar<br \/> \u0130kisi de ayn\u0131 y\u00fckseklik ve ayn\u0131 tela\u015f i\u00e7inde<br \/> Yerlerinde duramadan<br \/> Yan yana, k\u0131sac\u0131k u\u00e7tuklar\u0131 o g\u00fczel g\u00f6\u011f\u00fc<br \/> \u0130kiye b\u00f6l\u00fcyorlar.<br \/> her biri \u00f6b\u00fcr\u00fcn\u00fcn sal\u0131n\u0131\u015f\u0131ndan ba\u015fka bir \u015fey g\u00f6rmeden<br \/> Ayn\u0131 r\u00fczgar\u0131 duyuyor.<br \/> \u015eimdi yan yana yatan bu \u00e7ifti<br \/> R\u00fczgar bo\u015flukta \u00f6ylece s\u00fcr\u00fckleyebilir.<br \/> Bu uyum bozulmad\u0131k\u00e7a<br \/> Uzun s\u00fcre kimse onlar\u0131 ay\u0131ramaz<br \/> Ya\u011fmurlardan ve kur\u015funlar\u0131n v\u0131z\u0131ldad\u0131\u011f\u0131<br \/> Her yerden uzakla\u015fabilirler<br \/> G\u00fcne\u015fin ve ay\u0131n alt\u0131nda k\u00fc\u00e7\u00fcc\u00fck hareketlerle<br \/> Birbirlerine sevdal\u0131, u\u00e7arlar sonsuza.<br \/> Hey sizler, nereye? -Hi\u00e7bir yere. -Nereden? -Her yerden.<br \/> Soruyorsunuz, ne zamand\u0131r birliktesiniz?<br \/> \u00c7ok olmad\u0131. -Ne zaman ayr\u0131lacaks\u0131n\u0131z? -Hemen.<br \/> \u0130\u015fte b\u00f6yle bir anl\u0131k birlikteliktir, sevenler i\u00e7in seda.<\/p>\n<p>Bertolt BRECTH<\/p>\n","protected":false},"excerpt":{"rendered":"<p>\u00a0 Bak! G\u00f6kte yay gibi u\u00e7an \u015fu turnalara U\u00e7arlarken bir ya\u015famdan bir ba\u015fkas\u0131na Bulutlar da birlikte gidiyor onlarla. Bulut ve turnalar \u0130kisi de ayn\u0131 y\u00fckseklik ve ayn\u0131 tela\u015f i\u00e7inde Yerlerinde duramadan Yan yana, k\u0131sac\u0131k u\u00e7tuklar\u0131 o g\u00fczel g\u00f6\u011f\u00fc \u0130kiye b\u00f6l\u00fcyorlar. her biri \u00f6b\u00fcr\u00fcn\u00fcn sal\u0131n\u0131\u015f\u0131ndan ba\u015fka bir \u015fey g\u00f6rmeden Ayn\u0131 r\u00fczgar\u0131 duyuyor. \u015eimdi yan yana yatan [&hellip;]<\/p>\n","protected":false},"author":1,"featured_media":0,"comment_status":"open","ping_status":"open","sticky":false,"template":"","format":"standard","meta":{"footnotes":""},"categories":[14],"tags":[],"class_list":{"0":"post-1260","1":"post","2":"type-post","3":"status-publish","4":"format-standard","6":"category-bertolt-brecth"},"yoast_head":"<!-- This site is optimized with the Yoast SEO Premium plugin v24.9 (Yoast SEO v24.9) - https:\/\/yoast.com\/wordpress\/plugins\/seo\/ -->\n<title>SEVG\u0130L\u0130LER - narteks.net<\/title>\n<meta name=\"robots\" content=\"index, follow, max-snippet:-1, max-image-preview:large, max-video-preview:-1\" \/>\n<link rel=\"canonical\" href=\"https:\/\/narteks.net\/index.php\/2009\/11\/06\/sevgililer\/\" \/>\n<meta property=\"og:locale\" content=\"tr_TR\" \/>\n<meta property=\"og:type\" content=\"article\" \/>\n<meta property=\"og:title\" content=\"SEVG\u0130L\u0130LER\" \/>\n<meta property=\"og:description\" content=\"\u00a0 Bak! G\u00f6kte yay gibi u\u00e7an \u015fu turnalara U\u00e7arlarken bir ya\u015famdan bir ba\u015fkas\u0131na Bulutlar da birlikte gidiyor onlarla. Bulut ve turnalar \u0130kisi de ayn\u0131 y\u00fckseklik ve ayn\u0131 tela\u015f i\u00e7inde Yerlerinde duramadan Yan yana, k\u0131sac\u0131k u\u00e7tuklar\u0131 o g\u00fczel g\u00f6\u011f\u00fc \u0130kiye b\u00f6l\u00fcyorlar. her biri \u00f6b\u00fcr\u00fcn\u00fcn sal\u0131n\u0131\u015f\u0131ndan ba\u015fka bir \u015fey g\u00f6rmeden Ayn\u0131 r\u00fczgar\u0131 duyuyor. \u015eimdi yan yana yatan [&hellip;]\" \/>\n<meta property=\"og:url\" content=\"https:\/\/narteks.net\/index.php\/2009\/11\/06\/sevgililer\/\" \/>\n<meta property=\"og:site_name\" content=\"narteks.net\" \/>\n<meta property=\"article:published_time\" content=\"2009-11-06T09:03:12+00:00\" \/>\n<meta property=\"og:image\" content=\"https:\/\/narteks.net\/wp-content\/uploads\/narteks.png\" \/>\n\t<meta property=\"og:image:width\" content=\"300\" \/>\n\t<meta property=\"og:image:height\" content=\"90\" \/>\n\t<meta property=\"og:image:type\" content=\"image\/png\" \/>\n<meta name=\"author\" content=\"Tar\u0131k\" \/>\n<meta name=\"twitter:card\" content=\"summary_large_image\" \/>\n<meta name=\"twitter:creator\" content=\"@narteks\" \/>\n<meta name=\"twitter:site\" content=\"@narteks\" \/>\n<meta name=\"twitter:label1\" content=\"Yazan:\" \/>\n\t<meta name=\"twitter:data1\" content=\"Tar\u0131k\" \/>\n\t<meta name=\"twitter:label2\" content=\"Tahmini okuma s\u00fcresi\" \/>\n\t<meta name=\"twitter:data2\" content=\"1 dakika\" \/>\n<script type=\"application\/ld+json\" class=\"yoast-schema-graph\">{\"@context\":\"https:\/\/schema.org\",\"@graph\":[{\"@type\":\"Article\",\"@id\":\"https:\/\/narteks.net\/index.php\/2009\/11\/06\/sevgililer\/#article\",\"isPartOf\":{\"@id\":\"https:\/\/narteks.net\/index.php\/2009\/11\/06\/sevgililer\/\"},\"author\":{\"name\":\"Tar\u0131k\",\"@id\":\"https:\/\/narteks.net\/#\/schema\/person\/61f37d9834294b72d31d274e7ed79bca\"},\"headline\":\"SEVG\u0130L\u0130LER\",\"datePublished\":\"2009-11-06T09:03:12+00:00\",\"mainEntityOfPage\":{\"@id\":\"https:\/\/narteks.net\/index.php\/2009\/11\/06\/sevgililer\/\"},\"wordCount\":167,\"commentCount\":0,\"publisher\":{\"@id\":\"https:\/\/narteks.net\/#organization\"},\"articleSection\":[\"Bertolt BRECTH\"],\"inLanguage\":\"tr\",\"potentialAction\":[{\"@type\":\"CommentAction\",\"name\":\"Comment\",\"target\":[\"https:\/\/narteks.net\/index.php\/2009\/11\/06\/sevgililer\/#respond\"]}]},{\"@type\":\"WebPage\",\"@id\":\"https:\/\/narteks.net\/index.php\/2009\/11\/06\/sevgililer\/\",\"url\":\"https:\/\/narteks.net\/index.php\/2009\/11\/06\/sevgililer\/\",\"name\":\"SEVG\u0130L\u0130LER - narteks.net\",\"isPartOf\":{\"@id\":\"https:\/\/narteks.net\/#website\"},\"datePublished\":\"2009-11-06T09:03:12+00:00\",\"breadcrumb\":{\"@id\":\"https:\/\/narteks.net\/index.php\/2009\/11\/06\/sevgililer\/#breadcrumb\"},\"inLanguage\":\"tr\",\"potentialAction\":[{\"@type\":\"ReadAction\",\"target\":[\"https:\/\/narteks.net\/index.php\/2009\/11\/06\/sevgililer\/\"]}]},{\"@type\":\"BreadcrumbList\",\"@id\":\"https:\/\/narteks.net\/index.php\/2009\/11\/06\/sevgililer\/#breadcrumb\",\"itemListElement\":[{\"@type\":\"ListItem\",\"position\":1,\"name\":\"Anasayfa\",\"item\":\"https:\/\/narteks.net\/\"},{\"@type\":\"ListItem\",\"position\":2,\"name\":\"SEVG\u0130L\u0130LER\"}]},{\"@type\":\"WebSite\",\"@id\":\"https:\/\/narteks.net\/#website\",\"url\":\"https:\/\/narteks.net\/\",\"name\":\"narteks.net\",\"description\":\"K\u00fclt\u00fcr Sanat Edebiyat Felsefe\",\"publisher\":{\"@id\":\"https:\/\/narteks.net\/#organization\"},\"alternateName\":\"K\u00fclt\u00fcr Sanat Edebiyat Felsefe\",\"potentialAction\":[{\"@type\":\"SearchAction\",\"target\":{\"@type\":\"EntryPoint\",\"urlTemplate\":\"https:\/\/narteks.net\/?s={search_term_string}\"},\"query-input\":{\"@type\":\"PropertyValueSpecification\",\"valueRequired\":true,\"valueName\":\"search_term_string\"}}],\"inLanguage\":\"tr\"},{\"@type\":\"Organization\",\"@id\":\"https:\/\/narteks.net\/#organization\",\"name\":\"narteks.net\",\"url\":\"https:\/\/narteks.net\/\",\"logo\":{\"@type\":\"ImageObject\",\"inLanguage\":\"tr\",\"@id\":\"https:\/\/narteks.net\/#\/schema\/logo\/image\/\",\"url\":\"https:\/\/narteks.net\/wp-content\/uploads\/narteks.png\",\"contentUrl\":\"https:\/\/narteks.net\/wp-content\/uploads\/narteks.png\",\"width\":300,\"height\":90,\"caption\":\"narteks.net\"},\"image\":{\"@id\":\"https:\/\/narteks.net\/#\/schema\/logo\/image\/\"},\"sameAs\":[\"https:\/\/x.com\/narteks\",\"https:\/\/instagram.com\/narteksnet\"]},{\"@type\":\"Person\",\"@id\":\"https:\/\/narteks.net\/#\/schema\/person\/61f37d9834294b72d31d274e7ed79bca\",\"name\":\"Tar\u0131k\",\"image\":{\"@type\":\"ImageObject\",\"inLanguage\":\"tr\",\"@id\":\"https:\/\/narteks.net\/#\/schema\/person\/image\/\",\"url\":\"https:\/\/secure.gravatar.com\/avatar\/50865afb55632c4ae467e0af0930f6510aa2297d8014be502a55b14f3b7550cf?s=96&d=mm&r=g\",\"contentUrl\":\"https:\/\/secure.gravatar.com\/avatar\/50865afb55632c4ae467e0af0930f6510aa2297d8014be502a55b14f3b7550cf?s=96&d=mm&r=g\",\"caption\":\"Tar\u0131k\"},\"sameAs\":[\"http:\/\/narteks.net\"],\"url\":\"https:\/\/narteks.net\/index.php\/author\/narbak\/\"}]}<\/script>\n<!-- \/ Yoast SEO Premium plugin. -->","yoast_head_json":{"title":"SEVG\u0130L\u0130LER - narteks.net","robots":{"index":"index","follow":"follow","max-snippet":"max-snippet:-1","max-image-preview":"max-image-preview:large","max-video-preview":"max-video-preview:-1"},"canonical":"https:\/\/narteks.net\/index.php\/2009\/11\/06\/sevgililer\/","og_locale":"tr_TR","og_type":"article","og_title":"SEVG\u0130L\u0130LER","og_description":"\u00a0 Bak! G\u00f6kte yay gibi u\u00e7an \u015fu turnalara U\u00e7arlarken bir ya\u015famdan bir ba\u015fkas\u0131na Bulutlar da birlikte gidiyor onlarla. Bulut ve turnalar \u0130kisi de ayn\u0131 y\u00fckseklik ve ayn\u0131 tela\u015f i\u00e7inde Yerlerinde duramadan Yan yana, k\u0131sac\u0131k u\u00e7tuklar\u0131 o g\u00fczel g\u00f6\u011f\u00fc \u0130kiye b\u00f6l\u00fcyorlar. her biri \u00f6b\u00fcr\u00fcn\u00fcn sal\u0131n\u0131\u015f\u0131ndan ba\u015fka bir \u015fey g\u00f6rmeden Ayn\u0131 r\u00fczgar\u0131 duyuyor. \u015eimdi yan yana yatan [&hellip;]","og_url":"https:\/\/narteks.net\/index.php\/2009\/11\/06\/sevgililer\/","og_site_name":"narteks.net","article_published_time":"2009-11-06T09:03:12+00:00","og_image":[{"width":300,"height":90,"url":"https:\/\/narteks.net\/wp-content\/uploads\/narteks.png","type":"image\/png"}],"author":"Tar\u0131k","twitter_card":"summary_large_image","twitter_creator":"@narteks","twitter_site":"@narteks","twitter_misc":{"Yazan:":"Tar\u0131k","Tahmini okuma s\u00fcresi":"1 dakika"},"schema":{"@context":"https:\/\/schema.org","@graph":[{"@type":"Article","@id":"https:\/\/narteks.net\/index.php\/2009\/11\/06\/sevgililer\/#article","isPartOf":{"@id":"https:\/\/narteks.net\/index.php\/2009\/11\/06\/sevgililer\/"},"author":{"name":"Tar\u0131k","@id":"https:\/\/narteks.net\/#\/schema\/person\/61f37d9834294b72d31d274e7ed79bca"},"headline":"SEVG\u0130L\u0130LER","datePublished":"2009-11-06T09:03:12+00:00","mainEntityOfPage":{"@id":"https:\/\/narteks.net\/index.php\/2009\/11\/06\/sevgililer\/"},"wordCount":167,"commentCount":0,"publisher":{"@id":"https:\/\/narteks.net\/#organization"},"articleSection":["Bertolt BRECTH"],"inLanguage":"tr","potentialAction":[{"@type":"CommentAction","name":"Comment","target":["https:\/\/narteks.net\/index.php\/2009\/11\/06\/sevgililer\/#respond"]}]},{"@type":"WebPage","@id":"https:\/\/narteks.net\/index.php\/2009\/11\/06\/sevgililer\/","url":"https:\/\/narteks.net\/index.php\/2009\/11\/06\/sevgililer\/","name":"SEVG\u0130L\u0130LER - narteks.net","isPartOf":{"@id":"https:\/\/narteks.net\/#website"},"datePublished":"2009-11-06T09:03:12+00:00","breadcrumb":{"@id":"https:\/\/narteks.net\/index.php\/2009\/11\/06\/sevgililer\/#breadcrumb"},"inLanguage":"tr","potentialAction":[{"@type":"ReadAction","target":["https:\/\/narteks.net\/index.php\/2009\/11\/06\/sevgililer\/"]}]},{"@type":"BreadcrumbList","@id":"https:\/\/narteks.net\/index.php\/2009\/11\/06\/sevgililer\/#breadcrumb","itemListElement":[{"@type":"ListItem","position":1,"name":"Anasayfa","item":"https:\/\/narteks.net\/"},{"@type":"ListItem","position":2,"name":"SEVG\u0130L\u0130LER"}]},{"@type":"WebSite","@id":"https:\/\/narteks.net\/#website","url":"https:\/\/narteks.net\/","name":"narteks.net","description":"K\u00fclt\u00fcr Sanat Edebiyat Felsefe","publisher":{"@id":"https:\/\/narteks.net\/#organization"},"alternateName":"K\u00fclt\u00fcr Sanat Edebiyat Felsefe","potentialAction":[{"@type":"SearchAction","target":{"@type":"EntryPoint","urlTemplate":"https:\/\/narteks.net\/?s={search_term_string}"},"query-input":{"@type":"PropertyValueSpecification","valueRequired":true,"valueName":"search_term_string"}}],"inLanguage":"tr"},{"@type":"Organization","@id":"https:\/\/narteks.net\/#organization","name":"narteks.net","url":"https:\/\/narteks.net\/","logo":{"@type":"ImageObject","inLanguage":"tr","@id":"https:\/\/narteks.net\/#\/schema\/logo\/image\/","url":"https:\/\/narteks.net\/wp-content\/uploads\/narteks.png","contentUrl":"https:\/\/narteks.net\/wp-content\/uploads\/narteks.png","width":300,"height":90,"caption":"narteks.net"},"image":{"@id":"https:\/\/narteks.net\/#\/schema\/logo\/image\/"},"sameAs":["https:\/\/x.com\/narteks","https:\/\/instagram.com\/narteksnet"]},{"@type":"Person","@id":"https:\/\/narteks.net\/#\/schema\/person\/61f37d9834294b72d31d274e7ed79bca","name":"Tar\u0131k","image":{"@type":"ImageObject","inLanguage":"tr","@id":"https:\/\/narteks.net\/#\/schema\/person\/image\/","url":"https:\/\/secure.gravatar.com\/avatar\/50865afb55632c4ae467e0af0930f6510aa2297d8014be502a55b14f3b7550cf?s=96&d=mm&r=g","contentUrl":"https:\/\/secure.gravatar.com\/avatar\/50865afb55632c4ae467e0af0930f6510aa2297d8014be502a55b14f3b7550cf?s=96&d=mm&r=g","caption":"Tar\u0131k"},"sameAs":["http:\/\/narteks.net"],"url":"https:\/\/narteks.net\/index.php\/author\/narbak\/"}]}},"_links":{"self":[{"href":"https:\/\/narteks.net\/index.php\/wp-json\/wp\/v2\/posts\/1260","targetHints":{"allow":["GET"]}}],"collection":[{"href":"https:\/\/narteks.net\/index.php\/wp-json\/wp\/v2\/posts"}],"about":[{"href":"https:\/\/narteks.net\/index.php\/wp-json\/wp\/v2\/types\/post"}],"author":[{"embeddable":true,"href":"https:\/\/narteks.net\/index.php\/wp-json\/wp\/v2\/users\/1"}],"replies":[{"embeddable":true,"href":"https:\/\/narteks.net\/index.php\/wp-json\/wp\/v2\/comments?post=1260"}],"version-history":[{"count":0,"href":"https:\/\/narteks.net\/index.php\/wp-json\/wp\/v2\/posts\/1260\/revisions"}],"wp:attachment":[{"href":"https:\/\/narteks.net\/index.php\/wp-json\/wp\/v2\/media?parent=1260"}],"wp:term":[{"taxonomy":"category","embeddable":true,"href":"https:\/\/narteks.net\/index.php\/wp-json\/wp\/v2\/categories?post=1260"},{"taxonomy":"post_tag","embeddable":true,"href":"https:\/\/narteks.net\/index.php\/wp-json\/wp\/v2\/tags?post=1260"}],"curies":[{"name":"wp","href":"https:\/\/api.w.org\/{rel}","templated":true}]}}