{"id":1261,"date":"2009-11-06T12:03:45","date_gmt":"2009-11-06T09:03:45","guid":{"rendered":"http:\/\/localhost\/wordpress\/2009\/11\/06\/sone\/"},"modified":"2009-11-06T12:03:45","modified_gmt":"2009-11-06T09:03:45","slug":"sone","status":"publish","type":"post","link":"https:\/\/narteks.net\/index.php\/2009\/11\/06\/sone\/","title":{"rendered":"SONE"},"content":{"rendered":"<p>\u00a0<\/p>\n<p>Eskiden beri al\u0131\u015fk\u0131n\u0131m pencerede<br \/> Suyun ya da orman\u0131n u\u011fultusuna<br \/> \u00c7abucak uyudum b\u00f6ylece<br \/> Yat\u0131p kald\u0131m onun uzun sa\u00e7lar\u0131nda<\/p>\n<p>O ac\u0131l\u0131 geceden \u00e7ok \u015fey kalmad\u0131 akl\u0131mda<br \/> Biraz dizinden, az\u0131c\u0131k boynundan<br \/> Sabun kokusu siyah sa\u00e7lar\u0131nda<br \/> Ve onun i\u00e7in kulaktan duyduklar\u0131m<\/p>\n<p>Y\u00fcz\u00fc \u00e7abuk unutulur demi\u015flerdi<br \/> \u0130nce bir \u015fey oldu\u011fundan \u00fcst\u00fcnde<br \/> Yaz\u0131lmam\u0131\u015f bo\u015f bir ka\u011f\u0131t gibi<\/p>\n<p>Y\u00fcz\u00fc pek g\u00fclmez demi\u015flerdi<br \/> \u00c7abuk unutulaca\u011f\u0131n\u0131 bilir kendisi de<br \/> An\u0131msamaz kim oldu\u011funu belki, okusa bu \u015fiiri<\/p>\n<p>Bertolt BRECTH<\/p>\n","protected":false},"excerpt":{"rendered":"<p>\u00a0 Eskiden beri al\u0131\u015fk\u0131n\u0131m pencerede Suyun ya da orman\u0131n u\u011fultusuna \u00c7abucak uyudum b\u00f6ylece Yat\u0131p kald\u0131m onun uzun sa\u00e7lar\u0131nda O ac\u0131l\u0131 geceden \u00e7ok \u015fey kalmad\u0131 akl\u0131mda Biraz dizinden, az\u0131c\u0131k boynundan Sabun kokusu siyah sa\u00e7lar\u0131nda Ve onun i\u00e7in kulaktan duyduklar\u0131m Y\u00fcz\u00fc \u00e7abuk unutulur demi\u015flerdi \u0130nce bir \u015fey oldu\u011fundan \u00fcst\u00fcnde Yaz\u0131lmam\u0131\u015f bo\u015f bir ka\u011f\u0131t gibi Y\u00fcz\u00fc pek g\u00fclmez [&hellip;]<\/p>\n","protected":false},"author":1,"featured_media":0,"comment_status":"open","ping_status":"open","sticky":false,"template":"","format":"standard","meta":{"footnotes":""},"categories":[14],"tags":[],"class_list":{"0":"post-1261","1":"post","2":"type-post","3":"status-publish","4":"format-standard","6":"category-bertolt-brecth"},"yoast_head":"<!-- This site is optimized with the Yoast SEO Premium plugin v24.9 (Yoast SEO v24.9) - https:\/\/yoast.com\/wordpress\/plugins\/seo\/ -->\n<title>SONE - narteks.net<\/title>\n<meta name=\"robots\" content=\"index, follow, max-snippet:-1, max-image-preview:large, max-video-preview:-1\" \/>\n<link rel=\"canonical\" href=\"https:\/\/narteks.net\/index.php\/2009\/11\/06\/sone\/\" \/>\n<meta property=\"og:locale\" content=\"tr_TR\" \/>\n<meta property=\"og:type\" content=\"article\" \/>\n<meta property=\"og:title\" content=\"SONE\" \/>\n<meta property=\"og:description\" content=\"\u00a0 Eskiden beri al\u0131\u015fk\u0131n\u0131m pencerede Suyun ya da orman\u0131n u\u011fultusuna \u00c7abucak uyudum b\u00f6ylece Yat\u0131p kald\u0131m onun uzun sa\u00e7lar\u0131nda O ac\u0131l\u0131 geceden \u00e7ok \u015fey kalmad\u0131 akl\u0131mda Biraz dizinden, az\u0131c\u0131k boynundan Sabun kokusu siyah sa\u00e7lar\u0131nda Ve onun i\u00e7in kulaktan duyduklar\u0131m Y\u00fcz\u00fc \u00e7abuk unutulur demi\u015flerdi \u0130nce bir \u015fey oldu\u011fundan \u00fcst\u00fcnde Yaz\u0131lmam\u0131\u015f bo\u015f bir ka\u011f\u0131t gibi Y\u00fcz\u00fc pek g\u00fclmez [&hellip;]\" \/>\n<meta property=\"og:url\" content=\"https:\/\/narteks.net\/index.php\/2009\/11\/06\/sone\/\" \/>\n<meta property=\"og:site_name\" content=\"narteks.net\" \/>\n<meta property=\"article:published_time\" content=\"2009-11-06T09:03:45+00:00\" \/>\n<meta property=\"og:image\" content=\"https:\/\/narteks.net\/wp-content\/uploads\/narteks.png\" \/>\n\t<meta property=\"og:image:width\" content=\"300\" \/>\n\t<meta property=\"og:image:height\" content=\"90\" \/>\n\t<meta property=\"og:image:type\" content=\"image\/png\" \/>\n<meta name=\"author\" content=\"Tar\u0131k\" \/>\n<meta name=\"twitter:card\" content=\"summary_large_image\" \/>\n<meta name=\"twitter:creator\" content=\"@narteks\" \/>\n<meta name=\"twitter:site\" content=\"@narteks\" \/>\n<meta name=\"twitter:label1\" content=\"Yazan:\" \/>\n\t<meta name=\"twitter:data1\" content=\"Tar\u0131k\" \/>\n<script type=\"application\/ld+json\" class=\"yoast-schema-graph\">{\"@context\":\"https:\/\/schema.org\",\"@graph\":[{\"@type\":\"Article\",\"@id\":\"https:\/\/narteks.net\/index.php\/2009\/11\/06\/sone\/#article\",\"isPartOf\":{\"@id\":\"https:\/\/narteks.net\/index.php\/2009\/11\/06\/sone\/\"},\"author\":{\"name\":\"Tar\u0131k\",\"@id\":\"https:\/\/narteks.net\/#\/schema\/person\/61f37d9834294b72d31d274e7ed79bca\"},\"headline\":\"SONE\",\"datePublished\":\"2009-11-06T09:03:45+00:00\",\"mainEntityOfPage\":{\"@id\":\"https:\/\/narteks.net\/index.php\/2009\/11\/06\/sone\/\"},\"wordCount\":100,\"commentCount\":0,\"publisher\":{\"@id\":\"https:\/\/narteks.net\/#organization\"},\"articleSection\":[\"Bertolt BRECTH\"],\"inLanguage\":\"tr\",\"potentialAction\":[{\"@type\":\"CommentAction\",\"name\":\"Comment\",\"target\":[\"https:\/\/narteks.net\/index.php\/2009\/11\/06\/sone\/#respond\"]}]},{\"@type\":\"WebPage\",\"@id\":\"https:\/\/narteks.net\/index.php\/2009\/11\/06\/sone\/\",\"url\":\"https:\/\/narteks.net\/index.php\/2009\/11\/06\/sone\/\",\"name\":\"SONE - narteks.net\",\"isPartOf\":{\"@id\":\"https:\/\/narteks.net\/#website\"},\"datePublished\":\"2009-11-06T09:03:45+00:00\",\"breadcrumb\":{\"@id\":\"https:\/\/narteks.net\/index.php\/2009\/11\/06\/sone\/#breadcrumb\"},\"inLanguage\":\"tr\",\"potentialAction\":[{\"@type\":\"ReadAction\",\"target\":[\"https:\/\/narteks.net\/index.php\/2009\/11\/06\/sone\/\"]}]},{\"@type\":\"BreadcrumbList\",\"@id\":\"https:\/\/narteks.net\/index.php\/2009\/11\/06\/sone\/#breadcrumb\",\"itemListElement\":[{\"@type\":\"ListItem\",\"position\":1,\"name\":\"Anasayfa\",\"item\":\"https:\/\/narteks.net\/\"},{\"@type\":\"ListItem\",\"position\":2,\"name\":\"SONE\"}]},{\"@type\":\"WebSite\",\"@id\":\"https:\/\/narteks.net\/#website\",\"url\":\"https:\/\/narteks.net\/\",\"name\":\"narteks.net\",\"description\":\"K\u00fclt\u00fcr Sanat Edebiyat Felsefe\",\"publisher\":{\"@id\":\"https:\/\/narteks.net\/#organization\"},\"alternateName\":\"K\u00fclt\u00fcr Sanat Edebiyat Felsefe\",\"potentialAction\":[{\"@type\":\"SearchAction\",\"target\":{\"@type\":\"EntryPoint\",\"urlTemplate\":\"https:\/\/narteks.net\/?s={search_term_string}\"},\"query-input\":{\"@type\":\"PropertyValueSpecification\",\"valueRequired\":true,\"valueName\":\"search_term_string\"}}],\"inLanguage\":\"tr\"},{\"@type\":\"Organization\",\"@id\":\"https:\/\/narteks.net\/#organization\",\"name\":\"narteks.net\",\"url\":\"https:\/\/narteks.net\/\",\"logo\":{\"@type\":\"ImageObject\",\"inLanguage\":\"tr\",\"@id\":\"https:\/\/narteks.net\/#\/schema\/logo\/image\/\",\"url\":\"https:\/\/narteks.net\/wp-content\/uploads\/narteks.png\",\"contentUrl\":\"https:\/\/narteks.net\/wp-content\/uploads\/narteks.png\",\"width\":300,\"height\":90,\"caption\":\"narteks.net\"},\"image\":{\"@id\":\"https:\/\/narteks.net\/#\/schema\/logo\/image\/\"},\"sameAs\":[\"https:\/\/x.com\/narteks\",\"https:\/\/instagram.com\/narteksnet\"]},{\"@type\":\"Person\",\"@id\":\"https:\/\/narteks.net\/#\/schema\/person\/61f37d9834294b72d31d274e7ed79bca\",\"name\":\"Tar\u0131k\",\"image\":{\"@type\":\"ImageObject\",\"inLanguage\":\"tr\",\"@id\":\"https:\/\/narteks.net\/#\/schema\/person\/image\/\",\"url\":\"https:\/\/secure.gravatar.com\/avatar\/50865afb55632c4ae467e0af0930f6510aa2297d8014be502a55b14f3b7550cf?s=96&d=mm&r=g\",\"contentUrl\":\"https:\/\/secure.gravatar.com\/avatar\/50865afb55632c4ae467e0af0930f6510aa2297d8014be502a55b14f3b7550cf?s=96&d=mm&r=g\",\"caption\":\"Tar\u0131k\"},\"sameAs\":[\"http:\/\/narteks.net\"],\"url\":\"https:\/\/narteks.net\/index.php\/author\/narbak\/\"}]}<\/script>\n<!-- \/ Yoast SEO Premium plugin. -->","yoast_head_json":{"title":"SONE - narteks.net","robots":{"index":"index","follow":"follow","max-snippet":"max-snippet:-1","max-image-preview":"max-image-preview:large","max-video-preview":"max-video-preview:-1"},"canonical":"https:\/\/narteks.net\/index.php\/2009\/11\/06\/sone\/","og_locale":"tr_TR","og_type":"article","og_title":"SONE","og_description":"\u00a0 Eskiden beri al\u0131\u015fk\u0131n\u0131m pencerede Suyun ya da orman\u0131n u\u011fultusuna \u00c7abucak uyudum b\u00f6ylece Yat\u0131p kald\u0131m onun uzun sa\u00e7lar\u0131nda O ac\u0131l\u0131 geceden \u00e7ok \u015fey kalmad\u0131 akl\u0131mda Biraz dizinden, az\u0131c\u0131k boynundan Sabun kokusu siyah sa\u00e7lar\u0131nda Ve onun i\u00e7in kulaktan duyduklar\u0131m Y\u00fcz\u00fc \u00e7abuk unutulur demi\u015flerdi \u0130nce bir \u015fey oldu\u011fundan \u00fcst\u00fcnde Yaz\u0131lmam\u0131\u015f bo\u015f bir ka\u011f\u0131t gibi Y\u00fcz\u00fc pek g\u00fclmez [&hellip;]","og_url":"https:\/\/narteks.net\/index.php\/2009\/11\/06\/sone\/","og_site_name":"narteks.net","article_published_time":"2009-11-06T09:03:45+00:00","og_image":[{"width":300,"height":90,"url":"https:\/\/narteks.net\/wp-content\/uploads\/narteks.png","type":"image\/png"}],"author":"Tar\u0131k","twitter_card":"summary_large_image","twitter_creator":"@narteks","twitter_site":"@narteks","twitter_misc":{"Yazan:":"Tar\u0131k"},"schema":{"@context":"https:\/\/schema.org","@graph":[{"@type":"Article","@id":"https:\/\/narteks.net\/index.php\/2009\/11\/06\/sone\/#article","isPartOf":{"@id":"https:\/\/narteks.net\/index.php\/2009\/11\/06\/sone\/"},"author":{"name":"Tar\u0131k","@id":"https:\/\/narteks.net\/#\/schema\/person\/61f37d9834294b72d31d274e7ed79bca"},"headline":"SONE","datePublished":"2009-11-06T09:03:45+00:00","mainEntityOfPage":{"@id":"https:\/\/narteks.net\/index.php\/2009\/11\/06\/sone\/"},"wordCount":100,"commentCount":0,"publisher":{"@id":"https:\/\/narteks.net\/#organization"},"articleSection":["Bertolt BRECTH"],"inLanguage":"tr","potentialAction":[{"@type":"CommentAction","name":"Comment","target":["https:\/\/narteks.net\/index.php\/2009\/11\/06\/sone\/#respond"]}]},{"@type":"WebPage","@id":"https:\/\/narteks.net\/index.php\/2009\/11\/06\/sone\/","url":"https:\/\/narteks.net\/index.php\/2009\/11\/06\/sone\/","name":"SONE - narteks.net","isPartOf":{"@id":"https:\/\/narteks.net\/#website"},"datePublished":"2009-11-06T09:03:45+00:00","breadcrumb":{"@id":"https:\/\/narteks.net\/index.php\/2009\/11\/06\/sone\/#breadcrumb"},"inLanguage":"tr","potentialAction":[{"@type":"ReadAction","target":["https:\/\/narteks.net\/index.php\/2009\/11\/06\/sone\/"]}]},{"@type":"BreadcrumbList","@id":"https:\/\/narteks.net\/index.php\/2009\/11\/06\/sone\/#breadcrumb","itemListElement":[{"@type":"ListItem","position":1,"name":"Anasayfa","item":"https:\/\/narteks.net\/"},{"@type":"ListItem","position":2,"name":"SONE"}]},{"@type":"WebSite","@id":"https:\/\/narteks.net\/#website","url":"https:\/\/narteks.net\/","name":"narteks.net","description":"K\u00fclt\u00fcr Sanat Edebiyat Felsefe","publisher":{"@id":"https:\/\/narteks.net\/#organization"},"alternateName":"K\u00fclt\u00fcr Sanat Edebiyat Felsefe","potentialAction":[{"@type":"SearchAction","target":{"@type":"EntryPoint","urlTemplate":"https:\/\/narteks.net\/?s={search_term_string}"},"query-input":{"@type":"PropertyValueSpecification","valueRequired":true,"valueName":"search_term_string"}}],"inLanguage":"tr"},{"@type":"Organization","@id":"https:\/\/narteks.net\/#organization","name":"narteks.net","url":"https:\/\/narteks.net\/","logo":{"@type":"ImageObject","inLanguage":"tr","@id":"https:\/\/narteks.net\/#\/schema\/logo\/image\/","url":"https:\/\/narteks.net\/wp-content\/uploads\/narteks.png","contentUrl":"https:\/\/narteks.net\/wp-content\/uploads\/narteks.png","width":300,"height":90,"caption":"narteks.net"},"image":{"@id":"https:\/\/narteks.net\/#\/schema\/logo\/image\/"},"sameAs":["https:\/\/x.com\/narteks","https:\/\/instagram.com\/narteksnet"]},{"@type":"Person","@id":"https:\/\/narteks.net\/#\/schema\/person\/61f37d9834294b72d31d274e7ed79bca","name":"Tar\u0131k","image":{"@type":"ImageObject","inLanguage":"tr","@id":"https:\/\/narteks.net\/#\/schema\/person\/image\/","url":"https:\/\/secure.gravatar.com\/avatar\/50865afb55632c4ae467e0af0930f6510aa2297d8014be502a55b14f3b7550cf?s=96&d=mm&r=g","contentUrl":"https:\/\/secure.gravatar.com\/avatar\/50865afb55632c4ae467e0af0930f6510aa2297d8014be502a55b14f3b7550cf?s=96&d=mm&r=g","caption":"Tar\u0131k"},"sameAs":["http:\/\/narteks.net"],"url":"https:\/\/narteks.net\/index.php\/author\/narbak\/"}]}},"_links":{"self":[{"href":"https:\/\/narteks.net\/index.php\/wp-json\/wp\/v2\/posts\/1261","targetHints":{"allow":["GET"]}}],"collection":[{"href":"https:\/\/narteks.net\/index.php\/wp-json\/wp\/v2\/posts"}],"about":[{"href":"https:\/\/narteks.net\/index.php\/wp-json\/wp\/v2\/types\/post"}],"author":[{"embeddable":true,"href":"https:\/\/narteks.net\/index.php\/wp-json\/wp\/v2\/users\/1"}],"replies":[{"embeddable":true,"href":"https:\/\/narteks.net\/index.php\/wp-json\/wp\/v2\/comments?post=1261"}],"version-history":[{"count":0,"href":"https:\/\/narteks.net\/index.php\/wp-json\/wp\/v2\/posts\/1261\/revisions"}],"wp:attachment":[{"href":"https:\/\/narteks.net\/index.php\/wp-json\/wp\/v2\/media?parent=1261"}],"wp:term":[{"taxonomy":"category","embeddable":true,"href":"https:\/\/narteks.net\/index.php\/wp-json\/wp\/v2\/categories?post=1261"},{"taxonomy":"post_tag","embeddable":true,"href":"https:\/\/narteks.net\/index.php\/wp-json\/wp\/v2\/tags?post=1261"}],"curies":[{"name":"wp","href":"https:\/\/api.w.org\/{rel}","templated":true}]}}