{"id":1266,"date":"2009-11-06T12:06:36","date_gmt":"2009-11-06T09:06:36","guid":{"rendered":"http:\/\/localhost\/wordpress\/2009\/11\/06\/zavalli-bb\/"},"modified":"2009-11-06T12:06:36","modified_gmt":"2009-11-06T09:06:36","slug":"zavalli-bb","status":"publish","type":"post","link":"https:\/\/narteks.net\/index.php\/2009\/11\/06\/zavalli-bb\/","title":{"rendered":"ZAVALLI B.B."},"content":{"rendered":"<p>\u00a0<\/p>\n<p>Ben Bertolt Brecht kara ormanlardan geliyorum<br \/> Anam\u0131n karn\u0131ndayd\u0131m daha<br \/> Kentlere ta\u015f\u0131d\u0131\u011f\u0131nda beni<br \/> \u00d6l\u00fcnceye dek kalacak bende ormanlar\u0131n so\u011fu\u011fu<\/p>\n<p>Asfalt kentte evimdeyim der demez<br \/> Son gere\u00e7ler elimin alt\u0131nda<br \/> Gazeteler t\u00fct\u00fcn i\u00e7ki<br \/> \u00c7ekingen tembel her neyse memnun<\/p>\n<p>\u0130yi ge\u00e7inirim insanlarla ba\u015f\u0131mda<br \/> T\u00f6releri gere\u011fince melon bir \u015fapka<br \/> Tuhaf bir kokular\u0131 var bu hayvanlar\u0131n derim<br \/> Ald\u0131rma derim ben de onlardan\u0131m<\/p>\n<p>Sabahleyin yan\u0131mda birka\u00e7 kad\u0131n<br \/> Sallant\u0131l\u0131-koltuklar\u0131mda otururum<br \/> Bakar\u0131m onlara ku\u015fkusuz derim ki<br \/> Bayanlar g\u00fcvenmeyin bana sak\u0131n<\/p>\n<p>Geceleyin erkekleri toplar\u0131m \u00e7evreme<br \/> Nas\u0131ls\u0131n\u0131z beyefendi te\u015fekk\u00fcr ederim beyefendi<br \/> beyefendi a\u015fa\u011f\u0131 beyefendi yukar\u0131<br \/> Ayaklar\u0131n\u0131 uzat\u0131rlar masalar\u0131m\u0131n \u00fcst\u00fcne<br \/> \u0130yi olacak i\u015fler derler bense<br \/> Sormam onlara ne zaman<\/p>\n<p>Tan a\u011far\u0131rken \u00e7amlar i\u015fler ortal\u0131\u011fa<br \/> Ba\u015flar c\u0131v\u0131ldama\u011fa ku\u015flar pireler i\u00e7inde<br \/> \u0130\u015fte o zaman bo\u015falt\u0131r\u0131m kadehimi kentte atar\u0131m<br \/> \u0130zmaritimi uyurum kayg\u0131l\u0131 bo\u011funlutu<\/p>\n<p>Biz soysuzlar kapand\u0131k kald\u0131k<br \/> Y\u0131k\u0131lmaz sand\u0131\u011f\u0131m\u0131z evlere<br \/> (Manhattan adas\u0131nda y\u00fcksek yap\u0131lar\u0131 da bu ama\u00e7la kurduk<br \/> Kurduk Atlant\u0131k \u00fczerinde s\u00f6yle\u015fen ince antenleri de)<\/p>\n<p>Yel \u00fcf\u00fcr\u00fcp su g\u00f6t\u00fcrecek bu kentleri<br \/> Sevi\u00e7li k\u0131l\u0131yor ev yiyiciyi yiyici bo\u015faltmak<br \/> istiyor onu<br \/> Biliyorum biz ge\u00e7ici oldu\u011fumuzu<br \/> Adam sen de s\u00f6z\u00fcm\u00fcz bile edilme\u011fe de\u011fmez<\/p>\n<p>Yer sals\u0131ld\u0131\u011f\u0131 g\u00fcn<br \/> Virjinya\u00b4lar\u0131n\u0131 b\u0131rakm\u0131yaca\u011f\u0131m\u0131 onlar\u0131 ac\u0131<br \/> bulamayaca\u011f\u0131m\u0131 umar\u0131m<br \/> Ben Bertolt Brecht asfalt kentlerde \u00e7uvallam\u0131\u015f<br \/> Eskiden kara ormanlardan gelmi\u015fim anam\u0131n<br \/> karn\u0131nda<\/p>\n<p>Bertolt BRECTH<\/p>\n","protected":false},"excerpt":{"rendered":"<p>\u00a0 Ben Bertolt Brecht kara ormanlardan geliyorum Anam\u0131n karn\u0131ndayd\u0131m daha Kentlere ta\u015f\u0131d\u0131\u011f\u0131nda beni \u00d6l\u00fcnceye dek kalacak bende ormanlar\u0131n so\u011fu\u011fu Asfalt kentte evimdeyim der demez Son gere\u00e7ler elimin alt\u0131nda Gazeteler t\u00fct\u00fcn i\u00e7ki \u00c7ekingen tembel her neyse memnun \u0130yi ge\u00e7inirim insanlarla ba\u015f\u0131mda T\u00f6releri gere\u011fince melon bir \u015fapka Tuhaf bir kokular\u0131 var bu hayvanlar\u0131n derim Ald\u0131rma derim ben [&hellip;]<\/p>\n","protected":false},"author":1,"featured_media":0,"comment_status":"open","ping_status":"open","sticky":false,"template":"","format":"standard","meta":{"footnotes":""},"categories":[14],"tags":[],"class_list":{"0":"post-1266","1":"post","2":"type-post","3":"status-publish","4":"format-standard","6":"category-bertolt-brecth"},"yoast_head":"<!-- This site is optimized with the Yoast SEO Premium plugin v24.9 (Yoast SEO v24.9) - https:\/\/yoast.com\/wordpress\/plugins\/seo\/ -->\n<title>ZAVALLI B.B. - narteks.net<\/title>\n<meta name=\"robots\" content=\"index, follow, max-snippet:-1, max-image-preview:large, max-video-preview:-1\" \/>\n<link rel=\"canonical\" href=\"https:\/\/narteks.net\/index.php\/2009\/11\/06\/zavalli-bb\/\" \/>\n<meta property=\"og:locale\" content=\"tr_TR\" \/>\n<meta property=\"og:type\" content=\"article\" \/>\n<meta property=\"og:title\" content=\"ZAVALLI B.B.\" \/>\n<meta property=\"og:description\" content=\"\u00a0 Ben Bertolt Brecht kara ormanlardan geliyorum Anam\u0131n karn\u0131ndayd\u0131m daha Kentlere ta\u015f\u0131d\u0131\u011f\u0131nda beni \u00d6l\u00fcnceye dek kalacak bende ormanlar\u0131n so\u011fu\u011fu Asfalt kentte evimdeyim der demez Son gere\u00e7ler elimin alt\u0131nda Gazeteler t\u00fct\u00fcn i\u00e7ki \u00c7ekingen tembel her neyse memnun \u0130yi ge\u00e7inirim insanlarla ba\u015f\u0131mda T\u00f6releri gere\u011fince melon bir \u015fapka Tuhaf bir kokular\u0131 var bu hayvanlar\u0131n derim Ald\u0131rma derim ben [&hellip;]\" \/>\n<meta property=\"og:url\" content=\"https:\/\/narteks.net\/index.php\/2009\/11\/06\/zavalli-bb\/\" \/>\n<meta property=\"og:site_name\" content=\"narteks.net\" \/>\n<meta property=\"article:published_time\" content=\"2009-11-06T09:06:36+00:00\" \/>\n<meta property=\"og:image\" content=\"https:\/\/narteks.net\/wp-content\/uploads\/narteks.png\" \/>\n\t<meta property=\"og:image:width\" content=\"300\" \/>\n\t<meta property=\"og:image:height\" content=\"90\" \/>\n\t<meta property=\"og:image:type\" content=\"image\/png\" \/>\n<meta name=\"author\" content=\"Tar\u0131k\" \/>\n<meta name=\"twitter:card\" content=\"summary_large_image\" \/>\n<meta name=\"twitter:creator\" content=\"@narteks\" \/>\n<meta name=\"twitter:site\" content=\"@narteks\" \/>\n<meta name=\"twitter:label1\" content=\"Yazan:\" \/>\n\t<meta name=\"twitter:data1\" content=\"Tar\u0131k\" \/>\n\t<meta name=\"twitter:label2\" content=\"Tahmini okuma s\u00fcresi\" \/>\n\t<meta name=\"twitter:data2\" content=\"1 dakika\" \/>\n<script type=\"application\/ld+json\" class=\"yoast-schema-graph\">{\"@context\":\"https:\/\/schema.org\",\"@graph\":[{\"@type\":\"Article\",\"@id\":\"https:\/\/narteks.net\/index.php\/2009\/11\/06\/zavalli-bb\/#article\",\"isPartOf\":{\"@id\":\"https:\/\/narteks.net\/index.php\/2009\/11\/06\/zavalli-bb\/\"},\"author\":{\"name\":\"Tar\u0131k\",\"@id\":\"https:\/\/narteks.net\/#\/schema\/person\/61f37d9834294b72d31d274e7ed79bca\"},\"headline\":\"ZAVALLI B.B.\",\"datePublished\":\"2009-11-06T09:06:36+00:00\",\"mainEntityOfPage\":{\"@id\":\"https:\/\/narteks.net\/index.php\/2009\/11\/06\/zavalli-bb\/\"},\"wordCount\":290,\"commentCount\":0,\"publisher\":{\"@id\":\"https:\/\/narteks.net\/#organization\"},\"articleSection\":[\"Bertolt BRECTH\"],\"inLanguage\":\"tr\",\"potentialAction\":[{\"@type\":\"CommentAction\",\"name\":\"Comment\",\"target\":[\"https:\/\/narteks.net\/index.php\/2009\/11\/06\/zavalli-bb\/#respond\"]}]},{\"@type\":\"WebPage\",\"@id\":\"https:\/\/narteks.net\/index.php\/2009\/11\/06\/zavalli-bb\/\",\"url\":\"https:\/\/narteks.net\/index.php\/2009\/11\/06\/zavalli-bb\/\",\"name\":\"ZAVALLI B.B. - narteks.net\",\"isPartOf\":{\"@id\":\"https:\/\/narteks.net\/#website\"},\"datePublished\":\"2009-11-06T09:06:36+00:00\",\"breadcrumb\":{\"@id\":\"https:\/\/narteks.net\/index.php\/2009\/11\/06\/zavalli-bb\/#breadcrumb\"},\"inLanguage\":\"tr\",\"potentialAction\":[{\"@type\":\"ReadAction\",\"target\":[\"https:\/\/narteks.net\/index.php\/2009\/11\/06\/zavalli-bb\/\"]}]},{\"@type\":\"BreadcrumbList\",\"@id\":\"https:\/\/narteks.net\/index.php\/2009\/11\/06\/zavalli-bb\/#breadcrumb\",\"itemListElement\":[{\"@type\":\"ListItem\",\"position\":1,\"name\":\"Anasayfa\",\"item\":\"https:\/\/narteks.net\/\"},{\"@type\":\"ListItem\",\"position\":2,\"name\":\"ZAVALLI B.B.\"}]},{\"@type\":\"WebSite\",\"@id\":\"https:\/\/narteks.net\/#website\",\"url\":\"https:\/\/narteks.net\/\",\"name\":\"narteks.net\",\"description\":\"K\u00fclt\u00fcr Sanat Edebiyat Felsefe\",\"publisher\":{\"@id\":\"https:\/\/narteks.net\/#organization\"},\"alternateName\":\"K\u00fclt\u00fcr Sanat Edebiyat Felsefe\",\"potentialAction\":[{\"@type\":\"SearchAction\",\"target\":{\"@type\":\"EntryPoint\",\"urlTemplate\":\"https:\/\/narteks.net\/?s={search_term_string}\"},\"query-input\":{\"@type\":\"PropertyValueSpecification\",\"valueRequired\":true,\"valueName\":\"search_term_string\"}}],\"inLanguage\":\"tr\"},{\"@type\":\"Organization\",\"@id\":\"https:\/\/narteks.net\/#organization\",\"name\":\"narteks.net\",\"url\":\"https:\/\/narteks.net\/\",\"logo\":{\"@type\":\"ImageObject\",\"inLanguage\":\"tr\",\"@id\":\"https:\/\/narteks.net\/#\/schema\/logo\/image\/\",\"url\":\"https:\/\/narteks.net\/wp-content\/uploads\/narteks.png\",\"contentUrl\":\"https:\/\/narteks.net\/wp-content\/uploads\/narteks.png\",\"width\":300,\"height\":90,\"caption\":\"narteks.net\"},\"image\":{\"@id\":\"https:\/\/narteks.net\/#\/schema\/logo\/image\/\"},\"sameAs\":[\"https:\/\/x.com\/narteks\",\"https:\/\/instagram.com\/narteksnet\"]},{\"@type\":\"Person\",\"@id\":\"https:\/\/narteks.net\/#\/schema\/person\/61f37d9834294b72d31d274e7ed79bca\",\"name\":\"Tar\u0131k\",\"image\":{\"@type\":\"ImageObject\",\"inLanguage\":\"tr\",\"@id\":\"https:\/\/narteks.net\/#\/schema\/person\/image\/\",\"url\":\"https:\/\/secure.gravatar.com\/avatar\/50865afb55632c4ae467e0af0930f6510aa2297d8014be502a55b14f3b7550cf?s=96&d=mm&r=g\",\"contentUrl\":\"https:\/\/secure.gravatar.com\/avatar\/50865afb55632c4ae467e0af0930f6510aa2297d8014be502a55b14f3b7550cf?s=96&d=mm&r=g\",\"caption\":\"Tar\u0131k\"},\"sameAs\":[\"http:\/\/narteks.net\"],\"url\":\"https:\/\/narteks.net\/index.php\/author\/narbak\/\"}]}<\/script>\n<!-- \/ Yoast SEO Premium plugin. -->","yoast_head_json":{"title":"ZAVALLI B.B. - narteks.net","robots":{"index":"index","follow":"follow","max-snippet":"max-snippet:-1","max-image-preview":"max-image-preview:large","max-video-preview":"max-video-preview:-1"},"canonical":"https:\/\/narteks.net\/index.php\/2009\/11\/06\/zavalli-bb\/","og_locale":"tr_TR","og_type":"article","og_title":"ZAVALLI B.B.","og_description":"\u00a0 Ben Bertolt Brecht kara ormanlardan geliyorum Anam\u0131n karn\u0131ndayd\u0131m daha Kentlere ta\u015f\u0131d\u0131\u011f\u0131nda beni \u00d6l\u00fcnceye dek kalacak bende ormanlar\u0131n so\u011fu\u011fu Asfalt kentte evimdeyim der demez Son gere\u00e7ler elimin alt\u0131nda Gazeteler t\u00fct\u00fcn i\u00e7ki \u00c7ekingen tembel her neyse memnun \u0130yi ge\u00e7inirim insanlarla ba\u015f\u0131mda T\u00f6releri gere\u011fince melon bir \u015fapka Tuhaf bir kokular\u0131 var bu hayvanlar\u0131n derim Ald\u0131rma derim ben [&hellip;]","og_url":"https:\/\/narteks.net\/index.php\/2009\/11\/06\/zavalli-bb\/","og_site_name":"narteks.net","article_published_time":"2009-11-06T09:06:36+00:00","og_image":[{"width":300,"height":90,"url":"https:\/\/narteks.net\/wp-content\/uploads\/narteks.png","type":"image\/png"}],"author":"Tar\u0131k","twitter_card":"summary_large_image","twitter_creator":"@narteks","twitter_site":"@narteks","twitter_misc":{"Yazan:":"Tar\u0131k","Tahmini okuma s\u00fcresi":"1 dakika"},"schema":{"@context":"https:\/\/schema.org","@graph":[{"@type":"Article","@id":"https:\/\/narteks.net\/index.php\/2009\/11\/06\/zavalli-bb\/#article","isPartOf":{"@id":"https:\/\/narteks.net\/index.php\/2009\/11\/06\/zavalli-bb\/"},"author":{"name":"Tar\u0131k","@id":"https:\/\/narteks.net\/#\/schema\/person\/61f37d9834294b72d31d274e7ed79bca"},"headline":"ZAVALLI B.B.","datePublished":"2009-11-06T09:06:36+00:00","mainEntityOfPage":{"@id":"https:\/\/narteks.net\/index.php\/2009\/11\/06\/zavalli-bb\/"},"wordCount":290,"commentCount":0,"publisher":{"@id":"https:\/\/narteks.net\/#organization"},"articleSection":["Bertolt BRECTH"],"inLanguage":"tr","potentialAction":[{"@type":"CommentAction","name":"Comment","target":["https:\/\/narteks.net\/index.php\/2009\/11\/06\/zavalli-bb\/#respond"]}]},{"@type":"WebPage","@id":"https:\/\/narteks.net\/index.php\/2009\/11\/06\/zavalli-bb\/","url":"https:\/\/narteks.net\/index.php\/2009\/11\/06\/zavalli-bb\/","name":"ZAVALLI B.B. - narteks.net","isPartOf":{"@id":"https:\/\/narteks.net\/#website"},"datePublished":"2009-11-06T09:06:36+00:00","breadcrumb":{"@id":"https:\/\/narteks.net\/index.php\/2009\/11\/06\/zavalli-bb\/#breadcrumb"},"inLanguage":"tr","potentialAction":[{"@type":"ReadAction","target":["https:\/\/narteks.net\/index.php\/2009\/11\/06\/zavalli-bb\/"]}]},{"@type":"BreadcrumbList","@id":"https:\/\/narteks.net\/index.php\/2009\/11\/06\/zavalli-bb\/#breadcrumb","itemListElement":[{"@type":"ListItem","position":1,"name":"Anasayfa","item":"https:\/\/narteks.net\/"},{"@type":"ListItem","position":2,"name":"ZAVALLI B.B."}]},{"@type":"WebSite","@id":"https:\/\/narteks.net\/#website","url":"https:\/\/narteks.net\/","name":"narteks.net","description":"K\u00fclt\u00fcr Sanat Edebiyat Felsefe","publisher":{"@id":"https:\/\/narteks.net\/#organization"},"alternateName":"K\u00fclt\u00fcr Sanat Edebiyat Felsefe","potentialAction":[{"@type":"SearchAction","target":{"@type":"EntryPoint","urlTemplate":"https:\/\/narteks.net\/?s={search_term_string}"},"query-input":{"@type":"PropertyValueSpecification","valueRequired":true,"valueName":"search_term_string"}}],"inLanguage":"tr"},{"@type":"Organization","@id":"https:\/\/narteks.net\/#organization","name":"narteks.net","url":"https:\/\/narteks.net\/","logo":{"@type":"ImageObject","inLanguage":"tr","@id":"https:\/\/narteks.net\/#\/schema\/logo\/image\/","url":"https:\/\/narteks.net\/wp-content\/uploads\/narteks.png","contentUrl":"https:\/\/narteks.net\/wp-content\/uploads\/narteks.png","width":300,"height":90,"caption":"narteks.net"},"image":{"@id":"https:\/\/narteks.net\/#\/schema\/logo\/image\/"},"sameAs":["https:\/\/x.com\/narteks","https:\/\/instagram.com\/narteksnet"]},{"@type":"Person","@id":"https:\/\/narteks.net\/#\/schema\/person\/61f37d9834294b72d31d274e7ed79bca","name":"Tar\u0131k","image":{"@type":"ImageObject","inLanguage":"tr","@id":"https:\/\/narteks.net\/#\/schema\/person\/image\/","url":"https:\/\/secure.gravatar.com\/avatar\/50865afb55632c4ae467e0af0930f6510aa2297d8014be502a55b14f3b7550cf?s=96&d=mm&r=g","contentUrl":"https:\/\/secure.gravatar.com\/avatar\/50865afb55632c4ae467e0af0930f6510aa2297d8014be502a55b14f3b7550cf?s=96&d=mm&r=g","caption":"Tar\u0131k"},"sameAs":["http:\/\/narteks.net"],"url":"https:\/\/narteks.net\/index.php\/author\/narbak\/"}]}},"_links":{"self":[{"href":"https:\/\/narteks.net\/index.php\/wp-json\/wp\/v2\/posts\/1266","targetHints":{"allow":["GET"]}}],"collection":[{"href":"https:\/\/narteks.net\/index.php\/wp-json\/wp\/v2\/posts"}],"about":[{"href":"https:\/\/narteks.net\/index.php\/wp-json\/wp\/v2\/types\/post"}],"author":[{"embeddable":true,"href":"https:\/\/narteks.net\/index.php\/wp-json\/wp\/v2\/users\/1"}],"replies":[{"embeddable":true,"href":"https:\/\/narteks.net\/index.php\/wp-json\/wp\/v2\/comments?post=1266"}],"version-history":[{"count":0,"href":"https:\/\/narteks.net\/index.php\/wp-json\/wp\/v2\/posts\/1266\/revisions"}],"wp:attachment":[{"href":"https:\/\/narteks.net\/index.php\/wp-json\/wp\/v2\/media?parent=1266"}],"wp:term":[{"taxonomy":"category","embeddable":true,"href":"https:\/\/narteks.net\/index.php\/wp-json\/wp\/v2\/categories?post=1266"},{"taxonomy":"post_tag","embeddable":true,"href":"https:\/\/narteks.net\/index.php\/wp-json\/wp\/v2\/tags?post=1266"}],"curies":[{"name":"wp","href":"https:\/\/api.w.org\/{rel}","templated":true}]}}