{"id":1267,"date":"2009-11-06T12:33:10","date_gmt":"2009-11-06T09:33:10","guid":{"rendered":"http:\/\/localhost\/wordpress\/2009\/11\/06\/federico-garcia-lorca-biyografisi\/"},"modified":"2009-11-06T12:33:10","modified_gmt":"2009-11-06T09:33:10","slug":"federico-garcia-lorca-biyografisi","status":"publish","type":"post","link":"https:\/\/narteks.net\/index.php\/2009\/11\/06\/federico-garcia-lorca-biyografisi\/","title":{"rendered":"Federico Garc\u00eda Lorca Biyografisi"},"content":{"rendered":"<p><img loading=\"lazy\" decoding=\"async\" src=\"http:\/\/2.bp.blogspot.com\/_fXVntyZp2sc\/TTwbfga10bI\/AAAAAAAAAJw\/khD9aLOl818\/s1600\/Garcia-Lorca.jpg\" border=\"0\" width=\"155\" height=\"205\" \/><\/p>\n<p style=\"text-align: justify;\">Federico Garc\u00eda Lorca (5 Haziran 1898 \u2013 19 A\u011fustos 1936) \u0130spanyol \u015fair ve oyun yazar\u0131, ayn\u0131 zamanda ressam, piyanist ve bestecidir. 27 ku\u015fa\u011f\u0131n\u0131n (&#8220;Generaci\u00f3n del 27&#8221;) sembol \u00fcyelerinden birisidir. \u0130spanya \u0130\u00e7 Sava\u015f\u0131&#8217;n\u0131n ba\u015flang\u0131c\u0131nda 38 ya\u015f\u0131nda iken milliyet\u00e7i partizanlar taraf\u0131ndan \u00f6ld\u00fcr\u00fclm\u00fc\u015ft\u00fcr.<br \/>Ya\u015fam\u0131<\/p>\n<p>1898 y\u0131l\u0131nda, \u0130spanya&#8217;n\u0131n Granada b\u00f6lgesindeki Fuente Vaqueros kentinde do\u011fan \u0130spanyol \u015fair Lorca, y\u00fczy\u0131l\u0131n\u0131n en b\u00fcy\u00fck iki \u0130spanyol \u015fairinden biri olarak kabul edilir. Lorca&#8217;n\u0131n ba\u015far\u0131s\u0131nda \u00e7ocuklu\u011funun b\u00fcy\u00fck pay\u0131 vard\u0131r. Granada&#8217;n\u0131n Fuentevaqueros kasabas\u0131nda, varl\u0131kl\u0131 bir ailenin \u00e7ocu\u011fu olarak d\u00fcnyaya gelen Lorca&#8217;n\u0131n babas\u0131 ate\u015fli, canl\u0131, ne\u015feli bir adam; annesi ise sessiz ve a\u011f\u0131rba\u015fl\u0131 bir kad\u0131nd\u0131. 1928&#8217;de yazd\u0131\u011f\u0131 Romancero gitano (\u00c7ingene Balad\u0131) ile \u00fcn kazanan Lorca, Salvador Dali ile birlikte \u0130spanya&#8217;n\u0131n \u00e7a\u011fda\u015fla\u015fmas\u0131 i\u00e7in \u00e7al\u0131\u015fan sanat adamlar\u0131ndan birisi olarak kar\u015f\u0131m\u0131za \u00e7\u0131kmaktad\u0131r.<\/p>\n<p>\u015eiirde, politikada ve ahlak anlay\u0131\u015f\u0131nda modernli\u011fin savunucusu olan Lorca, e\u015fcinsel tercihi nedeniyle Katolik Kilisesi ile aras\u0131n\u0131n a\u00e7\u0131lmas\u0131na neden olur. 1918&#8217;de, burjuva s\u0131n\u0131f\u0131n\u0131, yery\u00fcz\u00fcn\u00fc \u015fiirle doldurmu\u015f olan \u0130sa&#8217;y\u0131 katletmekle su\u00e7layan Lorca, ge\u00e7ti\u011fimiz g\u00fcnlerde gelmi\u015f ge\u00e7mi\u015f en ba\u015far\u0131l\u0131 edebiyat eseri se\u00e7ilen Cervantes&#8217;in Don Quixote (Don Ki\u015fot)&#8217;u bir \u0130sa fig\u00fcr\u00fc olarak ele alanlara kat\u0131l\u0131r. \u015eair kavram\u0131n\u0131 ac\u0131lar \u00e7ekmesi gereken bir kimse ile \u00f6zde\u015fle\u015ftiren Lorca, \u0130sa&#8217;n\u0131n hem katledili\u015fini k\u0131nar, hem de kan\u0131n\u0131n akmas\u0131 gerekti\u011fini ifade eder.<\/p>\n<p>&#8220;New York&#8217;ta Bir \u015eair&#8221; adl\u0131 eserinde Manhattan&#8217;\u0131, cesede doymayan bir mezbahaya benzeten Lorca, &#8220;hayvanlar\u0131n can \u00e7eki\u015fenler i\u00e7in \u00f6ld\u00fcr\u00fcl\u00fc\u015f\u00fcn\u00fc&#8221; kaleme alarak kafas\u0131ndaki bat\u0131 anlay\u0131\u015f\u0131na y\u00f6nelik ele\u015ftirel yakla\u015f\u0131mlar\u0131n\u0131 g\u00f6z \u00f6n\u00fcne serer. Lorca ve &#8220;Deli&#8221; lakapl\u0131 Salvador Dali, v\u00fccuduna saplanan oklar ile tasvir edilen Katolik Ermi\u015fi Aziz Sebastian&#8217;\u0131 Aziz Yans\u0131zl\u0131k olarak yap\u0131tlar\u0131nda tasvir ederler. Dostlar\u0131nca apolitik bir sanat\u00e7\u0131 olarak nitelenen ve herhangi bir g\u00f6r\u00fc\u015fe organik ba\u011flarla ba\u011flanmayan Lorca, yazd\u0131\u011f\u0131 Yerma ve Bernarda Alba&#8217;n\u0131n Evi isimli oyunlarda ise Katolik Kilisesi, y\u00fckselen Nazizm ve milliyet\u00e7ilik ak\u0131mlar\u0131na kar\u015f\u0131 olan tutumunu yans\u0131tt\u0131. Giyim ku\u015fam\u0131nda ve evinin dekorasyonunda \u00f6l\u00fcm ile \u00f6zde\u015fle\u015ftirdi\u011fi beyaz rengi tercih eden \u015fair, burjuva tarz\u0131 zevkler ve milliyet\u00e7ilik ile \u00e7at\u0131\u015fan \u00e7al\u0131\u015fmalar yapmakta ve Franco&#8217;cular\u0131 masumiyeti katletmekle su\u00e7lamaktayd\u0131.<\/p>\n<p>\u015eiirlerinin yan\u0131s\u0131ra tiyatro i\u00e7in yazd\u0131\u011f\u0131 ve sahneledi\u011fi oyunlarla da \u00fcnlenen Lorca, eserlerinde hastal\u0131k hastal\u0131\u011f\u0131n\u0131 ve \u00f6l\u00fcm\u00fc \u00fczerine senaryolar\u0131n\u0131 Kanl\u0131 D\u00fc\u011f\u00fcn (Blood Wedding, 1935), Yerma (1937) ve \u015fiirlerinde ba\u015far\u0131 ile yans\u0131tm\u0131\u015f; \u00f6l\u00fcm &#8211; ya\u015fam, verimlilik &#8211; k\u0131s\u0131rl\u0131k gibi \u00e7eli\u015fkiler aras\u0131ndaki ini\u015fli \u00e7\u0131k\u0131\u015fl\u0131 \u00e7izgiyi ba\u015far\u0131 ile yakalam\u0131\u015ft\u0131r.<\/p>\n<p>19 A\u011fustos 1936&#8217;da do\u011fdu\u011fu y\u00f6rede Franco&#8217;nun adamlar\u0131 taraf\u0131ndan \u00f6ld\u00fcr\u00fclen Lorca, uluslararas\u0131 camiada &#8211; \u00f6zellikle de bir d\u00f6nem ya\u015fad\u0131\u011f\u0131 Arjantin&#8217;de olduk\u00e7a b\u00fcy\u00fck bir yas ve \u00f6ld\u00fcr\u00fcl\u00fc\u015f\u00fcne duyulan tepki ile &#8211; alan\u0131nda idolle\u015fmi\u015f, sayg\u0131n fakat marjinal bir edebiyat adam\u0131 olarak hat\u0131rlanmaktad\u0131r.<\/p>\n<p>Eserlerinin d\u00fcnya \u00e7ap\u0131nda tan\u0131nmas\u0131n\u0131n sebebi Lorca&#8217;n\u0131n geleneksel \u0130spanyol k\u00fclt\u00fcr\u00fc ile \u00e7a\u011fda\u015f ya\u015fam\u0131n sorunlar\u0131n\u0131 i\u00e7tenlikle i\u015flemi\u015f olmas\u0131d\u0131r. \u015eiirlerindeki ya\u015fama co\u015fkusunu, do\u011fa sevgisini, h\u00fcz\u00fcn dolu duygular\u0131 her insan tan\u0131r ve kendine yak\u0131n bulur.<\/p>\n<p>Lorca&#8217;n\u0131n sade ve derinlikli \u015fiirleri, geni\u015f kitlelerce kabul g\u00f6rm\u00fc\u015ft\u00fcr. S\u00fcrrealist bir ressam olan Salvador Dali ve y\u00f6netmen Luis Bunuel &#8216;in yak\u0131n arkada\u015f\u0131d\u0131r.<\/p>\n<p><strong>Eserleri<\/strong><\/p>\n<p>\u015eiir<\/p>\n<p> * Impresiones y paisajes (Impressions and Landscapes, 1918)<br \/> * Poema del cante jondo (Poem of Deep Song, 1921)<br \/> * Libro de poemas Book of Poem, 1921)<br \/> * Oda a Salvador Dali (Ode to Salvador Dal\u00ed, 1926)<br \/> * Canci\u00f3n de jinete (Songs, 1927)<br \/> * Primer romancero gitano (Gypsy Ballads, 1928)<br \/> * Poeta en Nueva York (A Poet in New York, )<br \/> * Llanto por Ignacio S\u00e1nchez Mej\u00edas (Lament for Ignacio S\u00e1nchez Mej\u00edas, 1935)<br \/> * Seis poemas gallegos (Six Galician poems, 1935)<br \/> * Div\u00e1n del Tamarit (The Div\u00e1n of Tamarit, 1936)<br \/> * Sonetos del amor oscuro (Sonnets of Dark Love, 1936)<br \/> * Primeras canciones (First Songs, 1936)<\/p>\n<p>Tiyatro<\/p>\n<p> * El maleficio de la mariposa (The Butterfly&#8217;s Evil Spell, 1919-1920)<br \/> * Los T\u00edteres de Cachiporra (The Billy-Club Puppets, 1922-1925)<br \/> * Mariana Pineda (1923-1925)<br \/> * La zapatera prodigiosa (The Shoemaker&#8217;s Prodigious Wife, 1926-1930)<br \/> * Amor de Don Perlimpl\u00edn con Belisa en su jard\u00edn (The Love of Don Perlimpl\u00edn, 1928-1933)<br \/> * El p\u00fablico (The Public, 1929-1930)<br \/> * As\u00ed que pasen cinco a\u00f1os (When Five Years Pass, 1931)<br \/> * Retablillo de Don Crist\u00f3bal (The Puppet Play of Don Crist\u00f3bal, 1931)<br \/> * Bodas de Sangre (Blood Wedding, 1932) (Kanl\u0131 D\u00fc\u011f\u00fcn)<br \/> * Yerma (1934)<br \/> * Do\u00f1a Rosita la soltera (Do\u00f1a Rosita the Spinster, 1935)<br \/> * Comedia sin t\u00edtulo (Play Without a Title, 1935) (yar\u0131m)<br \/> * La casa de Bernarda (The House of Bernarda Alba, 19 Haziran 1936)<\/p>\n<p>K\u0131sa Oyunlar<\/p>\n<p> * El paseo de Buster Keaton (Buster Keaton goes for a stroll, 1928)<br \/> * La doncella, el marinero y el estudiante (The Maiden, The Sailor and The Student, 1928)<br \/> * Quimera (Dream, 1928)<\/p>\n<p>Senaryo<\/p>\n<p> * Viaje a la luna (Trip to the Moon, 1929)<\/p>\n<p>Sinema ve televizyonda Lorca<\/p>\n<p> * 1. Los Abajo firmantes (With George Bush on My Mind) (2003) (Lorca&#8217;n\u0131n oyunundan sinemaya)<br \/> * 2. Lorca, Santiago y seis poemas gallegos (1999) K\u0131sa film (\u015eiirlerinden sinemaya)<br \/> * 3. Yerma (1998) (oyundan sinemaya) \u0130spanyol yap\u0131m\u0131.<br \/> * 4. Viaje a la luna (1998) (yazar) \u0130spanyol yap\u0131m\u0131 k\u0131sa film.<br \/> * 5. &#8220;Funci\u00f3n de noche&#8221; (La zapatera prodigiosa) (1 episode, 1996) TV episode (oyundan TV&#8217;ye)<br \/> * 6. Zapatera prodigiosa, La (1995) (TV) (oyundan sinemaya)<br \/> * 7. Bernarda Albas Haus (1994) (TV) (play &#8220;The House of Bernarda Alba&#8221;)<br \/> * 8. Barraca. Lorca sobre los caminos de Espa\u00f1a, La (1994) (TV) (plays)<br \/> * 9. Blind Grace (1993) (opening poem &#8220;Christmas on the Hudson&#8221;) ABD yap\u0131m\u0131<br \/> * 10. The House of Bernarda Alba (1991) (TV) (oyundan sinemaya)<br \/> * 11. Rukmavati Ki Haveli (Rukvamati&#8217;s Mansion) (1991) (oyundan sinemaya)<br \/> * 12. Casa de Bernarda Alba, La (1987) (oyundan sinemaya)<br \/> * 13. Yerma (1985) (oyundan sinemaya)<br \/> * 14. &#8220;Proceso a Mariana Pineda&#8221; (1984) TV mini-serisi (oyundan sinemaya)<br \/> * 15. Balc\u00f3n abierto, El (1984) (writer)<br \/> * 16. Dona Rozita (1984) (TV) (oyundan sinemaya)<br \/> * 17. &#8220;Estudio 1&#8221; (1. b\u00f6l\u00fcm, 1983) &#8211; Mariana Pineda (1983) TV episode (oyundan sinemaya)<br \/> * 18. Casa de Bernarda Alba, La (1982) (oyundan sinemaya)<br \/> * 19. Debi Tskvdiadshi (La Casa de Bernarda Alba) (1982) (SSCB TV) (oyundan TV&#8217;ye)<br \/> * 20. Bodas de Sangre (1981) (oyundan sinemaya)<br \/> * 21. Yerma (1978) (TV) (oyundan TV&#8217;ye)<br \/> * 22. &#8220;Play for Today&#8221; (1. b\u00f6l\u00fcm, 1976) &#8211; The House of Bernarda Alba (1976) dizi b\u00f6l\u00fcm\u00fc (oyundan TV&#8217;ye)<br \/> * 23. Noces de sang (1976) (oyundan sinemaya)<br \/> * 24. Casa de Bernarda Alba, La (1974) (TV) (oyundan TV&#8217;ye)<br \/> * 25. &#8220;Zen\u00e9s TV sz\u00ednh\u00e1z&#8221; (Bodas de Sangre) (1 episode, 1974)- V\u00e9rn\u00e1sz (1974) dizi b\u00f6l\u00fcm\u00fc<br \/> * 26. Yerma (1974) (TV) (oyundan TV&#8217;ye)<br \/> * 27. Fr\u00f8ken Rosita &#8211; Blomsternes sprog (1970) (Danimarka TV) (oyundan TV&#8217;ye)<br \/> * 28. Don Christobal of de klucht met de knuppel (1969) (TV) (oyundan sinemaya)<br \/> * 29. Fr\u00f8ken Rosita (1969) (TV) (oyundan sinemaya)<br \/> * 30. Zorongo (Recordando a Garc\u00eda Lorca) (1969) (\u015fiir)<br \/> * 31. Don Christobal og Rosita (1967) (TV) (oyundan TV&#8217;ye)<br \/> * 32. Don Perlimplins k\u00e6rlighed til Belisa (1966) (TV) (oyundan TV&#8217;ye)<br \/> * 33. Yerma (1966) (TV) (writer)<br \/> * 34. Yerma (1965) (TV) (oyundan TV&#8217;ye)<br \/> * 35. Mariana Pineda (1965) (TV) (oyundan TV&#8217;ye)<br \/> * 36. Blodsbr\u00f6llop (1965) (TV) (yazar)<br \/> * 37. Do\u00f1a Rosita, la soltera (1965) (oyundan TV&#8217;ye)<br \/> * 38. Bernardas hus (1964) (TV) (Oyun &#8220;La Casa de Bernarda Alba&#8221;)<br \/> * 39. Huis van Bernarda Alba, Het (1963) (TV) (oyundan TV&#8217;ye)<br \/> * 40. Nozze di sangue (1963) (TV) (oyundan TV&#8217;ye)<br \/> * 41. Mariana Pineda (1963) (TV) (oyundan TV&#8217;ye)<br \/> * 42. Yerma (1963) (TV) (oyundan TV&#8217;ye)<br \/> * 43. Cogida y la muerte, La (1963) (\u015fiir &#8220;Llanto por la muerte&#8230;&#8221;)<br \/> * 44. Thamar en Amnon (1962) (\u015fiir &#8220;Thamar y Amn\u00f3n&#8221;)<br \/> * 45. Jerma (1961) (TV) (yazar)<br \/> * 46. Fr\u00f6ken Rosita (1960) (TV) (oyundan TV&#8217;ye)<br \/> * 47. &#8220;Play of the Week&#8221; (1 episode, 1960) &#8211; The House of Bernarda Alba (1960) dizi b\u00f6l\u00fcm\u00fc (oyundan TV&#8217;ye)<br \/> * 48. &#8220;ITV Play of the Week&#8221; (1 episode, 1960)- The House of Bernarda Alba (1960) dizi b\u00f6l\u00fcm\u00fc *(oyundan TV&#8217;ye)<br \/> * 49. Treurzang voor Ignacio Sanchez Mejias (1960) (TV) (poem)<br \/> * 50. House of Bernarda Alba (1960) (TV) (oyundan sinemaya)<br \/> * 51. Huis van Bernarda Alba, Het (1959) (TV) (oyundan TV&#8217;ye)<br \/> * 52. &#8220;Armchair Theatre&#8221; (1 b\u00f6l\u00fcm, 1958) &#8211; The House of Bernarda Alba (1960) dizi b\u00f6l\u00fcm\u00fc (oyundan TV&#8217;ye)<br \/> * 53. Bernarda Albas Haus (1957) (TV) (oyundan TV&#8217;ye)<br \/> * 54. Eto nachinalos tak&#8230;(It Began This Way) (1956) (yazar) (as S. Garbuzov)<br \/> * 55. Bodas de sangre (1938) (oyundan sinemaya)<br \/> * 56. A Federico Garc\u00eda Lorca (1937) (\u015fiirler &#8220;La casada infiel&#8221; ve &#8220;Prendimiento de Anto\u00f1ito el Camborio&#8221;) [1]<\/p>\n","protected":false},"excerpt":{"rendered":"<p>Federico Garc\u00eda Lorca (5 Haziran 1898 \u2013 19 A\u011fustos 1936) \u0130spanyol \u015fair ve oyun yazar\u0131, ayn\u0131 zamanda ressam, piyanist ve bestecidir. 27 ku\u015fa\u011f\u0131n\u0131n (&#8220;Generaci\u00f3n del 27&#8221;) sembol \u00fcyelerinden birisidir. \u0130spanya \u0130\u00e7 Sava\u015f\u0131&#8217;n\u0131n ba\u015flang\u0131c\u0131nda 38 ya\u015f\u0131nda iken milliyet\u00e7i partizanlar taraf\u0131ndan \u00f6ld\u00fcr\u00fclm\u00fc\u015ft\u00fcr.Ya\u015fam\u0131 1898 y\u0131l\u0131nda, \u0130spanya&#8217;n\u0131n Granada b\u00f6lgesindeki Fuente Vaqueros kentinde do\u011fan \u0130spanyol \u015fair Lorca, y\u00fczy\u0131l\u0131n\u0131n en b\u00fcy\u00fck [&hellip;]<\/p>\n","protected":false},"author":1,"featured_media":0,"comment_status":"open","ping_status":"open","sticky":false,"template":"","format":"standard","meta":{"footnotes":""},"categories":[66],"tags":[],"class_list":{"0":"post-1267","1":"post","2":"type-post","3":"status-publish","4":"format-standard","6":"category-garcia-lorca"},"yoast_head":"<!-- This site is optimized with the Yoast SEO Premium plugin v24.9 (Yoast SEO v24.9) - https:\/\/yoast.com\/wordpress\/plugins\/seo\/ -->\n<title>Federico Garc\u00eda Lorca Biyografisi - narteks.net<\/title>\n<meta name=\"robots\" content=\"index, follow, max-snippet:-1, max-image-preview:large, max-video-preview:-1\" \/>\n<link rel=\"canonical\" href=\"https:\/\/narteks.net\/index.php\/2009\/11\/06\/federico-garcia-lorca-biyografisi\/\" \/>\n<meta property=\"og:locale\" content=\"tr_TR\" \/>\n<meta property=\"og:type\" content=\"article\" \/>\n<meta property=\"og:title\" content=\"Federico Garc\u00eda Lorca Biyografisi\" \/>\n<meta property=\"og:description\" content=\"Federico Garc\u00eda Lorca (5 Haziran 1898 \u2013 19 A\u011fustos 1936) \u0130spanyol \u015fair ve oyun yazar\u0131, ayn\u0131 zamanda ressam, piyanist ve bestecidir. 27 ku\u015fa\u011f\u0131n\u0131n (&#8220;Generaci\u00f3n del 27&#8221;) sembol \u00fcyelerinden birisidir. \u0130spanya \u0130\u00e7 Sava\u015f\u0131&#8217;n\u0131n ba\u015flang\u0131c\u0131nda 38 ya\u015f\u0131nda iken milliyet\u00e7i partizanlar taraf\u0131ndan \u00f6ld\u00fcr\u00fclm\u00fc\u015ft\u00fcr.Ya\u015fam\u0131 1898 y\u0131l\u0131nda, \u0130spanya&#8217;n\u0131n Granada b\u00f6lgesindeki Fuente Vaqueros kentinde do\u011fan \u0130spanyol \u015fair Lorca, y\u00fczy\u0131l\u0131n\u0131n en b\u00fcy\u00fck [&hellip;]\" \/>\n<meta property=\"og:url\" content=\"https:\/\/narteks.net\/index.php\/2009\/11\/06\/federico-garcia-lorca-biyografisi\/\" \/>\n<meta property=\"og:site_name\" content=\"narteks.net\" \/>\n<meta property=\"article:published_time\" content=\"2009-11-06T09:33:10+00:00\" \/>\n<meta property=\"og:image\" content=\"http:\/\/2.bp.blogspot.com\/_fXVntyZp2sc\/TTwbfga10bI\/AAAAAAAAAJw\/khD9aLOl818\/s1600\/Garcia-Lorca.jpg\" \/>\n<meta name=\"author\" content=\"Tar\u0131k\" \/>\n<meta name=\"twitter:card\" content=\"summary_large_image\" \/>\n<meta name=\"twitter:creator\" content=\"@narteks\" \/>\n<meta name=\"twitter:site\" content=\"@narteks\" \/>\n<meta name=\"twitter:label1\" content=\"Yazan:\" \/>\n\t<meta name=\"twitter:data1\" content=\"Tar\u0131k\" \/>\n\t<meta name=\"twitter:label2\" content=\"Tahmini okuma s\u00fcresi\" \/>\n\t<meta name=\"twitter:data2\" content=\"7 dakika\" \/>\n<script type=\"application\/ld+json\" class=\"yoast-schema-graph\">{\"@context\":\"https:\/\/schema.org\",\"@graph\":[{\"@type\":\"Article\",\"@id\":\"https:\/\/narteks.net\/index.php\/2009\/11\/06\/federico-garcia-lorca-biyografisi\/#article\",\"isPartOf\":{\"@id\":\"https:\/\/narteks.net\/index.php\/2009\/11\/06\/federico-garcia-lorca-biyografisi\/\"},\"author\":{\"name\":\"Tar\u0131k\",\"@id\":\"https:\/\/narteks.net\/#\/schema\/person\/61f37d9834294b72d31d274e7ed79bca\"},\"headline\":\"Federico Garc\u00eda Lorca Biyografisi\",\"datePublished\":\"2009-11-06T09:33:10+00:00\",\"mainEntityOfPage\":{\"@id\":\"https:\/\/narteks.net\/index.php\/2009\/11\/06\/federico-garcia-lorca-biyografisi\/\"},\"wordCount\":1358,\"commentCount\":0,\"publisher\":{\"@id\":\"https:\/\/narteks.net\/#organization\"},\"image\":{\"@id\":\"https:\/\/narteks.net\/index.php\/2009\/11\/06\/federico-garcia-lorca-biyografisi\/#primaryimage\"},\"thumbnailUrl\":\"http:\/\/2.bp.blogspot.com\/_fXVntyZp2sc\/TTwbfga10bI\/AAAAAAAAAJw\/khD9aLOl818\/s1600\/Garcia-Lorca.jpg\",\"articleSection\":[\"Garcia LORCA\"],\"inLanguage\":\"tr\",\"potentialAction\":[{\"@type\":\"CommentAction\",\"name\":\"Comment\",\"target\":[\"https:\/\/narteks.net\/index.php\/2009\/11\/06\/federico-garcia-lorca-biyografisi\/#respond\"]}]},{\"@type\":\"WebPage\",\"@id\":\"https:\/\/narteks.net\/index.php\/2009\/11\/06\/federico-garcia-lorca-biyografisi\/\",\"url\":\"https:\/\/narteks.net\/index.php\/2009\/11\/06\/federico-garcia-lorca-biyografisi\/\",\"name\":\"Federico Garc\u00eda Lorca Biyografisi - narteks.net\",\"isPartOf\":{\"@id\":\"https:\/\/narteks.net\/#website\"},\"primaryImageOfPage\":{\"@id\":\"https:\/\/narteks.net\/index.php\/2009\/11\/06\/federico-garcia-lorca-biyografisi\/#primaryimage\"},\"image\":{\"@id\":\"https:\/\/narteks.net\/index.php\/2009\/11\/06\/federico-garcia-lorca-biyografisi\/#primaryimage\"},\"thumbnailUrl\":\"http:\/\/2.bp.blogspot.com\/_fXVntyZp2sc\/TTwbfga10bI\/AAAAAAAAAJw\/khD9aLOl818\/s1600\/Garcia-Lorca.jpg\",\"datePublished\":\"2009-11-06T09:33:10+00:00\",\"breadcrumb\":{\"@id\":\"https:\/\/narteks.net\/index.php\/2009\/11\/06\/federico-garcia-lorca-biyografisi\/#breadcrumb\"},\"inLanguage\":\"tr\",\"potentialAction\":[{\"@type\":\"ReadAction\",\"target\":[\"https:\/\/narteks.net\/index.php\/2009\/11\/06\/federico-garcia-lorca-biyografisi\/\"]}]},{\"@type\":\"ImageObject\",\"inLanguage\":\"tr\",\"@id\":\"https:\/\/narteks.net\/index.php\/2009\/11\/06\/federico-garcia-lorca-biyografisi\/#primaryimage\",\"url\":\"http:\/\/2.bp.blogspot.com\/_fXVntyZp2sc\/TTwbfga10bI\/AAAAAAAAAJw\/khD9aLOl818\/s1600\/Garcia-Lorca.jpg\",\"contentUrl\":\"http:\/\/2.bp.blogspot.com\/_fXVntyZp2sc\/TTwbfga10bI\/AAAAAAAAAJw\/khD9aLOl818\/s1600\/Garcia-Lorca.jpg\"},{\"@type\":\"BreadcrumbList\",\"@id\":\"https:\/\/narteks.net\/index.php\/2009\/11\/06\/federico-garcia-lorca-biyografisi\/#breadcrumb\",\"itemListElement\":[{\"@type\":\"ListItem\",\"position\":1,\"name\":\"Anasayfa\",\"item\":\"https:\/\/narteks.net\/\"},{\"@type\":\"ListItem\",\"position\":2,\"name\":\"Federico Garc\u00eda Lorca Biyografisi\"}]},{\"@type\":\"WebSite\",\"@id\":\"https:\/\/narteks.net\/#website\",\"url\":\"https:\/\/narteks.net\/\",\"name\":\"narteks.net\",\"description\":\"K\u00fclt\u00fcr Sanat Edebiyat Felsefe\",\"publisher\":{\"@id\":\"https:\/\/narteks.net\/#organization\"},\"alternateName\":\"K\u00fclt\u00fcr Sanat Edebiyat Felsefe\",\"potentialAction\":[{\"@type\":\"SearchAction\",\"target\":{\"@type\":\"EntryPoint\",\"urlTemplate\":\"https:\/\/narteks.net\/?s={search_term_string}\"},\"query-input\":{\"@type\":\"PropertyValueSpecification\",\"valueRequired\":true,\"valueName\":\"search_term_string\"}}],\"inLanguage\":\"tr\"},{\"@type\":\"Organization\",\"@id\":\"https:\/\/narteks.net\/#organization\",\"name\":\"narteks.net\",\"url\":\"https:\/\/narteks.net\/\",\"logo\":{\"@type\":\"ImageObject\",\"inLanguage\":\"tr\",\"@id\":\"https:\/\/narteks.net\/#\/schema\/logo\/image\/\",\"url\":\"https:\/\/narteks.net\/wp-content\/uploads\/narteks.png\",\"contentUrl\":\"https:\/\/narteks.net\/wp-content\/uploads\/narteks.png\",\"width\":300,\"height\":90,\"caption\":\"narteks.net\"},\"image\":{\"@id\":\"https:\/\/narteks.net\/#\/schema\/logo\/image\/\"},\"sameAs\":[\"https:\/\/x.com\/narteks\",\"https:\/\/instagram.com\/narteksnet\"]},{\"@type\":\"Person\",\"@id\":\"https:\/\/narteks.net\/#\/schema\/person\/61f37d9834294b72d31d274e7ed79bca\",\"name\":\"Tar\u0131k\",\"image\":{\"@type\":\"ImageObject\",\"inLanguage\":\"tr\",\"@id\":\"https:\/\/narteks.net\/#\/schema\/person\/image\/\",\"url\":\"https:\/\/secure.gravatar.com\/avatar\/50865afb55632c4ae467e0af0930f6510aa2297d8014be502a55b14f3b7550cf?s=96&d=mm&r=g\",\"contentUrl\":\"https:\/\/secure.gravatar.com\/avatar\/50865afb55632c4ae467e0af0930f6510aa2297d8014be502a55b14f3b7550cf?s=96&d=mm&r=g\",\"caption\":\"Tar\u0131k\"},\"sameAs\":[\"http:\/\/narteks.net\"],\"url\":\"https:\/\/narteks.net\/index.php\/author\/narbak\/\"}]}<\/script>\n<!-- \/ Yoast SEO Premium plugin. -->","yoast_head_json":{"title":"Federico Garc\u00eda Lorca Biyografisi - narteks.net","robots":{"index":"index","follow":"follow","max-snippet":"max-snippet:-1","max-image-preview":"max-image-preview:large","max-video-preview":"max-video-preview:-1"},"canonical":"https:\/\/narteks.net\/index.php\/2009\/11\/06\/federico-garcia-lorca-biyografisi\/","og_locale":"tr_TR","og_type":"article","og_title":"Federico Garc\u00eda Lorca Biyografisi","og_description":"Federico Garc\u00eda Lorca (5 Haziran 1898 \u2013 19 A\u011fustos 1936) \u0130spanyol \u015fair ve oyun yazar\u0131, ayn\u0131 zamanda ressam, piyanist ve bestecidir. 27 ku\u015fa\u011f\u0131n\u0131n (&#8220;Generaci\u00f3n del 27&#8221;) sembol \u00fcyelerinden birisidir. \u0130spanya \u0130\u00e7 Sava\u015f\u0131&#8217;n\u0131n ba\u015flang\u0131c\u0131nda 38 ya\u015f\u0131nda iken milliyet\u00e7i partizanlar taraf\u0131ndan \u00f6ld\u00fcr\u00fclm\u00fc\u015ft\u00fcr.Ya\u015fam\u0131 1898 y\u0131l\u0131nda, \u0130spanya&#8217;n\u0131n Granada b\u00f6lgesindeki Fuente Vaqueros kentinde do\u011fan \u0130spanyol \u015fair Lorca, y\u00fczy\u0131l\u0131n\u0131n en b\u00fcy\u00fck [&hellip;]","og_url":"https:\/\/narteks.net\/index.php\/2009\/11\/06\/federico-garcia-lorca-biyografisi\/","og_site_name":"narteks.net","article_published_time":"2009-11-06T09:33:10+00:00","og_image":[{"url":"http:\/\/2.bp.blogspot.com\/_fXVntyZp2sc\/TTwbfga10bI\/AAAAAAAAAJw\/khD9aLOl818\/s1600\/Garcia-Lorca.jpg","type":"","width":"","height":""}],"author":"Tar\u0131k","twitter_card":"summary_large_image","twitter_creator":"@narteks","twitter_site":"@narteks","twitter_misc":{"Yazan:":"Tar\u0131k","Tahmini okuma s\u00fcresi":"7 dakika"},"schema":{"@context":"https:\/\/schema.org","@graph":[{"@type":"Article","@id":"https:\/\/narteks.net\/index.php\/2009\/11\/06\/federico-garcia-lorca-biyografisi\/#article","isPartOf":{"@id":"https:\/\/narteks.net\/index.php\/2009\/11\/06\/federico-garcia-lorca-biyografisi\/"},"author":{"name":"Tar\u0131k","@id":"https:\/\/narteks.net\/#\/schema\/person\/61f37d9834294b72d31d274e7ed79bca"},"headline":"Federico Garc\u00eda Lorca Biyografisi","datePublished":"2009-11-06T09:33:10+00:00","mainEntityOfPage":{"@id":"https:\/\/narteks.net\/index.php\/2009\/11\/06\/federico-garcia-lorca-biyografisi\/"},"wordCount":1358,"commentCount":0,"publisher":{"@id":"https:\/\/narteks.net\/#organization"},"image":{"@id":"https:\/\/narteks.net\/index.php\/2009\/11\/06\/federico-garcia-lorca-biyografisi\/#primaryimage"},"thumbnailUrl":"http:\/\/2.bp.blogspot.com\/_fXVntyZp2sc\/TTwbfga10bI\/AAAAAAAAAJw\/khD9aLOl818\/s1600\/Garcia-Lorca.jpg","articleSection":["Garcia LORCA"],"inLanguage":"tr","potentialAction":[{"@type":"CommentAction","name":"Comment","target":["https:\/\/narteks.net\/index.php\/2009\/11\/06\/federico-garcia-lorca-biyografisi\/#respond"]}]},{"@type":"WebPage","@id":"https:\/\/narteks.net\/index.php\/2009\/11\/06\/federico-garcia-lorca-biyografisi\/","url":"https:\/\/narteks.net\/index.php\/2009\/11\/06\/federico-garcia-lorca-biyografisi\/","name":"Federico Garc\u00eda Lorca Biyografisi - narteks.net","isPartOf":{"@id":"https:\/\/narteks.net\/#website"},"primaryImageOfPage":{"@id":"https:\/\/narteks.net\/index.php\/2009\/11\/06\/federico-garcia-lorca-biyografisi\/#primaryimage"},"image":{"@id":"https:\/\/narteks.net\/index.php\/2009\/11\/06\/federico-garcia-lorca-biyografisi\/#primaryimage"},"thumbnailUrl":"http:\/\/2.bp.blogspot.com\/_fXVntyZp2sc\/TTwbfga10bI\/AAAAAAAAAJw\/khD9aLOl818\/s1600\/Garcia-Lorca.jpg","datePublished":"2009-11-06T09:33:10+00:00","breadcrumb":{"@id":"https:\/\/narteks.net\/index.php\/2009\/11\/06\/federico-garcia-lorca-biyografisi\/#breadcrumb"},"inLanguage":"tr","potentialAction":[{"@type":"ReadAction","target":["https:\/\/narteks.net\/index.php\/2009\/11\/06\/federico-garcia-lorca-biyografisi\/"]}]},{"@type":"ImageObject","inLanguage":"tr","@id":"https:\/\/narteks.net\/index.php\/2009\/11\/06\/federico-garcia-lorca-biyografisi\/#primaryimage","url":"http:\/\/2.bp.blogspot.com\/_fXVntyZp2sc\/TTwbfga10bI\/AAAAAAAAAJw\/khD9aLOl818\/s1600\/Garcia-Lorca.jpg","contentUrl":"http:\/\/2.bp.blogspot.com\/_fXVntyZp2sc\/TTwbfga10bI\/AAAAAAAAAJw\/khD9aLOl818\/s1600\/Garcia-Lorca.jpg"},{"@type":"BreadcrumbList","@id":"https:\/\/narteks.net\/index.php\/2009\/11\/06\/federico-garcia-lorca-biyografisi\/#breadcrumb","itemListElement":[{"@type":"ListItem","position":1,"name":"Anasayfa","item":"https:\/\/narteks.net\/"},{"@type":"ListItem","position":2,"name":"Federico Garc\u00eda Lorca Biyografisi"}]},{"@type":"WebSite","@id":"https:\/\/narteks.net\/#website","url":"https:\/\/narteks.net\/","name":"narteks.net","description":"K\u00fclt\u00fcr Sanat Edebiyat Felsefe","publisher":{"@id":"https:\/\/narteks.net\/#organization"},"alternateName":"K\u00fclt\u00fcr Sanat Edebiyat Felsefe","potentialAction":[{"@type":"SearchAction","target":{"@type":"EntryPoint","urlTemplate":"https:\/\/narteks.net\/?s={search_term_string}"},"query-input":{"@type":"PropertyValueSpecification","valueRequired":true,"valueName":"search_term_string"}}],"inLanguage":"tr"},{"@type":"Organization","@id":"https:\/\/narteks.net\/#organization","name":"narteks.net","url":"https:\/\/narteks.net\/","logo":{"@type":"ImageObject","inLanguage":"tr","@id":"https:\/\/narteks.net\/#\/schema\/logo\/image\/","url":"https:\/\/narteks.net\/wp-content\/uploads\/narteks.png","contentUrl":"https:\/\/narteks.net\/wp-content\/uploads\/narteks.png","width":300,"height":90,"caption":"narteks.net"},"image":{"@id":"https:\/\/narteks.net\/#\/schema\/logo\/image\/"},"sameAs":["https:\/\/x.com\/narteks","https:\/\/instagram.com\/narteksnet"]},{"@type":"Person","@id":"https:\/\/narteks.net\/#\/schema\/person\/61f37d9834294b72d31d274e7ed79bca","name":"Tar\u0131k","image":{"@type":"ImageObject","inLanguage":"tr","@id":"https:\/\/narteks.net\/#\/schema\/person\/image\/","url":"https:\/\/secure.gravatar.com\/avatar\/50865afb55632c4ae467e0af0930f6510aa2297d8014be502a55b14f3b7550cf?s=96&d=mm&r=g","contentUrl":"https:\/\/secure.gravatar.com\/avatar\/50865afb55632c4ae467e0af0930f6510aa2297d8014be502a55b14f3b7550cf?s=96&d=mm&r=g","caption":"Tar\u0131k"},"sameAs":["http:\/\/narteks.net"],"url":"https:\/\/narteks.net\/index.php\/author\/narbak\/"}]}},"_links":{"self":[{"href":"https:\/\/narteks.net\/index.php\/wp-json\/wp\/v2\/posts\/1267","targetHints":{"allow":["GET"]}}],"collection":[{"href":"https:\/\/narteks.net\/index.php\/wp-json\/wp\/v2\/posts"}],"about":[{"href":"https:\/\/narteks.net\/index.php\/wp-json\/wp\/v2\/types\/post"}],"author":[{"embeddable":true,"href":"https:\/\/narteks.net\/index.php\/wp-json\/wp\/v2\/users\/1"}],"replies":[{"embeddable":true,"href":"https:\/\/narteks.net\/index.php\/wp-json\/wp\/v2\/comments?post=1267"}],"version-history":[{"count":0,"href":"https:\/\/narteks.net\/index.php\/wp-json\/wp\/v2\/posts\/1267\/revisions"}],"wp:attachment":[{"href":"https:\/\/narteks.net\/index.php\/wp-json\/wp\/v2\/media?parent=1267"}],"wp:term":[{"taxonomy":"category","embeddable":true,"href":"https:\/\/narteks.net\/index.php\/wp-json\/wp\/v2\/categories?post=1267"},{"taxonomy":"post_tag","embeddable":true,"href":"https:\/\/narteks.net\/index.php\/wp-json\/wp\/v2\/tags?post=1267"}],"curies":[{"name":"wp","href":"https:\/\/api.w.org\/{rel}","templated":true}]}}