{"id":1273,"date":"2009-11-06T12:41:45","date_gmt":"2009-11-06T09:41:45","guid":{"rendered":"http:\/\/localhost\/wordpress\/2009\/11\/06\/giden-can\/"},"modified":"2009-11-06T12:41:45","modified_gmt":"2009-11-06T09:41:45","slug":"giden-can","status":"publish","type":"post","link":"https:\/\/narteks.net\/index.php\/2009\/11\/06\/giden-can\/","title":{"rendered":"G\u0130DEN CAN"},"content":{"rendered":"<p>\u00a0<\/p>\n<p>Ne bo\u011fa tan\u0131r seni ne incir a\u011fac\u0131,<br \/> Ne evindeki atlar ne kar\u0131ncalar<br \/> Ne \u00e7ocuk tan\u0131r seni ne de ikindi<br \/> \u00d6l\u00fcs\u00fcn \u00e7\u00fcnk\u00fc, dirilece\u011fin de yok<\/p>\n<p>Ta\u015f\u0131n s\u0131rt\u0131 da seni tan\u0131maz art\u0131k,<br \/> \u0130\u00e7inde d\u00fc\u015f\u00fcnd\u00fc\u011f\u00fcn kara atlas da.<br \/> Dilsiz an\u0131lar\u0131n da tan\u0131maz seni,<br \/> \u00d6l\u00fcs\u00fcn \u00e7\u00fcnk\u00fc, dirilece\u011fin de yok.<\/p>\n<p>Deniz kabuklar\u0131yla geldi\u011finde g\u00fcz,<br \/> Sis \u00fcz\u00fcmleriyle, da\u011f \u00f6bekleriyle,<br \/> G\u00f6zlerine hi\u00e7 kimse bakmak istemez,<br \/> \u00d6l\u00fcs\u00fcn \u00e7\u00fcnk\u00fc, dirilece\u011fin de yok.<\/p>\n<p>\u00d6l\u00fcs\u00fcn \u00e7\u00fcnk\u00fc, dirilece\u011fin de yok.<br \/> Yery\u00fcz\u00fcn\u00fcn b\u00fct\u00fcn \u00f6l\u00fcleri gibi,<br \/> Unutulmu\u015f b\u00fct\u00fcn \u00f6l\u00fcler gibi<br \/> S\u00f6nm\u00fc\u015f bir k\u00f6pekler y\u0131\u011f\u0131n\u0131 i\u00e7inde.<\/p>\n<p>Yok tan\u0131yan seni.Yok.Seni s\u00f6yl\u00fcyorum bense.<br \/> Y\u00fcz\u00fcn\u00fc inceli\u011fini s\u00f6yl\u00fcyorum sonraya.<br \/> Anlay\u0131\u015f\u0131n\u0131n o y\u00fcce, yetkin \u00fcst\u00fcnl\u00fc\u011f\u00fcn\u00fc<br \/> \u0130\u015ftah\u0131n\u0131 \u00f6l\u00fcme, a\u011fz\u0131ndaki tada onun.<br \/> Senin o yi\u011fit\u00e7e sevincini saran kederi<\/p>\n<p>Do\u011fmas\u0131na \u00e7ok zaman ister, g\u00fcn olur do\u011farsa,<br \/> \u00d6yle zengin ser\u00fcvenli, parlak End\u00fcl\u00fcsl\u00fc\u00b4n\u00fcn.<br \/> \u0130nleyen s\u00f6zlerle s\u00f6yl\u00fcyorum inceli\u011fini<br \/> Anarak ac\u0131 bir yeli zeytin a\u011fa\u00e7lar\u0131nda<\/p>\n<p>Garcia LORCA<\/p>\n","protected":false},"excerpt":{"rendered":"<p>\u00a0 Ne bo\u011fa tan\u0131r seni ne incir a\u011fac\u0131, Ne evindeki atlar ne kar\u0131ncalar Ne \u00e7ocuk tan\u0131r seni ne de ikindi \u00d6l\u00fcs\u00fcn \u00e7\u00fcnk\u00fc, dirilece\u011fin de yok Ta\u015f\u0131n s\u0131rt\u0131 da seni tan\u0131maz art\u0131k, \u0130\u00e7inde d\u00fc\u015f\u00fcnd\u00fc\u011f\u00fcn kara atlas da. Dilsiz an\u0131lar\u0131n da tan\u0131maz seni, \u00d6l\u00fcs\u00fcn \u00e7\u00fcnk\u00fc, dirilece\u011fin de yok. Deniz kabuklar\u0131yla geldi\u011finde g\u00fcz, Sis \u00fcz\u00fcmleriyle, da\u011f \u00f6bekleriyle, G\u00f6zlerine [&hellip;]<\/p>\n","protected":false},"author":1,"featured_media":0,"comment_status":"open","ping_status":"open","sticky":false,"template":"","format":"standard","meta":{"footnotes":""},"categories":[66],"tags":[],"class_list":{"0":"post-1273","1":"post","2":"type-post","3":"status-publish","4":"format-standard","6":"category-garcia-lorca"},"yoast_head":"<!-- This site is optimized with the Yoast SEO Premium plugin v24.9 (Yoast SEO v24.9) - https:\/\/yoast.com\/wordpress\/plugins\/seo\/ -->\n<title>G\u0130DEN CAN - narteks.net<\/title>\n<meta name=\"robots\" content=\"index, follow, max-snippet:-1, max-image-preview:large, max-video-preview:-1\" \/>\n<link rel=\"canonical\" href=\"https:\/\/narteks.net\/index.php\/2009\/11\/06\/giden-can\/\" \/>\n<meta property=\"og:locale\" content=\"tr_TR\" \/>\n<meta property=\"og:type\" content=\"article\" \/>\n<meta property=\"og:title\" content=\"G\u0130DEN CAN\" \/>\n<meta property=\"og:description\" content=\"\u00a0 Ne bo\u011fa tan\u0131r seni ne incir a\u011fac\u0131, Ne evindeki atlar ne kar\u0131ncalar Ne \u00e7ocuk tan\u0131r seni ne de ikindi \u00d6l\u00fcs\u00fcn \u00e7\u00fcnk\u00fc, dirilece\u011fin de yok Ta\u015f\u0131n s\u0131rt\u0131 da seni tan\u0131maz art\u0131k, \u0130\u00e7inde d\u00fc\u015f\u00fcnd\u00fc\u011f\u00fcn kara atlas da. Dilsiz an\u0131lar\u0131n da tan\u0131maz seni, \u00d6l\u00fcs\u00fcn \u00e7\u00fcnk\u00fc, dirilece\u011fin de yok. Deniz kabuklar\u0131yla geldi\u011finde g\u00fcz, Sis \u00fcz\u00fcmleriyle, da\u011f \u00f6bekleriyle, G\u00f6zlerine [&hellip;]\" \/>\n<meta property=\"og:url\" content=\"https:\/\/narteks.net\/index.php\/2009\/11\/06\/giden-can\/\" \/>\n<meta property=\"og:site_name\" content=\"narteks.net\" \/>\n<meta property=\"article:published_time\" content=\"2009-11-06T09:41:45+00:00\" \/>\n<meta property=\"og:image\" content=\"https:\/\/narteks.net\/wp-content\/uploads\/narteks.png\" \/>\n\t<meta property=\"og:image:width\" content=\"300\" \/>\n\t<meta property=\"og:image:height\" content=\"90\" \/>\n\t<meta property=\"og:image:type\" content=\"image\/png\" \/>\n<meta name=\"author\" content=\"Tar\u0131k\" \/>\n<meta name=\"twitter:card\" content=\"summary_large_image\" \/>\n<meta name=\"twitter:creator\" content=\"@narteks\" \/>\n<meta name=\"twitter:site\" content=\"@narteks\" \/>\n<meta name=\"twitter:label1\" content=\"Yazan:\" \/>\n\t<meta name=\"twitter:data1\" content=\"Tar\u0131k\" \/>\n\t<meta name=\"twitter:label2\" content=\"Tahmini okuma s\u00fcresi\" \/>\n\t<meta name=\"twitter:data2\" content=\"1 dakika\" \/>\n<script type=\"application\/ld+json\" class=\"yoast-schema-graph\">{\"@context\":\"https:\/\/schema.org\",\"@graph\":[{\"@type\":\"Article\",\"@id\":\"https:\/\/narteks.net\/index.php\/2009\/11\/06\/giden-can\/#article\",\"isPartOf\":{\"@id\":\"https:\/\/narteks.net\/index.php\/2009\/11\/06\/giden-can\/\"},\"author\":{\"name\":\"Tar\u0131k\",\"@id\":\"https:\/\/narteks.net\/#\/schema\/person\/61f37d9834294b72d31d274e7ed79bca\"},\"headline\":\"G\u0130DEN CAN\",\"datePublished\":\"2009-11-06T09:41:45+00:00\",\"mainEntityOfPage\":{\"@id\":\"https:\/\/narteks.net\/index.php\/2009\/11\/06\/giden-can\/\"},\"wordCount\":214,\"commentCount\":0,\"publisher\":{\"@id\":\"https:\/\/narteks.net\/#organization\"},\"articleSection\":[\"Garcia LORCA\"],\"inLanguage\":\"tr\",\"potentialAction\":[{\"@type\":\"CommentAction\",\"name\":\"Comment\",\"target\":[\"https:\/\/narteks.net\/index.php\/2009\/11\/06\/giden-can\/#respond\"]}]},{\"@type\":\"WebPage\",\"@id\":\"https:\/\/narteks.net\/index.php\/2009\/11\/06\/giden-can\/\",\"url\":\"https:\/\/narteks.net\/index.php\/2009\/11\/06\/giden-can\/\",\"name\":\"G\u0130DEN CAN - narteks.net\",\"isPartOf\":{\"@id\":\"https:\/\/narteks.net\/#website\"},\"datePublished\":\"2009-11-06T09:41:45+00:00\",\"breadcrumb\":{\"@id\":\"https:\/\/narteks.net\/index.php\/2009\/11\/06\/giden-can\/#breadcrumb\"},\"inLanguage\":\"tr\",\"potentialAction\":[{\"@type\":\"ReadAction\",\"target\":[\"https:\/\/narteks.net\/index.php\/2009\/11\/06\/giden-can\/\"]}]},{\"@type\":\"BreadcrumbList\",\"@id\":\"https:\/\/narteks.net\/index.php\/2009\/11\/06\/giden-can\/#breadcrumb\",\"itemListElement\":[{\"@type\":\"ListItem\",\"position\":1,\"name\":\"Anasayfa\",\"item\":\"https:\/\/narteks.net\/\"},{\"@type\":\"ListItem\",\"position\":2,\"name\":\"G\u0130DEN CAN\"}]},{\"@type\":\"WebSite\",\"@id\":\"https:\/\/narteks.net\/#website\",\"url\":\"https:\/\/narteks.net\/\",\"name\":\"narteks.net\",\"description\":\"K\u00fclt\u00fcr Sanat Edebiyat Felsefe\",\"publisher\":{\"@id\":\"https:\/\/narteks.net\/#organization\"},\"alternateName\":\"K\u00fclt\u00fcr Sanat Edebiyat Felsefe\",\"potentialAction\":[{\"@type\":\"SearchAction\",\"target\":{\"@type\":\"EntryPoint\",\"urlTemplate\":\"https:\/\/narteks.net\/?s={search_term_string}\"},\"query-input\":{\"@type\":\"PropertyValueSpecification\",\"valueRequired\":true,\"valueName\":\"search_term_string\"}}],\"inLanguage\":\"tr\"},{\"@type\":\"Organization\",\"@id\":\"https:\/\/narteks.net\/#organization\",\"name\":\"narteks.net\",\"url\":\"https:\/\/narteks.net\/\",\"logo\":{\"@type\":\"ImageObject\",\"inLanguage\":\"tr\",\"@id\":\"https:\/\/narteks.net\/#\/schema\/logo\/image\/\",\"url\":\"https:\/\/narteks.net\/wp-content\/uploads\/narteks.png\",\"contentUrl\":\"https:\/\/narteks.net\/wp-content\/uploads\/narteks.png\",\"width\":300,\"height\":90,\"caption\":\"narteks.net\"},\"image\":{\"@id\":\"https:\/\/narteks.net\/#\/schema\/logo\/image\/\"},\"sameAs\":[\"https:\/\/x.com\/narteks\",\"https:\/\/instagram.com\/narteksnet\"]},{\"@type\":\"Person\",\"@id\":\"https:\/\/narteks.net\/#\/schema\/person\/61f37d9834294b72d31d274e7ed79bca\",\"name\":\"Tar\u0131k\",\"image\":{\"@type\":\"ImageObject\",\"inLanguage\":\"tr\",\"@id\":\"https:\/\/narteks.net\/#\/schema\/person\/image\/\",\"url\":\"https:\/\/secure.gravatar.com\/avatar\/50865afb55632c4ae467e0af0930f6510aa2297d8014be502a55b14f3b7550cf?s=96&d=mm&r=g\",\"contentUrl\":\"https:\/\/secure.gravatar.com\/avatar\/50865afb55632c4ae467e0af0930f6510aa2297d8014be502a55b14f3b7550cf?s=96&d=mm&r=g\",\"caption\":\"Tar\u0131k\"},\"sameAs\":[\"http:\/\/narteks.net\"],\"url\":\"https:\/\/narteks.net\/index.php\/author\/narbak\/\"}]}<\/script>\n<!-- \/ Yoast SEO Premium plugin. -->","yoast_head_json":{"title":"G\u0130DEN CAN - narteks.net","robots":{"index":"index","follow":"follow","max-snippet":"max-snippet:-1","max-image-preview":"max-image-preview:large","max-video-preview":"max-video-preview:-1"},"canonical":"https:\/\/narteks.net\/index.php\/2009\/11\/06\/giden-can\/","og_locale":"tr_TR","og_type":"article","og_title":"G\u0130DEN CAN","og_description":"\u00a0 Ne bo\u011fa tan\u0131r seni ne incir a\u011fac\u0131, Ne evindeki atlar ne kar\u0131ncalar Ne \u00e7ocuk tan\u0131r seni ne de ikindi \u00d6l\u00fcs\u00fcn \u00e7\u00fcnk\u00fc, dirilece\u011fin de yok Ta\u015f\u0131n s\u0131rt\u0131 da seni tan\u0131maz art\u0131k, \u0130\u00e7inde d\u00fc\u015f\u00fcnd\u00fc\u011f\u00fcn kara atlas da. Dilsiz an\u0131lar\u0131n da tan\u0131maz seni, \u00d6l\u00fcs\u00fcn \u00e7\u00fcnk\u00fc, dirilece\u011fin de yok. Deniz kabuklar\u0131yla geldi\u011finde g\u00fcz, Sis \u00fcz\u00fcmleriyle, da\u011f \u00f6bekleriyle, G\u00f6zlerine [&hellip;]","og_url":"https:\/\/narteks.net\/index.php\/2009\/11\/06\/giden-can\/","og_site_name":"narteks.net","article_published_time":"2009-11-06T09:41:45+00:00","og_image":[{"width":300,"height":90,"url":"https:\/\/narteks.net\/wp-content\/uploads\/narteks.png","type":"image\/png"}],"author":"Tar\u0131k","twitter_card":"summary_large_image","twitter_creator":"@narteks","twitter_site":"@narteks","twitter_misc":{"Yazan:":"Tar\u0131k","Tahmini okuma s\u00fcresi":"1 dakika"},"schema":{"@context":"https:\/\/schema.org","@graph":[{"@type":"Article","@id":"https:\/\/narteks.net\/index.php\/2009\/11\/06\/giden-can\/#article","isPartOf":{"@id":"https:\/\/narteks.net\/index.php\/2009\/11\/06\/giden-can\/"},"author":{"name":"Tar\u0131k","@id":"https:\/\/narteks.net\/#\/schema\/person\/61f37d9834294b72d31d274e7ed79bca"},"headline":"G\u0130DEN CAN","datePublished":"2009-11-06T09:41:45+00:00","mainEntityOfPage":{"@id":"https:\/\/narteks.net\/index.php\/2009\/11\/06\/giden-can\/"},"wordCount":214,"commentCount":0,"publisher":{"@id":"https:\/\/narteks.net\/#organization"},"articleSection":["Garcia LORCA"],"inLanguage":"tr","potentialAction":[{"@type":"CommentAction","name":"Comment","target":["https:\/\/narteks.net\/index.php\/2009\/11\/06\/giden-can\/#respond"]}]},{"@type":"WebPage","@id":"https:\/\/narteks.net\/index.php\/2009\/11\/06\/giden-can\/","url":"https:\/\/narteks.net\/index.php\/2009\/11\/06\/giden-can\/","name":"G\u0130DEN CAN - narteks.net","isPartOf":{"@id":"https:\/\/narteks.net\/#website"},"datePublished":"2009-11-06T09:41:45+00:00","breadcrumb":{"@id":"https:\/\/narteks.net\/index.php\/2009\/11\/06\/giden-can\/#breadcrumb"},"inLanguage":"tr","potentialAction":[{"@type":"ReadAction","target":["https:\/\/narteks.net\/index.php\/2009\/11\/06\/giden-can\/"]}]},{"@type":"BreadcrumbList","@id":"https:\/\/narteks.net\/index.php\/2009\/11\/06\/giden-can\/#breadcrumb","itemListElement":[{"@type":"ListItem","position":1,"name":"Anasayfa","item":"https:\/\/narteks.net\/"},{"@type":"ListItem","position":2,"name":"G\u0130DEN CAN"}]},{"@type":"WebSite","@id":"https:\/\/narteks.net\/#website","url":"https:\/\/narteks.net\/","name":"narteks.net","description":"K\u00fclt\u00fcr Sanat Edebiyat Felsefe","publisher":{"@id":"https:\/\/narteks.net\/#organization"},"alternateName":"K\u00fclt\u00fcr Sanat Edebiyat Felsefe","potentialAction":[{"@type":"SearchAction","target":{"@type":"EntryPoint","urlTemplate":"https:\/\/narteks.net\/?s={search_term_string}"},"query-input":{"@type":"PropertyValueSpecification","valueRequired":true,"valueName":"search_term_string"}}],"inLanguage":"tr"},{"@type":"Organization","@id":"https:\/\/narteks.net\/#organization","name":"narteks.net","url":"https:\/\/narteks.net\/","logo":{"@type":"ImageObject","inLanguage":"tr","@id":"https:\/\/narteks.net\/#\/schema\/logo\/image\/","url":"https:\/\/narteks.net\/wp-content\/uploads\/narteks.png","contentUrl":"https:\/\/narteks.net\/wp-content\/uploads\/narteks.png","width":300,"height":90,"caption":"narteks.net"},"image":{"@id":"https:\/\/narteks.net\/#\/schema\/logo\/image\/"},"sameAs":["https:\/\/x.com\/narteks","https:\/\/instagram.com\/narteksnet"]},{"@type":"Person","@id":"https:\/\/narteks.net\/#\/schema\/person\/61f37d9834294b72d31d274e7ed79bca","name":"Tar\u0131k","image":{"@type":"ImageObject","inLanguage":"tr","@id":"https:\/\/narteks.net\/#\/schema\/person\/image\/","url":"https:\/\/secure.gravatar.com\/avatar\/50865afb55632c4ae467e0af0930f6510aa2297d8014be502a55b14f3b7550cf?s=96&d=mm&r=g","contentUrl":"https:\/\/secure.gravatar.com\/avatar\/50865afb55632c4ae467e0af0930f6510aa2297d8014be502a55b14f3b7550cf?s=96&d=mm&r=g","caption":"Tar\u0131k"},"sameAs":["http:\/\/narteks.net"],"url":"https:\/\/narteks.net\/index.php\/author\/narbak\/"}]}},"_links":{"self":[{"href":"https:\/\/narteks.net\/index.php\/wp-json\/wp\/v2\/posts\/1273","targetHints":{"allow":["GET"]}}],"collection":[{"href":"https:\/\/narteks.net\/index.php\/wp-json\/wp\/v2\/posts"}],"about":[{"href":"https:\/\/narteks.net\/index.php\/wp-json\/wp\/v2\/types\/post"}],"author":[{"embeddable":true,"href":"https:\/\/narteks.net\/index.php\/wp-json\/wp\/v2\/users\/1"}],"replies":[{"embeddable":true,"href":"https:\/\/narteks.net\/index.php\/wp-json\/wp\/v2\/comments?post=1273"}],"version-history":[{"count":0,"href":"https:\/\/narteks.net\/index.php\/wp-json\/wp\/v2\/posts\/1273\/revisions"}],"wp:attachment":[{"href":"https:\/\/narteks.net\/index.php\/wp-json\/wp\/v2\/media?parent=1273"}],"wp:term":[{"taxonomy":"category","embeddable":true,"href":"https:\/\/narteks.net\/index.php\/wp-json\/wp\/v2\/categories?post=1273"},{"taxonomy":"post_tag","embeddable":true,"href":"https:\/\/narteks.net\/index.php\/wp-json\/wp\/v2\/tags?post=1273"}],"curies":[{"name":"wp","href":"https:\/\/api.w.org\/{rel}","templated":true}]}}