{"id":1276,"date":"2009-11-06T12:43:31","date_gmt":"2009-11-06T09:43:31","guid":{"rendered":"http:\/\/localhost\/wordpress\/2009\/11\/06\/ozan-ve-olum\/"},"modified":"2009-11-06T12:43:31","modified_gmt":"2009-11-06T09:43:31","slug":"ozan-ve-olum","status":"publish","type":"post","link":"https:\/\/narteks.net\/index.php\/2009\/11\/06\/ozan-ve-olum\/","title":{"rendered":"OZAN VE \u00d6L\u00dcM"},"content":{"rendered":"<p>\u00a0<\/p>\n<p>\u00d6l\u00fcmle ba\u015fba\u015fa y\u00fcr\u00fcrken g\u00f6r\u00fcld\u00fc o<br \/> Korkmadan t\u0131rpan\u0131ndan<br \/> -Gene de kuleden kuleye g\u00fcne\u015f<br \/> \u00c7eki\u00e7ler \u00f6rsde.<br \/> \u00f6rsde,<br \/> demirci ocaklar\u0131n\u0131n \u00f6rs\u00fcnde.<br \/> Konu\u015fuyordu Federico<br \/> Ok\u015fayarak, \u00f6l\u00fcmle.\u00d6l\u00fcm dinliyordu onu.<br \/> \u00b4Daha d\u00fcn m\u0131sralar\u0131mda canyolda\u015f\u0131m,<br \/> Kuru avu\u00e7lar\u0131n \u015fakl\u0131yordu senin<br \/> Daha d\u00fcn m\u0131sralar\u0131mda,<br \/> Daha d\u00fcn k\u0131ra\u011f\u0131n\u0131 verdin \u015fark\u0131ma<br \/> Ve a\u011flat\u0131\u00b4ma g\u00fcm\u00fc\u015f t\u0131rpan\u0131n\u0131n keskinli\u011fini,<br \/> Seni \u015fak\u0131yaca\u011f\u0131m, sende art\u0131k kalmayan eti,<br \/> olmayan g\u00f6zlerini,<br \/> R\u00fczgar\u0131n da\u011f\u0131tt\u0131\u011f\u0131 sa\u00e7lar\u0131n\u0131 \u015fak\u0131yaca\u011f\u0131m<br \/> O \u00f6p\u00fclen k\u0131rm\u0131z\u0131 dudaklar\u0131n\u0131..<br \/> \u00d6l\u00fcm, g\u00fczel \u00e7ingenem, \u00f6l\u00fcm\u00fcms\u00fcn d\u00fcn de bu g\u00fcn de,<br \/> Ah! Ne kadar rahat\u0131m seninle ba\u015fba\u015fa,<br \/> \u0130\u00e7ime \u00e7ekerken G\u0131rnata\u00b4n\u0131n havas\u0131n\u0131,<br \/> Benim G\u0131rnata\u00b4m\u0131n!<\/p>\n<p>Garcia LORCA<\/p>\n","protected":false},"excerpt":{"rendered":"<p>\u00a0 \u00d6l\u00fcmle ba\u015fba\u015fa y\u00fcr\u00fcrken g\u00f6r\u00fcld\u00fc o Korkmadan t\u0131rpan\u0131ndan -Gene de kuleden kuleye g\u00fcne\u015f \u00c7eki\u00e7ler \u00f6rsde. \u00f6rsde, demirci ocaklar\u0131n\u0131n \u00f6rs\u00fcnde. Konu\u015fuyordu Federico Ok\u015fayarak, \u00f6l\u00fcmle.\u00d6l\u00fcm dinliyordu onu. \u00b4Daha d\u00fcn m\u0131sralar\u0131mda canyolda\u015f\u0131m, Kuru avu\u00e7lar\u0131n \u015fakl\u0131yordu senin Daha d\u00fcn m\u0131sralar\u0131mda, Daha d\u00fcn k\u0131ra\u011f\u0131n\u0131 verdin \u015fark\u0131ma Ve a\u011flat\u0131\u00b4ma g\u00fcm\u00fc\u015f t\u0131rpan\u0131n\u0131n keskinli\u011fini, Seni \u015fak\u0131yaca\u011f\u0131m, sende art\u0131k kalmayan eti, olmayan g\u00f6zlerini, R\u00fczgar\u0131n [&hellip;]<\/p>\n","protected":false},"author":1,"featured_media":0,"comment_status":"open","ping_status":"open","sticky":false,"template":"","format":"standard","meta":{"footnotes":""},"categories":[66],"tags":[],"class_list":{"0":"post-1276","1":"post","2":"type-post","3":"status-publish","4":"format-standard","6":"category-garcia-lorca"},"yoast_head":"<!-- This site is optimized with the Yoast SEO Premium plugin v24.9 (Yoast SEO v24.9) - https:\/\/yoast.com\/wordpress\/plugins\/seo\/ -->\n<title>OZAN VE \u00d6L\u00dcM - narteks.net<\/title>\n<meta name=\"robots\" content=\"index, follow, max-snippet:-1, max-image-preview:large, max-video-preview:-1\" \/>\n<link rel=\"canonical\" href=\"https:\/\/narteks.net\/index.php\/2009\/11\/06\/ozan-ve-olum\/\" \/>\n<meta property=\"og:locale\" content=\"tr_TR\" \/>\n<meta property=\"og:type\" content=\"article\" \/>\n<meta property=\"og:title\" content=\"OZAN VE \u00d6L\u00dcM\" \/>\n<meta property=\"og:description\" content=\"\u00a0 \u00d6l\u00fcmle ba\u015fba\u015fa y\u00fcr\u00fcrken g\u00f6r\u00fcld\u00fc o Korkmadan t\u0131rpan\u0131ndan -Gene de kuleden kuleye g\u00fcne\u015f \u00c7eki\u00e7ler \u00f6rsde. \u00f6rsde, demirci ocaklar\u0131n\u0131n \u00f6rs\u00fcnde. Konu\u015fuyordu Federico Ok\u015fayarak, \u00f6l\u00fcmle.\u00d6l\u00fcm dinliyordu onu. \u00b4Daha d\u00fcn m\u0131sralar\u0131mda canyolda\u015f\u0131m, Kuru avu\u00e7lar\u0131n \u015fakl\u0131yordu senin Daha d\u00fcn m\u0131sralar\u0131mda, Daha d\u00fcn k\u0131ra\u011f\u0131n\u0131 verdin \u015fark\u0131ma Ve a\u011flat\u0131\u00b4ma g\u00fcm\u00fc\u015f t\u0131rpan\u0131n\u0131n keskinli\u011fini, Seni \u015fak\u0131yaca\u011f\u0131m, sende art\u0131k kalmayan eti, olmayan g\u00f6zlerini, R\u00fczgar\u0131n [&hellip;]\" \/>\n<meta property=\"og:url\" content=\"https:\/\/narteks.net\/index.php\/2009\/11\/06\/ozan-ve-olum\/\" \/>\n<meta property=\"og:site_name\" content=\"narteks.net\" \/>\n<meta property=\"article:published_time\" content=\"2009-11-06T09:43:31+00:00\" \/>\n<meta property=\"og:image\" content=\"https:\/\/narteks.net\/wp-content\/uploads\/narteks.png\" \/>\n\t<meta property=\"og:image:width\" content=\"300\" \/>\n\t<meta property=\"og:image:height\" content=\"90\" \/>\n\t<meta property=\"og:image:type\" content=\"image\/png\" \/>\n<meta name=\"author\" content=\"Tar\u0131k\" \/>\n<meta name=\"twitter:card\" content=\"summary_large_image\" \/>\n<meta name=\"twitter:creator\" content=\"@narteks\" \/>\n<meta name=\"twitter:site\" content=\"@narteks\" \/>\n<meta name=\"twitter:label1\" content=\"Yazan:\" \/>\n\t<meta name=\"twitter:data1\" content=\"Tar\u0131k\" \/>\n\t<meta name=\"twitter:label2\" content=\"Tahmini okuma s\u00fcresi\" \/>\n\t<meta name=\"twitter:data2\" content=\"1 dakika\" \/>\n<script type=\"application\/ld+json\" class=\"yoast-schema-graph\">{\"@context\":\"https:\/\/schema.org\",\"@graph\":[{\"@type\":\"Article\",\"@id\":\"https:\/\/narteks.net\/index.php\/2009\/11\/06\/ozan-ve-olum\/#article\",\"isPartOf\":{\"@id\":\"https:\/\/narteks.net\/index.php\/2009\/11\/06\/ozan-ve-olum\/\"},\"author\":{\"name\":\"Tar\u0131k\",\"@id\":\"https:\/\/narteks.net\/#\/schema\/person\/61f37d9834294b72d31d274e7ed79bca\"},\"headline\":\"OZAN VE \u00d6L\u00dcM\",\"datePublished\":\"2009-11-06T09:43:31+00:00\",\"mainEntityOfPage\":{\"@id\":\"https:\/\/narteks.net\/index.php\/2009\/11\/06\/ozan-ve-olum\/\"},\"wordCount\":160,\"commentCount\":0,\"publisher\":{\"@id\":\"https:\/\/narteks.net\/#organization\"},\"articleSection\":[\"Garcia LORCA\"],\"inLanguage\":\"tr\",\"potentialAction\":[{\"@type\":\"CommentAction\",\"name\":\"Comment\",\"target\":[\"https:\/\/narteks.net\/index.php\/2009\/11\/06\/ozan-ve-olum\/#respond\"]}]},{\"@type\":\"WebPage\",\"@id\":\"https:\/\/narteks.net\/index.php\/2009\/11\/06\/ozan-ve-olum\/\",\"url\":\"https:\/\/narteks.net\/index.php\/2009\/11\/06\/ozan-ve-olum\/\",\"name\":\"OZAN VE \u00d6L\u00dcM - narteks.net\",\"isPartOf\":{\"@id\":\"https:\/\/narteks.net\/#website\"},\"datePublished\":\"2009-11-06T09:43:31+00:00\",\"breadcrumb\":{\"@id\":\"https:\/\/narteks.net\/index.php\/2009\/11\/06\/ozan-ve-olum\/#breadcrumb\"},\"inLanguage\":\"tr\",\"potentialAction\":[{\"@type\":\"ReadAction\",\"target\":[\"https:\/\/narteks.net\/index.php\/2009\/11\/06\/ozan-ve-olum\/\"]}]},{\"@type\":\"BreadcrumbList\",\"@id\":\"https:\/\/narteks.net\/index.php\/2009\/11\/06\/ozan-ve-olum\/#breadcrumb\",\"itemListElement\":[{\"@type\":\"ListItem\",\"position\":1,\"name\":\"Anasayfa\",\"item\":\"https:\/\/narteks.net\/\"},{\"@type\":\"ListItem\",\"position\":2,\"name\":\"OZAN VE \u00d6L\u00dcM\"}]},{\"@type\":\"WebSite\",\"@id\":\"https:\/\/narteks.net\/#website\",\"url\":\"https:\/\/narteks.net\/\",\"name\":\"narteks.net\",\"description\":\"K\u00fclt\u00fcr Sanat Edebiyat Felsefe\",\"publisher\":{\"@id\":\"https:\/\/narteks.net\/#organization\"},\"alternateName\":\"K\u00fclt\u00fcr Sanat Edebiyat Felsefe\",\"potentialAction\":[{\"@type\":\"SearchAction\",\"target\":{\"@type\":\"EntryPoint\",\"urlTemplate\":\"https:\/\/narteks.net\/?s={search_term_string}\"},\"query-input\":{\"@type\":\"PropertyValueSpecification\",\"valueRequired\":true,\"valueName\":\"search_term_string\"}}],\"inLanguage\":\"tr\"},{\"@type\":\"Organization\",\"@id\":\"https:\/\/narteks.net\/#organization\",\"name\":\"narteks.net\",\"url\":\"https:\/\/narteks.net\/\",\"logo\":{\"@type\":\"ImageObject\",\"inLanguage\":\"tr\",\"@id\":\"https:\/\/narteks.net\/#\/schema\/logo\/image\/\",\"url\":\"https:\/\/narteks.net\/wp-content\/uploads\/narteks.png\",\"contentUrl\":\"https:\/\/narteks.net\/wp-content\/uploads\/narteks.png\",\"width\":300,\"height\":90,\"caption\":\"narteks.net\"},\"image\":{\"@id\":\"https:\/\/narteks.net\/#\/schema\/logo\/image\/\"},\"sameAs\":[\"https:\/\/x.com\/narteks\",\"https:\/\/instagram.com\/narteksnet\"]},{\"@type\":\"Person\",\"@id\":\"https:\/\/narteks.net\/#\/schema\/person\/61f37d9834294b72d31d274e7ed79bca\",\"name\":\"Tar\u0131k\",\"image\":{\"@type\":\"ImageObject\",\"inLanguage\":\"tr\",\"@id\":\"https:\/\/narteks.net\/#\/schema\/person\/image\/\",\"url\":\"https:\/\/secure.gravatar.com\/avatar\/50865afb55632c4ae467e0af0930f6510aa2297d8014be502a55b14f3b7550cf?s=96&d=mm&r=g\",\"contentUrl\":\"https:\/\/secure.gravatar.com\/avatar\/50865afb55632c4ae467e0af0930f6510aa2297d8014be502a55b14f3b7550cf?s=96&d=mm&r=g\",\"caption\":\"Tar\u0131k\"},\"sameAs\":[\"http:\/\/narteks.net\"],\"url\":\"https:\/\/narteks.net\/index.php\/author\/narbak\/\"}]}<\/script>\n<!-- \/ Yoast SEO Premium plugin. -->","yoast_head_json":{"title":"OZAN VE \u00d6L\u00dcM - narteks.net","robots":{"index":"index","follow":"follow","max-snippet":"max-snippet:-1","max-image-preview":"max-image-preview:large","max-video-preview":"max-video-preview:-1"},"canonical":"https:\/\/narteks.net\/index.php\/2009\/11\/06\/ozan-ve-olum\/","og_locale":"tr_TR","og_type":"article","og_title":"OZAN VE \u00d6L\u00dcM","og_description":"\u00a0 \u00d6l\u00fcmle ba\u015fba\u015fa y\u00fcr\u00fcrken g\u00f6r\u00fcld\u00fc o Korkmadan t\u0131rpan\u0131ndan -Gene de kuleden kuleye g\u00fcne\u015f \u00c7eki\u00e7ler \u00f6rsde. \u00f6rsde, demirci ocaklar\u0131n\u0131n \u00f6rs\u00fcnde. Konu\u015fuyordu Federico Ok\u015fayarak, \u00f6l\u00fcmle.\u00d6l\u00fcm dinliyordu onu. \u00b4Daha d\u00fcn m\u0131sralar\u0131mda canyolda\u015f\u0131m, Kuru avu\u00e7lar\u0131n \u015fakl\u0131yordu senin Daha d\u00fcn m\u0131sralar\u0131mda, Daha d\u00fcn k\u0131ra\u011f\u0131n\u0131 verdin \u015fark\u0131ma Ve a\u011flat\u0131\u00b4ma g\u00fcm\u00fc\u015f t\u0131rpan\u0131n\u0131n keskinli\u011fini, Seni \u015fak\u0131yaca\u011f\u0131m, sende art\u0131k kalmayan eti, olmayan g\u00f6zlerini, R\u00fczgar\u0131n [&hellip;]","og_url":"https:\/\/narteks.net\/index.php\/2009\/11\/06\/ozan-ve-olum\/","og_site_name":"narteks.net","article_published_time":"2009-11-06T09:43:31+00:00","og_image":[{"width":300,"height":90,"url":"https:\/\/narteks.net\/wp-content\/uploads\/narteks.png","type":"image\/png"}],"author":"Tar\u0131k","twitter_card":"summary_large_image","twitter_creator":"@narteks","twitter_site":"@narteks","twitter_misc":{"Yazan:":"Tar\u0131k","Tahmini okuma s\u00fcresi":"1 dakika"},"schema":{"@context":"https:\/\/schema.org","@graph":[{"@type":"Article","@id":"https:\/\/narteks.net\/index.php\/2009\/11\/06\/ozan-ve-olum\/#article","isPartOf":{"@id":"https:\/\/narteks.net\/index.php\/2009\/11\/06\/ozan-ve-olum\/"},"author":{"name":"Tar\u0131k","@id":"https:\/\/narteks.net\/#\/schema\/person\/61f37d9834294b72d31d274e7ed79bca"},"headline":"OZAN VE \u00d6L\u00dcM","datePublished":"2009-11-06T09:43:31+00:00","mainEntityOfPage":{"@id":"https:\/\/narteks.net\/index.php\/2009\/11\/06\/ozan-ve-olum\/"},"wordCount":160,"commentCount":0,"publisher":{"@id":"https:\/\/narteks.net\/#organization"},"articleSection":["Garcia LORCA"],"inLanguage":"tr","potentialAction":[{"@type":"CommentAction","name":"Comment","target":["https:\/\/narteks.net\/index.php\/2009\/11\/06\/ozan-ve-olum\/#respond"]}]},{"@type":"WebPage","@id":"https:\/\/narteks.net\/index.php\/2009\/11\/06\/ozan-ve-olum\/","url":"https:\/\/narteks.net\/index.php\/2009\/11\/06\/ozan-ve-olum\/","name":"OZAN VE \u00d6L\u00dcM - narteks.net","isPartOf":{"@id":"https:\/\/narteks.net\/#website"},"datePublished":"2009-11-06T09:43:31+00:00","breadcrumb":{"@id":"https:\/\/narteks.net\/index.php\/2009\/11\/06\/ozan-ve-olum\/#breadcrumb"},"inLanguage":"tr","potentialAction":[{"@type":"ReadAction","target":["https:\/\/narteks.net\/index.php\/2009\/11\/06\/ozan-ve-olum\/"]}]},{"@type":"BreadcrumbList","@id":"https:\/\/narteks.net\/index.php\/2009\/11\/06\/ozan-ve-olum\/#breadcrumb","itemListElement":[{"@type":"ListItem","position":1,"name":"Anasayfa","item":"https:\/\/narteks.net\/"},{"@type":"ListItem","position":2,"name":"OZAN VE \u00d6L\u00dcM"}]},{"@type":"WebSite","@id":"https:\/\/narteks.net\/#website","url":"https:\/\/narteks.net\/","name":"narteks.net","description":"K\u00fclt\u00fcr Sanat Edebiyat Felsefe","publisher":{"@id":"https:\/\/narteks.net\/#organization"},"alternateName":"K\u00fclt\u00fcr Sanat Edebiyat Felsefe","potentialAction":[{"@type":"SearchAction","target":{"@type":"EntryPoint","urlTemplate":"https:\/\/narteks.net\/?s={search_term_string}"},"query-input":{"@type":"PropertyValueSpecification","valueRequired":true,"valueName":"search_term_string"}}],"inLanguage":"tr"},{"@type":"Organization","@id":"https:\/\/narteks.net\/#organization","name":"narteks.net","url":"https:\/\/narteks.net\/","logo":{"@type":"ImageObject","inLanguage":"tr","@id":"https:\/\/narteks.net\/#\/schema\/logo\/image\/","url":"https:\/\/narteks.net\/wp-content\/uploads\/narteks.png","contentUrl":"https:\/\/narteks.net\/wp-content\/uploads\/narteks.png","width":300,"height":90,"caption":"narteks.net"},"image":{"@id":"https:\/\/narteks.net\/#\/schema\/logo\/image\/"},"sameAs":["https:\/\/x.com\/narteks","https:\/\/instagram.com\/narteksnet"]},{"@type":"Person","@id":"https:\/\/narteks.net\/#\/schema\/person\/61f37d9834294b72d31d274e7ed79bca","name":"Tar\u0131k","image":{"@type":"ImageObject","inLanguage":"tr","@id":"https:\/\/narteks.net\/#\/schema\/person\/image\/","url":"https:\/\/secure.gravatar.com\/avatar\/50865afb55632c4ae467e0af0930f6510aa2297d8014be502a55b14f3b7550cf?s=96&d=mm&r=g","contentUrl":"https:\/\/secure.gravatar.com\/avatar\/50865afb55632c4ae467e0af0930f6510aa2297d8014be502a55b14f3b7550cf?s=96&d=mm&r=g","caption":"Tar\u0131k"},"sameAs":["http:\/\/narteks.net"],"url":"https:\/\/narteks.net\/index.php\/author\/narbak\/"}]}},"_links":{"self":[{"href":"https:\/\/narteks.net\/index.php\/wp-json\/wp\/v2\/posts\/1276","targetHints":{"allow":["GET"]}}],"collection":[{"href":"https:\/\/narteks.net\/index.php\/wp-json\/wp\/v2\/posts"}],"about":[{"href":"https:\/\/narteks.net\/index.php\/wp-json\/wp\/v2\/types\/post"}],"author":[{"embeddable":true,"href":"https:\/\/narteks.net\/index.php\/wp-json\/wp\/v2\/users\/1"}],"replies":[{"embeddable":true,"href":"https:\/\/narteks.net\/index.php\/wp-json\/wp\/v2\/comments?post=1276"}],"version-history":[{"count":0,"href":"https:\/\/narteks.net\/index.php\/wp-json\/wp\/v2\/posts\/1276\/revisions"}],"wp:attachment":[{"href":"https:\/\/narteks.net\/index.php\/wp-json\/wp\/v2\/media?parent=1276"}],"wp:term":[{"taxonomy":"category","embeddable":true,"href":"https:\/\/narteks.net\/index.php\/wp-json\/wp\/v2\/categories?post=1276"},{"taxonomy":"post_tag","embeddable":true,"href":"https:\/\/narteks.net\/index.php\/wp-json\/wp\/v2\/tags?post=1276"}],"curies":[{"name":"wp","href":"https:\/\/api.w.org\/{rel}","templated":true}]}}