{"id":1277,"date":"2009-11-06T12:44:01","date_gmt":"2009-11-06T09:44:01","guid":{"rendered":"http:\/\/localhost\/wordpress\/2009\/11\/06\/seruven-duskunu-bir-salyangozun-basina-gelenler\/"},"modified":"2009-11-06T12:44:01","modified_gmt":"2009-11-06T09:44:01","slug":"seruven-duskunu-bir-salyangozun-basina-gelenler","status":"publish","type":"post","link":"https:\/\/narteks.net\/index.php\/2009\/11\/06\/seruven-duskunu-bir-salyangozun-basina-gelenler\/","title":{"rendered":"SER\u00dcVEN D\u00dc\u015eK\u00dcN\u00dc B\u0130R SALYANGOZUN BA\u015eINA GELENLER"},"content":{"rendered":"<p>\u00a0<\/p>\n<p>Bir \u00e7ocuksu tatl\u0131l\u0131k<br \/> alm\u0131\u015f sakin sabah\u0131<br \/> A\u011fa\u00e7lar da geriyor<br \/> topra\u011fa kollar\u0131n\u0131.<br \/> Bir titrek bu\u011fu<br \/> \u00f6rt\u00fcyor ekinleri,<br \/> ve \u00f6r\u00fcmcekler geriyor<br \/> ipekten yollar\u0131n\u0131,<br \/> -sar\u0131yor yol izleri<br \/> g\u00f6\u011f\u00fcn parlak cam\u0131n\u0131-<br \/> Kavakl\u0131 yolda<br \/> bir p\u0131nar durmu\u015f \u015fark\u0131ya<br \/> \u015fark\u0131s\u0131 otlar\u0131n aras\u0131nda.<br \/> Ve patikan\u0131n sakin<br \/> efendisi salyangoz<br \/> saf ve kendi halinde<br \/> \u00e7evresini s\u00fczmede.<\/p>\n<p>De\u011ferbilir ve<br \/> yi\u011fit k\u0131ld\u0131 onu<br \/> do\u011fall\u0131k i\u00e7indeki bu ilahi sessizlik,<br \/> unutup dertlerini<br \/> bir g\u00fcn babaoca\u011f\u0131n\u0131n<br \/> istedi g\u00f6rmek<br \/> sonunu patikan\u0131n.<\/p>\n<p>Yola revan olur menzile do\u011fru<br \/> \u0131s\u0131rganl\u0131, sarma\u015f\u0131kl\u0131<br \/> bir ormanda.Derken ya\u015fl\u0131 m\u0131 ya\u015fl\u0131<br \/> iki di\u015fi kurba\u011faya rastgelir;<br \/> han\u0131mlar g\u00fcne\u015flenmektedir<br \/> ortal\u0131k yerde<br \/> s\u0131k\u0131nt\u0131l\u0131, hastal\u0131kl\u0131.<\/p>\n<p>\u015eu yeni \u015fark\u0131lar da&#8230;<br \/> diye biri homurdanmakta,<br \/> bi \u015feye benzemezler.<br \/> Bo\u015f ge\u00e7 hepsini, der<br \/> yaral\u0131 ve handiyse k\u00f6rle\u015fmi\u015f<br \/> \u00f6b\u00fcr kurba\u011fa do\u011frulay\u0131p berikini:<br \/> Ben gen\u00e7ken san\u0131rd\u0131m ki,<br \/> eninde sonunda Tanr\u0131<br \/> duyacak \u015fark\u0131m\u0131z\u0131<br \/> ve eriyecek y\u00fcre\u011fi.<br \/> Ya benim g\u00f6rm\u00fc\u015f ge\u00e7irmi\u015fli\u011fim,<br \/> \u00f6yle ya bunca ya\u015fad\u0131m ben,<br \/> inanc\u0131m sars\u0131ld\u0131 bir kere,<br \/> \u015fark\u0131 s\u00f6ylemiyorum nice&#8230;<\/p>\n<p>Kurba\u011falar s\u0131zlan\u0131p<br \/> dileniyorlard\u0131 bir sadakac\u0131k<br \/> otlar\u0131 yara yara<br \/> burnu havada ge\u00e7en<br \/> bir kurba\u011fa gen\u00e7ten<\/p>\n<p>G\u00f6lgeli orman \u00f6n\u00fcnde<br \/> bizim \u00fcrkek salyangoz,<br \/> hayk\u0131rmak ister, nafile.<br \/> Kurba\u011falarsa iki ad\u0131m \u00f6tede&#8230;<\/p>\n<p>Bu bir kelebek mi?<br \/> der handiyse k\u00f6r olan\u0131..<br \/> \u0130ki boynuzcu\u011fu var,<br \/> diye yan\u0131tlar \u00f6b\u00fcr\u00fc.<br \/> Salyangoz bu.Nerden,<br \/> a salyangoz, hangi diyardan?<\/p>\n<p>Evden geliyorum, ama<br \/> \u00e7abucak d\u00f6nsem iyi.<br \/> \u0130\u015fte sana \u00f6dlek bir b\u00f6cek,<br \/> diye t\u0131slar k\u00f6r kurba\u011fa.<br \/> Hi\u00e7 \u015fark\u0131 s\u00f6ylemez misin sen?<br \/> S\u00f6ylemem der salyangoz.Ya dua?<br \/> Hi\u00e7 mi hi\u00e7 \u00f6\u011frenmedim.<br \/> \u0130nanmaz m\u0131s\u0131n sonsuz ya\u015fama peki?<br \/> O da nedir ki?<\/p>\n<p>O, en duru<br \/> suda ya\u015famakt\u0131r hep,<br \/> yak\u0131n\u0131nda \u00e7i\u00e7eklenmi\u015f k\u0131y\u0131n\u0131n<br \/> ve bol yemli bir otla\u011f\u0131n<br \/> Ben k\u00fc\u00e7\u00fckken, zavall\u0131<br \/> ninem demi\u015fti bir g\u00fcn,<br \/> \u00f6l\u00fcnce gidermi\u015fim<br \/> en y\u00fcksek dallardaki<br \/> en k\u00f6rpe yapraklara.<\/p>\n<p>Ne z\u0131nd\u0131km\u0131\u015f \u015fu ninen de.<br \/> \u0130\u015fin asl\u0131n\u0131 bizlerden dinle.<br \/> \u0130nanacaks\u0131n do\u011frulu\u011funa,<br \/> der kurba\u011fa k\u0131zarak.<\/p>\n<p>Yolu g\u00f6rmek niye?<br \/> diye inler salyangoz.Evet inan\u0131yorum<br \/> vaaz etti\u011finiz o sonsuz ya\u015fama&#8230;<br \/> Kurba\u011falar,<br \/> pek dalg\u0131n, \u00e7ekilirler,<br \/> salyangoz da yiter gider<br \/> ormanda \u00fcrkek \u00fcrkek,<\/p>\n<p>Dilenci kurba\u011falar<br \/> put gibi kalalal\u0131rlar.<br \/> \u0130\u00e7lerinden biri sorar:<br \/> \u0130nan\u0131r m\u0131s\u0131n sen sonsuz ya\u015fama?<br \/> Ben&#8230;hay\u0131r der \u00fczg\u00fcn \u00fczg\u00fcn<br \/> yaral\u0131 ve k\u00f6r kurba\u011fa.<\/p>\n<p>Ni\u00e7in att\u0131k ortaya bu laf\u0131, h\u0131,<br \/> salyangoza inand\u0131rmacas\u0131na?<br \/> \u00c7\u00fcnk\u00fc&#8230; Ne bileyim, ni\u00e7in,<br \/> der kurba\u011fa.<br \/> K\u0131van\u00e7 doluyum<br \/> duyduklar\u0131 inan\u00e7la<br \/> seslenirken \u00e7ocuklar\u0131m<br \/> ark i\u00e7inden tanr\u0131\u00b4ya&#8230;<\/p>\n<p>Geri d\u00f6ner<br \/> zavall\u0131 salyangoz.Yolda<br \/> efil efil bir sessizlik<br \/> f\u0131\u015fk\u0131r\u0131r kavaklardan.<br \/> Bir de bakar sokulmakta<br \/> bir \u00f6bek k\u0131rm\u0131z\u0131 kar\u0131nca.<br \/> Giderler kar\u0131\u015f\u0131k kuru\u015fuk<br \/> s\u00fcr\u00fckleyerek aralar\u0131nda<br \/> duyargalar\u0131 kopuk<br \/> ba\u015fka bir kar\u0131ncay\u0131.<br \/> Salyangoz hayk\u0131r\u0131r:<br \/> Kar\u0131ncalar\u0131m, az durun,<br \/> nedir bu etti\u011finiz<br \/> kendi yolda\u015f\u0131n\u0131za?<br \/> Olan\u0131 deyiverin bana,<br \/> Sen, anlat bakay\u0131m, k\u00fc\u00e7\u00fck.<\/p>\n<p>Ah\u0131 gitmi\u015f vah\u0131 kalm\u0131\u015f kar\u0131nca<br \/> ba\u015flar \u00fczg\u00fcn \u00fczg\u00fcn:<br \/> Y\u0131ld\u0131zlar\u0131 g\u00f6rd\u00fcm ben.<br \/> Y\u0131ld\u0131zlar da neymi\u015f? der<br \/> kar\u0131ncalar usulca.<\/p>\n<p>Salyangoz da d\u00fc\u015f\u00fcnceli,<br \/> sorar: Ne y\u0131ld\u0131zlar\u0131?<br \/> Evet, der kar\u0131nca tekrardan,<br \/> g\u00f6rd\u00fcm y\u0131ld\u0131zlar\u0131.<br \/> T\u0131rmand\u0131m da en y\u00fcksek<br \/> a\u011faca karanl\u0131kta<br \/> G\u00f6rd\u00fcm binlerce g\u00f6z\u00fc<br \/> \u015fu kararan d\u00fcnyamda.<br \/> Salyangoz sorar;<br \/> Anlad\u0131m da, ne y\u0131ld\u0131zlar\u0131?<br \/> Onlar\u0131 s\u00f6yl\u00fcyorum, ba\u015f\u0131m\u0131z\u0131n \u00fcst\u00fcnde<br \/> ta\u015f\u0131d\u0131\u011f\u0131m\u0131z \u0131\u015f\u0131klar\u0131.<br \/> Biz g\u00f6rmeyiz ama,<br \/> der kar\u0131ncalar devamla&#8230;<br \/> Bense bir otlar\u0131 g\u00f6r\u00fcr\u00fcm sereserpe,<br \/> der salyangoz da.<\/p>\n<p>Duyargalar sallay\u0131p<br \/> \u00e7a\u011fr\u0131\u015f\u0131r kar\u0131ncalar:<br \/> \u00d6ld\u00fcrece\u011fiz seni,<br \/> tenbelsin, ba\u015ftan \u00e7\u0131km\u0131\u015fs\u0131n sen,<br \/> g\u00f6revin \u00e7al\u0131\u015fmakken,<\/p>\n<p>Y\u0131ld\u0131zlar\u0131 g\u00f6rd\u00fcm ben,<br \/> der yaral\u0131 kar\u0131nca.<br \/> Salyangoz kestirip atar:<br \/> B\u0131rak\u0131n \u015funu gitsin,<br \/> i\u015finize bak\u0131n siz.<br \/> baksan\u0131za \u015fimdiden<br \/> \u00e7\u0131kt\u0131 \u00e7\u0131k\u0131yor can\u0131.<\/p>\n<p>Derken bir ar\u0131 ge\u00e7er<br \/> yumu\u015fac\u0131k havadan.<br \/> Can \u00e7eki\u015fen kar\u0131nca<br \/> dem al\u0131r sonsuz ak\u015famdan.<br \/> G\u00f6t\u00fcrme\u011fe geliyor<br \/> beni bir y\u0131ld\u0131za, der.<\/p>\n<p>G\u00f6r\u00fcnce \u00fcld\u00fc\u011f\u00fcn\u00fc,<br \/> ka\u00e7\u0131\u015f\u0131r \u00f6b\u00fcrleri.<\/p>\n<p>\u0130\u00e7ini \u00e7eke \u00e7eke<br \/> karmakar\u0131\u015f\u0131k zihinle<br \/> al\u0131r ba\u015f\u0131n\u0131 gider salyangoz;<br \/> dert olmu\u015ftur i\u00e7ine<br \/> sonsuzluk meselesi.<br \/> Yok, diye s\u0131zlan\u0131r, bu yoldan nihayeti<br \/> Y\u0131ld\u0131zlara var\u0131l\u0131r m\u00b4ola<br \/> buralardan kalk\u0131nca.<br \/> Ne desem, bu yava\u015fl\u0131k belas\u0131<br \/> engel olur varmama.<br \/> Bo\u015f \u015fimdi d\u00fc\u015f\u00fcnmek bunlar\u0131.<\/p>\n<p>Her \u015fey sis i\u00e7indeydi,<br \/> \u00f6lg\u00fcn g\u00fcne\u015f ve bulut.<br \/> \u00c7a\u011f\u0131r\u0131rd\u0131 kliseye<br \/> uzak \u00e7anlar herkesi.<br \/> Ve patikan\u0131n bilge<br \/> efendisi salyangoz,<br \/> kafas\u0131 karmakar\u0131\u015f\u0131k, dinelmi\u015f<br \/> seyrederdi \u00e7evreyi.<\/p>\n<p>Garcia LORCA<\/p>\n","protected":false},"excerpt":{"rendered":"<p>\u00a0 Bir \u00e7ocuksu tatl\u0131l\u0131k alm\u0131\u015f sakin sabah\u0131 A\u011fa\u00e7lar da geriyor topra\u011fa kollar\u0131n\u0131. Bir titrek bu\u011fu \u00f6rt\u00fcyor ekinleri, ve \u00f6r\u00fcmcekler geriyor ipekten yollar\u0131n\u0131, -sar\u0131yor yol izleri g\u00f6\u011f\u00fcn parlak cam\u0131n\u0131- Kavakl\u0131 yolda bir p\u0131nar durmu\u015f \u015fark\u0131ya \u015fark\u0131s\u0131 otlar\u0131n aras\u0131nda. Ve patikan\u0131n sakin efendisi salyangoz saf ve kendi halinde \u00e7evresini s\u00fczmede. De\u011ferbilir ve yi\u011fit k\u0131ld\u0131 onu do\u011fall\u0131k i\u00e7indeki [&hellip;]<\/p>\n","protected":false},"author":1,"featured_media":0,"comment_status":"open","ping_status":"open","sticky":false,"template":"","format":"standard","meta":{"footnotes":""},"categories":[66],"tags":[],"class_list":{"0":"post-1277","1":"post","2":"type-post","3":"status-publish","4":"format-standard","6":"category-garcia-lorca"},"yoast_head":"<!-- This site is optimized with the Yoast SEO Premium plugin v24.9 (Yoast SEO v24.9) - https:\/\/yoast.com\/wordpress\/plugins\/seo\/ -->\n<title>SER\u00dcVEN D\u00dc\u015eK\u00dcN\u00dc B\u0130R SALYANGOZUN BA\u015eINA GELENLER - narteks.net<\/title>\n<meta name=\"robots\" content=\"index, follow, max-snippet:-1, max-image-preview:large, max-video-preview:-1\" \/>\n<link rel=\"canonical\" href=\"https:\/\/narteks.net\/index.php\/2009\/11\/06\/seruven-duskunu-bir-salyangozun-basina-gelenler\/\" \/>\n<meta property=\"og:locale\" content=\"tr_TR\" \/>\n<meta property=\"og:type\" content=\"article\" \/>\n<meta property=\"og:title\" content=\"SER\u00dcVEN D\u00dc\u015eK\u00dcN\u00dc B\u0130R SALYANGOZUN BA\u015eINA GELENLER\" \/>\n<meta property=\"og:description\" content=\"\u00a0 Bir \u00e7ocuksu tatl\u0131l\u0131k alm\u0131\u015f sakin sabah\u0131 A\u011fa\u00e7lar da geriyor topra\u011fa kollar\u0131n\u0131. Bir titrek bu\u011fu \u00f6rt\u00fcyor ekinleri, ve \u00f6r\u00fcmcekler geriyor ipekten yollar\u0131n\u0131, -sar\u0131yor yol izleri g\u00f6\u011f\u00fcn parlak cam\u0131n\u0131- Kavakl\u0131 yolda bir p\u0131nar durmu\u015f \u015fark\u0131ya \u015fark\u0131s\u0131 otlar\u0131n aras\u0131nda. Ve patikan\u0131n sakin efendisi salyangoz saf ve kendi halinde \u00e7evresini s\u00fczmede. De\u011ferbilir ve yi\u011fit k\u0131ld\u0131 onu do\u011fall\u0131k i\u00e7indeki [&hellip;]\" \/>\n<meta property=\"og:url\" content=\"https:\/\/narteks.net\/index.php\/2009\/11\/06\/seruven-duskunu-bir-salyangozun-basina-gelenler\/\" \/>\n<meta property=\"og:site_name\" content=\"narteks.net\" \/>\n<meta property=\"article:published_time\" content=\"2009-11-06T09:44:01+00:00\" \/>\n<meta property=\"og:image\" content=\"https:\/\/narteks.net\/wp-content\/uploads\/narteks.png\" \/>\n\t<meta property=\"og:image:width\" content=\"300\" \/>\n\t<meta property=\"og:image:height\" content=\"90\" \/>\n\t<meta property=\"og:image:type\" content=\"image\/png\" \/>\n<meta name=\"author\" content=\"Tar\u0131k\" \/>\n<meta name=\"twitter:card\" content=\"summary_large_image\" \/>\n<meta name=\"twitter:creator\" content=\"@narteks\" \/>\n<meta name=\"twitter:site\" content=\"@narteks\" \/>\n<meta name=\"twitter:label1\" content=\"Yazan:\" \/>\n\t<meta name=\"twitter:data1\" content=\"Tar\u0131k\" \/>\n\t<meta name=\"twitter:label2\" content=\"Tahmini okuma s\u00fcresi\" \/>\n\t<meta name=\"twitter:data2\" content=\"4 dakika\" \/>\n<script type=\"application\/ld+json\" class=\"yoast-schema-graph\">{\"@context\":\"https:\/\/schema.org\",\"@graph\":[{\"@type\":\"Article\",\"@id\":\"https:\/\/narteks.net\/index.php\/2009\/11\/06\/seruven-duskunu-bir-salyangozun-basina-gelenler\/#article\",\"isPartOf\":{\"@id\":\"https:\/\/narteks.net\/index.php\/2009\/11\/06\/seruven-duskunu-bir-salyangozun-basina-gelenler\/\"},\"author\":{\"name\":\"Tar\u0131k\",\"@id\":\"https:\/\/narteks.net\/#\/schema\/person\/61f37d9834294b72d31d274e7ed79bca\"},\"headline\":\"SER\u00dcVEN D\u00dc\u015eK\u00dcN\u00dc B\u0130R SALYANGOZUN BA\u015eINA GELENLER\",\"datePublished\":\"2009-11-06T09:44:01+00:00\",\"mainEntityOfPage\":{\"@id\":\"https:\/\/narteks.net\/index.php\/2009\/11\/06\/seruven-duskunu-bir-salyangozun-basina-gelenler\/\"},\"wordCount\":856,\"commentCount\":0,\"publisher\":{\"@id\":\"https:\/\/narteks.net\/#organization\"},\"articleSection\":[\"Garcia LORCA\"],\"inLanguage\":\"tr\",\"potentialAction\":[{\"@type\":\"CommentAction\",\"name\":\"Comment\",\"target\":[\"https:\/\/narteks.net\/index.php\/2009\/11\/06\/seruven-duskunu-bir-salyangozun-basina-gelenler\/#respond\"]}]},{\"@type\":\"WebPage\",\"@id\":\"https:\/\/narteks.net\/index.php\/2009\/11\/06\/seruven-duskunu-bir-salyangozun-basina-gelenler\/\",\"url\":\"https:\/\/narteks.net\/index.php\/2009\/11\/06\/seruven-duskunu-bir-salyangozun-basina-gelenler\/\",\"name\":\"SER\u00dcVEN D\u00dc\u015eK\u00dcN\u00dc B\u0130R SALYANGOZUN BA\u015eINA GELENLER - narteks.net\",\"isPartOf\":{\"@id\":\"https:\/\/narteks.net\/#website\"},\"datePublished\":\"2009-11-06T09:44:01+00:00\",\"breadcrumb\":{\"@id\":\"https:\/\/narteks.net\/index.php\/2009\/11\/06\/seruven-duskunu-bir-salyangozun-basina-gelenler\/#breadcrumb\"},\"inLanguage\":\"tr\",\"potentialAction\":[{\"@type\":\"ReadAction\",\"target\":[\"https:\/\/narteks.net\/index.php\/2009\/11\/06\/seruven-duskunu-bir-salyangozun-basina-gelenler\/\"]}]},{\"@type\":\"BreadcrumbList\",\"@id\":\"https:\/\/narteks.net\/index.php\/2009\/11\/06\/seruven-duskunu-bir-salyangozun-basina-gelenler\/#breadcrumb\",\"itemListElement\":[{\"@type\":\"ListItem\",\"position\":1,\"name\":\"Anasayfa\",\"item\":\"https:\/\/narteks.net\/\"},{\"@type\":\"ListItem\",\"position\":2,\"name\":\"SER\u00dcVEN D\u00dc\u015eK\u00dcN\u00dc B\u0130R SALYANGOZUN BA\u015eINA GELENLER\"}]},{\"@type\":\"WebSite\",\"@id\":\"https:\/\/narteks.net\/#website\",\"url\":\"https:\/\/narteks.net\/\",\"name\":\"narteks.net\",\"description\":\"K\u00fclt\u00fcr Sanat Edebiyat Felsefe\",\"publisher\":{\"@id\":\"https:\/\/narteks.net\/#organization\"},\"alternateName\":\"K\u00fclt\u00fcr Sanat Edebiyat Felsefe\",\"potentialAction\":[{\"@type\":\"SearchAction\",\"target\":{\"@type\":\"EntryPoint\",\"urlTemplate\":\"https:\/\/narteks.net\/?s={search_term_string}\"},\"query-input\":{\"@type\":\"PropertyValueSpecification\",\"valueRequired\":true,\"valueName\":\"search_term_string\"}}],\"inLanguage\":\"tr\"},{\"@type\":\"Organization\",\"@id\":\"https:\/\/narteks.net\/#organization\",\"name\":\"narteks.net\",\"url\":\"https:\/\/narteks.net\/\",\"logo\":{\"@type\":\"ImageObject\",\"inLanguage\":\"tr\",\"@id\":\"https:\/\/narteks.net\/#\/schema\/logo\/image\/\",\"url\":\"https:\/\/narteks.net\/wp-content\/uploads\/narteks.png\",\"contentUrl\":\"https:\/\/narteks.net\/wp-content\/uploads\/narteks.png\",\"width\":300,\"height\":90,\"caption\":\"narteks.net\"},\"image\":{\"@id\":\"https:\/\/narteks.net\/#\/schema\/logo\/image\/\"},\"sameAs\":[\"https:\/\/x.com\/narteks\",\"https:\/\/instagram.com\/narteksnet\"]},{\"@type\":\"Person\",\"@id\":\"https:\/\/narteks.net\/#\/schema\/person\/61f37d9834294b72d31d274e7ed79bca\",\"name\":\"Tar\u0131k\",\"image\":{\"@type\":\"ImageObject\",\"inLanguage\":\"tr\",\"@id\":\"https:\/\/narteks.net\/#\/schema\/person\/image\/\",\"url\":\"https:\/\/secure.gravatar.com\/avatar\/50865afb55632c4ae467e0af0930f6510aa2297d8014be502a55b14f3b7550cf?s=96&d=mm&r=g\",\"contentUrl\":\"https:\/\/secure.gravatar.com\/avatar\/50865afb55632c4ae467e0af0930f6510aa2297d8014be502a55b14f3b7550cf?s=96&d=mm&r=g\",\"caption\":\"Tar\u0131k\"},\"sameAs\":[\"http:\/\/narteks.net\"],\"url\":\"https:\/\/narteks.net\/index.php\/author\/narbak\/\"}]}<\/script>\n<!-- \/ Yoast SEO Premium plugin. -->","yoast_head_json":{"title":"SER\u00dcVEN D\u00dc\u015eK\u00dcN\u00dc B\u0130R SALYANGOZUN BA\u015eINA GELENLER - narteks.net","robots":{"index":"index","follow":"follow","max-snippet":"max-snippet:-1","max-image-preview":"max-image-preview:large","max-video-preview":"max-video-preview:-1"},"canonical":"https:\/\/narteks.net\/index.php\/2009\/11\/06\/seruven-duskunu-bir-salyangozun-basina-gelenler\/","og_locale":"tr_TR","og_type":"article","og_title":"SER\u00dcVEN D\u00dc\u015eK\u00dcN\u00dc B\u0130R SALYANGOZUN BA\u015eINA GELENLER","og_description":"\u00a0 Bir \u00e7ocuksu tatl\u0131l\u0131k alm\u0131\u015f sakin sabah\u0131 A\u011fa\u00e7lar da geriyor topra\u011fa kollar\u0131n\u0131. Bir titrek bu\u011fu \u00f6rt\u00fcyor ekinleri, ve \u00f6r\u00fcmcekler geriyor ipekten yollar\u0131n\u0131, -sar\u0131yor yol izleri g\u00f6\u011f\u00fcn parlak cam\u0131n\u0131- Kavakl\u0131 yolda bir p\u0131nar durmu\u015f \u015fark\u0131ya \u015fark\u0131s\u0131 otlar\u0131n aras\u0131nda. Ve patikan\u0131n sakin efendisi salyangoz saf ve kendi halinde \u00e7evresini s\u00fczmede. De\u011ferbilir ve yi\u011fit k\u0131ld\u0131 onu do\u011fall\u0131k i\u00e7indeki [&hellip;]","og_url":"https:\/\/narteks.net\/index.php\/2009\/11\/06\/seruven-duskunu-bir-salyangozun-basina-gelenler\/","og_site_name":"narteks.net","article_published_time":"2009-11-06T09:44:01+00:00","og_image":[{"width":300,"height":90,"url":"https:\/\/narteks.net\/wp-content\/uploads\/narteks.png","type":"image\/png"}],"author":"Tar\u0131k","twitter_card":"summary_large_image","twitter_creator":"@narteks","twitter_site":"@narteks","twitter_misc":{"Yazan:":"Tar\u0131k","Tahmini okuma s\u00fcresi":"4 dakika"},"schema":{"@context":"https:\/\/schema.org","@graph":[{"@type":"Article","@id":"https:\/\/narteks.net\/index.php\/2009\/11\/06\/seruven-duskunu-bir-salyangozun-basina-gelenler\/#article","isPartOf":{"@id":"https:\/\/narteks.net\/index.php\/2009\/11\/06\/seruven-duskunu-bir-salyangozun-basina-gelenler\/"},"author":{"name":"Tar\u0131k","@id":"https:\/\/narteks.net\/#\/schema\/person\/61f37d9834294b72d31d274e7ed79bca"},"headline":"SER\u00dcVEN D\u00dc\u015eK\u00dcN\u00dc B\u0130R SALYANGOZUN BA\u015eINA GELENLER","datePublished":"2009-11-06T09:44:01+00:00","mainEntityOfPage":{"@id":"https:\/\/narteks.net\/index.php\/2009\/11\/06\/seruven-duskunu-bir-salyangozun-basina-gelenler\/"},"wordCount":856,"commentCount":0,"publisher":{"@id":"https:\/\/narteks.net\/#organization"},"articleSection":["Garcia LORCA"],"inLanguage":"tr","potentialAction":[{"@type":"CommentAction","name":"Comment","target":["https:\/\/narteks.net\/index.php\/2009\/11\/06\/seruven-duskunu-bir-salyangozun-basina-gelenler\/#respond"]}]},{"@type":"WebPage","@id":"https:\/\/narteks.net\/index.php\/2009\/11\/06\/seruven-duskunu-bir-salyangozun-basina-gelenler\/","url":"https:\/\/narteks.net\/index.php\/2009\/11\/06\/seruven-duskunu-bir-salyangozun-basina-gelenler\/","name":"SER\u00dcVEN D\u00dc\u015eK\u00dcN\u00dc B\u0130R SALYANGOZUN BA\u015eINA GELENLER - narteks.net","isPartOf":{"@id":"https:\/\/narteks.net\/#website"},"datePublished":"2009-11-06T09:44:01+00:00","breadcrumb":{"@id":"https:\/\/narteks.net\/index.php\/2009\/11\/06\/seruven-duskunu-bir-salyangozun-basina-gelenler\/#breadcrumb"},"inLanguage":"tr","potentialAction":[{"@type":"ReadAction","target":["https:\/\/narteks.net\/index.php\/2009\/11\/06\/seruven-duskunu-bir-salyangozun-basina-gelenler\/"]}]},{"@type":"BreadcrumbList","@id":"https:\/\/narteks.net\/index.php\/2009\/11\/06\/seruven-duskunu-bir-salyangozun-basina-gelenler\/#breadcrumb","itemListElement":[{"@type":"ListItem","position":1,"name":"Anasayfa","item":"https:\/\/narteks.net\/"},{"@type":"ListItem","position":2,"name":"SER\u00dcVEN D\u00dc\u015eK\u00dcN\u00dc B\u0130R SALYANGOZUN BA\u015eINA GELENLER"}]},{"@type":"WebSite","@id":"https:\/\/narteks.net\/#website","url":"https:\/\/narteks.net\/","name":"narteks.net","description":"K\u00fclt\u00fcr Sanat Edebiyat Felsefe","publisher":{"@id":"https:\/\/narteks.net\/#organization"},"alternateName":"K\u00fclt\u00fcr Sanat Edebiyat Felsefe","potentialAction":[{"@type":"SearchAction","target":{"@type":"EntryPoint","urlTemplate":"https:\/\/narteks.net\/?s={search_term_string}"},"query-input":{"@type":"PropertyValueSpecification","valueRequired":true,"valueName":"search_term_string"}}],"inLanguage":"tr"},{"@type":"Organization","@id":"https:\/\/narteks.net\/#organization","name":"narteks.net","url":"https:\/\/narteks.net\/","logo":{"@type":"ImageObject","inLanguage":"tr","@id":"https:\/\/narteks.net\/#\/schema\/logo\/image\/","url":"https:\/\/narteks.net\/wp-content\/uploads\/narteks.png","contentUrl":"https:\/\/narteks.net\/wp-content\/uploads\/narteks.png","width":300,"height":90,"caption":"narteks.net"},"image":{"@id":"https:\/\/narteks.net\/#\/schema\/logo\/image\/"},"sameAs":["https:\/\/x.com\/narteks","https:\/\/instagram.com\/narteksnet"]},{"@type":"Person","@id":"https:\/\/narteks.net\/#\/schema\/person\/61f37d9834294b72d31d274e7ed79bca","name":"Tar\u0131k","image":{"@type":"ImageObject","inLanguage":"tr","@id":"https:\/\/narteks.net\/#\/schema\/person\/image\/","url":"https:\/\/secure.gravatar.com\/avatar\/50865afb55632c4ae467e0af0930f6510aa2297d8014be502a55b14f3b7550cf?s=96&d=mm&r=g","contentUrl":"https:\/\/secure.gravatar.com\/avatar\/50865afb55632c4ae467e0af0930f6510aa2297d8014be502a55b14f3b7550cf?s=96&d=mm&r=g","caption":"Tar\u0131k"},"sameAs":["http:\/\/narteks.net"],"url":"https:\/\/narteks.net\/index.php\/author\/narbak\/"}]}},"_links":{"self":[{"href":"https:\/\/narteks.net\/index.php\/wp-json\/wp\/v2\/posts\/1277","targetHints":{"allow":["GET"]}}],"collection":[{"href":"https:\/\/narteks.net\/index.php\/wp-json\/wp\/v2\/posts"}],"about":[{"href":"https:\/\/narteks.net\/index.php\/wp-json\/wp\/v2\/types\/post"}],"author":[{"embeddable":true,"href":"https:\/\/narteks.net\/index.php\/wp-json\/wp\/v2\/users\/1"}],"replies":[{"embeddable":true,"href":"https:\/\/narteks.net\/index.php\/wp-json\/wp\/v2\/comments?post=1277"}],"version-history":[{"count":0,"href":"https:\/\/narteks.net\/index.php\/wp-json\/wp\/v2\/posts\/1277\/revisions"}],"wp:attachment":[{"href":"https:\/\/narteks.net\/index.php\/wp-json\/wp\/v2\/media?parent=1277"}],"wp:term":[{"taxonomy":"category","embeddable":true,"href":"https:\/\/narteks.net\/index.php\/wp-json\/wp\/v2\/categories?post=1277"},{"taxonomy":"post_tag","embeddable":true,"href":"https:\/\/narteks.net\/index.php\/wp-json\/wp\/v2\/tags?post=1277"}],"curies":[{"name":"wp","href":"https:\/\/api.w.org\/{rel}","templated":true}]}}