{"id":1279,"date":"2009-11-06T12:48:09","date_gmt":"2009-11-06T09:48:09","guid":{"rendered":"http:\/\/localhost\/wordpress\/2009\/11\/06\/louis-aragon-biyografisi\/"},"modified":"2009-11-06T12:48:09","modified_gmt":"2009-11-06T09:48:09","slug":"louis-aragon-biyografisi","status":"publish","type":"post","link":"https:\/\/narteks.net\/index.php\/2009\/11\/06\/louis-aragon-biyografisi\/","title":{"rendered":"Louis ARAGON Biyografisi"},"content":{"rendered":"<p><img loading=\"lazy\" decoding=\"async\" src=\"http:\/\/4.bp.blogspot.com\/_Kq4ltoi-kRA\/TPLII2rXgTI\/AAAAAAAAAHc\/jCzzIdfGhUU\/s1600\/AVT_Louis-Aragon_9245.jpeg\" border=\"0\" width=\"155\" height=\"205\" \/><\/p>\n<p style=\"text-align: justify;\">Louis Aragon (d. 3 Ekim 1897, Paris &#8211; \u00f6. 24 Aral\u0131k 1982, Paris)<\/p>\n<p style=\"text-align: justify;\">Siyasal eylemci ve kom\u00fcnizm yanl\u0131s\u0131 \u015fair, romanc\u0131 ve deneme yazar\u0131. Bug\u00fcnk\u00fc Frans\u0131z ozanlar\u0131n\u0131n en \u00f6nemlilerinden biri olarak bilinir. \u00d6zellikle, T\u00fcrk\u00e7e&#8217;ye Mutlu A\u015fk Yoktur ad\u0131yla \u00e7evrilen \u015fiiriyle tan\u0131n\u0131r.<\/p>\n<p>\u00d6nceleri, Dada ak\u0131m\u0131n\u0131n \u00f6nc\u00fcleri aras\u0131nda say\u0131l\u0131yordu, sonradan Breton, Soupaux ile birlikte bu y\u00fczy\u0131l\u0131n en \u00f6nemli \u015fiir ak\u0131m\u0131 olan S\u00fcrrealizm&#8217;in kurucular\u0131ndan biri oldu. Bug\u00fcne de\u011fin \u015fiir, roman, ele\u015ftiri, deneme, \u00e7eviri olarak 61 kitap yay\u0131mlad\u0131.<\/p>\n<p>Aragon&#8217;un \u00fcn\u00fc, \u00f6te yandan, II. D\u00fcnya Sava\u015f\u0131&#8217;nda gizli kar\u015f\u0131 koyma hareketiyle daha bir b\u00fcy\u00fcm\u00fc\u015ft\u00fcr. Le Paysan de Paris adl\u0131 roman\u0131, ger\u00e7ek\u00fcst\u00fcc\u00fcl\u00fc\u011f\u00fcn en g\u00fczel \u00f6rneklerinden biri olarak g\u00f6sterilmektedir. Charles d&#8217;Orl\u00e9ans&#8217;dan, Victor Hugo&#8217;ya de\u011fin uzayan bir \u015fiir \u00e7izgisini s\u00fcrd\u00fcr\u00fcr gibidir Aragon. Aragon a\u00e7\u0131k yazan ozanlardand\u0131r, bir\u00e7ok \u015fiirleri bu y\u00fczden \u015fark\u0131 haline getirilmi\u015ftir. Aragon, romanc\u0131 olarak da \u00fcn yapm\u0131\u015ft\u0131r. \u00c7a\u011fda\u015f romanlar\u0131n aras\u0131nda \u00f6nemli bir yer daha tutar. Birka\u00e7 \u00e7evirisi de vard\u0131r. 24 Aral\u0131k 1982&#8217;de Paris&#8217;te \u00f6lm\u00fc\u015ft\u00fcr.<\/p>\n","protected":false},"excerpt":{"rendered":"<p>Louis Aragon (d. 3 Ekim 1897, Paris &#8211; \u00f6. 24 Aral\u0131k 1982, Paris) Siyasal eylemci ve kom\u00fcnizm yanl\u0131s\u0131 \u015fair, romanc\u0131 ve deneme yazar\u0131. Bug\u00fcnk\u00fc Frans\u0131z ozanlar\u0131n\u0131n en \u00f6nemlilerinden biri olarak bilinir. \u00d6zellikle, T\u00fcrk\u00e7e&#8217;ye Mutlu A\u015fk Yoktur ad\u0131yla \u00e7evrilen \u015fiiriyle tan\u0131n\u0131r. \u00d6nceleri, Dada ak\u0131m\u0131n\u0131n \u00f6nc\u00fcleri aras\u0131nda say\u0131l\u0131yordu, sonradan Breton, Soupaux ile birlikte bu y\u00fczy\u0131l\u0131n en \u00f6nemli [&hellip;]<\/p>\n","protected":false},"author":1,"featured_media":0,"comment_status":"open","ping_status":"open","sticky":false,"template":"","format":"standard","meta":{"footnotes":""},"categories":[67],"tags":[],"class_list":{"0":"post-1279","1":"post","2":"type-post","3":"status-publish","4":"format-standard","6":"category-louis-aragon"},"yoast_head":"<!-- This site is optimized with the Yoast SEO Premium plugin v24.9 (Yoast SEO v24.9) - https:\/\/yoast.com\/wordpress\/plugins\/seo\/ -->\n<title>Louis ARAGON Biyografisi - narteks.net<\/title>\n<meta name=\"robots\" content=\"index, follow, max-snippet:-1, max-image-preview:large, max-video-preview:-1\" \/>\n<link rel=\"canonical\" href=\"https:\/\/narteks.net\/index.php\/2009\/11\/06\/louis-aragon-biyografisi\/\" \/>\n<meta property=\"og:locale\" content=\"tr_TR\" \/>\n<meta property=\"og:type\" content=\"article\" \/>\n<meta property=\"og:title\" content=\"Louis ARAGON Biyografisi\" \/>\n<meta property=\"og:description\" content=\"Louis Aragon (d. 3 Ekim 1897, Paris &#8211; \u00f6. 24 Aral\u0131k 1982, Paris) Siyasal eylemci ve kom\u00fcnizm yanl\u0131s\u0131 \u015fair, romanc\u0131 ve deneme yazar\u0131. Bug\u00fcnk\u00fc Frans\u0131z ozanlar\u0131n\u0131n en \u00f6nemlilerinden biri olarak bilinir. \u00d6zellikle, T\u00fcrk\u00e7e&#8217;ye Mutlu A\u015fk Yoktur ad\u0131yla \u00e7evrilen \u015fiiriyle tan\u0131n\u0131r. \u00d6nceleri, Dada ak\u0131m\u0131n\u0131n \u00f6nc\u00fcleri aras\u0131nda say\u0131l\u0131yordu, sonradan Breton, Soupaux ile birlikte bu y\u00fczy\u0131l\u0131n en \u00f6nemli [&hellip;]\" \/>\n<meta property=\"og:url\" content=\"https:\/\/narteks.net\/index.php\/2009\/11\/06\/louis-aragon-biyografisi\/\" \/>\n<meta property=\"og:site_name\" content=\"narteks.net\" \/>\n<meta property=\"article:published_time\" content=\"2009-11-06T09:48:09+00:00\" \/>\n<meta property=\"og:image\" content=\"http:\/\/4.bp.blogspot.com\/_Kq4ltoi-kRA\/TPLII2rXgTI\/AAAAAAAAAHc\/jCzzIdfGhUU\/s1600\/AVT_Louis-Aragon_9245.jpeg\" \/>\n<meta name=\"author\" content=\"Tar\u0131k\" \/>\n<meta name=\"twitter:card\" content=\"summary_large_image\" \/>\n<meta name=\"twitter:creator\" content=\"@narteks\" \/>\n<meta name=\"twitter:site\" content=\"@narteks\" \/>\n<meta name=\"twitter:label1\" content=\"Yazan:\" \/>\n\t<meta name=\"twitter:data1\" content=\"Tar\u0131k\" \/>\n\t<meta name=\"twitter:label2\" content=\"Tahmini okuma s\u00fcresi\" \/>\n\t<meta name=\"twitter:data2\" content=\"1 dakika\" \/>\n<script type=\"application\/ld+json\" class=\"yoast-schema-graph\">{\"@context\":\"https:\/\/schema.org\",\"@graph\":[{\"@type\":\"Article\",\"@id\":\"https:\/\/narteks.net\/index.php\/2009\/11\/06\/louis-aragon-biyografisi\/#article\",\"isPartOf\":{\"@id\":\"https:\/\/narteks.net\/index.php\/2009\/11\/06\/louis-aragon-biyografisi\/\"},\"author\":{\"name\":\"Tar\u0131k\",\"@id\":\"https:\/\/narteks.net\/#\/schema\/person\/61f37d9834294b72d31d274e7ed79bca\"},\"headline\":\"Louis ARAGON Biyografisi\",\"datePublished\":\"2009-11-06T09:48:09+00:00\",\"mainEntityOfPage\":{\"@id\":\"https:\/\/narteks.net\/index.php\/2009\/11\/06\/louis-aragon-biyografisi\/\"},\"wordCount\":204,\"commentCount\":0,\"publisher\":{\"@id\":\"https:\/\/narteks.net\/#organization\"},\"image\":{\"@id\":\"https:\/\/narteks.net\/index.php\/2009\/11\/06\/louis-aragon-biyografisi\/#primaryimage\"},\"thumbnailUrl\":\"http:\/\/4.bp.blogspot.com\/_Kq4ltoi-kRA\/TPLII2rXgTI\/AAAAAAAAAHc\/jCzzIdfGhUU\/s1600\/AVT_Louis-Aragon_9245.jpeg\",\"articleSection\":[\"Louis ARAGON\"],\"inLanguage\":\"tr\",\"potentialAction\":[{\"@type\":\"CommentAction\",\"name\":\"Comment\",\"target\":[\"https:\/\/narteks.net\/index.php\/2009\/11\/06\/louis-aragon-biyografisi\/#respond\"]}]},{\"@type\":\"WebPage\",\"@id\":\"https:\/\/narteks.net\/index.php\/2009\/11\/06\/louis-aragon-biyografisi\/\",\"url\":\"https:\/\/narteks.net\/index.php\/2009\/11\/06\/louis-aragon-biyografisi\/\",\"name\":\"Louis ARAGON Biyografisi - narteks.net\",\"isPartOf\":{\"@id\":\"https:\/\/narteks.net\/#website\"},\"primaryImageOfPage\":{\"@id\":\"https:\/\/narteks.net\/index.php\/2009\/11\/06\/louis-aragon-biyografisi\/#primaryimage\"},\"image\":{\"@id\":\"https:\/\/narteks.net\/index.php\/2009\/11\/06\/louis-aragon-biyografisi\/#primaryimage\"},\"thumbnailUrl\":\"http:\/\/4.bp.blogspot.com\/_Kq4ltoi-kRA\/TPLII2rXgTI\/AAAAAAAAAHc\/jCzzIdfGhUU\/s1600\/AVT_Louis-Aragon_9245.jpeg\",\"datePublished\":\"2009-11-06T09:48:09+00:00\",\"breadcrumb\":{\"@id\":\"https:\/\/narteks.net\/index.php\/2009\/11\/06\/louis-aragon-biyografisi\/#breadcrumb\"},\"inLanguage\":\"tr\",\"potentialAction\":[{\"@type\":\"ReadAction\",\"target\":[\"https:\/\/narteks.net\/index.php\/2009\/11\/06\/louis-aragon-biyografisi\/\"]}]},{\"@type\":\"ImageObject\",\"inLanguage\":\"tr\",\"@id\":\"https:\/\/narteks.net\/index.php\/2009\/11\/06\/louis-aragon-biyografisi\/#primaryimage\",\"url\":\"http:\/\/4.bp.blogspot.com\/_Kq4ltoi-kRA\/TPLII2rXgTI\/AAAAAAAAAHc\/jCzzIdfGhUU\/s1600\/AVT_Louis-Aragon_9245.jpeg\",\"contentUrl\":\"http:\/\/4.bp.blogspot.com\/_Kq4ltoi-kRA\/TPLII2rXgTI\/AAAAAAAAAHc\/jCzzIdfGhUU\/s1600\/AVT_Louis-Aragon_9245.jpeg\"},{\"@type\":\"BreadcrumbList\",\"@id\":\"https:\/\/narteks.net\/index.php\/2009\/11\/06\/louis-aragon-biyografisi\/#breadcrumb\",\"itemListElement\":[{\"@type\":\"ListItem\",\"position\":1,\"name\":\"Anasayfa\",\"item\":\"https:\/\/narteks.net\/\"},{\"@type\":\"ListItem\",\"position\":2,\"name\":\"Louis ARAGON Biyografisi\"}]},{\"@type\":\"WebSite\",\"@id\":\"https:\/\/narteks.net\/#website\",\"url\":\"https:\/\/narteks.net\/\",\"name\":\"narteks.net\",\"description\":\"K\u00fclt\u00fcr Sanat Edebiyat Felsefe\",\"publisher\":{\"@id\":\"https:\/\/narteks.net\/#organization\"},\"alternateName\":\"K\u00fclt\u00fcr Sanat Edebiyat Felsefe\",\"potentialAction\":[{\"@type\":\"SearchAction\",\"target\":{\"@type\":\"EntryPoint\",\"urlTemplate\":\"https:\/\/narteks.net\/?s={search_term_string}\"},\"query-input\":{\"@type\":\"PropertyValueSpecification\",\"valueRequired\":true,\"valueName\":\"search_term_string\"}}],\"inLanguage\":\"tr\"},{\"@type\":\"Organization\",\"@id\":\"https:\/\/narteks.net\/#organization\",\"name\":\"narteks.net\",\"url\":\"https:\/\/narteks.net\/\",\"logo\":{\"@type\":\"ImageObject\",\"inLanguage\":\"tr\",\"@id\":\"https:\/\/narteks.net\/#\/schema\/logo\/image\/\",\"url\":\"https:\/\/narteks.net\/wp-content\/uploads\/narteks.png\",\"contentUrl\":\"https:\/\/narteks.net\/wp-content\/uploads\/narteks.png\",\"width\":300,\"height\":90,\"caption\":\"narteks.net\"},\"image\":{\"@id\":\"https:\/\/narteks.net\/#\/schema\/logo\/image\/\"},\"sameAs\":[\"https:\/\/x.com\/narteks\",\"https:\/\/instagram.com\/narteksnet\"]},{\"@type\":\"Person\",\"@id\":\"https:\/\/narteks.net\/#\/schema\/person\/61f37d9834294b72d31d274e7ed79bca\",\"name\":\"Tar\u0131k\",\"image\":{\"@type\":\"ImageObject\",\"inLanguage\":\"tr\",\"@id\":\"https:\/\/narteks.net\/#\/schema\/person\/image\/\",\"url\":\"https:\/\/secure.gravatar.com\/avatar\/50865afb55632c4ae467e0af0930f6510aa2297d8014be502a55b14f3b7550cf?s=96&d=mm&r=g\",\"contentUrl\":\"https:\/\/secure.gravatar.com\/avatar\/50865afb55632c4ae467e0af0930f6510aa2297d8014be502a55b14f3b7550cf?s=96&d=mm&r=g\",\"caption\":\"Tar\u0131k\"},\"sameAs\":[\"http:\/\/narteks.net\"],\"url\":\"https:\/\/narteks.net\/index.php\/author\/narbak\/\"}]}<\/script>\n<!-- \/ Yoast SEO Premium plugin. -->","yoast_head_json":{"title":"Louis ARAGON Biyografisi - narteks.net","robots":{"index":"index","follow":"follow","max-snippet":"max-snippet:-1","max-image-preview":"max-image-preview:large","max-video-preview":"max-video-preview:-1"},"canonical":"https:\/\/narteks.net\/index.php\/2009\/11\/06\/louis-aragon-biyografisi\/","og_locale":"tr_TR","og_type":"article","og_title":"Louis ARAGON Biyografisi","og_description":"Louis Aragon (d. 3 Ekim 1897, Paris &#8211; \u00f6. 24 Aral\u0131k 1982, Paris) Siyasal eylemci ve kom\u00fcnizm yanl\u0131s\u0131 \u015fair, romanc\u0131 ve deneme yazar\u0131. Bug\u00fcnk\u00fc Frans\u0131z ozanlar\u0131n\u0131n en \u00f6nemlilerinden biri olarak bilinir. \u00d6zellikle, T\u00fcrk\u00e7e&#8217;ye Mutlu A\u015fk Yoktur ad\u0131yla \u00e7evrilen \u015fiiriyle tan\u0131n\u0131r. \u00d6nceleri, Dada ak\u0131m\u0131n\u0131n \u00f6nc\u00fcleri aras\u0131nda say\u0131l\u0131yordu, sonradan Breton, Soupaux ile birlikte bu y\u00fczy\u0131l\u0131n en \u00f6nemli [&hellip;]","og_url":"https:\/\/narteks.net\/index.php\/2009\/11\/06\/louis-aragon-biyografisi\/","og_site_name":"narteks.net","article_published_time":"2009-11-06T09:48:09+00:00","og_image":[{"url":"http:\/\/4.bp.blogspot.com\/_Kq4ltoi-kRA\/TPLII2rXgTI\/AAAAAAAAAHc\/jCzzIdfGhUU\/s1600\/AVT_Louis-Aragon_9245.jpeg","type":"","width":"","height":""}],"author":"Tar\u0131k","twitter_card":"summary_large_image","twitter_creator":"@narteks","twitter_site":"@narteks","twitter_misc":{"Yazan:":"Tar\u0131k","Tahmini okuma s\u00fcresi":"1 dakika"},"schema":{"@context":"https:\/\/schema.org","@graph":[{"@type":"Article","@id":"https:\/\/narteks.net\/index.php\/2009\/11\/06\/louis-aragon-biyografisi\/#article","isPartOf":{"@id":"https:\/\/narteks.net\/index.php\/2009\/11\/06\/louis-aragon-biyografisi\/"},"author":{"name":"Tar\u0131k","@id":"https:\/\/narteks.net\/#\/schema\/person\/61f37d9834294b72d31d274e7ed79bca"},"headline":"Louis ARAGON Biyografisi","datePublished":"2009-11-06T09:48:09+00:00","mainEntityOfPage":{"@id":"https:\/\/narteks.net\/index.php\/2009\/11\/06\/louis-aragon-biyografisi\/"},"wordCount":204,"commentCount":0,"publisher":{"@id":"https:\/\/narteks.net\/#organization"},"image":{"@id":"https:\/\/narteks.net\/index.php\/2009\/11\/06\/louis-aragon-biyografisi\/#primaryimage"},"thumbnailUrl":"http:\/\/4.bp.blogspot.com\/_Kq4ltoi-kRA\/TPLII2rXgTI\/AAAAAAAAAHc\/jCzzIdfGhUU\/s1600\/AVT_Louis-Aragon_9245.jpeg","articleSection":["Louis ARAGON"],"inLanguage":"tr","potentialAction":[{"@type":"CommentAction","name":"Comment","target":["https:\/\/narteks.net\/index.php\/2009\/11\/06\/louis-aragon-biyografisi\/#respond"]}]},{"@type":"WebPage","@id":"https:\/\/narteks.net\/index.php\/2009\/11\/06\/louis-aragon-biyografisi\/","url":"https:\/\/narteks.net\/index.php\/2009\/11\/06\/louis-aragon-biyografisi\/","name":"Louis ARAGON Biyografisi - narteks.net","isPartOf":{"@id":"https:\/\/narteks.net\/#website"},"primaryImageOfPage":{"@id":"https:\/\/narteks.net\/index.php\/2009\/11\/06\/louis-aragon-biyografisi\/#primaryimage"},"image":{"@id":"https:\/\/narteks.net\/index.php\/2009\/11\/06\/louis-aragon-biyografisi\/#primaryimage"},"thumbnailUrl":"http:\/\/4.bp.blogspot.com\/_Kq4ltoi-kRA\/TPLII2rXgTI\/AAAAAAAAAHc\/jCzzIdfGhUU\/s1600\/AVT_Louis-Aragon_9245.jpeg","datePublished":"2009-11-06T09:48:09+00:00","breadcrumb":{"@id":"https:\/\/narteks.net\/index.php\/2009\/11\/06\/louis-aragon-biyografisi\/#breadcrumb"},"inLanguage":"tr","potentialAction":[{"@type":"ReadAction","target":["https:\/\/narteks.net\/index.php\/2009\/11\/06\/louis-aragon-biyografisi\/"]}]},{"@type":"ImageObject","inLanguage":"tr","@id":"https:\/\/narteks.net\/index.php\/2009\/11\/06\/louis-aragon-biyografisi\/#primaryimage","url":"http:\/\/4.bp.blogspot.com\/_Kq4ltoi-kRA\/TPLII2rXgTI\/AAAAAAAAAHc\/jCzzIdfGhUU\/s1600\/AVT_Louis-Aragon_9245.jpeg","contentUrl":"http:\/\/4.bp.blogspot.com\/_Kq4ltoi-kRA\/TPLII2rXgTI\/AAAAAAAAAHc\/jCzzIdfGhUU\/s1600\/AVT_Louis-Aragon_9245.jpeg"},{"@type":"BreadcrumbList","@id":"https:\/\/narteks.net\/index.php\/2009\/11\/06\/louis-aragon-biyografisi\/#breadcrumb","itemListElement":[{"@type":"ListItem","position":1,"name":"Anasayfa","item":"https:\/\/narteks.net\/"},{"@type":"ListItem","position":2,"name":"Louis ARAGON Biyografisi"}]},{"@type":"WebSite","@id":"https:\/\/narteks.net\/#website","url":"https:\/\/narteks.net\/","name":"narteks.net","description":"K\u00fclt\u00fcr Sanat Edebiyat Felsefe","publisher":{"@id":"https:\/\/narteks.net\/#organization"},"alternateName":"K\u00fclt\u00fcr Sanat Edebiyat Felsefe","potentialAction":[{"@type":"SearchAction","target":{"@type":"EntryPoint","urlTemplate":"https:\/\/narteks.net\/?s={search_term_string}"},"query-input":{"@type":"PropertyValueSpecification","valueRequired":true,"valueName":"search_term_string"}}],"inLanguage":"tr"},{"@type":"Organization","@id":"https:\/\/narteks.net\/#organization","name":"narteks.net","url":"https:\/\/narteks.net\/","logo":{"@type":"ImageObject","inLanguage":"tr","@id":"https:\/\/narteks.net\/#\/schema\/logo\/image\/","url":"https:\/\/narteks.net\/wp-content\/uploads\/narteks.png","contentUrl":"https:\/\/narteks.net\/wp-content\/uploads\/narteks.png","width":300,"height":90,"caption":"narteks.net"},"image":{"@id":"https:\/\/narteks.net\/#\/schema\/logo\/image\/"},"sameAs":["https:\/\/x.com\/narteks","https:\/\/instagram.com\/narteksnet"]},{"@type":"Person","@id":"https:\/\/narteks.net\/#\/schema\/person\/61f37d9834294b72d31d274e7ed79bca","name":"Tar\u0131k","image":{"@type":"ImageObject","inLanguage":"tr","@id":"https:\/\/narteks.net\/#\/schema\/person\/image\/","url":"https:\/\/secure.gravatar.com\/avatar\/50865afb55632c4ae467e0af0930f6510aa2297d8014be502a55b14f3b7550cf?s=96&d=mm&r=g","contentUrl":"https:\/\/secure.gravatar.com\/avatar\/50865afb55632c4ae467e0af0930f6510aa2297d8014be502a55b14f3b7550cf?s=96&d=mm&r=g","caption":"Tar\u0131k"},"sameAs":["http:\/\/narteks.net"],"url":"https:\/\/narteks.net\/index.php\/author\/narbak\/"}]}},"_links":{"self":[{"href":"https:\/\/narteks.net\/index.php\/wp-json\/wp\/v2\/posts\/1279","targetHints":{"allow":["GET"]}}],"collection":[{"href":"https:\/\/narteks.net\/index.php\/wp-json\/wp\/v2\/posts"}],"about":[{"href":"https:\/\/narteks.net\/index.php\/wp-json\/wp\/v2\/types\/post"}],"author":[{"embeddable":true,"href":"https:\/\/narteks.net\/index.php\/wp-json\/wp\/v2\/users\/1"}],"replies":[{"embeddable":true,"href":"https:\/\/narteks.net\/index.php\/wp-json\/wp\/v2\/comments?post=1279"}],"version-history":[{"count":0,"href":"https:\/\/narteks.net\/index.php\/wp-json\/wp\/v2\/posts\/1279\/revisions"}],"wp:attachment":[{"href":"https:\/\/narteks.net\/index.php\/wp-json\/wp\/v2\/media?parent=1279"}],"wp:term":[{"taxonomy":"category","embeddable":true,"href":"https:\/\/narteks.net\/index.php\/wp-json\/wp\/v2\/categories?post=1279"},{"taxonomy":"post_tag","embeddable":true,"href":"https:\/\/narteks.net\/index.php\/wp-json\/wp\/v2\/tags?post=1279"}],"curies":[{"name":"wp","href":"https:\/\/api.w.org\/{rel}","templated":true}]}}