{"id":1284,"date":"2009-11-06T12:51:17","date_gmt":"2009-11-06T09:51:17","guid":{"rendered":"http:\/\/localhost\/wordpress\/2009\/11\/06\/can-kurtaran-simiti\/"},"modified":"2009-11-06T12:51:17","modified_gmt":"2009-11-06T09:51:17","slug":"can-kurtaran-simiti","status":"publish","type":"post","link":"https:\/\/narteks.net\/index.php\/2009\/11\/06\/can-kurtaran-simiti\/","title":{"rendered":"CAN KURTARAN S\u0130M\u0130T\u0130"},"content":{"rendered":"<p>\u00a0<\/p>\n<p>Bir \u00e7ocuk<br \/> f\u0131rlatt\u0131 kendi ruhunu<br \/> Bir kar\u00b4\u0131n kar\u00b4\u0131n\u0131n da i\u00e7ine<br \/> ve bilmiyordu daha<br \/> kapatmas\u0131n\u0131 g\u00f6zkapaklar\u0131n\u0131<\/p>\n<p>Bir \u00e7ift<br \/> Yani diyor bir kad\u0131nla erkek i\u015fte<br \/> bir defas\u0131na bir defas\u0131na<br \/> b\u00fct\u00fcn yol boyunca<br \/> \u0130kisinin olu\u015fturdu\u011fu bir \u00e7ift<\/p>\n<p>bir defas\u0131nda so\u011fuk ve s\u0131cak<br \/> Oysa tam da yapacakt\u0131<br \/> oysa tam da ba\u015flam\u0131\u015ft\u0131<br \/> \u015eark\u0131 s\u00f6yl\u00fcyordu<br \/> Bir \u00e7\u00f6rek yer g\u00fcne\u015fte \u00e7\u00f6rekli<\/p>\n<p>\u00c7\u00f6re\u011fin yans\u0131s\u0131 suda<br \/> Bir defas\u0131nda suda bir defas\u0131nda<br \/> Bir sudan \u0131rmakt\u0131 bu<br \/> Islat\u0131r su bembeyaz<br \/> \u00c7i\u00e7ek \u0131slak<\/p>\n<p>Louis ARAGON<\/p>\n","protected":false},"excerpt":{"rendered":"<p>\u00a0 Bir \u00e7ocuk f\u0131rlatt\u0131 kendi ruhunu Bir kar\u00b4\u0131n kar\u00b4\u0131n\u0131n da i\u00e7ine ve bilmiyordu daha kapatmas\u0131n\u0131 g\u00f6zkapaklar\u0131n\u0131 Bir \u00e7ift Yani diyor bir kad\u0131nla erkek i\u015fte bir defas\u0131na bir defas\u0131na b\u00fct\u00fcn yol boyunca \u0130kisinin olu\u015fturdu\u011fu bir \u00e7ift bir defas\u0131nda so\u011fuk ve s\u0131cak Oysa tam da yapacakt\u0131 oysa tam da ba\u015flam\u0131\u015ft\u0131 \u015eark\u0131 s\u00f6yl\u00fcyordu Bir \u00e7\u00f6rek yer g\u00fcne\u015fte \u00e7\u00f6rekli [&hellip;]<\/p>\n","protected":false},"author":1,"featured_media":0,"comment_status":"open","ping_status":"open","sticky":false,"template":"","format":"standard","meta":{"footnotes":""},"categories":[67],"tags":[],"class_list":{"0":"post-1284","1":"post","2":"type-post","3":"status-publish","4":"format-standard","6":"category-louis-aragon"},"yoast_head":"<!-- This site is optimized with the Yoast SEO Premium plugin v24.9 (Yoast SEO v24.9) - https:\/\/yoast.com\/wordpress\/plugins\/seo\/ -->\n<title>CAN KURTARAN S\u0130M\u0130T\u0130 - narteks.net<\/title>\n<meta name=\"robots\" content=\"index, follow, max-snippet:-1, max-image-preview:large, max-video-preview:-1\" \/>\n<link rel=\"canonical\" href=\"https:\/\/narteks.net\/index.php\/2009\/11\/06\/can-kurtaran-simiti\/\" \/>\n<meta property=\"og:locale\" content=\"tr_TR\" \/>\n<meta property=\"og:type\" content=\"article\" \/>\n<meta property=\"og:title\" content=\"CAN KURTARAN S\u0130M\u0130T\u0130\" \/>\n<meta property=\"og:description\" content=\"\u00a0 Bir \u00e7ocuk f\u0131rlatt\u0131 kendi ruhunu Bir kar\u00b4\u0131n kar\u00b4\u0131n\u0131n da i\u00e7ine ve bilmiyordu daha kapatmas\u0131n\u0131 g\u00f6zkapaklar\u0131n\u0131 Bir \u00e7ift Yani diyor bir kad\u0131nla erkek i\u015fte bir defas\u0131na bir defas\u0131na b\u00fct\u00fcn yol boyunca \u0130kisinin olu\u015fturdu\u011fu bir \u00e7ift bir defas\u0131nda so\u011fuk ve s\u0131cak Oysa tam da yapacakt\u0131 oysa tam da ba\u015flam\u0131\u015ft\u0131 \u015eark\u0131 s\u00f6yl\u00fcyordu Bir \u00e7\u00f6rek yer g\u00fcne\u015fte \u00e7\u00f6rekli [&hellip;]\" \/>\n<meta property=\"og:url\" content=\"https:\/\/narteks.net\/index.php\/2009\/11\/06\/can-kurtaran-simiti\/\" \/>\n<meta property=\"og:site_name\" content=\"narteks.net\" \/>\n<meta property=\"article:published_time\" content=\"2009-11-06T09:51:17+00:00\" \/>\n<meta property=\"og:image\" content=\"https:\/\/narteks.net\/wp-content\/uploads\/narteks.png\" \/>\n\t<meta property=\"og:image:width\" content=\"300\" \/>\n\t<meta property=\"og:image:height\" content=\"90\" \/>\n\t<meta property=\"og:image:type\" content=\"image\/png\" \/>\n<meta name=\"author\" content=\"Tar\u0131k\" \/>\n<meta name=\"twitter:card\" content=\"summary_large_image\" \/>\n<meta name=\"twitter:creator\" content=\"@narteks\" \/>\n<meta name=\"twitter:site\" content=\"@narteks\" \/>\n<meta name=\"twitter:label1\" content=\"Yazan:\" \/>\n\t<meta name=\"twitter:data1\" content=\"Tar\u0131k\" \/>\n\t<meta name=\"twitter:label2\" content=\"Tahmini okuma s\u00fcresi\" \/>\n\t<meta name=\"twitter:data2\" content=\"1 dakika\" \/>\n<script type=\"application\/ld+json\" class=\"yoast-schema-graph\">{\"@context\":\"https:\/\/schema.org\",\"@graph\":[{\"@type\":\"Article\",\"@id\":\"https:\/\/narteks.net\/index.php\/2009\/11\/06\/can-kurtaran-simiti\/#article\",\"isPartOf\":{\"@id\":\"https:\/\/narteks.net\/index.php\/2009\/11\/06\/can-kurtaran-simiti\/\"},\"author\":{\"name\":\"Tar\u0131k\",\"@id\":\"https:\/\/narteks.net\/#\/schema\/person\/61f37d9834294b72d31d274e7ed79bca\"},\"headline\":\"CAN KURTARAN S\u0130M\u0130T\u0130\",\"datePublished\":\"2009-11-06T09:51:17+00:00\",\"mainEntityOfPage\":{\"@id\":\"https:\/\/narteks.net\/index.php\/2009\/11\/06\/can-kurtaran-simiti\/\"},\"wordCount\":109,\"commentCount\":0,\"publisher\":{\"@id\":\"https:\/\/narteks.net\/#organization\"},\"articleSection\":[\"Louis ARAGON\"],\"inLanguage\":\"tr\",\"potentialAction\":[{\"@type\":\"CommentAction\",\"name\":\"Comment\",\"target\":[\"https:\/\/narteks.net\/index.php\/2009\/11\/06\/can-kurtaran-simiti\/#respond\"]}]},{\"@type\":\"WebPage\",\"@id\":\"https:\/\/narteks.net\/index.php\/2009\/11\/06\/can-kurtaran-simiti\/\",\"url\":\"https:\/\/narteks.net\/index.php\/2009\/11\/06\/can-kurtaran-simiti\/\",\"name\":\"CAN KURTARAN S\u0130M\u0130T\u0130 - narteks.net\",\"isPartOf\":{\"@id\":\"https:\/\/narteks.net\/#website\"},\"datePublished\":\"2009-11-06T09:51:17+00:00\",\"breadcrumb\":{\"@id\":\"https:\/\/narteks.net\/index.php\/2009\/11\/06\/can-kurtaran-simiti\/#breadcrumb\"},\"inLanguage\":\"tr\",\"potentialAction\":[{\"@type\":\"ReadAction\",\"target\":[\"https:\/\/narteks.net\/index.php\/2009\/11\/06\/can-kurtaran-simiti\/\"]}]},{\"@type\":\"BreadcrumbList\",\"@id\":\"https:\/\/narteks.net\/index.php\/2009\/11\/06\/can-kurtaran-simiti\/#breadcrumb\",\"itemListElement\":[{\"@type\":\"ListItem\",\"position\":1,\"name\":\"Anasayfa\",\"item\":\"https:\/\/narteks.net\/\"},{\"@type\":\"ListItem\",\"position\":2,\"name\":\"CAN KURTARAN S\u0130M\u0130T\u0130\"}]},{\"@type\":\"WebSite\",\"@id\":\"https:\/\/narteks.net\/#website\",\"url\":\"https:\/\/narteks.net\/\",\"name\":\"narteks.net\",\"description\":\"K\u00fclt\u00fcr Sanat Edebiyat Felsefe\",\"publisher\":{\"@id\":\"https:\/\/narteks.net\/#organization\"},\"alternateName\":\"K\u00fclt\u00fcr Sanat Edebiyat Felsefe\",\"potentialAction\":[{\"@type\":\"SearchAction\",\"target\":{\"@type\":\"EntryPoint\",\"urlTemplate\":\"https:\/\/narteks.net\/?s={search_term_string}\"},\"query-input\":{\"@type\":\"PropertyValueSpecification\",\"valueRequired\":true,\"valueName\":\"search_term_string\"}}],\"inLanguage\":\"tr\"},{\"@type\":\"Organization\",\"@id\":\"https:\/\/narteks.net\/#organization\",\"name\":\"narteks.net\",\"url\":\"https:\/\/narteks.net\/\",\"logo\":{\"@type\":\"ImageObject\",\"inLanguage\":\"tr\",\"@id\":\"https:\/\/narteks.net\/#\/schema\/logo\/image\/\",\"url\":\"https:\/\/narteks.net\/wp-content\/uploads\/narteks.png\",\"contentUrl\":\"https:\/\/narteks.net\/wp-content\/uploads\/narteks.png\",\"width\":300,\"height\":90,\"caption\":\"narteks.net\"},\"image\":{\"@id\":\"https:\/\/narteks.net\/#\/schema\/logo\/image\/\"},\"sameAs\":[\"https:\/\/x.com\/narteks\",\"https:\/\/instagram.com\/narteksnet\"]},{\"@type\":\"Person\",\"@id\":\"https:\/\/narteks.net\/#\/schema\/person\/61f37d9834294b72d31d274e7ed79bca\",\"name\":\"Tar\u0131k\",\"image\":{\"@type\":\"ImageObject\",\"inLanguage\":\"tr\",\"@id\":\"https:\/\/narteks.net\/#\/schema\/person\/image\/\",\"url\":\"https:\/\/secure.gravatar.com\/avatar\/50865afb55632c4ae467e0af0930f6510aa2297d8014be502a55b14f3b7550cf?s=96&d=mm&r=g\",\"contentUrl\":\"https:\/\/secure.gravatar.com\/avatar\/50865afb55632c4ae467e0af0930f6510aa2297d8014be502a55b14f3b7550cf?s=96&d=mm&r=g\",\"caption\":\"Tar\u0131k\"},\"sameAs\":[\"http:\/\/narteks.net\"],\"url\":\"https:\/\/narteks.net\/index.php\/author\/narbak\/\"}]}<\/script>\n<!-- \/ Yoast SEO Premium plugin. -->","yoast_head_json":{"title":"CAN KURTARAN S\u0130M\u0130T\u0130 - narteks.net","robots":{"index":"index","follow":"follow","max-snippet":"max-snippet:-1","max-image-preview":"max-image-preview:large","max-video-preview":"max-video-preview:-1"},"canonical":"https:\/\/narteks.net\/index.php\/2009\/11\/06\/can-kurtaran-simiti\/","og_locale":"tr_TR","og_type":"article","og_title":"CAN KURTARAN S\u0130M\u0130T\u0130","og_description":"\u00a0 Bir \u00e7ocuk f\u0131rlatt\u0131 kendi ruhunu Bir kar\u00b4\u0131n kar\u00b4\u0131n\u0131n da i\u00e7ine ve bilmiyordu daha kapatmas\u0131n\u0131 g\u00f6zkapaklar\u0131n\u0131 Bir \u00e7ift Yani diyor bir kad\u0131nla erkek i\u015fte bir defas\u0131na bir defas\u0131na b\u00fct\u00fcn yol boyunca \u0130kisinin olu\u015fturdu\u011fu bir \u00e7ift bir defas\u0131nda so\u011fuk ve s\u0131cak Oysa tam da yapacakt\u0131 oysa tam da ba\u015flam\u0131\u015ft\u0131 \u015eark\u0131 s\u00f6yl\u00fcyordu Bir \u00e7\u00f6rek yer g\u00fcne\u015fte \u00e7\u00f6rekli [&hellip;]","og_url":"https:\/\/narteks.net\/index.php\/2009\/11\/06\/can-kurtaran-simiti\/","og_site_name":"narteks.net","article_published_time":"2009-11-06T09:51:17+00:00","og_image":[{"width":300,"height":90,"url":"https:\/\/narteks.net\/wp-content\/uploads\/narteks.png","type":"image\/png"}],"author":"Tar\u0131k","twitter_card":"summary_large_image","twitter_creator":"@narteks","twitter_site":"@narteks","twitter_misc":{"Yazan:":"Tar\u0131k","Tahmini okuma s\u00fcresi":"1 dakika"},"schema":{"@context":"https:\/\/schema.org","@graph":[{"@type":"Article","@id":"https:\/\/narteks.net\/index.php\/2009\/11\/06\/can-kurtaran-simiti\/#article","isPartOf":{"@id":"https:\/\/narteks.net\/index.php\/2009\/11\/06\/can-kurtaran-simiti\/"},"author":{"name":"Tar\u0131k","@id":"https:\/\/narteks.net\/#\/schema\/person\/61f37d9834294b72d31d274e7ed79bca"},"headline":"CAN KURTARAN S\u0130M\u0130T\u0130","datePublished":"2009-11-06T09:51:17+00:00","mainEntityOfPage":{"@id":"https:\/\/narteks.net\/index.php\/2009\/11\/06\/can-kurtaran-simiti\/"},"wordCount":109,"commentCount":0,"publisher":{"@id":"https:\/\/narteks.net\/#organization"},"articleSection":["Louis ARAGON"],"inLanguage":"tr","potentialAction":[{"@type":"CommentAction","name":"Comment","target":["https:\/\/narteks.net\/index.php\/2009\/11\/06\/can-kurtaran-simiti\/#respond"]}]},{"@type":"WebPage","@id":"https:\/\/narteks.net\/index.php\/2009\/11\/06\/can-kurtaran-simiti\/","url":"https:\/\/narteks.net\/index.php\/2009\/11\/06\/can-kurtaran-simiti\/","name":"CAN KURTARAN S\u0130M\u0130T\u0130 - narteks.net","isPartOf":{"@id":"https:\/\/narteks.net\/#website"},"datePublished":"2009-11-06T09:51:17+00:00","breadcrumb":{"@id":"https:\/\/narteks.net\/index.php\/2009\/11\/06\/can-kurtaran-simiti\/#breadcrumb"},"inLanguage":"tr","potentialAction":[{"@type":"ReadAction","target":["https:\/\/narteks.net\/index.php\/2009\/11\/06\/can-kurtaran-simiti\/"]}]},{"@type":"BreadcrumbList","@id":"https:\/\/narteks.net\/index.php\/2009\/11\/06\/can-kurtaran-simiti\/#breadcrumb","itemListElement":[{"@type":"ListItem","position":1,"name":"Anasayfa","item":"https:\/\/narteks.net\/"},{"@type":"ListItem","position":2,"name":"CAN KURTARAN S\u0130M\u0130T\u0130"}]},{"@type":"WebSite","@id":"https:\/\/narteks.net\/#website","url":"https:\/\/narteks.net\/","name":"narteks.net","description":"K\u00fclt\u00fcr Sanat Edebiyat Felsefe","publisher":{"@id":"https:\/\/narteks.net\/#organization"},"alternateName":"K\u00fclt\u00fcr Sanat Edebiyat Felsefe","potentialAction":[{"@type":"SearchAction","target":{"@type":"EntryPoint","urlTemplate":"https:\/\/narteks.net\/?s={search_term_string}"},"query-input":{"@type":"PropertyValueSpecification","valueRequired":true,"valueName":"search_term_string"}}],"inLanguage":"tr"},{"@type":"Organization","@id":"https:\/\/narteks.net\/#organization","name":"narteks.net","url":"https:\/\/narteks.net\/","logo":{"@type":"ImageObject","inLanguage":"tr","@id":"https:\/\/narteks.net\/#\/schema\/logo\/image\/","url":"https:\/\/narteks.net\/wp-content\/uploads\/narteks.png","contentUrl":"https:\/\/narteks.net\/wp-content\/uploads\/narteks.png","width":300,"height":90,"caption":"narteks.net"},"image":{"@id":"https:\/\/narteks.net\/#\/schema\/logo\/image\/"},"sameAs":["https:\/\/x.com\/narteks","https:\/\/instagram.com\/narteksnet"]},{"@type":"Person","@id":"https:\/\/narteks.net\/#\/schema\/person\/61f37d9834294b72d31d274e7ed79bca","name":"Tar\u0131k","image":{"@type":"ImageObject","inLanguage":"tr","@id":"https:\/\/narteks.net\/#\/schema\/person\/image\/","url":"https:\/\/secure.gravatar.com\/avatar\/50865afb55632c4ae467e0af0930f6510aa2297d8014be502a55b14f3b7550cf?s=96&d=mm&r=g","contentUrl":"https:\/\/secure.gravatar.com\/avatar\/50865afb55632c4ae467e0af0930f6510aa2297d8014be502a55b14f3b7550cf?s=96&d=mm&r=g","caption":"Tar\u0131k"},"sameAs":["http:\/\/narteks.net"],"url":"https:\/\/narteks.net\/index.php\/author\/narbak\/"}]}},"_links":{"self":[{"href":"https:\/\/narteks.net\/index.php\/wp-json\/wp\/v2\/posts\/1284","targetHints":{"allow":["GET"]}}],"collection":[{"href":"https:\/\/narteks.net\/index.php\/wp-json\/wp\/v2\/posts"}],"about":[{"href":"https:\/\/narteks.net\/index.php\/wp-json\/wp\/v2\/types\/post"}],"author":[{"embeddable":true,"href":"https:\/\/narteks.net\/index.php\/wp-json\/wp\/v2\/users\/1"}],"replies":[{"embeddable":true,"href":"https:\/\/narteks.net\/index.php\/wp-json\/wp\/v2\/comments?post=1284"}],"version-history":[{"count":0,"href":"https:\/\/narteks.net\/index.php\/wp-json\/wp\/v2\/posts\/1284\/revisions"}],"wp:attachment":[{"href":"https:\/\/narteks.net\/index.php\/wp-json\/wp\/v2\/media?parent=1284"}],"wp:term":[{"taxonomy":"category","embeddable":true,"href":"https:\/\/narteks.net\/index.php\/wp-json\/wp\/v2\/categories?post=1284"},{"taxonomy":"post_tag","embeddable":true,"href":"https:\/\/narteks.net\/index.php\/wp-json\/wp\/v2\/tags?post=1284"}],"curies":[{"name":"wp","href":"https:\/\/api.w.org\/{rel}","templated":true}]}}