{"id":1286,"date":"2009-11-06T12:52:38","date_gmt":"2009-11-06T09:52:38","guid":{"rendered":"http:\/\/localhost\/wordpress\/2009\/11\/06\/doruklarin-uykular-ustune-yukseldigi-yer\/"},"modified":"2009-11-06T12:52:38","modified_gmt":"2009-11-06T09:52:38","slug":"doruklarin-uykular-ustune-yukseldigi-yer","status":"publish","type":"post","link":"https:\/\/narteks.net\/index.php\/2009\/11\/06\/doruklarin-uykular-ustune-yukseldigi-yer\/","title":{"rendered":"DORUKLARIN UYKULAR \u00dcST\u00dcNE Y\u00dcKSELD\u0130\u011e\u0130 YER"},"content":{"rendered":"<p>\u00a0<\/p>\n<p>B\u00fcy\u00fck kayalar bana dedi ki aram\u0131za geliyorsun ama<br \/> Seni saran bu y\u00fcrek yok mu hi\u00e7 yery\u00fcz\u00fcnde<br \/> Ba\u015f\u0131m\u0131 sallad\u0131m ve \u00f6ld\u00fc diye yan\u0131tlad\u0131m<br \/> Dilsiz koca kayalar diz \u00e7\u00f6kt\u00fcler \u00f6n\u00fcmde.<\/p>\n<p>Louis ARAGON<\/p>\n","protected":false},"excerpt":{"rendered":"<p>\u00a0 B\u00fcy\u00fck kayalar bana dedi ki aram\u0131za geliyorsun ama Seni saran bu y\u00fcrek yok mu hi\u00e7 yery\u00fcz\u00fcnde Ba\u015f\u0131m\u0131 sallad\u0131m ve \u00f6ld\u00fc diye yan\u0131tlad\u0131m Dilsiz koca kayalar diz \u00e7\u00f6kt\u00fcler \u00f6n\u00fcmde. Louis ARAGON<\/p>\n","protected":false},"author":1,"featured_media":0,"comment_status":"open","ping_status":"open","sticky":false,"template":"","format":"standard","meta":{"footnotes":""},"categories":[67],"tags":[],"class_list":{"0":"post-1286","1":"post","2":"type-post","3":"status-publish","4":"format-standard","6":"category-louis-aragon"},"yoast_head":"<!-- This site is optimized with the Yoast SEO Premium plugin v24.9 (Yoast SEO v24.9) - https:\/\/yoast.com\/wordpress\/plugins\/seo\/ -->\n<title>DORUKLARIN UYKULAR \u00dcST\u00dcNE Y\u00dcKSELD\u0130\u011e\u0130 YER - narteks.net<\/title>\n<meta name=\"robots\" content=\"index, follow, max-snippet:-1, max-image-preview:large, max-video-preview:-1\" \/>\n<link rel=\"canonical\" href=\"https:\/\/narteks.net\/index.php\/2009\/11\/06\/doruklarin-uykular-ustune-yukseldigi-yer\/\" \/>\n<meta property=\"og:locale\" content=\"tr_TR\" \/>\n<meta property=\"og:type\" content=\"article\" \/>\n<meta property=\"og:title\" content=\"DORUKLARIN UYKULAR \u00dcST\u00dcNE Y\u00dcKSELD\u0130\u011e\u0130 YER\" \/>\n<meta property=\"og:description\" content=\"\u00a0 B\u00fcy\u00fck kayalar bana dedi ki aram\u0131za geliyorsun ama Seni saran bu y\u00fcrek yok mu hi\u00e7 yery\u00fcz\u00fcnde Ba\u015f\u0131m\u0131 sallad\u0131m ve \u00f6ld\u00fc diye yan\u0131tlad\u0131m Dilsiz koca kayalar diz \u00e7\u00f6kt\u00fcler \u00f6n\u00fcmde. Louis ARAGON\" \/>\n<meta property=\"og:url\" content=\"https:\/\/narteks.net\/index.php\/2009\/11\/06\/doruklarin-uykular-ustune-yukseldigi-yer\/\" \/>\n<meta property=\"og:site_name\" content=\"narteks.net\" \/>\n<meta property=\"article:published_time\" content=\"2009-11-06T09:52:38+00:00\" \/>\n<meta property=\"og:image\" content=\"https:\/\/narteks.net\/wp-content\/uploads\/narteks.png\" \/>\n\t<meta property=\"og:image:width\" content=\"300\" \/>\n\t<meta property=\"og:image:height\" content=\"90\" \/>\n\t<meta property=\"og:image:type\" content=\"image\/png\" \/>\n<meta name=\"author\" content=\"Tar\u0131k\" \/>\n<meta name=\"twitter:card\" content=\"summary_large_image\" \/>\n<meta name=\"twitter:creator\" content=\"@narteks\" \/>\n<meta name=\"twitter:site\" content=\"@narteks\" \/>\n<meta name=\"twitter:label1\" content=\"Yazan:\" \/>\n\t<meta name=\"twitter:data1\" content=\"Tar\u0131k\" \/>\n<script type=\"application\/ld+json\" class=\"yoast-schema-graph\">{\"@context\":\"https:\/\/schema.org\",\"@graph\":[{\"@type\":\"Article\",\"@id\":\"https:\/\/narteks.net\/index.php\/2009\/11\/06\/doruklarin-uykular-ustune-yukseldigi-yer\/#article\",\"isPartOf\":{\"@id\":\"https:\/\/narteks.net\/index.php\/2009\/11\/06\/doruklarin-uykular-ustune-yukseldigi-yer\/\"},\"author\":{\"name\":\"Tar\u0131k\",\"@id\":\"https:\/\/narteks.net\/#\/schema\/person\/61f37d9834294b72d31d274e7ed79bca\"},\"headline\":\"DORUKLARIN UYKULAR \u00dcST\u00dcNE Y\u00dcKSELD\u0130\u011e\u0130 YER\",\"datePublished\":\"2009-11-06T09:52:38+00:00\",\"mainEntityOfPage\":{\"@id\":\"https:\/\/narteks.net\/index.php\/2009\/11\/06\/doruklarin-uykular-ustune-yukseldigi-yer\/\"},\"wordCount\":49,\"commentCount\":0,\"publisher\":{\"@id\":\"https:\/\/narteks.net\/#organization\"},\"articleSection\":[\"Louis ARAGON\"],\"inLanguage\":\"tr\",\"potentialAction\":[{\"@type\":\"CommentAction\",\"name\":\"Comment\",\"target\":[\"https:\/\/narteks.net\/index.php\/2009\/11\/06\/doruklarin-uykular-ustune-yukseldigi-yer\/#respond\"]}]},{\"@type\":\"WebPage\",\"@id\":\"https:\/\/narteks.net\/index.php\/2009\/11\/06\/doruklarin-uykular-ustune-yukseldigi-yer\/\",\"url\":\"https:\/\/narteks.net\/index.php\/2009\/11\/06\/doruklarin-uykular-ustune-yukseldigi-yer\/\",\"name\":\"DORUKLARIN UYKULAR \u00dcST\u00dcNE Y\u00dcKSELD\u0130\u011e\u0130 YER - narteks.net\",\"isPartOf\":{\"@id\":\"https:\/\/narteks.net\/#website\"},\"datePublished\":\"2009-11-06T09:52:38+00:00\",\"breadcrumb\":{\"@id\":\"https:\/\/narteks.net\/index.php\/2009\/11\/06\/doruklarin-uykular-ustune-yukseldigi-yer\/#breadcrumb\"},\"inLanguage\":\"tr\",\"potentialAction\":[{\"@type\":\"ReadAction\",\"target\":[\"https:\/\/narteks.net\/index.php\/2009\/11\/06\/doruklarin-uykular-ustune-yukseldigi-yer\/\"]}]},{\"@type\":\"BreadcrumbList\",\"@id\":\"https:\/\/narteks.net\/index.php\/2009\/11\/06\/doruklarin-uykular-ustune-yukseldigi-yer\/#breadcrumb\",\"itemListElement\":[{\"@type\":\"ListItem\",\"position\":1,\"name\":\"Anasayfa\",\"item\":\"https:\/\/narteks.net\/\"},{\"@type\":\"ListItem\",\"position\":2,\"name\":\"DORUKLARIN UYKULAR \u00dcST\u00dcNE Y\u00dcKSELD\u0130\u011e\u0130 YER\"}]},{\"@type\":\"WebSite\",\"@id\":\"https:\/\/narteks.net\/#website\",\"url\":\"https:\/\/narteks.net\/\",\"name\":\"narteks.net\",\"description\":\"K\u00fclt\u00fcr Sanat Edebiyat Felsefe\",\"publisher\":{\"@id\":\"https:\/\/narteks.net\/#organization\"},\"alternateName\":\"K\u00fclt\u00fcr Sanat Edebiyat Felsefe\",\"potentialAction\":[{\"@type\":\"SearchAction\",\"target\":{\"@type\":\"EntryPoint\",\"urlTemplate\":\"https:\/\/narteks.net\/?s={search_term_string}\"},\"query-input\":{\"@type\":\"PropertyValueSpecification\",\"valueRequired\":true,\"valueName\":\"search_term_string\"}}],\"inLanguage\":\"tr\"},{\"@type\":\"Organization\",\"@id\":\"https:\/\/narteks.net\/#organization\",\"name\":\"narteks.net\",\"url\":\"https:\/\/narteks.net\/\",\"logo\":{\"@type\":\"ImageObject\",\"inLanguage\":\"tr\",\"@id\":\"https:\/\/narteks.net\/#\/schema\/logo\/image\/\",\"url\":\"https:\/\/narteks.net\/wp-content\/uploads\/narteks.png\",\"contentUrl\":\"https:\/\/narteks.net\/wp-content\/uploads\/narteks.png\",\"width\":300,\"height\":90,\"caption\":\"narteks.net\"},\"image\":{\"@id\":\"https:\/\/narteks.net\/#\/schema\/logo\/image\/\"},\"sameAs\":[\"https:\/\/x.com\/narteks\",\"https:\/\/instagram.com\/narteksnet\"]},{\"@type\":\"Person\",\"@id\":\"https:\/\/narteks.net\/#\/schema\/person\/61f37d9834294b72d31d274e7ed79bca\",\"name\":\"Tar\u0131k\",\"image\":{\"@type\":\"ImageObject\",\"inLanguage\":\"tr\",\"@id\":\"https:\/\/narteks.net\/#\/schema\/person\/image\/\",\"url\":\"https:\/\/secure.gravatar.com\/avatar\/50865afb55632c4ae467e0af0930f6510aa2297d8014be502a55b14f3b7550cf?s=96&d=mm&r=g\",\"contentUrl\":\"https:\/\/secure.gravatar.com\/avatar\/50865afb55632c4ae467e0af0930f6510aa2297d8014be502a55b14f3b7550cf?s=96&d=mm&r=g\",\"caption\":\"Tar\u0131k\"},\"sameAs\":[\"http:\/\/narteks.net\"],\"url\":\"https:\/\/narteks.net\/index.php\/author\/narbak\/\"}]}<\/script>\n<!-- \/ Yoast SEO Premium plugin. -->","yoast_head_json":{"title":"DORUKLARIN UYKULAR \u00dcST\u00dcNE Y\u00dcKSELD\u0130\u011e\u0130 YER - narteks.net","robots":{"index":"index","follow":"follow","max-snippet":"max-snippet:-1","max-image-preview":"max-image-preview:large","max-video-preview":"max-video-preview:-1"},"canonical":"https:\/\/narteks.net\/index.php\/2009\/11\/06\/doruklarin-uykular-ustune-yukseldigi-yer\/","og_locale":"tr_TR","og_type":"article","og_title":"DORUKLARIN UYKULAR \u00dcST\u00dcNE Y\u00dcKSELD\u0130\u011e\u0130 YER","og_description":"\u00a0 B\u00fcy\u00fck kayalar bana dedi ki aram\u0131za geliyorsun ama Seni saran bu y\u00fcrek yok mu hi\u00e7 yery\u00fcz\u00fcnde Ba\u015f\u0131m\u0131 sallad\u0131m ve \u00f6ld\u00fc diye yan\u0131tlad\u0131m Dilsiz koca kayalar diz \u00e7\u00f6kt\u00fcler \u00f6n\u00fcmde. Louis ARAGON","og_url":"https:\/\/narteks.net\/index.php\/2009\/11\/06\/doruklarin-uykular-ustune-yukseldigi-yer\/","og_site_name":"narteks.net","article_published_time":"2009-11-06T09:52:38+00:00","og_image":[{"width":300,"height":90,"url":"https:\/\/narteks.net\/wp-content\/uploads\/narteks.png","type":"image\/png"}],"author":"Tar\u0131k","twitter_card":"summary_large_image","twitter_creator":"@narteks","twitter_site":"@narteks","twitter_misc":{"Yazan:":"Tar\u0131k"},"schema":{"@context":"https:\/\/schema.org","@graph":[{"@type":"Article","@id":"https:\/\/narteks.net\/index.php\/2009\/11\/06\/doruklarin-uykular-ustune-yukseldigi-yer\/#article","isPartOf":{"@id":"https:\/\/narteks.net\/index.php\/2009\/11\/06\/doruklarin-uykular-ustune-yukseldigi-yer\/"},"author":{"name":"Tar\u0131k","@id":"https:\/\/narteks.net\/#\/schema\/person\/61f37d9834294b72d31d274e7ed79bca"},"headline":"DORUKLARIN UYKULAR \u00dcST\u00dcNE Y\u00dcKSELD\u0130\u011e\u0130 YER","datePublished":"2009-11-06T09:52:38+00:00","mainEntityOfPage":{"@id":"https:\/\/narteks.net\/index.php\/2009\/11\/06\/doruklarin-uykular-ustune-yukseldigi-yer\/"},"wordCount":49,"commentCount":0,"publisher":{"@id":"https:\/\/narteks.net\/#organization"},"articleSection":["Louis ARAGON"],"inLanguage":"tr","potentialAction":[{"@type":"CommentAction","name":"Comment","target":["https:\/\/narteks.net\/index.php\/2009\/11\/06\/doruklarin-uykular-ustune-yukseldigi-yer\/#respond"]}]},{"@type":"WebPage","@id":"https:\/\/narteks.net\/index.php\/2009\/11\/06\/doruklarin-uykular-ustune-yukseldigi-yer\/","url":"https:\/\/narteks.net\/index.php\/2009\/11\/06\/doruklarin-uykular-ustune-yukseldigi-yer\/","name":"DORUKLARIN UYKULAR \u00dcST\u00dcNE Y\u00dcKSELD\u0130\u011e\u0130 YER - narteks.net","isPartOf":{"@id":"https:\/\/narteks.net\/#website"},"datePublished":"2009-11-06T09:52:38+00:00","breadcrumb":{"@id":"https:\/\/narteks.net\/index.php\/2009\/11\/06\/doruklarin-uykular-ustune-yukseldigi-yer\/#breadcrumb"},"inLanguage":"tr","potentialAction":[{"@type":"ReadAction","target":["https:\/\/narteks.net\/index.php\/2009\/11\/06\/doruklarin-uykular-ustune-yukseldigi-yer\/"]}]},{"@type":"BreadcrumbList","@id":"https:\/\/narteks.net\/index.php\/2009\/11\/06\/doruklarin-uykular-ustune-yukseldigi-yer\/#breadcrumb","itemListElement":[{"@type":"ListItem","position":1,"name":"Anasayfa","item":"https:\/\/narteks.net\/"},{"@type":"ListItem","position":2,"name":"DORUKLARIN UYKULAR \u00dcST\u00dcNE Y\u00dcKSELD\u0130\u011e\u0130 YER"}]},{"@type":"WebSite","@id":"https:\/\/narteks.net\/#website","url":"https:\/\/narteks.net\/","name":"narteks.net","description":"K\u00fclt\u00fcr Sanat Edebiyat Felsefe","publisher":{"@id":"https:\/\/narteks.net\/#organization"},"alternateName":"K\u00fclt\u00fcr Sanat Edebiyat Felsefe","potentialAction":[{"@type":"SearchAction","target":{"@type":"EntryPoint","urlTemplate":"https:\/\/narteks.net\/?s={search_term_string}"},"query-input":{"@type":"PropertyValueSpecification","valueRequired":true,"valueName":"search_term_string"}}],"inLanguage":"tr"},{"@type":"Organization","@id":"https:\/\/narteks.net\/#organization","name":"narteks.net","url":"https:\/\/narteks.net\/","logo":{"@type":"ImageObject","inLanguage":"tr","@id":"https:\/\/narteks.net\/#\/schema\/logo\/image\/","url":"https:\/\/narteks.net\/wp-content\/uploads\/narteks.png","contentUrl":"https:\/\/narteks.net\/wp-content\/uploads\/narteks.png","width":300,"height":90,"caption":"narteks.net"},"image":{"@id":"https:\/\/narteks.net\/#\/schema\/logo\/image\/"},"sameAs":["https:\/\/x.com\/narteks","https:\/\/instagram.com\/narteksnet"]},{"@type":"Person","@id":"https:\/\/narteks.net\/#\/schema\/person\/61f37d9834294b72d31d274e7ed79bca","name":"Tar\u0131k","image":{"@type":"ImageObject","inLanguage":"tr","@id":"https:\/\/narteks.net\/#\/schema\/person\/image\/","url":"https:\/\/secure.gravatar.com\/avatar\/50865afb55632c4ae467e0af0930f6510aa2297d8014be502a55b14f3b7550cf?s=96&d=mm&r=g","contentUrl":"https:\/\/secure.gravatar.com\/avatar\/50865afb55632c4ae467e0af0930f6510aa2297d8014be502a55b14f3b7550cf?s=96&d=mm&r=g","caption":"Tar\u0131k"},"sameAs":["http:\/\/narteks.net"],"url":"https:\/\/narteks.net\/index.php\/author\/narbak\/"}]}},"_links":{"self":[{"href":"https:\/\/narteks.net\/index.php\/wp-json\/wp\/v2\/posts\/1286","targetHints":{"allow":["GET"]}}],"collection":[{"href":"https:\/\/narteks.net\/index.php\/wp-json\/wp\/v2\/posts"}],"about":[{"href":"https:\/\/narteks.net\/index.php\/wp-json\/wp\/v2\/types\/post"}],"author":[{"embeddable":true,"href":"https:\/\/narteks.net\/index.php\/wp-json\/wp\/v2\/users\/1"}],"replies":[{"embeddable":true,"href":"https:\/\/narteks.net\/index.php\/wp-json\/wp\/v2\/comments?post=1286"}],"version-history":[{"count":0,"href":"https:\/\/narteks.net\/index.php\/wp-json\/wp\/v2\/posts\/1286\/revisions"}],"wp:attachment":[{"href":"https:\/\/narteks.net\/index.php\/wp-json\/wp\/v2\/media?parent=1286"}],"wp:term":[{"taxonomy":"category","embeddable":true,"href":"https:\/\/narteks.net\/index.php\/wp-json\/wp\/v2\/categories?post=1286"},{"taxonomy":"post_tag","embeddable":true,"href":"https:\/\/narteks.net\/index.php\/wp-json\/wp\/v2\/tags?post=1286"}],"curies":[{"name":"wp","href":"https:\/\/api.w.org\/{rel}","templated":true}]}}