{"id":1288,"date":"2009-11-06T12:53:33","date_gmt":"2009-11-06T09:53:33","guid":{"rendered":"http:\/\/localhost\/wordpress\/2009\/11\/06\/guller-ve-leylaklar\/"},"modified":"2009-11-06T12:53:33","modified_gmt":"2009-11-06T09:53:33","slug":"guller-ve-leylaklar","status":"publish","type":"post","link":"https:\/\/narteks.net\/index.php\/2009\/11\/06\/guller-ve-leylaklar\/","title":{"rendered":"G\u00dcLLER VE LEYLAKLAR"},"content":{"rendered":"<p>\u00a0<\/p>\n<p>Sen ey o \u00e7i\u00e7ekler ey o de\u011fi\u015fmeler ay\u0131<br \/> Bulutsuz ge\u00e7en may\u0131s b\u0131\u00e7aklanm\u0131\u015f haziran<br \/> Bir daha art\u0131k ne o g\u00fclleri ne o leylaklar\u0131<br \/> Bir daha o ilk yaz\u0131 unutamam hi\u00e7bir zaman<\/p>\n<p>O korkun\u00e7 kuruntuyu unutamam bir daha<br \/> Alay\u0131 \u00e7\u0131\u011fl\u0131\u011f\u0131 kalabal\u0131\u011f\u0131 g\u00fcne\u015fi<br \/> A\u015fk arabalar\u0131n\u0131 Bel\u00e7ika hediyelerini<br \/> Havay\u0131 o ar\u0131 u\u011fultulu yolu sonra da<br \/> O sak\u0131nmas\u0131z utkuyu kavgalar\u0131 a\u015fan<br \/> \u00d6p\u00fc\u015fmenin k\u0131z\u0131la d\u00f6nd\u00fcrd\u00fc\u011f\u00fc o kan\u0131<br \/> \u00c7\u0131lg\u0131n halk\u0131n leylaklarla donatt\u0131\u011f\u0131<br \/> O \u00f6l\u00fcme gidenleri unutamam art\u0131k d\u00fcnyada<\/p>\n<p>Kutsal o eski zaman betiklerine \u00e7alan<br \/> Fransa bah\u00e7elerini unutamam bir daha<br \/> O ak\u015famlar\u0131 b\u00fcy\u00fcs\u00fcn\u00fc o sessizli\u011fin<br \/> G\u00fclleri yol boyunca ki g\u00fclleri sonra da<br \/> O bozgun yeline kar\u015f\u0131 duran \u00e7i\u00e7ekleri<br \/> Alayc\u0131 toplar\u0131 o bisikletleri \u015fa\u015fk\u0131n<br \/> Korkunun kanad\u0131 \u00fcst\u00fcnden ge\u00e7en erleri<br \/> O peri\u015fan k\u0131l\u0131klar\u0131n\u0131 konakl\u0131yanlar\u0131n<\/p>\n<p>Ama neden bilmem bu benzetme kas\u0131rgas\u0131<br \/> Durmadan hep ayn\u0131 noktaya getirir beni<br \/> Saint-Marth bir general kara bir dal y\u0131\u011f\u0131n\u0131<br \/> Orman yan\u0131nda bir k\u00f6\u015fk Normandiya bi\u00e7imi<br \/> \u0130\u015fte t\u0131s yok d\u00fc\u015fman karanl\u0131kta dinleniyor<br \/> Birden bize Paris d\u00fc\u015ft\u00fc diyorlar bu ak\u015fam<br \/> D\u00fcnyada ne o yitirdi\u011fimiz a\u015fk\u0131 bir daha<br \/> Ne o g\u00fclleri ne de o leylaklar\u0131 unutamam<\/p>\n<p>Flandres leylaklar\u0131n\u0131 demetlerini ilk g\u00fcn\u00fcn<br \/> O tatl\u0131 izini yanaklar\u0131 s\u00f6nd\u00fcren \u00f6l\u00fcm\u00fcn<br \/> Sonra sizi ka\u00e7\u0131\u015f\u0131n g\u00fclleri taze g\u00fcller sizi<br \/> Yang\u0131n rengine \u00e7alan Anjou g\u00fclleri sizi<\/p>\n<p>Louis ARAGON<\/p>\n","protected":false},"excerpt":{"rendered":"<p>\u00a0 Sen ey o \u00e7i\u00e7ekler ey o de\u011fi\u015fmeler ay\u0131 Bulutsuz ge\u00e7en may\u0131s b\u0131\u00e7aklanm\u0131\u015f haziran Bir daha art\u0131k ne o g\u00fclleri ne o leylaklar\u0131 Bir daha o ilk yaz\u0131 unutamam hi\u00e7bir zaman O korkun\u00e7 kuruntuyu unutamam bir daha Alay\u0131 \u00e7\u0131\u011fl\u0131\u011f\u0131 kalabal\u0131\u011f\u0131 g\u00fcne\u015fi A\u015fk arabalar\u0131n\u0131 Bel\u00e7ika hediyelerini Havay\u0131 o ar\u0131 u\u011fultulu yolu sonra da O sak\u0131nmas\u0131z utkuyu [&hellip;]<\/p>\n","protected":false},"author":1,"featured_media":0,"comment_status":"open","ping_status":"open","sticky":false,"template":"","format":"standard","meta":{"footnotes":""},"categories":[67],"tags":[],"class_list":{"0":"post-1288","1":"post","2":"type-post","3":"status-publish","4":"format-standard","6":"category-louis-aragon"},"yoast_head":"<!-- This site is optimized with the Yoast SEO Premium plugin v24.9 (Yoast SEO v24.9) - https:\/\/yoast.com\/wordpress\/plugins\/seo\/ -->\n<title>G\u00dcLLER VE LEYLAKLAR - narteks.net<\/title>\n<meta name=\"robots\" content=\"index, follow, max-snippet:-1, max-image-preview:large, max-video-preview:-1\" \/>\n<link rel=\"canonical\" href=\"https:\/\/narteks.net\/index.php\/2009\/11\/06\/guller-ve-leylaklar\/\" \/>\n<meta property=\"og:locale\" content=\"tr_TR\" \/>\n<meta property=\"og:type\" content=\"article\" \/>\n<meta property=\"og:title\" content=\"G\u00dcLLER VE LEYLAKLAR\" \/>\n<meta property=\"og:description\" content=\"\u00a0 Sen ey o \u00e7i\u00e7ekler ey o de\u011fi\u015fmeler ay\u0131 Bulutsuz ge\u00e7en may\u0131s b\u0131\u00e7aklanm\u0131\u015f haziran Bir daha art\u0131k ne o g\u00fclleri ne o leylaklar\u0131 Bir daha o ilk yaz\u0131 unutamam hi\u00e7bir zaman O korkun\u00e7 kuruntuyu unutamam bir daha Alay\u0131 \u00e7\u0131\u011fl\u0131\u011f\u0131 kalabal\u0131\u011f\u0131 g\u00fcne\u015fi A\u015fk arabalar\u0131n\u0131 Bel\u00e7ika hediyelerini Havay\u0131 o ar\u0131 u\u011fultulu yolu sonra da O sak\u0131nmas\u0131z utkuyu [&hellip;]\" \/>\n<meta property=\"og:url\" content=\"https:\/\/narteks.net\/index.php\/2009\/11\/06\/guller-ve-leylaklar\/\" \/>\n<meta property=\"og:site_name\" content=\"narteks.net\" \/>\n<meta property=\"article:published_time\" content=\"2009-11-06T09:53:33+00:00\" \/>\n<meta property=\"og:image\" content=\"https:\/\/narteks.net\/wp-content\/uploads\/narteks.png\" \/>\n\t<meta property=\"og:image:width\" content=\"300\" \/>\n\t<meta property=\"og:image:height\" content=\"90\" \/>\n\t<meta property=\"og:image:type\" content=\"image\/png\" \/>\n<meta name=\"author\" content=\"Tar\u0131k\" \/>\n<meta name=\"twitter:card\" content=\"summary_large_image\" \/>\n<meta name=\"twitter:creator\" content=\"@narteks\" \/>\n<meta name=\"twitter:site\" content=\"@narteks\" \/>\n<meta name=\"twitter:label1\" content=\"Yazan:\" \/>\n\t<meta name=\"twitter:data1\" content=\"Tar\u0131k\" \/>\n\t<meta name=\"twitter:label2\" content=\"Tahmini okuma s\u00fcresi\" \/>\n\t<meta name=\"twitter:data2\" content=\"1 dakika\" \/>\n<script type=\"application\/ld+json\" class=\"yoast-schema-graph\">{\"@context\":\"https:\/\/schema.org\",\"@graph\":[{\"@type\":\"Article\",\"@id\":\"https:\/\/narteks.net\/index.php\/2009\/11\/06\/guller-ve-leylaklar\/#article\",\"isPartOf\":{\"@id\":\"https:\/\/narteks.net\/index.php\/2009\/11\/06\/guller-ve-leylaklar\/\"},\"author\":{\"name\":\"Tar\u0131k\",\"@id\":\"https:\/\/narteks.net\/#\/schema\/person\/61f37d9834294b72d31d274e7ed79bca\"},\"headline\":\"G\u00dcLLER VE LEYLAKLAR\",\"datePublished\":\"2009-11-06T09:53:33+00:00\",\"mainEntityOfPage\":{\"@id\":\"https:\/\/narteks.net\/index.php\/2009\/11\/06\/guller-ve-leylaklar\/\"},\"wordCount\":270,\"commentCount\":0,\"publisher\":{\"@id\":\"https:\/\/narteks.net\/#organization\"},\"articleSection\":[\"Louis ARAGON\"],\"inLanguage\":\"tr\",\"potentialAction\":[{\"@type\":\"CommentAction\",\"name\":\"Comment\",\"target\":[\"https:\/\/narteks.net\/index.php\/2009\/11\/06\/guller-ve-leylaklar\/#respond\"]}]},{\"@type\":\"WebPage\",\"@id\":\"https:\/\/narteks.net\/index.php\/2009\/11\/06\/guller-ve-leylaklar\/\",\"url\":\"https:\/\/narteks.net\/index.php\/2009\/11\/06\/guller-ve-leylaklar\/\",\"name\":\"G\u00dcLLER VE LEYLAKLAR - narteks.net\",\"isPartOf\":{\"@id\":\"https:\/\/narteks.net\/#website\"},\"datePublished\":\"2009-11-06T09:53:33+00:00\",\"breadcrumb\":{\"@id\":\"https:\/\/narteks.net\/index.php\/2009\/11\/06\/guller-ve-leylaklar\/#breadcrumb\"},\"inLanguage\":\"tr\",\"potentialAction\":[{\"@type\":\"ReadAction\",\"target\":[\"https:\/\/narteks.net\/index.php\/2009\/11\/06\/guller-ve-leylaklar\/\"]}]},{\"@type\":\"BreadcrumbList\",\"@id\":\"https:\/\/narteks.net\/index.php\/2009\/11\/06\/guller-ve-leylaklar\/#breadcrumb\",\"itemListElement\":[{\"@type\":\"ListItem\",\"position\":1,\"name\":\"Anasayfa\",\"item\":\"https:\/\/narteks.net\/\"},{\"@type\":\"ListItem\",\"position\":2,\"name\":\"G\u00dcLLER VE LEYLAKLAR\"}]},{\"@type\":\"WebSite\",\"@id\":\"https:\/\/narteks.net\/#website\",\"url\":\"https:\/\/narteks.net\/\",\"name\":\"narteks.net\",\"description\":\"K\u00fclt\u00fcr Sanat Edebiyat Felsefe\",\"publisher\":{\"@id\":\"https:\/\/narteks.net\/#organization\"},\"alternateName\":\"K\u00fclt\u00fcr Sanat Edebiyat Felsefe\",\"potentialAction\":[{\"@type\":\"SearchAction\",\"target\":{\"@type\":\"EntryPoint\",\"urlTemplate\":\"https:\/\/narteks.net\/?s={search_term_string}\"},\"query-input\":{\"@type\":\"PropertyValueSpecification\",\"valueRequired\":true,\"valueName\":\"search_term_string\"}}],\"inLanguage\":\"tr\"},{\"@type\":\"Organization\",\"@id\":\"https:\/\/narteks.net\/#organization\",\"name\":\"narteks.net\",\"url\":\"https:\/\/narteks.net\/\",\"logo\":{\"@type\":\"ImageObject\",\"inLanguage\":\"tr\",\"@id\":\"https:\/\/narteks.net\/#\/schema\/logo\/image\/\",\"url\":\"https:\/\/narteks.net\/wp-content\/uploads\/narteks.png\",\"contentUrl\":\"https:\/\/narteks.net\/wp-content\/uploads\/narteks.png\",\"width\":300,\"height\":90,\"caption\":\"narteks.net\"},\"image\":{\"@id\":\"https:\/\/narteks.net\/#\/schema\/logo\/image\/\"},\"sameAs\":[\"https:\/\/x.com\/narteks\",\"https:\/\/instagram.com\/narteksnet\"]},{\"@type\":\"Person\",\"@id\":\"https:\/\/narteks.net\/#\/schema\/person\/61f37d9834294b72d31d274e7ed79bca\",\"name\":\"Tar\u0131k\",\"image\":{\"@type\":\"ImageObject\",\"inLanguage\":\"tr\",\"@id\":\"https:\/\/narteks.net\/#\/schema\/person\/image\/\",\"url\":\"https:\/\/secure.gravatar.com\/avatar\/50865afb55632c4ae467e0af0930f6510aa2297d8014be502a55b14f3b7550cf?s=96&d=mm&r=g\",\"contentUrl\":\"https:\/\/secure.gravatar.com\/avatar\/50865afb55632c4ae467e0af0930f6510aa2297d8014be502a55b14f3b7550cf?s=96&d=mm&r=g\",\"caption\":\"Tar\u0131k\"},\"sameAs\":[\"http:\/\/narteks.net\"],\"url\":\"https:\/\/narteks.net\/index.php\/author\/narbak\/\"}]}<\/script>\n<!-- \/ Yoast SEO Premium plugin. -->","yoast_head_json":{"title":"G\u00dcLLER VE LEYLAKLAR - narteks.net","robots":{"index":"index","follow":"follow","max-snippet":"max-snippet:-1","max-image-preview":"max-image-preview:large","max-video-preview":"max-video-preview:-1"},"canonical":"https:\/\/narteks.net\/index.php\/2009\/11\/06\/guller-ve-leylaklar\/","og_locale":"tr_TR","og_type":"article","og_title":"G\u00dcLLER VE LEYLAKLAR","og_description":"\u00a0 Sen ey o \u00e7i\u00e7ekler ey o de\u011fi\u015fmeler ay\u0131 Bulutsuz ge\u00e7en may\u0131s b\u0131\u00e7aklanm\u0131\u015f haziran Bir daha art\u0131k ne o g\u00fclleri ne o leylaklar\u0131 Bir daha o ilk yaz\u0131 unutamam hi\u00e7bir zaman O korkun\u00e7 kuruntuyu unutamam bir daha Alay\u0131 \u00e7\u0131\u011fl\u0131\u011f\u0131 kalabal\u0131\u011f\u0131 g\u00fcne\u015fi A\u015fk arabalar\u0131n\u0131 Bel\u00e7ika hediyelerini Havay\u0131 o ar\u0131 u\u011fultulu yolu sonra da O sak\u0131nmas\u0131z utkuyu [&hellip;]","og_url":"https:\/\/narteks.net\/index.php\/2009\/11\/06\/guller-ve-leylaklar\/","og_site_name":"narteks.net","article_published_time":"2009-11-06T09:53:33+00:00","og_image":[{"width":300,"height":90,"url":"https:\/\/narteks.net\/wp-content\/uploads\/narteks.png","type":"image\/png"}],"author":"Tar\u0131k","twitter_card":"summary_large_image","twitter_creator":"@narteks","twitter_site":"@narteks","twitter_misc":{"Yazan:":"Tar\u0131k","Tahmini okuma s\u00fcresi":"1 dakika"},"schema":{"@context":"https:\/\/schema.org","@graph":[{"@type":"Article","@id":"https:\/\/narteks.net\/index.php\/2009\/11\/06\/guller-ve-leylaklar\/#article","isPartOf":{"@id":"https:\/\/narteks.net\/index.php\/2009\/11\/06\/guller-ve-leylaklar\/"},"author":{"name":"Tar\u0131k","@id":"https:\/\/narteks.net\/#\/schema\/person\/61f37d9834294b72d31d274e7ed79bca"},"headline":"G\u00dcLLER VE LEYLAKLAR","datePublished":"2009-11-06T09:53:33+00:00","mainEntityOfPage":{"@id":"https:\/\/narteks.net\/index.php\/2009\/11\/06\/guller-ve-leylaklar\/"},"wordCount":270,"commentCount":0,"publisher":{"@id":"https:\/\/narteks.net\/#organization"},"articleSection":["Louis ARAGON"],"inLanguage":"tr","potentialAction":[{"@type":"CommentAction","name":"Comment","target":["https:\/\/narteks.net\/index.php\/2009\/11\/06\/guller-ve-leylaklar\/#respond"]}]},{"@type":"WebPage","@id":"https:\/\/narteks.net\/index.php\/2009\/11\/06\/guller-ve-leylaklar\/","url":"https:\/\/narteks.net\/index.php\/2009\/11\/06\/guller-ve-leylaklar\/","name":"G\u00dcLLER VE LEYLAKLAR - narteks.net","isPartOf":{"@id":"https:\/\/narteks.net\/#website"},"datePublished":"2009-11-06T09:53:33+00:00","breadcrumb":{"@id":"https:\/\/narteks.net\/index.php\/2009\/11\/06\/guller-ve-leylaklar\/#breadcrumb"},"inLanguage":"tr","potentialAction":[{"@type":"ReadAction","target":["https:\/\/narteks.net\/index.php\/2009\/11\/06\/guller-ve-leylaklar\/"]}]},{"@type":"BreadcrumbList","@id":"https:\/\/narteks.net\/index.php\/2009\/11\/06\/guller-ve-leylaklar\/#breadcrumb","itemListElement":[{"@type":"ListItem","position":1,"name":"Anasayfa","item":"https:\/\/narteks.net\/"},{"@type":"ListItem","position":2,"name":"G\u00dcLLER VE LEYLAKLAR"}]},{"@type":"WebSite","@id":"https:\/\/narteks.net\/#website","url":"https:\/\/narteks.net\/","name":"narteks.net","description":"K\u00fclt\u00fcr Sanat Edebiyat Felsefe","publisher":{"@id":"https:\/\/narteks.net\/#organization"},"alternateName":"K\u00fclt\u00fcr Sanat Edebiyat Felsefe","potentialAction":[{"@type":"SearchAction","target":{"@type":"EntryPoint","urlTemplate":"https:\/\/narteks.net\/?s={search_term_string}"},"query-input":{"@type":"PropertyValueSpecification","valueRequired":true,"valueName":"search_term_string"}}],"inLanguage":"tr"},{"@type":"Organization","@id":"https:\/\/narteks.net\/#organization","name":"narteks.net","url":"https:\/\/narteks.net\/","logo":{"@type":"ImageObject","inLanguage":"tr","@id":"https:\/\/narteks.net\/#\/schema\/logo\/image\/","url":"https:\/\/narteks.net\/wp-content\/uploads\/narteks.png","contentUrl":"https:\/\/narteks.net\/wp-content\/uploads\/narteks.png","width":300,"height":90,"caption":"narteks.net"},"image":{"@id":"https:\/\/narteks.net\/#\/schema\/logo\/image\/"},"sameAs":["https:\/\/x.com\/narteks","https:\/\/instagram.com\/narteksnet"]},{"@type":"Person","@id":"https:\/\/narteks.net\/#\/schema\/person\/61f37d9834294b72d31d274e7ed79bca","name":"Tar\u0131k","image":{"@type":"ImageObject","inLanguage":"tr","@id":"https:\/\/narteks.net\/#\/schema\/person\/image\/","url":"https:\/\/secure.gravatar.com\/avatar\/50865afb55632c4ae467e0af0930f6510aa2297d8014be502a55b14f3b7550cf?s=96&d=mm&r=g","contentUrl":"https:\/\/secure.gravatar.com\/avatar\/50865afb55632c4ae467e0af0930f6510aa2297d8014be502a55b14f3b7550cf?s=96&d=mm&r=g","caption":"Tar\u0131k"},"sameAs":["http:\/\/narteks.net"],"url":"https:\/\/narteks.net\/index.php\/author\/narbak\/"}]}},"_links":{"self":[{"href":"https:\/\/narteks.net\/index.php\/wp-json\/wp\/v2\/posts\/1288","targetHints":{"allow":["GET"]}}],"collection":[{"href":"https:\/\/narteks.net\/index.php\/wp-json\/wp\/v2\/posts"}],"about":[{"href":"https:\/\/narteks.net\/index.php\/wp-json\/wp\/v2\/types\/post"}],"author":[{"embeddable":true,"href":"https:\/\/narteks.net\/index.php\/wp-json\/wp\/v2\/users\/1"}],"replies":[{"embeddable":true,"href":"https:\/\/narteks.net\/index.php\/wp-json\/wp\/v2\/comments?post=1288"}],"version-history":[{"count":0,"href":"https:\/\/narteks.net\/index.php\/wp-json\/wp\/v2\/posts\/1288\/revisions"}],"wp:attachment":[{"href":"https:\/\/narteks.net\/index.php\/wp-json\/wp\/v2\/media?parent=1288"}],"wp:term":[{"taxonomy":"category","embeddable":true,"href":"https:\/\/narteks.net\/index.php\/wp-json\/wp\/v2\/categories?post=1288"},{"taxonomy":"post_tag","embeddable":true,"href":"https:\/\/narteks.net\/index.php\/wp-json\/wp\/v2\/tags?post=1288"}],"curies":[{"name":"wp","href":"https:\/\/api.w.org\/{rel}","templated":true}]}}