{"id":1294,"date":"2009-11-06T12:57:20","date_gmt":"2009-11-06T09:57:20","guid":{"rendered":"http:\/\/localhost\/wordpress\/2009\/11\/06\/sarki-soyluyorum\/"},"modified":"2009-11-06T12:57:20","modified_gmt":"2009-11-06T09:57:20","slug":"sarki-soyluyorum","status":"publish","type":"post","link":"https:\/\/narteks.net\/index.php\/2009\/11\/06\/sarki-soyluyorum\/","title":{"rendered":"\u015eARKI S\u00d6YL\u00dcYORUM"},"content":{"rendered":"<p>\u00a0<\/p>\n<p>\u015eark\u0131 s\u00f6yl\u00fcyorum zaman ge\u00e7sin diye<br \/> \u00d6mr\u00fcm\u00fcn \u015fu son g\u00fcnlerinde<br \/> Don nehri \u00fcst\u00fcnde bir resim gibi<br \/> Memnun edi\u015fimiz y\u00fcre\u011fimizi<br \/> Ta\u015flar atarken g\u00f6lc\u00fck \u00fcst\u00fcnde<br \/> \u015eark\u0131 s\u00f6yl\u00fcyorum zaman ge\u00e7sin diye<\/p>\n<p>Harikalar g\u00fcn\u00fcn\u00fc ya\u015fad\u0131m<br \/> Siz ve ben hat\u0131rlayal\u0131m<br \/> Ve y\u0131llar\u0131n duvarlar\u0131n\u0131 a\u015ft\u0131m<br \/> Mucize y\u00fckl\u00fc kulaklar\u0131m<br \/> De\u011fil ki devran eskisi gibi<br \/> Harikalar g\u00fcn\u00fcn\u00fc ya\u015fad\u0131m<\/p>\n<p>Gidelim ki bu parmaklar \u00e7\u00f6z\u00fcls\u00fcn<br \/> Anl\u0131m\u0131z gibi \u015ferefiyle<br \/> \u0130lk sen g\u00f6zlerinle g\u00f6r\u00fcrs\u00fcn<br \/> Bizden al\u00e7ak bulutlar\u0131<br \/> Ve dizlerimizde \u00e7ay\u0131r ku\u015flar\u0131<br \/> Gidelim ki bu parmaklar \u00e7\u00f6z\u00fcls\u00fcn<\/p>\n<p>Ay \u0131\u015f\u0131\u011f\u0131 yapt\u0131k biz<br \/> Saraylar\u0131m\u0131z ve heykellerimiz i\u00e7in<br \/> \u00d6ld\u00fcr\u00fcyorsalar bizi \u00f6nemli midir<br \/> Geceler d\u00fc\u015fecektir bir bir<br \/> Kom\u00fcnc\u00fc oldu art\u0131k \u00c7in<br \/> Ay \u0131\u015f\u0131\u011f\u0131 yapt\u0131k biz<\/p>\n<p>S\u00f6yleyece\u011fim ve s\u00f6yleyece\u011fim de<br \/> Bu hayat nice manzaralara sahne oldu<br \/> \u0130nsan ula\u015f\u0131p do\u011fal b\u00fcy\u00fckl\u00fc\u011f\u00fcn\u00fc buldu<br \/> Sesi ormanlar da\u011flar<br \/> S\u0131rlar ve denizler \u00fcst\u00fcnde<br \/> S\u00f6yleyece\u011fim ve s\u00f6yleyece\u011fim de<\/p>\n<p>Evet zaman ge\u00e7sin diye \u015fark\u0131 s\u00f6yl\u00fcyorum<br \/> Kemana kar\u015f\u0131 y\u0131pran\u0131r kemane<br \/> Ta\u015f ta kayd\u0131rmaca oyununda<br \/> Ve dokunakl\u0131 a\u015fk\u0131m<br \/> E\u011fik g\u00f6lgeme ast\u0131\u011f\u0131m<\/p>\n<p>\u015eark\u0131 s\u00f6yleyerek ge\u00e7iriyorum zaman\u0131<br \/> Zaman ge\u00e7sin diye \u015fark\u0131 s\u00f6yl\u00fcyorum<\/p>\n<p>Louis ARAGON<\/p>\n","protected":false},"excerpt":{"rendered":"<p>\u00a0 \u015eark\u0131 s\u00f6yl\u00fcyorum zaman ge\u00e7sin diye \u00d6mr\u00fcm\u00fcn \u015fu son g\u00fcnlerinde Don nehri \u00fcst\u00fcnde bir resim gibi Memnun edi\u015fimiz y\u00fcre\u011fimizi Ta\u015flar atarken g\u00f6lc\u00fck \u00fcst\u00fcnde \u015eark\u0131 s\u00f6yl\u00fcyorum zaman ge\u00e7sin diye Harikalar g\u00fcn\u00fcn\u00fc ya\u015fad\u0131m Siz ve ben hat\u0131rlayal\u0131m Ve y\u0131llar\u0131n duvarlar\u0131n\u0131 a\u015ft\u0131m Mucize y\u00fckl\u00fc kulaklar\u0131m De\u011fil ki devran eskisi gibi Harikalar g\u00fcn\u00fcn\u00fc ya\u015fad\u0131m Gidelim ki bu parmaklar \u00e7\u00f6z\u00fcls\u00fcn [&hellip;]<\/p>\n","protected":false},"author":1,"featured_media":0,"comment_status":"open","ping_status":"open","sticky":false,"template":"","format":"standard","meta":{"footnotes":""},"categories":[67],"tags":[],"class_list":{"0":"post-1294","1":"post","2":"type-post","3":"status-publish","4":"format-standard","6":"category-louis-aragon"},"yoast_head":"<!-- This site is optimized with the Yoast SEO Premium plugin v24.9 (Yoast SEO v24.9) - https:\/\/yoast.com\/wordpress\/plugins\/seo\/ -->\n<title>\u015eARKI S\u00d6YL\u00dcYORUM - narteks.net<\/title>\n<meta name=\"robots\" content=\"index, follow, max-snippet:-1, max-image-preview:large, max-video-preview:-1\" \/>\n<link rel=\"canonical\" href=\"https:\/\/narteks.net\/index.php\/2009\/11\/06\/sarki-soyluyorum\/\" \/>\n<meta property=\"og:locale\" content=\"tr_TR\" \/>\n<meta property=\"og:type\" content=\"article\" \/>\n<meta property=\"og:title\" content=\"\u015eARKI S\u00d6YL\u00dcYORUM\" \/>\n<meta property=\"og:description\" content=\"\u00a0 \u015eark\u0131 s\u00f6yl\u00fcyorum zaman ge\u00e7sin diye \u00d6mr\u00fcm\u00fcn \u015fu son g\u00fcnlerinde Don nehri \u00fcst\u00fcnde bir resim gibi Memnun edi\u015fimiz y\u00fcre\u011fimizi Ta\u015flar atarken g\u00f6lc\u00fck \u00fcst\u00fcnde \u015eark\u0131 s\u00f6yl\u00fcyorum zaman ge\u00e7sin diye Harikalar g\u00fcn\u00fcn\u00fc ya\u015fad\u0131m Siz ve ben hat\u0131rlayal\u0131m Ve y\u0131llar\u0131n duvarlar\u0131n\u0131 a\u015ft\u0131m Mucize y\u00fckl\u00fc kulaklar\u0131m De\u011fil ki devran eskisi gibi Harikalar g\u00fcn\u00fcn\u00fc ya\u015fad\u0131m Gidelim ki bu parmaklar \u00e7\u00f6z\u00fcls\u00fcn [&hellip;]\" \/>\n<meta property=\"og:url\" content=\"https:\/\/narteks.net\/index.php\/2009\/11\/06\/sarki-soyluyorum\/\" \/>\n<meta property=\"og:site_name\" content=\"narteks.net\" \/>\n<meta property=\"article:published_time\" content=\"2009-11-06T09:57:20+00:00\" \/>\n<meta property=\"og:image\" content=\"https:\/\/narteks.net\/wp-content\/uploads\/narteks.png\" \/>\n\t<meta property=\"og:image:width\" content=\"300\" \/>\n\t<meta property=\"og:image:height\" content=\"90\" \/>\n\t<meta property=\"og:image:type\" content=\"image\/png\" \/>\n<meta name=\"author\" content=\"Tar\u0131k\" \/>\n<meta name=\"twitter:card\" content=\"summary_large_image\" \/>\n<meta name=\"twitter:creator\" content=\"@narteks\" \/>\n<meta name=\"twitter:site\" content=\"@narteks\" \/>\n<meta name=\"twitter:label1\" content=\"Yazan:\" \/>\n\t<meta name=\"twitter:data1\" content=\"Tar\u0131k\" \/>\n\t<meta name=\"twitter:label2\" content=\"Tahmini okuma s\u00fcresi\" \/>\n\t<meta name=\"twitter:data2\" content=\"1 dakika\" \/>\n<script type=\"application\/ld+json\" class=\"yoast-schema-graph\">{\"@context\":\"https:\/\/schema.org\",\"@graph\":[{\"@type\":\"Article\",\"@id\":\"https:\/\/narteks.net\/index.php\/2009\/11\/06\/sarki-soyluyorum\/#article\",\"isPartOf\":{\"@id\":\"https:\/\/narteks.net\/index.php\/2009\/11\/06\/sarki-soyluyorum\/\"},\"author\":{\"name\":\"Tar\u0131k\",\"@id\":\"https:\/\/narteks.net\/#\/schema\/person\/61f37d9834294b72d31d274e7ed79bca\"},\"headline\":\"\u015eARKI S\u00d6YL\u00dcYORUM\",\"datePublished\":\"2009-11-06T09:57:20+00:00\",\"mainEntityOfPage\":{\"@id\":\"https:\/\/narteks.net\/index.php\/2009\/11\/06\/sarki-soyluyorum\/\"},\"wordCount\":246,\"commentCount\":0,\"publisher\":{\"@id\":\"https:\/\/narteks.net\/#organization\"},\"articleSection\":[\"Louis ARAGON\"],\"inLanguage\":\"tr\",\"potentialAction\":[{\"@type\":\"CommentAction\",\"name\":\"Comment\",\"target\":[\"https:\/\/narteks.net\/index.php\/2009\/11\/06\/sarki-soyluyorum\/#respond\"]}]},{\"@type\":\"WebPage\",\"@id\":\"https:\/\/narteks.net\/index.php\/2009\/11\/06\/sarki-soyluyorum\/\",\"url\":\"https:\/\/narteks.net\/index.php\/2009\/11\/06\/sarki-soyluyorum\/\",\"name\":\"\u015eARKI S\u00d6YL\u00dcYORUM - narteks.net\",\"isPartOf\":{\"@id\":\"https:\/\/narteks.net\/#website\"},\"datePublished\":\"2009-11-06T09:57:20+00:00\",\"breadcrumb\":{\"@id\":\"https:\/\/narteks.net\/index.php\/2009\/11\/06\/sarki-soyluyorum\/#breadcrumb\"},\"inLanguage\":\"tr\",\"potentialAction\":[{\"@type\":\"ReadAction\",\"target\":[\"https:\/\/narteks.net\/index.php\/2009\/11\/06\/sarki-soyluyorum\/\"]}]},{\"@type\":\"BreadcrumbList\",\"@id\":\"https:\/\/narteks.net\/index.php\/2009\/11\/06\/sarki-soyluyorum\/#breadcrumb\",\"itemListElement\":[{\"@type\":\"ListItem\",\"position\":1,\"name\":\"Anasayfa\",\"item\":\"https:\/\/narteks.net\/\"},{\"@type\":\"ListItem\",\"position\":2,\"name\":\"\u015eARKI S\u00d6YL\u00dcYORUM\"}]},{\"@type\":\"WebSite\",\"@id\":\"https:\/\/narteks.net\/#website\",\"url\":\"https:\/\/narteks.net\/\",\"name\":\"narteks.net\",\"description\":\"K\u00fclt\u00fcr Sanat Edebiyat Felsefe\",\"publisher\":{\"@id\":\"https:\/\/narteks.net\/#organization\"},\"alternateName\":\"K\u00fclt\u00fcr Sanat Edebiyat Felsefe\",\"potentialAction\":[{\"@type\":\"SearchAction\",\"target\":{\"@type\":\"EntryPoint\",\"urlTemplate\":\"https:\/\/narteks.net\/?s={search_term_string}\"},\"query-input\":{\"@type\":\"PropertyValueSpecification\",\"valueRequired\":true,\"valueName\":\"search_term_string\"}}],\"inLanguage\":\"tr\"},{\"@type\":\"Organization\",\"@id\":\"https:\/\/narteks.net\/#organization\",\"name\":\"narteks.net\",\"url\":\"https:\/\/narteks.net\/\",\"logo\":{\"@type\":\"ImageObject\",\"inLanguage\":\"tr\",\"@id\":\"https:\/\/narteks.net\/#\/schema\/logo\/image\/\",\"url\":\"https:\/\/narteks.net\/wp-content\/uploads\/narteks.png\",\"contentUrl\":\"https:\/\/narteks.net\/wp-content\/uploads\/narteks.png\",\"width\":300,\"height\":90,\"caption\":\"narteks.net\"},\"image\":{\"@id\":\"https:\/\/narteks.net\/#\/schema\/logo\/image\/\"},\"sameAs\":[\"https:\/\/x.com\/narteks\",\"https:\/\/instagram.com\/narteksnet\"]},{\"@type\":\"Person\",\"@id\":\"https:\/\/narteks.net\/#\/schema\/person\/61f37d9834294b72d31d274e7ed79bca\",\"name\":\"Tar\u0131k\",\"image\":{\"@type\":\"ImageObject\",\"inLanguage\":\"tr\",\"@id\":\"https:\/\/narteks.net\/#\/schema\/person\/image\/\",\"url\":\"https:\/\/secure.gravatar.com\/avatar\/50865afb55632c4ae467e0af0930f6510aa2297d8014be502a55b14f3b7550cf?s=96&d=mm&r=g\",\"contentUrl\":\"https:\/\/secure.gravatar.com\/avatar\/50865afb55632c4ae467e0af0930f6510aa2297d8014be502a55b14f3b7550cf?s=96&d=mm&r=g\",\"caption\":\"Tar\u0131k\"},\"sameAs\":[\"http:\/\/narteks.net\"],\"url\":\"https:\/\/narteks.net\/index.php\/author\/narbak\/\"}]}<\/script>\n<!-- \/ Yoast SEO Premium plugin. -->","yoast_head_json":{"title":"\u015eARKI S\u00d6YL\u00dcYORUM - narteks.net","robots":{"index":"index","follow":"follow","max-snippet":"max-snippet:-1","max-image-preview":"max-image-preview:large","max-video-preview":"max-video-preview:-1"},"canonical":"https:\/\/narteks.net\/index.php\/2009\/11\/06\/sarki-soyluyorum\/","og_locale":"tr_TR","og_type":"article","og_title":"\u015eARKI S\u00d6YL\u00dcYORUM","og_description":"\u00a0 \u015eark\u0131 s\u00f6yl\u00fcyorum zaman ge\u00e7sin diye \u00d6mr\u00fcm\u00fcn \u015fu son g\u00fcnlerinde Don nehri \u00fcst\u00fcnde bir resim gibi Memnun edi\u015fimiz y\u00fcre\u011fimizi Ta\u015flar atarken g\u00f6lc\u00fck \u00fcst\u00fcnde \u015eark\u0131 s\u00f6yl\u00fcyorum zaman ge\u00e7sin diye Harikalar g\u00fcn\u00fcn\u00fc ya\u015fad\u0131m Siz ve ben hat\u0131rlayal\u0131m Ve y\u0131llar\u0131n duvarlar\u0131n\u0131 a\u015ft\u0131m Mucize y\u00fckl\u00fc kulaklar\u0131m De\u011fil ki devran eskisi gibi Harikalar g\u00fcn\u00fcn\u00fc ya\u015fad\u0131m Gidelim ki bu parmaklar \u00e7\u00f6z\u00fcls\u00fcn [&hellip;]","og_url":"https:\/\/narteks.net\/index.php\/2009\/11\/06\/sarki-soyluyorum\/","og_site_name":"narteks.net","article_published_time":"2009-11-06T09:57:20+00:00","og_image":[{"width":300,"height":90,"url":"https:\/\/narteks.net\/wp-content\/uploads\/narteks.png","type":"image\/png"}],"author":"Tar\u0131k","twitter_card":"summary_large_image","twitter_creator":"@narteks","twitter_site":"@narteks","twitter_misc":{"Yazan:":"Tar\u0131k","Tahmini okuma s\u00fcresi":"1 dakika"},"schema":{"@context":"https:\/\/schema.org","@graph":[{"@type":"Article","@id":"https:\/\/narteks.net\/index.php\/2009\/11\/06\/sarki-soyluyorum\/#article","isPartOf":{"@id":"https:\/\/narteks.net\/index.php\/2009\/11\/06\/sarki-soyluyorum\/"},"author":{"name":"Tar\u0131k","@id":"https:\/\/narteks.net\/#\/schema\/person\/61f37d9834294b72d31d274e7ed79bca"},"headline":"\u015eARKI S\u00d6YL\u00dcYORUM","datePublished":"2009-11-06T09:57:20+00:00","mainEntityOfPage":{"@id":"https:\/\/narteks.net\/index.php\/2009\/11\/06\/sarki-soyluyorum\/"},"wordCount":246,"commentCount":0,"publisher":{"@id":"https:\/\/narteks.net\/#organization"},"articleSection":["Louis ARAGON"],"inLanguage":"tr","potentialAction":[{"@type":"CommentAction","name":"Comment","target":["https:\/\/narteks.net\/index.php\/2009\/11\/06\/sarki-soyluyorum\/#respond"]}]},{"@type":"WebPage","@id":"https:\/\/narteks.net\/index.php\/2009\/11\/06\/sarki-soyluyorum\/","url":"https:\/\/narteks.net\/index.php\/2009\/11\/06\/sarki-soyluyorum\/","name":"\u015eARKI S\u00d6YL\u00dcYORUM - narteks.net","isPartOf":{"@id":"https:\/\/narteks.net\/#website"},"datePublished":"2009-11-06T09:57:20+00:00","breadcrumb":{"@id":"https:\/\/narteks.net\/index.php\/2009\/11\/06\/sarki-soyluyorum\/#breadcrumb"},"inLanguage":"tr","potentialAction":[{"@type":"ReadAction","target":["https:\/\/narteks.net\/index.php\/2009\/11\/06\/sarki-soyluyorum\/"]}]},{"@type":"BreadcrumbList","@id":"https:\/\/narteks.net\/index.php\/2009\/11\/06\/sarki-soyluyorum\/#breadcrumb","itemListElement":[{"@type":"ListItem","position":1,"name":"Anasayfa","item":"https:\/\/narteks.net\/"},{"@type":"ListItem","position":2,"name":"\u015eARKI S\u00d6YL\u00dcYORUM"}]},{"@type":"WebSite","@id":"https:\/\/narteks.net\/#website","url":"https:\/\/narteks.net\/","name":"narteks.net","description":"K\u00fclt\u00fcr Sanat Edebiyat Felsefe","publisher":{"@id":"https:\/\/narteks.net\/#organization"},"alternateName":"K\u00fclt\u00fcr Sanat Edebiyat Felsefe","potentialAction":[{"@type":"SearchAction","target":{"@type":"EntryPoint","urlTemplate":"https:\/\/narteks.net\/?s={search_term_string}"},"query-input":{"@type":"PropertyValueSpecification","valueRequired":true,"valueName":"search_term_string"}}],"inLanguage":"tr"},{"@type":"Organization","@id":"https:\/\/narteks.net\/#organization","name":"narteks.net","url":"https:\/\/narteks.net\/","logo":{"@type":"ImageObject","inLanguage":"tr","@id":"https:\/\/narteks.net\/#\/schema\/logo\/image\/","url":"https:\/\/narteks.net\/wp-content\/uploads\/narteks.png","contentUrl":"https:\/\/narteks.net\/wp-content\/uploads\/narteks.png","width":300,"height":90,"caption":"narteks.net"},"image":{"@id":"https:\/\/narteks.net\/#\/schema\/logo\/image\/"},"sameAs":["https:\/\/x.com\/narteks","https:\/\/instagram.com\/narteksnet"]},{"@type":"Person","@id":"https:\/\/narteks.net\/#\/schema\/person\/61f37d9834294b72d31d274e7ed79bca","name":"Tar\u0131k","image":{"@type":"ImageObject","inLanguage":"tr","@id":"https:\/\/narteks.net\/#\/schema\/person\/image\/","url":"https:\/\/secure.gravatar.com\/avatar\/50865afb55632c4ae467e0af0930f6510aa2297d8014be502a55b14f3b7550cf?s=96&d=mm&r=g","contentUrl":"https:\/\/secure.gravatar.com\/avatar\/50865afb55632c4ae467e0af0930f6510aa2297d8014be502a55b14f3b7550cf?s=96&d=mm&r=g","caption":"Tar\u0131k"},"sameAs":["http:\/\/narteks.net"],"url":"https:\/\/narteks.net\/index.php\/author\/narbak\/"}]}},"_links":{"self":[{"href":"https:\/\/narteks.net\/index.php\/wp-json\/wp\/v2\/posts\/1294","targetHints":{"allow":["GET"]}}],"collection":[{"href":"https:\/\/narteks.net\/index.php\/wp-json\/wp\/v2\/posts"}],"about":[{"href":"https:\/\/narteks.net\/index.php\/wp-json\/wp\/v2\/types\/post"}],"author":[{"embeddable":true,"href":"https:\/\/narteks.net\/index.php\/wp-json\/wp\/v2\/users\/1"}],"replies":[{"embeddable":true,"href":"https:\/\/narteks.net\/index.php\/wp-json\/wp\/v2\/comments?post=1294"}],"version-history":[{"count":0,"href":"https:\/\/narteks.net\/index.php\/wp-json\/wp\/v2\/posts\/1294\/revisions"}],"wp:attachment":[{"href":"https:\/\/narteks.net\/index.php\/wp-json\/wp\/v2\/media?parent=1294"}],"wp:term":[{"taxonomy":"category","embeddable":true,"href":"https:\/\/narteks.net\/index.php\/wp-json\/wp\/v2\/categories?post=1294"},{"taxonomy":"post_tag","embeddable":true,"href":"https:\/\/narteks.net\/index.php\/wp-json\/wp\/v2\/tags?post=1294"}],"curies":[{"name":"wp","href":"https:\/\/api.w.org\/{rel}","templated":true}]}}