{"id":1298,"date":"2009-11-06T13:16:07","date_gmt":"2009-11-06T10:16:07","guid":{"rendered":"http:\/\/localhost\/wordpress\/2009\/11\/06\/paul-eluard-biyografisi\/"},"modified":"2009-11-06T13:16:07","modified_gmt":"2009-11-06T10:16:07","slug":"paul-eluard-biyografisi","status":"publish","type":"post","link":"https:\/\/narteks.net\/index.php\/2009\/11\/06\/paul-eluard-biyografisi\/","title":{"rendered":"Paul ELUARD Biyografisi"},"content":{"rendered":"<p><img loading=\"lazy\" decoding=\"async\" src=\"http:\/\/i33.tinypic.com\/favbf5.jpg\" border=\"0\" width=\"155\" height=\"205\" \/><\/p>\n<p style=\"text-align: justify;\">Paul \u00c9luard, ger\u00e7ek ad\u0131yla Eug\u00e8ne Grindel (d. 14 Aral\u0131k, 1895, St. Denis &#8211; \u00f6. 18 Kas\u0131m, 1952, Paris), dadac\u0131 ve ger\u00e7ek\u00fcst\u00fcc\u00fc Frans\u0131z \u015fair.<\/p>\n<p>1912&#8217;de \u0130svi\u00e7re, Davos&#8217;taki Clavadel sanatoryumunda verem tedavisi g\u00f6r\u00fcrken gen\u00e7 bir Rus k\u0131z\u0131yla, Helena Dmitrievna Diakonova ile tan\u0131\u015ft\u0131, ona Gala ad\u0131n\u0131 verdi. 1917 \u015eubat ay\u0131nda evlendiler. Andr\u00e9 Breton ve Louis Aragon ile tan\u0131\u015ft\u0131, her ikisiyle de uzun ve siyasi g\u00f6r\u00fc\u015f ayr\u0131l\u0131klar\u0131yla g\u00f6lgelenen bir ili\u015fki kurdu.<\/p>\n<p>I. D\u00fcnya Sava\u015f\u0131&#8217;nda cephede g\u00f6rev ald\u0131 ve bu deh\u015fetin an\u0131lar\u0131n\u0131 &#8216;Le Devoir&#8217; adl\u0131 \u015fiir derlemesinde dile getirdi. Sava\u015f sonras\u0131nda \u00f6nce Dada hareketine, sonra da ger\u00e7ek\u00fcst\u00fcc\u00fc ak\u0131ma aktif olarak kat\u0131ld\u0131. 1929 y\u0131l\u0131nda Dali&#8217;yle tan\u0131\u015fan Gala, \u00c9luard&#8217;dan ayr\u0131ld\u0131. \u00c9luard ise 1930&#8217;da, Nusch ad\u0131n\u0131 verece\u011fi Maria Benz&#8217;le tan\u0131\u015f\u0131p 1934 y\u0131l\u0131nda evlendi. Bu arada, 1926 y\u0131l\u0131nda di\u011fer ger\u00e7ek\u00fcst\u00fcc\u00fclerle birlikte \u00fcye oldu\u011fu Fransa Kom\u00fcnist Partisi&#8217;nden 1933 y\u0131l\u0131nda ihrac edildi. II. D\u00fcnya Sava\u015f\u0131 s\u0131ras\u0131nda direni\u015f hareketinin b\u00fcy\u00fck \u015fairlerinden biri olan Eluard, 1942 y\u0131l\u0131nda, i\u00e7inde \u00fcnl\u00fc &#8216;\u00d6zg\u00fcrl\u00fck&#8217; \u015fiirinin de yer ald\u0131\u011f\u0131 &#8216;Po\u00e9sie et V\u00e9rite&#8217; adl\u0131 derlemeyi gizlice yay\u0131mlad\u0131. Fransa \u00f6zg\u00fcrl\u00fc\u011f\u00fcne kavu\u015ftuktan sonra b\u00fcy\u00fck \u015f\u00f6hret kazand\u0131. 1952 y\u0131l\u0131nda bir kalp krizi sonucunda \u00f6ld\u00fc.<\/p>\n<p>\u00c9luard, hem a\u015fk hem de devrim \u015fairi olarak 20. y\u00fczy\u0131l\u0131n en b\u00fcy\u00fck Frans\u0131z edebiyat\u00e7\u0131lar\u0131 aras\u0131nda g\u00f6sterilir. Frans\u0131z Kom\u00fcnist Partisi&#8217;ne kat\u0131lmas\u0131 sonucu ger\u00e7ek\u00fcst\u00fcc\u00fc hareketten kopan \u015fair, \u015fiirlerinde Stalin&#8217;i y\u00fcceltmi\u015ftir. Milan Kundera, an\u0131lar\u0131nda, arkada\u015f\u0131, Prag&#8217;l\u0131 yazar Zavis Kalandra&#8217;n\u0131n idam\u0131n\u0131 \u00c9louard&#8217;\u0131n ayan beyan savundu\u011funu duydu\u011funda hayrete d\u00fc\u015ft\u00fc\u011f\u00fcn\u00fc anlat\u0131r. &#8216;La Vie imm\u00e9diate&#8217; (1932), &#8216;La Rose publique&#8217; (1934), &#8216;Les yeux fertiles&#8217; (1936) ve &#8216;Cours naturel&#8217; (1938) yap\u0131tlar\u0131ndan birka\u00e7\u0131d\u0131r.<\/p>\n<p style=\"text-align: justify;\">\u00a0<\/p>\n","protected":false},"excerpt":{"rendered":"<p>Paul \u00c9luard, ger\u00e7ek ad\u0131yla Eug\u00e8ne Grindel (d. 14 Aral\u0131k, 1895, St. Denis &#8211; \u00f6. 18 Kas\u0131m, 1952, Paris), dadac\u0131 ve ger\u00e7ek\u00fcst\u00fcc\u00fc Frans\u0131z \u015fair. 1912&#8217;de \u0130svi\u00e7re, Davos&#8217;taki Clavadel sanatoryumunda verem tedavisi g\u00f6r\u00fcrken gen\u00e7 bir Rus k\u0131z\u0131yla, Helena Dmitrievna Diakonova ile tan\u0131\u015ft\u0131, ona Gala ad\u0131n\u0131 verdi. 1917 \u015eubat ay\u0131nda evlendiler. Andr\u00e9 Breton ve Louis Aragon ile tan\u0131\u015ft\u0131, [&hellip;]<\/p>\n","protected":false},"author":1,"featured_media":0,"comment_status":"open","ping_status":"open","sticky":false,"template":"","format":"standard","meta":{"footnotes":""},"categories":[68],"tags":[],"class_list":{"0":"post-1298","1":"post","2":"type-post","3":"status-publish","4":"format-standard","6":"category-paul-eluard"},"yoast_head":"<!-- This site is optimized with the Yoast SEO Premium plugin v24.9 (Yoast SEO v24.9) - https:\/\/yoast.com\/wordpress\/plugins\/seo\/ -->\n<title>Paul ELUARD Biyografisi - narteks.net<\/title>\n<meta name=\"robots\" content=\"index, follow, max-snippet:-1, max-image-preview:large, max-video-preview:-1\" \/>\n<link rel=\"canonical\" href=\"https:\/\/narteks.net\/index.php\/2009\/11\/06\/paul-eluard-biyografisi\/\" \/>\n<meta property=\"og:locale\" content=\"tr_TR\" \/>\n<meta property=\"og:type\" content=\"article\" \/>\n<meta property=\"og:title\" content=\"Paul ELUARD Biyografisi\" \/>\n<meta property=\"og:description\" content=\"Paul \u00c9luard, ger\u00e7ek ad\u0131yla Eug\u00e8ne Grindel (d. 14 Aral\u0131k, 1895, St. Denis &#8211; \u00f6. 18 Kas\u0131m, 1952, Paris), dadac\u0131 ve ger\u00e7ek\u00fcst\u00fcc\u00fc Frans\u0131z \u015fair. 1912&#8217;de \u0130svi\u00e7re, Davos&#8217;taki Clavadel sanatoryumunda verem tedavisi g\u00f6r\u00fcrken gen\u00e7 bir Rus k\u0131z\u0131yla, Helena Dmitrievna Diakonova ile tan\u0131\u015ft\u0131, ona Gala ad\u0131n\u0131 verdi. 1917 \u015eubat ay\u0131nda evlendiler. Andr\u00e9 Breton ve Louis Aragon ile tan\u0131\u015ft\u0131, [&hellip;]\" \/>\n<meta property=\"og:url\" content=\"https:\/\/narteks.net\/index.php\/2009\/11\/06\/paul-eluard-biyografisi\/\" \/>\n<meta property=\"og:site_name\" content=\"narteks.net\" \/>\n<meta property=\"article:published_time\" content=\"2009-11-06T10:16:07+00:00\" \/>\n<meta property=\"og:image\" content=\"http:\/\/i33.tinypic.com\/favbf5.jpg\" \/>\n<meta name=\"author\" content=\"Tar\u0131k\" \/>\n<meta name=\"twitter:card\" content=\"summary_large_image\" \/>\n<meta name=\"twitter:creator\" content=\"@narteks\" \/>\n<meta name=\"twitter:site\" content=\"@narteks\" \/>\n<meta name=\"twitter:label1\" content=\"Yazan:\" \/>\n\t<meta name=\"twitter:data1\" content=\"Tar\u0131k\" \/>\n\t<meta name=\"twitter:label2\" content=\"Tahmini okuma s\u00fcresi\" \/>\n\t<meta name=\"twitter:data2\" content=\"2 dakika\" \/>\n<script type=\"application\/ld+json\" class=\"yoast-schema-graph\">{\"@context\":\"https:\/\/schema.org\",\"@graph\":[{\"@type\":\"Article\",\"@id\":\"https:\/\/narteks.net\/index.php\/2009\/11\/06\/paul-eluard-biyografisi\/#article\",\"isPartOf\":{\"@id\":\"https:\/\/narteks.net\/index.php\/2009\/11\/06\/paul-eluard-biyografisi\/\"},\"author\":{\"name\":\"Tar\u0131k\",\"@id\":\"https:\/\/narteks.net\/#\/schema\/person\/61f37d9834294b72d31d274e7ed79bca\"},\"headline\":\"Paul ELUARD Biyografisi\",\"datePublished\":\"2009-11-06T10:16:07+00:00\",\"mainEntityOfPage\":{\"@id\":\"https:\/\/narteks.net\/index.php\/2009\/11\/06\/paul-eluard-biyografisi\/\"},\"wordCount\":331,\"commentCount\":0,\"publisher\":{\"@id\":\"https:\/\/narteks.net\/#organization\"},\"image\":{\"@id\":\"https:\/\/narteks.net\/index.php\/2009\/11\/06\/paul-eluard-biyografisi\/#primaryimage\"},\"thumbnailUrl\":\"http:\/\/i33.tinypic.com\/favbf5.jpg\",\"articleSection\":[\"Paul ELUARD\"],\"inLanguage\":\"tr\",\"potentialAction\":[{\"@type\":\"CommentAction\",\"name\":\"Comment\",\"target\":[\"https:\/\/narteks.net\/index.php\/2009\/11\/06\/paul-eluard-biyografisi\/#respond\"]}]},{\"@type\":\"WebPage\",\"@id\":\"https:\/\/narteks.net\/index.php\/2009\/11\/06\/paul-eluard-biyografisi\/\",\"url\":\"https:\/\/narteks.net\/index.php\/2009\/11\/06\/paul-eluard-biyografisi\/\",\"name\":\"Paul ELUARD Biyografisi - narteks.net\",\"isPartOf\":{\"@id\":\"https:\/\/narteks.net\/#website\"},\"primaryImageOfPage\":{\"@id\":\"https:\/\/narteks.net\/index.php\/2009\/11\/06\/paul-eluard-biyografisi\/#primaryimage\"},\"image\":{\"@id\":\"https:\/\/narteks.net\/index.php\/2009\/11\/06\/paul-eluard-biyografisi\/#primaryimage\"},\"thumbnailUrl\":\"http:\/\/i33.tinypic.com\/favbf5.jpg\",\"datePublished\":\"2009-11-06T10:16:07+00:00\",\"breadcrumb\":{\"@id\":\"https:\/\/narteks.net\/index.php\/2009\/11\/06\/paul-eluard-biyografisi\/#breadcrumb\"},\"inLanguage\":\"tr\",\"potentialAction\":[{\"@type\":\"ReadAction\",\"target\":[\"https:\/\/narteks.net\/index.php\/2009\/11\/06\/paul-eluard-biyografisi\/\"]}]},{\"@type\":\"ImageObject\",\"inLanguage\":\"tr\",\"@id\":\"https:\/\/narteks.net\/index.php\/2009\/11\/06\/paul-eluard-biyografisi\/#primaryimage\",\"url\":\"http:\/\/i33.tinypic.com\/favbf5.jpg\",\"contentUrl\":\"http:\/\/i33.tinypic.com\/favbf5.jpg\"},{\"@type\":\"BreadcrumbList\",\"@id\":\"https:\/\/narteks.net\/index.php\/2009\/11\/06\/paul-eluard-biyografisi\/#breadcrumb\",\"itemListElement\":[{\"@type\":\"ListItem\",\"position\":1,\"name\":\"Anasayfa\",\"item\":\"https:\/\/narteks.net\/\"},{\"@type\":\"ListItem\",\"position\":2,\"name\":\"Paul ELUARD Biyografisi\"}]},{\"@type\":\"WebSite\",\"@id\":\"https:\/\/narteks.net\/#website\",\"url\":\"https:\/\/narteks.net\/\",\"name\":\"narteks.net\",\"description\":\"K\u00fclt\u00fcr Sanat Edebiyat Felsefe\",\"publisher\":{\"@id\":\"https:\/\/narteks.net\/#organization\"},\"alternateName\":\"K\u00fclt\u00fcr Sanat Edebiyat Felsefe\",\"potentialAction\":[{\"@type\":\"SearchAction\",\"target\":{\"@type\":\"EntryPoint\",\"urlTemplate\":\"https:\/\/narteks.net\/?s={search_term_string}\"},\"query-input\":{\"@type\":\"PropertyValueSpecification\",\"valueRequired\":true,\"valueName\":\"search_term_string\"}}],\"inLanguage\":\"tr\"},{\"@type\":\"Organization\",\"@id\":\"https:\/\/narteks.net\/#organization\",\"name\":\"narteks.net\",\"url\":\"https:\/\/narteks.net\/\",\"logo\":{\"@type\":\"ImageObject\",\"inLanguage\":\"tr\",\"@id\":\"https:\/\/narteks.net\/#\/schema\/logo\/image\/\",\"url\":\"https:\/\/narteks.net\/wp-content\/uploads\/narteks.png\",\"contentUrl\":\"https:\/\/narteks.net\/wp-content\/uploads\/narteks.png\",\"width\":300,\"height\":90,\"caption\":\"narteks.net\"},\"image\":{\"@id\":\"https:\/\/narteks.net\/#\/schema\/logo\/image\/\"},\"sameAs\":[\"https:\/\/x.com\/narteks\",\"https:\/\/instagram.com\/narteksnet\"]},{\"@type\":\"Person\",\"@id\":\"https:\/\/narteks.net\/#\/schema\/person\/61f37d9834294b72d31d274e7ed79bca\",\"name\":\"Tar\u0131k\",\"image\":{\"@type\":\"ImageObject\",\"inLanguage\":\"tr\",\"@id\":\"https:\/\/narteks.net\/#\/schema\/person\/image\/\",\"url\":\"https:\/\/secure.gravatar.com\/avatar\/50865afb55632c4ae467e0af0930f6510aa2297d8014be502a55b14f3b7550cf?s=96&d=mm&r=g\",\"contentUrl\":\"https:\/\/secure.gravatar.com\/avatar\/50865afb55632c4ae467e0af0930f6510aa2297d8014be502a55b14f3b7550cf?s=96&d=mm&r=g\",\"caption\":\"Tar\u0131k\"},\"sameAs\":[\"http:\/\/narteks.net\"],\"url\":\"https:\/\/narteks.net\/index.php\/author\/narbak\/\"}]}<\/script>\n<!-- \/ Yoast SEO Premium plugin. -->","yoast_head_json":{"title":"Paul ELUARD Biyografisi - narteks.net","robots":{"index":"index","follow":"follow","max-snippet":"max-snippet:-1","max-image-preview":"max-image-preview:large","max-video-preview":"max-video-preview:-1"},"canonical":"https:\/\/narteks.net\/index.php\/2009\/11\/06\/paul-eluard-biyografisi\/","og_locale":"tr_TR","og_type":"article","og_title":"Paul ELUARD Biyografisi","og_description":"Paul \u00c9luard, ger\u00e7ek ad\u0131yla Eug\u00e8ne Grindel (d. 14 Aral\u0131k, 1895, St. Denis &#8211; \u00f6. 18 Kas\u0131m, 1952, Paris), dadac\u0131 ve ger\u00e7ek\u00fcst\u00fcc\u00fc Frans\u0131z \u015fair. 1912&#8217;de \u0130svi\u00e7re, Davos&#8217;taki Clavadel sanatoryumunda verem tedavisi g\u00f6r\u00fcrken gen\u00e7 bir Rus k\u0131z\u0131yla, Helena Dmitrievna Diakonova ile tan\u0131\u015ft\u0131, ona Gala ad\u0131n\u0131 verdi. 1917 \u015eubat ay\u0131nda evlendiler. Andr\u00e9 Breton ve Louis Aragon ile tan\u0131\u015ft\u0131, [&hellip;]","og_url":"https:\/\/narteks.net\/index.php\/2009\/11\/06\/paul-eluard-biyografisi\/","og_site_name":"narteks.net","article_published_time":"2009-11-06T10:16:07+00:00","og_image":[{"url":"http:\/\/i33.tinypic.com\/favbf5.jpg","type":"","width":"","height":""}],"author":"Tar\u0131k","twitter_card":"summary_large_image","twitter_creator":"@narteks","twitter_site":"@narteks","twitter_misc":{"Yazan:":"Tar\u0131k","Tahmini okuma s\u00fcresi":"2 dakika"},"schema":{"@context":"https:\/\/schema.org","@graph":[{"@type":"Article","@id":"https:\/\/narteks.net\/index.php\/2009\/11\/06\/paul-eluard-biyografisi\/#article","isPartOf":{"@id":"https:\/\/narteks.net\/index.php\/2009\/11\/06\/paul-eluard-biyografisi\/"},"author":{"name":"Tar\u0131k","@id":"https:\/\/narteks.net\/#\/schema\/person\/61f37d9834294b72d31d274e7ed79bca"},"headline":"Paul ELUARD Biyografisi","datePublished":"2009-11-06T10:16:07+00:00","mainEntityOfPage":{"@id":"https:\/\/narteks.net\/index.php\/2009\/11\/06\/paul-eluard-biyografisi\/"},"wordCount":331,"commentCount":0,"publisher":{"@id":"https:\/\/narteks.net\/#organization"},"image":{"@id":"https:\/\/narteks.net\/index.php\/2009\/11\/06\/paul-eluard-biyografisi\/#primaryimage"},"thumbnailUrl":"http:\/\/i33.tinypic.com\/favbf5.jpg","articleSection":["Paul ELUARD"],"inLanguage":"tr","potentialAction":[{"@type":"CommentAction","name":"Comment","target":["https:\/\/narteks.net\/index.php\/2009\/11\/06\/paul-eluard-biyografisi\/#respond"]}]},{"@type":"WebPage","@id":"https:\/\/narteks.net\/index.php\/2009\/11\/06\/paul-eluard-biyografisi\/","url":"https:\/\/narteks.net\/index.php\/2009\/11\/06\/paul-eluard-biyografisi\/","name":"Paul ELUARD Biyografisi - narteks.net","isPartOf":{"@id":"https:\/\/narteks.net\/#website"},"primaryImageOfPage":{"@id":"https:\/\/narteks.net\/index.php\/2009\/11\/06\/paul-eluard-biyografisi\/#primaryimage"},"image":{"@id":"https:\/\/narteks.net\/index.php\/2009\/11\/06\/paul-eluard-biyografisi\/#primaryimage"},"thumbnailUrl":"http:\/\/i33.tinypic.com\/favbf5.jpg","datePublished":"2009-11-06T10:16:07+00:00","breadcrumb":{"@id":"https:\/\/narteks.net\/index.php\/2009\/11\/06\/paul-eluard-biyografisi\/#breadcrumb"},"inLanguage":"tr","potentialAction":[{"@type":"ReadAction","target":["https:\/\/narteks.net\/index.php\/2009\/11\/06\/paul-eluard-biyografisi\/"]}]},{"@type":"ImageObject","inLanguage":"tr","@id":"https:\/\/narteks.net\/index.php\/2009\/11\/06\/paul-eluard-biyografisi\/#primaryimage","url":"http:\/\/i33.tinypic.com\/favbf5.jpg","contentUrl":"http:\/\/i33.tinypic.com\/favbf5.jpg"},{"@type":"BreadcrumbList","@id":"https:\/\/narteks.net\/index.php\/2009\/11\/06\/paul-eluard-biyografisi\/#breadcrumb","itemListElement":[{"@type":"ListItem","position":1,"name":"Anasayfa","item":"https:\/\/narteks.net\/"},{"@type":"ListItem","position":2,"name":"Paul ELUARD Biyografisi"}]},{"@type":"WebSite","@id":"https:\/\/narteks.net\/#website","url":"https:\/\/narteks.net\/","name":"narteks.net","description":"K\u00fclt\u00fcr Sanat Edebiyat Felsefe","publisher":{"@id":"https:\/\/narteks.net\/#organization"},"alternateName":"K\u00fclt\u00fcr Sanat Edebiyat Felsefe","potentialAction":[{"@type":"SearchAction","target":{"@type":"EntryPoint","urlTemplate":"https:\/\/narteks.net\/?s={search_term_string}"},"query-input":{"@type":"PropertyValueSpecification","valueRequired":true,"valueName":"search_term_string"}}],"inLanguage":"tr"},{"@type":"Organization","@id":"https:\/\/narteks.net\/#organization","name":"narteks.net","url":"https:\/\/narteks.net\/","logo":{"@type":"ImageObject","inLanguage":"tr","@id":"https:\/\/narteks.net\/#\/schema\/logo\/image\/","url":"https:\/\/narteks.net\/wp-content\/uploads\/narteks.png","contentUrl":"https:\/\/narteks.net\/wp-content\/uploads\/narteks.png","width":300,"height":90,"caption":"narteks.net"},"image":{"@id":"https:\/\/narteks.net\/#\/schema\/logo\/image\/"},"sameAs":["https:\/\/x.com\/narteks","https:\/\/instagram.com\/narteksnet"]},{"@type":"Person","@id":"https:\/\/narteks.net\/#\/schema\/person\/61f37d9834294b72d31d274e7ed79bca","name":"Tar\u0131k","image":{"@type":"ImageObject","inLanguage":"tr","@id":"https:\/\/narteks.net\/#\/schema\/person\/image\/","url":"https:\/\/secure.gravatar.com\/avatar\/50865afb55632c4ae467e0af0930f6510aa2297d8014be502a55b14f3b7550cf?s=96&d=mm&r=g","contentUrl":"https:\/\/secure.gravatar.com\/avatar\/50865afb55632c4ae467e0af0930f6510aa2297d8014be502a55b14f3b7550cf?s=96&d=mm&r=g","caption":"Tar\u0131k"},"sameAs":["http:\/\/narteks.net"],"url":"https:\/\/narteks.net\/index.php\/author\/narbak\/"}]}},"_links":{"self":[{"href":"https:\/\/narteks.net\/index.php\/wp-json\/wp\/v2\/posts\/1298","targetHints":{"allow":["GET"]}}],"collection":[{"href":"https:\/\/narteks.net\/index.php\/wp-json\/wp\/v2\/posts"}],"about":[{"href":"https:\/\/narteks.net\/index.php\/wp-json\/wp\/v2\/types\/post"}],"author":[{"embeddable":true,"href":"https:\/\/narteks.net\/index.php\/wp-json\/wp\/v2\/users\/1"}],"replies":[{"embeddable":true,"href":"https:\/\/narteks.net\/index.php\/wp-json\/wp\/v2\/comments?post=1298"}],"version-history":[{"count":0,"href":"https:\/\/narteks.net\/index.php\/wp-json\/wp\/v2\/posts\/1298\/revisions"}],"wp:attachment":[{"href":"https:\/\/narteks.net\/index.php\/wp-json\/wp\/v2\/media?parent=1298"}],"wp:term":[{"taxonomy":"category","embeddable":true,"href":"https:\/\/narteks.net\/index.php\/wp-json\/wp\/v2\/categories?post=1298"},{"taxonomy":"post_tag","embeddable":true,"href":"https:\/\/narteks.net\/index.php\/wp-json\/wp\/v2\/tags?post=1298"}],"curies":[{"name":"wp","href":"https:\/\/api.w.org\/{rel}","templated":true}]}}