{"id":1302,"date":"2009-11-06T13:19:26","date_gmt":"2009-11-06T10:19:26","guid":{"rendered":"http:\/\/localhost\/wordpress\/2009\/11\/06\/bir-karanlik-ayna-ici\/"},"modified":"2009-11-06T13:19:26","modified_gmt":"2009-11-06T10:19:26","slug":"bir-karanlik-ayna-ici","status":"publish","type":"post","link":"https:\/\/narteks.net\/index.php\/2009\/11\/06\/bir-karanlik-ayna-ici\/","title":{"rendered":"B\u0130R KARANLIK AYNA \u0130\u00c7\u0130"},"content":{"rendered":"<p>\u00a0<\/p>\n<p>H\u0131ncah\u0131n\u00e7 bir kenar mahalle<br \/> \u00dcst\u00fcnde aylar sultan\u0131 a\u011fustos g\u00fcnlerinden<br \/> K\u0131v\u0131l k\u0131v\u0131l bir hale<\/p>\n<p>Namus s\u00f6z\u00fcm\u00fczden bu \u00e7ember<br \/> Duramaz olmu\u015f yerinde<br \/> \u00d6fkemizden d\u00f6ne d\u00f6ne yanar<\/p>\n<p>Buras\u0131 Bazilika soka\u011f\u0131<br \/> Bu bir okulun soka\u011fa bakan y\u00fcz\u00fc<br \/> Kur\u015funlardan b\u00f6yle \u00e7i\u00e7ek bozu\u011fu<\/p>\n<p>Kala kala bunlar kald\u0131 \u00e7i\u00e7ekten yana<br \/> A\u00e7m\u0131\u015f duvarlar\u0131 \u00fcst\u00fcnde felaketin<br \/> Bulan\u0131p insan teninin beyazl\u0131\u011f\u0131na<\/p>\n<p>Bazilika soka\u011f\u0131n\u0131n g\u00f6be\u011finde<br \/> Duvarlar bizden yana olmu\u015f<br \/> Yediveren bir damga \u00fczerlerinde<\/p>\n<p>H\u00fcrriyet a\u015fk\u0131yla oyulmu\u015f<\/p>\n<p>Paul ELUARD<\/p>\n","protected":false},"excerpt":{"rendered":"<p>\u00a0 H\u0131ncah\u0131n\u00e7 bir kenar mahalle \u00dcst\u00fcnde aylar sultan\u0131 a\u011fustos g\u00fcnlerinden K\u0131v\u0131l k\u0131v\u0131l bir hale Namus s\u00f6z\u00fcm\u00fczden bu \u00e7ember Duramaz olmu\u015f yerinde \u00d6fkemizden d\u00f6ne d\u00f6ne yanar Buras\u0131 Bazilika soka\u011f\u0131 Bu bir okulun soka\u011fa bakan y\u00fcz\u00fc Kur\u015funlardan b\u00f6yle \u00e7i\u00e7ek bozu\u011fu Kala kala bunlar kald\u0131 \u00e7i\u00e7ekten yana A\u00e7m\u0131\u015f duvarlar\u0131 \u00fcst\u00fcnde felaketin Bulan\u0131p insan teninin beyazl\u0131\u011f\u0131na Bazilika soka\u011f\u0131n\u0131n g\u00f6be\u011finde [&hellip;]<\/p>\n","protected":false},"author":1,"featured_media":0,"comment_status":"open","ping_status":"open","sticky":false,"template":"","format":"standard","meta":{"footnotes":""},"categories":[68],"tags":[],"class_list":{"0":"post-1302","1":"post","2":"type-post","3":"status-publish","4":"format-standard","6":"category-paul-eluard"},"yoast_head":"<!-- This site is optimized with the Yoast SEO Premium plugin v24.9 (Yoast SEO v24.9) - https:\/\/yoast.com\/wordpress\/plugins\/seo\/ -->\n<title>B\u0130R KARANLIK AYNA \u0130\u00c7\u0130 - narteks.net<\/title>\n<meta name=\"robots\" content=\"index, follow, max-snippet:-1, max-image-preview:large, max-video-preview:-1\" \/>\n<link rel=\"canonical\" href=\"https:\/\/narteks.net\/index.php\/2009\/11\/06\/bir-karanlik-ayna-ici\/\" \/>\n<meta property=\"og:locale\" content=\"tr_TR\" \/>\n<meta property=\"og:type\" content=\"article\" \/>\n<meta property=\"og:title\" content=\"B\u0130R KARANLIK AYNA \u0130\u00c7\u0130\" \/>\n<meta property=\"og:description\" content=\"\u00a0 H\u0131ncah\u0131n\u00e7 bir kenar mahalle \u00dcst\u00fcnde aylar sultan\u0131 a\u011fustos g\u00fcnlerinden K\u0131v\u0131l k\u0131v\u0131l bir hale Namus s\u00f6z\u00fcm\u00fczden bu \u00e7ember Duramaz olmu\u015f yerinde \u00d6fkemizden d\u00f6ne d\u00f6ne yanar Buras\u0131 Bazilika soka\u011f\u0131 Bu bir okulun soka\u011fa bakan y\u00fcz\u00fc Kur\u015funlardan b\u00f6yle \u00e7i\u00e7ek bozu\u011fu Kala kala bunlar kald\u0131 \u00e7i\u00e7ekten yana A\u00e7m\u0131\u015f duvarlar\u0131 \u00fcst\u00fcnde felaketin Bulan\u0131p insan teninin beyazl\u0131\u011f\u0131na Bazilika soka\u011f\u0131n\u0131n g\u00f6be\u011finde [&hellip;]\" \/>\n<meta property=\"og:url\" content=\"https:\/\/narteks.net\/index.php\/2009\/11\/06\/bir-karanlik-ayna-ici\/\" \/>\n<meta property=\"og:site_name\" content=\"narteks.net\" \/>\n<meta property=\"article:published_time\" content=\"2009-11-06T10:19:26+00:00\" \/>\n<meta property=\"og:image\" content=\"https:\/\/narteks.net\/wp-content\/uploads\/narteks.png\" \/>\n\t<meta property=\"og:image:width\" content=\"300\" \/>\n\t<meta property=\"og:image:height\" content=\"90\" \/>\n\t<meta property=\"og:image:type\" content=\"image\/png\" \/>\n<meta name=\"author\" content=\"Tar\u0131k\" \/>\n<meta name=\"twitter:card\" content=\"summary_large_image\" \/>\n<meta name=\"twitter:creator\" content=\"@narteks\" \/>\n<meta name=\"twitter:site\" content=\"@narteks\" \/>\n<meta name=\"twitter:label1\" content=\"Yazan:\" \/>\n\t<meta name=\"twitter:data1\" content=\"Tar\u0131k\" \/>\n<script type=\"application\/ld+json\" class=\"yoast-schema-graph\">{\"@context\":\"https:\/\/schema.org\",\"@graph\":[{\"@type\":\"Article\",\"@id\":\"https:\/\/narteks.net\/index.php\/2009\/11\/06\/bir-karanlik-ayna-ici\/#article\",\"isPartOf\":{\"@id\":\"https:\/\/narteks.net\/index.php\/2009\/11\/06\/bir-karanlik-ayna-ici\/\"},\"author\":{\"name\":\"Tar\u0131k\",\"@id\":\"https:\/\/narteks.net\/#\/schema\/person\/61f37d9834294b72d31d274e7ed79bca\"},\"headline\":\"B\u0130R KARANLIK AYNA \u0130\u00c7\u0130\",\"datePublished\":\"2009-11-06T10:19:26+00:00\",\"mainEntityOfPage\":{\"@id\":\"https:\/\/narteks.net\/index.php\/2009\/11\/06\/bir-karanlik-ayna-ici\/\"},\"wordCount\":103,\"commentCount\":0,\"publisher\":{\"@id\":\"https:\/\/narteks.net\/#organization\"},\"articleSection\":[\"Paul ELUARD\"],\"inLanguage\":\"tr\",\"potentialAction\":[{\"@type\":\"CommentAction\",\"name\":\"Comment\",\"target\":[\"https:\/\/narteks.net\/index.php\/2009\/11\/06\/bir-karanlik-ayna-ici\/#respond\"]}]},{\"@type\":\"WebPage\",\"@id\":\"https:\/\/narteks.net\/index.php\/2009\/11\/06\/bir-karanlik-ayna-ici\/\",\"url\":\"https:\/\/narteks.net\/index.php\/2009\/11\/06\/bir-karanlik-ayna-ici\/\",\"name\":\"B\u0130R KARANLIK AYNA \u0130\u00c7\u0130 - narteks.net\",\"isPartOf\":{\"@id\":\"https:\/\/narteks.net\/#website\"},\"datePublished\":\"2009-11-06T10:19:26+00:00\",\"breadcrumb\":{\"@id\":\"https:\/\/narteks.net\/index.php\/2009\/11\/06\/bir-karanlik-ayna-ici\/#breadcrumb\"},\"inLanguage\":\"tr\",\"potentialAction\":[{\"@type\":\"ReadAction\",\"target\":[\"https:\/\/narteks.net\/index.php\/2009\/11\/06\/bir-karanlik-ayna-ici\/\"]}]},{\"@type\":\"BreadcrumbList\",\"@id\":\"https:\/\/narteks.net\/index.php\/2009\/11\/06\/bir-karanlik-ayna-ici\/#breadcrumb\",\"itemListElement\":[{\"@type\":\"ListItem\",\"position\":1,\"name\":\"Anasayfa\",\"item\":\"https:\/\/narteks.net\/\"},{\"@type\":\"ListItem\",\"position\":2,\"name\":\"B\u0130R KARANLIK AYNA \u0130\u00c7\u0130\"}]},{\"@type\":\"WebSite\",\"@id\":\"https:\/\/narteks.net\/#website\",\"url\":\"https:\/\/narteks.net\/\",\"name\":\"narteks.net\",\"description\":\"K\u00fclt\u00fcr Sanat Edebiyat Felsefe\",\"publisher\":{\"@id\":\"https:\/\/narteks.net\/#organization\"},\"alternateName\":\"K\u00fclt\u00fcr Sanat Edebiyat Felsefe\",\"potentialAction\":[{\"@type\":\"SearchAction\",\"target\":{\"@type\":\"EntryPoint\",\"urlTemplate\":\"https:\/\/narteks.net\/?s={search_term_string}\"},\"query-input\":{\"@type\":\"PropertyValueSpecification\",\"valueRequired\":true,\"valueName\":\"search_term_string\"}}],\"inLanguage\":\"tr\"},{\"@type\":\"Organization\",\"@id\":\"https:\/\/narteks.net\/#organization\",\"name\":\"narteks.net\",\"url\":\"https:\/\/narteks.net\/\",\"logo\":{\"@type\":\"ImageObject\",\"inLanguage\":\"tr\",\"@id\":\"https:\/\/narteks.net\/#\/schema\/logo\/image\/\",\"url\":\"https:\/\/narteks.net\/wp-content\/uploads\/narteks.png\",\"contentUrl\":\"https:\/\/narteks.net\/wp-content\/uploads\/narteks.png\",\"width\":300,\"height\":90,\"caption\":\"narteks.net\"},\"image\":{\"@id\":\"https:\/\/narteks.net\/#\/schema\/logo\/image\/\"},\"sameAs\":[\"https:\/\/x.com\/narteks\",\"https:\/\/instagram.com\/narteksnet\"]},{\"@type\":\"Person\",\"@id\":\"https:\/\/narteks.net\/#\/schema\/person\/61f37d9834294b72d31d274e7ed79bca\",\"name\":\"Tar\u0131k\",\"image\":{\"@type\":\"ImageObject\",\"inLanguage\":\"tr\",\"@id\":\"https:\/\/narteks.net\/#\/schema\/person\/image\/\",\"url\":\"https:\/\/secure.gravatar.com\/avatar\/50865afb55632c4ae467e0af0930f6510aa2297d8014be502a55b14f3b7550cf?s=96&d=mm&r=g\",\"contentUrl\":\"https:\/\/secure.gravatar.com\/avatar\/50865afb55632c4ae467e0af0930f6510aa2297d8014be502a55b14f3b7550cf?s=96&d=mm&r=g\",\"caption\":\"Tar\u0131k\"},\"sameAs\":[\"http:\/\/narteks.net\"],\"url\":\"https:\/\/narteks.net\/index.php\/author\/narbak\/\"}]}<\/script>\n<!-- \/ Yoast SEO Premium plugin. -->","yoast_head_json":{"title":"B\u0130R KARANLIK AYNA \u0130\u00c7\u0130 - narteks.net","robots":{"index":"index","follow":"follow","max-snippet":"max-snippet:-1","max-image-preview":"max-image-preview:large","max-video-preview":"max-video-preview:-1"},"canonical":"https:\/\/narteks.net\/index.php\/2009\/11\/06\/bir-karanlik-ayna-ici\/","og_locale":"tr_TR","og_type":"article","og_title":"B\u0130R KARANLIK AYNA \u0130\u00c7\u0130","og_description":"\u00a0 H\u0131ncah\u0131n\u00e7 bir kenar mahalle \u00dcst\u00fcnde aylar sultan\u0131 a\u011fustos g\u00fcnlerinden K\u0131v\u0131l k\u0131v\u0131l bir hale Namus s\u00f6z\u00fcm\u00fczden bu \u00e7ember Duramaz olmu\u015f yerinde \u00d6fkemizden d\u00f6ne d\u00f6ne yanar Buras\u0131 Bazilika soka\u011f\u0131 Bu bir okulun soka\u011fa bakan y\u00fcz\u00fc Kur\u015funlardan b\u00f6yle \u00e7i\u00e7ek bozu\u011fu Kala kala bunlar kald\u0131 \u00e7i\u00e7ekten yana A\u00e7m\u0131\u015f duvarlar\u0131 \u00fcst\u00fcnde felaketin Bulan\u0131p insan teninin beyazl\u0131\u011f\u0131na Bazilika soka\u011f\u0131n\u0131n g\u00f6be\u011finde [&hellip;]","og_url":"https:\/\/narteks.net\/index.php\/2009\/11\/06\/bir-karanlik-ayna-ici\/","og_site_name":"narteks.net","article_published_time":"2009-11-06T10:19:26+00:00","og_image":[{"width":300,"height":90,"url":"https:\/\/narteks.net\/wp-content\/uploads\/narteks.png","type":"image\/png"}],"author":"Tar\u0131k","twitter_card":"summary_large_image","twitter_creator":"@narteks","twitter_site":"@narteks","twitter_misc":{"Yazan:":"Tar\u0131k"},"schema":{"@context":"https:\/\/schema.org","@graph":[{"@type":"Article","@id":"https:\/\/narteks.net\/index.php\/2009\/11\/06\/bir-karanlik-ayna-ici\/#article","isPartOf":{"@id":"https:\/\/narteks.net\/index.php\/2009\/11\/06\/bir-karanlik-ayna-ici\/"},"author":{"name":"Tar\u0131k","@id":"https:\/\/narteks.net\/#\/schema\/person\/61f37d9834294b72d31d274e7ed79bca"},"headline":"B\u0130R KARANLIK AYNA \u0130\u00c7\u0130","datePublished":"2009-11-06T10:19:26+00:00","mainEntityOfPage":{"@id":"https:\/\/narteks.net\/index.php\/2009\/11\/06\/bir-karanlik-ayna-ici\/"},"wordCount":103,"commentCount":0,"publisher":{"@id":"https:\/\/narteks.net\/#organization"},"articleSection":["Paul ELUARD"],"inLanguage":"tr","potentialAction":[{"@type":"CommentAction","name":"Comment","target":["https:\/\/narteks.net\/index.php\/2009\/11\/06\/bir-karanlik-ayna-ici\/#respond"]}]},{"@type":"WebPage","@id":"https:\/\/narteks.net\/index.php\/2009\/11\/06\/bir-karanlik-ayna-ici\/","url":"https:\/\/narteks.net\/index.php\/2009\/11\/06\/bir-karanlik-ayna-ici\/","name":"B\u0130R KARANLIK AYNA \u0130\u00c7\u0130 - narteks.net","isPartOf":{"@id":"https:\/\/narteks.net\/#website"},"datePublished":"2009-11-06T10:19:26+00:00","breadcrumb":{"@id":"https:\/\/narteks.net\/index.php\/2009\/11\/06\/bir-karanlik-ayna-ici\/#breadcrumb"},"inLanguage":"tr","potentialAction":[{"@type":"ReadAction","target":["https:\/\/narteks.net\/index.php\/2009\/11\/06\/bir-karanlik-ayna-ici\/"]}]},{"@type":"BreadcrumbList","@id":"https:\/\/narteks.net\/index.php\/2009\/11\/06\/bir-karanlik-ayna-ici\/#breadcrumb","itemListElement":[{"@type":"ListItem","position":1,"name":"Anasayfa","item":"https:\/\/narteks.net\/"},{"@type":"ListItem","position":2,"name":"B\u0130R KARANLIK AYNA \u0130\u00c7\u0130"}]},{"@type":"WebSite","@id":"https:\/\/narteks.net\/#website","url":"https:\/\/narteks.net\/","name":"narteks.net","description":"K\u00fclt\u00fcr Sanat Edebiyat Felsefe","publisher":{"@id":"https:\/\/narteks.net\/#organization"},"alternateName":"K\u00fclt\u00fcr Sanat Edebiyat Felsefe","potentialAction":[{"@type":"SearchAction","target":{"@type":"EntryPoint","urlTemplate":"https:\/\/narteks.net\/?s={search_term_string}"},"query-input":{"@type":"PropertyValueSpecification","valueRequired":true,"valueName":"search_term_string"}}],"inLanguage":"tr"},{"@type":"Organization","@id":"https:\/\/narteks.net\/#organization","name":"narteks.net","url":"https:\/\/narteks.net\/","logo":{"@type":"ImageObject","inLanguage":"tr","@id":"https:\/\/narteks.net\/#\/schema\/logo\/image\/","url":"https:\/\/narteks.net\/wp-content\/uploads\/narteks.png","contentUrl":"https:\/\/narteks.net\/wp-content\/uploads\/narteks.png","width":300,"height":90,"caption":"narteks.net"},"image":{"@id":"https:\/\/narteks.net\/#\/schema\/logo\/image\/"},"sameAs":["https:\/\/x.com\/narteks","https:\/\/instagram.com\/narteksnet"]},{"@type":"Person","@id":"https:\/\/narteks.net\/#\/schema\/person\/61f37d9834294b72d31d274e7ed79bca","name":"Tar\u0131k","image":{"@type":"ImageObject","inLanguage":"tr","@id":"https:\/\/narteks.net\/#\/schema\/person\/image\/","url":"https:\/\/secure.gravatar.com\/avatar\/50865afb55632c4ae467e0af0930f6510aa2297d8014be502a55b14f3b7550cf?s=96&d=mm&r=g","contentUrl":"https:\/\/secure.gravatar.com\/avatar\/50865afb55632c4ae467e0af0930f6510aa2297d8014be502a55b14f3b7550cf?s=96&d=mm&r=g","caption":"Tar\u0131k"},"sameAs":["http:\/\/narteks.net"],"url":"https:\/\/narteks.net\/index.php\/author\/narbak\/"}]}},"_links":{"self":[{"href":"https:\/\/narteks.net\/index.php\/wp-json\/wp\/v2\/posts\/1302","targetHints":{"allow":["GET"]}}],"collection":[{"href":"https:\/\/narteks.net\/index.php\/wp-json\/wp\/v2\/posts"}],"about":[{"href":"https:\/\/narteks.net\/index.php\/wp-json\/wp\/v2\/types\/post"}],"author":[{"embeddable":true,"href":"https:\/\/narteks.net\/index.php\/wp-json\/wp\/v2\/users\/1"}],"replies":[{"embeddable":true,"href":"https:\/\/narteks.net\/index.php\/wp-json\/wp\/v2\/comments?post=1302"}],"version-history":[{"count":0,"href":"https:\/\/narteks.net\/index.php\/wp-json\/wp\/v2\/posts\/1302\/revisions"}],"wp:attachment":[{"href":"https:\/\/narteks.net\/index.php\/wp-json\/wp\/v2\/media?parent=1302"}],"wp:term":[{"taxonomy":"category","embeddable":true,"href":"https:\/\/narteks.net\/index.php\/wp-json\/wp\/v2\/categories?post=1302"},{"taxonomy":"post_tag","embeddable":true,"href":"https:\/\/narteks.net\/index.php\/wp-json\/wp\/v2\/tags?post=1302"}],"curies":[{"name":"wp","href":"https:\/\/api.w.org\/{rel}","templated":true}]}}