{"id":1308,"date":"2009-11-06T13:22:40","date_gmt":"2009-11-06T10:22:40","guid":{"rendered":"http:\/\/localhost\/wordpress\/2009\/11\/06\/seni-seviyorum-2\/"},"modified":"2009-11-06T13:22:40","modified_gmt":"2009-11-06T10:22:40","slug":"seni-seviyorum-2","status":"publish","type":"post","link":"https:\/\/narteks.net\/index.php\/2009\/11\/06\/seni-seviyorum-2\/","title":{"rendered":"SEN\u0130 SEV\u0130YORUM"},"content":{"rendered":"<p>\u00a0<\/p>\n<p>Tan\u0131mad\u0131\u011f\u0131m b\u00fct\u00fcn kad\u0131nlar ad\u0131na seviyorum seni<br \/> Ya\u015famad\u0131\u011f\u0131m b\u00fct\u00fcn \u00e7a\u011flar ad\u0131na seviyorum seni<br \/> Enginlerin kokusu s\u0131cak ekme\u011fin kokusu ad\u0131na<br \/> \u0130lk \u00e7i\u00e7ekler ad\u0131na eriyen kar ad\u0131na<br \/> \u0130nsan\u0131n \u00fcrkmedi\u011fi temiz kalpli hayvanlar ad\u0131na<br \/> Sevmek ad\u0131na seviyorum seni<br \/> Sevmedi\u011fim b\u00fct\u00fcn kad\u0131nlar ad\u0131na seviyorum seni<\/p>\n<p>Kim yans\u0131yor bana sen de\u011filsen ben kendimi pek az g\u00f6r\u00fcyorum<br \/> Sensiz uzay\u0131p giden bir \u00e7\u00f6l g\u00f6r\u00fcr\u00fcm yaln\u0131z<br \/> Ge\u00e7mi\u015f ile bug\u00fcn aras\u0131nda<br \/> B\u00fct\u00fcn bu \u00f6l\u00fcler vard\u0131 atlay\u0131p ge\u00e7ti\u011fim saman\u0131n \u00fczerinde<br \/> Delemedim aynam\u0131n duvar\u0131n\u0131<br \/> Ya\u015fam\u0131 s\u00f6zc\u00fck s\u00f6zc\u00fck \u00f6\u011frenmem gerekti bana<br \/> Unutur gibi<\/p>\n<p>Benimki olmayan bilgeli\u011fin ad\u0131na seviyorum seni<br \/> Sa\u011fl\u0131k ad\u0131na<br \/> Yaln\u0131z kuruntu olan her \u015feye kar\u015f\u0131 seviyorum seni<br \/> Zorla tutmad\u0131\u011f\u0131m bu \u00f6l\u00fcms\u00fcz y\u00fcrek ad\u0131na<br \/> Sen ku\u015fku san\u0131yorsun kendini oysa ak\u0131ls\u0131n<br \/> Sen ba\u015f\u0131mda y\u00fckselen g\u00fcne\u015fsin<br \/> G\u00fcvendi\u011fim zaman kendime.<\/p>\n<p>Paul ELUARD<\/p>\n","protected":false},"excerpt":{"rendered":"<p>\u00a0 Tan\u0131mad\u0131\u011f\u0131m b\u00fct\u00fcn kad\u0131nlar ad\u0131na seviyorum seni Ya\u015famad\u0131\u011f\u0131m b\u00fct\u00fcn \u00e7a\u011flar ad\u0131na seviyorum seni Enginlerin kokusu s\u0131cak ekme\u011fin kokusu ad\u0131na \u0130lk \u00e7i\u00e7ekler ad\u0131na eriyen kar ad\u0131na \u0130nsan\u0131n \u00fcrkmedi\u011fi temiz kalpli hayvanlar ad\u0131na Sevmek ad\u0131na seviyorum seni Sevmedi\u011fim b\u00fct\u00fcn kad\u0131nlar ad\u0131na seviyorum seni Kim yans\u0131yor bana sen de\u011filsen ben kendimi pek az g\u00f6r\u00fcyorum Sensiz uzay\u0131p giden bir [&hellip;]<\/p>\n","protected":false},"author":1,"featured_media":0,"comment_status":"open","ping_status":"open","sticky":false,"template":"","format":"standard","meta":{"footnotes":""},"categories":[68],"tags":[],"class_list":{"0":"post-1308","1":"post","2":"type-post","3":"status-publish","4":"format-standard","6":"category-paul-eluard"},"yoast_head":"<!-- This site is optimized with the Yoast SEO Premium plugin v24.9 (Yoast SEO v24.9) - https:\/\/yoast.com\/wordpress\/plugins\/seo\/ -->\n<title>SEN\u0130 SEV\u0130YORUM - narteks.net<\/title>\n<meta name=\"robots\" content=\"index, follow, max-snippet:-1, max-image-preview:large, max-video-preview:-1\" \/>\n<link rel=\"canonical\" href=\"https:\/\/narteks.net\/index.php\/2009\/11\/06\/seni-seviyorum-2\/\" \/>\n<meta property=\"og:locale\" content=\"tr_TR\" \/>\n<meta property=\"og:type\" content=\"article\" \/>\n<meta property=\"og:title\" content=\"SEN\u0130 SEV\u0130YORUM\" \/>\n<meta property=\"og:description\" content=\"\u00a0 Tan\u0131mad\u0131\u011f\u0131m b\u00fct\u00fcn kad\u0131nlar ad\u0131na seviyorum seni Ya\u015famad\u0131\u011f\u0131m b\u00fct\u00fcn \u00e7a\u011flar ad\u0131na seviyorum seni Enginlerin kokusu s\u0131cak ekme\u011fin kokusu ad\u0131na \u0130lk \u00e7i\u00e7ekler ad\u0131na eriyen kar ad\u0131na \u0130nsan\u0131n \u00fcrkmedi\u011fi temiz kalpli hayvanlar ad\u0131na Sevmek ad\u0131na seviyorum seni Sevmedi\u011fim b\u00fct\u00fcn kad\u0131nlar ad\u0131na seviyorum seni Kim yans\u0131yor bana sen de\u011filsen ben kendimi pek az g\u00f6r\u00fcyorum Sensiz uzay\u0131p giden bir [&hellip;]\" \/>\n<meta property=\"og:url\" content=\"https:\/\/narteks.net\/index.php\/2009\/11\/06\/seni-seviyorum-2\/\" \/>\n<meta property=\"og:site_name\" content=\"narteks.net\" \/>\n<meta property=\"article:published_time\" content=\"2009-11-06T10:22:40+00:00\" \/>\n<meta property=\"og:image\" content=\"https:\/\/narteks.net\/wp-content\/uploads\/narteks.png\" \/>\n\t<meta property=\"og:image:width\" content=\"300\" \/>\n\t<meta property=\"og:image:height\" content=\"90\" \/>\n\t<meta property=\"og:image:type\" content=\"image\/png\" \/>\n<meta name=\"author\" content=\"Tar\u0131k\" \/>\n<meta name=\"twitter:card\" content=\"summary_large_image\" \/>\n<meta name=\"twitter:creator\" content=\"@narteks\" \/>\n<meta name=\"twitter:site\" content=\"@narteks\" \/>\n<meta name=\"twitter:label1\" content=\"Yazan:\" \/>\n\t<meta name=\"twitter:data1\" content=\"Tar\u0131k\" \/>\n\t<meta name=\"twitter:label2\" content=\"Tahmini okuma s\u00fcresi\" \/>\n\t<meta name=\"twitter:data2\" content=\"1 dakika\" \/>\n<script type=\"application\/ld+json\" class=\"yoast-schema-graph\">{\"@context\":\"https:\/\/schema.org\",\"@graph\":[{\"@type\":\"Article\",\"@id\":\"https:\/\/narteks.net\/index.php\/2009\/11\/06\/seni-seviyorum-2\/#article\",\"isPartOf\":{\"@id\":\"https:\/\/narteks.net\/index.php\/2009\/11\/06\/seni-seviyorum-2\/\"},\"author\":{\"name\":\"Tar\u0131k\",\"@id\":\"https:\/\/narteks.net\/#\/schema\/person\/61f37d9834294b72d31d274e7ed79bca\"},\"headline\":\"SEN\u0130 SEV\u0130YORUM\",\"datePublished\":\"2009-11-06T10:22:40+00:00\",\"mainEntityOfPage\":{\"@id\":\"https:\/\/narteks.net\/index.php\/2009\/11\/06\/seni-seviyorum-2\/\"},\"wordCount\":194,\"commentCount\":0,\"publisher\":{\"@id\":\"https:\/\/narteks.net\/#organization\"},\"articleSection\":[\"Paul ELUARD\"],\"inLanguage\":\"tr\",\"potentialAction\":[{\"@type\":\"CommentAction\",\"name\":\"Comment\",\"target\":[\"https:\/\/narteks.net\/index.php\/2009\/11\/06\/seni-seviyorum-2\/#respond\"]}]},{\"@type\":\"WebPage\",\"@id\":\"https:\/\/narteks.net\/index.php\/2009\/11\/06\/seni-seviyorum-2\/\",\"url\":\"https:\/\/narteks.net\/index.php\/2009\/11\/06\/seni-seviyorum-2\/\",\"name\":\"SEN\u0130 SEV\u0130YORUM - narteks.net\",\"isPartOf\":{\"@id\":\"https:\/\/narteks.net\/#website\"},\"datePublished\":\"2009-11-06T10:22:40+00:00\",\"breadcrumb\":{\"@id\":\"https:\/\/narteks.net\/index.php\/2009\/11\/06\/seni-seviyorum-2\/#breadcrumb\"},\"inLanguage\":\"tr\",\"potentialAction\":[{\"@type\":\"ReadAction\",\"target\":[\"https:\/\/narteks.net\/index.php\/2009\/11\/06\/seni-seviyorum-2\/\"]}]},{\"@type\":\"BreadcrumbList\",\"@id\":\"https:\/\/narteks.net\/index.php\/2009\/11\/06\/seni-seviyorum-2\/#breadcrumb\",\"itemListElement\":[{\"@type\":\"ListItem\",\"position\":1,\"name\":\"Anasayfa\",\"item\":\"https:\/\/narteks.net\/\"},{\"@type\":\"ListItem\",\"position\":2,\"name\":\"SEN\u0130 SEV\u0130YORUM\"}]},{\"@type\":\"WebSite\",\"@id\":\"https:\/\/narteks.net\/#website\",\"url\":\"https:\/\/narteks.net\/\",\"name\":\"narteks.net\",\"description\":\"K\u00fclt\u00fcr Sanat Edebiyat Felsefe\",\"publisher\":{\"@id\":\"https:\/\/narteks.net\/#organization\"},\"alternateName\":\"K\u00fclt\u00fcr Sanat Edebiyat Felsefe\",\"potentialAction\":[{\"@type\":\"SearchAction\",\"target\":{\"@type\":\"EntryPoint\",\"urlTemplate\":\"https:\/\/narteks.net\/?s={search_term_string}\"},\"query-input\":{\"@type\":\"PropertyValueSpecification\",\"valueRequired\":true,\"valueName\":\"search_term_string\"}}],\"inLanguage\":\"tr\"},{\"@type\":\"Organization\",\"@id\":\"https:\/\/narteks.net\/#organization\",\"name\":\"narteks.net\",\"url\":\"https:\/\/narteks.net\/\",\"logo\":{\"@type\":\"ImageObject\",\"inLanguage\":\"tr\",\"@id\":\"https:\/\/narteks.net\/#\/schema\/logo\/image\/\",\"url\":\"https:\/\/narteks.net\/wp-content\/uploads\/narteks.png\",\"contentUrl\":\"https:\/\/narteks.net\/wp-content\/uploads\/narteks.png\",\"width\":300,\"height\":90,\"caption\":\"narteks.net\"},\"image\":{\"@id\":\"https:\/\/narteks.net\/#\/schema\/logo\/image\/\"},\"sameAs\":[\"https:\/\/x.com\/narteks\",\"https:\/\/instagram.com\/narteksnet\"]},{\"@type\":\"Person\",\"@id\":\"https:\/\/narteks.net\/#\/schema\/person\/61f37d9834294b72d31d274e7ed79bca\",\"name\":\"Tar\u0131k\",\"image\":{\"@type\":\"ImageObject\",\"inLanguage\":\"tr\",\"@id\":\"https:\/\/narteks.net\/#\/schema\/person\/image\/\",\"url\":\"https:\/\/secure.gravatar.com\/avatar\/50865afb55632c4ae467e0af0930f6510aa2297d8014be502a55b14f3b7550cf?s=96&d=mm&r=g\",\"contentUrl\":\"https:\/\/secure.gravatar.com\/avatar\/50865afb55632c4ae467e0af0930f6510aa2297d8014be502a55b14f3b7550cf?s=96&d=mm&r=g\",\"caption\":\"Tar\u0131k\"},\"sameAs\":[\"http:\/\/narteks.net\"],\"url\":\"https:\/\/narteks.net\/index.php\/author\/narbak\/\"}]}<\/script>\n<!-- \/ Yoast SEO Premium plugin. -->","yoast_head_json":{"title":"SEN\u0130 SEV\u0130YORUM - narteks.net","robots":{"index":"index","follow":"follow","max-snippet":"max-snippet:-1","max-image-preview":"max-image-preview:large","max-video-preview":"max-video-preview:-1"},"canonical":"https:\/\/narteks.net\/index.php\/2009\/11\/06\/seni-seviyorum-2\/","og_locale":"tr_TR","og_type":"article","og_title":"SEN\u0130 SEV\u0130YORUM","og_description":"\u00a0 Tan\u0131mad\u0131\u011f\u0131m b\u00fct\u00fcn kad\u0131nlar ad\u0131na seviyorum seni Ya\u015famad\u0131\u011f\u0131m b\u00fct\u00fcn \u00e7a\u011flar ad\u0131na seviyorum seni Enginlerin kokusu s\u0131cak ekme\u011fin kokusu ad\u0131na \u0130lk \u00e7i\u00e7ekler ad\u0131na eriyen kar ad\u0131na \u0130nsan\u0131n \u00fcrkmedi\u011fi temiz kalpli hayvanlar ad\u0131na Sevmek ad\u0131na seviyorum seni Sevmedi\u011fim b\u00fct\u00fcn kad\u0131nlar ad\u0131na seviyorum seni Kim yans\u0131yor bana sen de\u011filsen ben kendimi pek az g\u00f6r\u00fcyorum Sensiz uzay\u0131p giden bir [&hellip;]","og_url":"https:\/\/narteks.net\/index.php\/2009\/11\/06\/seni-seviyorum-2\/","og_site_name":"narteks.net","article_published_time":"2009-11-06T10:22:40+00:00","og_image":[{"width":300,"height":90,"url":"https:\/\/narteks.net\/wp-content\/uploads\/narteks.png","type":"image\/png"}],"author":"Tar\u0131k","twitter_card":"summary_large_image","twitter_creator":"@narteks","twitter_site":"@narteks","twitter_misc":{"Yazan:":"Tar\u0131k","Tahmini okuma s\u00fcresi":"1 dakika"},"schema":{"@context":"https:\/\/schema.org","@graph":[{"@type":"Article","@id":"https:\/\/narteks.net\/index.php\/2009\/11\/06\/seni-seviyorum-2\/#article","isPartOf":{"@id":"https:\/\/narteks.net\/index.php\/2009\/11\/06\/seni-seviyorum-2\/"},"author":{"name":"Tar\u0131k","@id":"https:\/\/narteks.net\/#\/schema\/person\/61f37d9834294b72d31d274e7ed79bca"},"headline":"SEN\u0130 SEV\u0130YORUM","datePublished":"2009-11-06T10:22:40+00:00","mainEntityOfPage":{"@id":"https:\/\/narteks.net\/index.php\/2009\/11\/06\/seni-seviyorum-2\/"},"wordCount":194,"commentCount":0,"publisher":{"@id":"https:\/\/narteks.net\/#organization"},"articleSection":["Paul ELUARD"],"inLanguage":"tr","potentialAction":[{"@type":"CommentAction","name":"Comment","target":["https:\/\/narteks.net\/index.php\/2009\/11\/06\/seni-seviyorum-2\/#respond"]}]},{"@type":"WebPage","@id":"https:\/\/narteks.net\/index.php\/2009\/11\/06\/seni-seviyorum-2\/","url":"https:\/\/narteks.net\/index.php\/2009\/11\/06\/seni-seviyorum-2\/","name":"SEN\u0130 SEV\u0130YORUM - narteks.net","isPartOf":{"@id":"https:\/\/narteks.net\/#website"},"datePublished":"2009-11-06T10:22:40+00:00","breadcrumb":{"@id":"https:\/\/narteks.net\/index.php\/2009\/11\/06\/seni-seviyorum-2\/#breadcrumb"},"inLanguage":"tr","potentialAction":[{"@type":"ReadAction","target":["https:\/\/narteks.net\/index.php\/2009\/11\/06\/seni-seviyorum-2\/"]}]},{"@type":"BreadcrumbList","@id":"https:\/\/narteks.net\/index.php\/2009\/11\/06\/seni-seviyorum-2\/#breadcrumb","itemListElement":[{"@type":"ListItem","position":1,"name":"Anasayfa","item":"https:\/\/narteks.net\/"},{"@type":"ListItem","position":2,"name":"SEN\u0130 SEV\u0130YORUM"}]},{"@type":"WebSite","@id":"https:\/\/narteks.net\/#website","url":"https:\/\/narteks.net\/","name":"narteks.net","description":"K\u00fclt\u00fcr Sanat Edebiyat Felsefe","publisher":{"@id":"https:\/\/narteks.net\/#organization"},"alternateName":"K\u00fclt\u00fcr Sanat Edebiyat Felsefe","potentialAction":[{"@type":"SearchAction","target":{"@type":"EntryPoint","urlTemplate":"https:\/\/narteks.net\/?s={search_term_string}"},"query-input":{"@type":"PropertyValueSpecification","valueRequired":true,"valueName":"search_term_string"}}],"inLanguage":"tr"},{"@type":"Organization","@id":"https:\/\/narteks.net\/#organization","name":"narteks.net","url":"https:\/\/narteks.net\/","logo":{"@type":"ImageObject","inLanguage":"tr","@id":"https:\/\/narteks.net\/#\/schema\/logo\/image\/","url":"https:\/\/narteks.net\/wp-content\/uploads\/narteks.png","contentUrl":"https:\/\/narteks.net\/wp-content\/uploads\/narteks.png","width":300,"height":90,"caption":"narteks.net"},"image":{"@id":"https:\/\/narteks.net\/#\/schema\/logo\/image\/"},"sameAs":["https:\/\/x.com\/narteks","https:\/\/instagram.com\/narteksnet"]},{"@type":"Person","@id":"https:\/\/narteks.net\/#\/schema\/person\/61f37d9834294b72d31d274e7ed79bca","name":"Tar\u0131k","image":{"@type":"ImageObject","inLanguage":"tr","@id":"https:\/\/narteks.net\/#\/schema\/person\/image\/","url":"https:\/\/secure.gravatar.com\/avatar\/50865afb55632c4ae467e0af0930f6510aa2297d8014be502a55b14f3b7550cf?s=96&d=mm&r=g","contentUrl":"https:\/\/secure.gravatar.com\/avatar\/50865afb55632c4ae467e0af0930f6510aa2297d8014be502a55b14f3b7550cf?s=96&d=mm&r=g","caption":"Tar\u0131k"},"sameAs":["http:\/\/narteks.net"],"url":"https:\/\/narteks.net\/index.php\/author\/narbak\/"}]}},"_links":{"self":[{"href":"https:\/\/narteks.net\/index.php\/wp-json\/wp\/v2\/posts\/1308","targetHints":{"allow":["GET"]}}],"collection":[{"href":"https:\/\/narteks.net\/index.php\/wp-json\/wp\/v2\/posts"}],"about":[{"href":"https:\/\/narteks.net\/index.php\/wp-json\/wp\/v2\/types\/post"}],"author":[{"embeddable":true,"href":"https:\/\/narteks.net\/index.php\/wp-json\/wp\/v2\/users\/1"}],"replies":[{"embeddable":true,"href":"https:\/\/narteks.net\/index.php\/wp-json\/wp\/v2\/comments?post=1308"}],"version-history":[{"count":0,"href":"https:\/\/narteks.net\/index.php\/wp-json\/wp\/v2\/posts\/1308\/revisions"}],"wp:attachment":[{"href":"https:\/\/narteks.net\/index.php\/wp-json\/wp\/v2\/media?parent=1308"}],"wp:term":[{"taxonomy":"category","embeddable":true,"href":"https:\/\/narteks.net\/index.php\/wp-json\/wp\/v2\/categories?post=1308"},{"taxonomy":"post_tag","embeddable":true,"href":"https:\/\/narteks.net\/index.php\/wp-json\/wp\/v2\/tags?post=1308"}],"curies":[{"name":"wp","href":"https:\/\/api.w.org\/{rel}","templated":true}]}}