{"id":1313,"date":"2009-11-06T13:40:40","date_gmt":"2009-11-06T10:40:40","guid":{"rendered":"http:\/\/localhost\/wordpress\/2009\/11\/06\/nikola-vaptsarov-biyografisi\/"},"modified":"2009-11-06T13:40:40","modified_gmt":"2009-11-06T10:40:40","slug":"nikola-vaptsarov-biyografisi","status":"publish","type":"post","link":"https:\/\/narteks.net\/index.php\/2009\/11\/06\/nikola-vaptsarov-biyografisi\/","title":{"rendered":"Nikola VAPTSAROV Biyografisi"},"content":{"rendered":"<p><strong><span style=\"font-size: x-small; font-family: Verdana,Arial,Helvetica,sans-serif;\"><img loading=\"lazy\" decoding=\"async\" src=\"http:\/\/farm3.static.flickr.com\/2085\/2090975703_23c64139be_m.jpg\" border=\"0\" hspace=\"10\" vspace=\"10\" width=\"155\" height=\"205\" align=\"left\" style=\"float: left; border: 0;\" \/><\/span><\/strong><\/p>\n<p>\u00a0<\/p>\n<p>\u00a0<\/p>\n<p>\u00a0<\/p>\n<p>\u00a0<\/p>\n<p>\u00a0<\/p>\n<p>\u00a0<\/p>\n<p>\u00a0<\/p>\n<p>\u00a0<\/p>\n<p>\u00a0<\/p>\n<p>\u00a0<\/p>\n<p>\u00a0<\/p>\n<p style=\"text-align: justify;\">7 Aral\u0131k 1909 y\u0131l\u0131nda Bulgaristan\u2019\u0131n Bansko kasabas\u0131nda do\u011fdu. Babas\u0131n\u0131n iste\u011fi ile makine teknisyeni oldu. Sofya \u00dcniversitesi Edebiyat b\u00f6l\u00fcm\u00fcn\u00fc okuma iste\u011fini\u00a0 ger\u00e7ekle\u015ftiremedi. \u00c7e\u015fitli i\u015flerde \u00e7al\u0131\u015ft\u0131, zor ko\u015fullarda ya\u015fad\u0131. Bulgaristan Kom\u00fcnist Partisi saflar\u0131nda politik faaliyetlerde bulundu. 1940 y\u0131l\u0131nda tek kitab\u0131 \u201cMotor T\u00fcrk\u00fcleri\u201d yay\u0131nland\u0131. Bu kitap Nikola Vaptsarov\u2019u Bulgar ve d\u00fcnya insanl\u0131\u011f\u0131 kar\u015f\u0131s\u0131nda onurlu bir yere ta\u015f\u0131d\u0131. 1942 y\u0131l\u0131nda Alman fa\u015fizmine kar\u015f\u0131 \u00fclkesini savundu\u011fu i\u00e7in tutukland\u0131, i\u015fkence g\u00f6rd\u00fc. Be\u015f arkada\u015f\u0131yla birlikte 23 Temmuz 1942&#8217;de idam edildi. <\/p>\n<p>Vaptsarov&#8217;un \u015fiirleri Erdal Alova taraf\u0131ndan T\u00fcrk\u00e7eye \u00e7evrildi ve 1992 y\u0131l\u0131nda Y\u00f6n Yay\u0131nc\u0131l\u0131k taraf\u0131ndan yay\u0131mland\u0131. Evrensel Bas\u0131m, \u015fairin \u015fiirlerini &#8220;\u0130nsana Adanm\u0131\u015f \u015eark\u0131lar&#8221; ad\u0131yla derledi.<\/p>\n<p style=\"text-align: justify;\">Alman fa\u015fizmi ezilen d\u00fcnya halklar\u0131na sald\u0131rd\u0131\u011f\u0131nda Balkan h\u00fck\u00fcmetleri de onun u\u015fakl\u0131\u011f\u0131n\u0131 yap\u0131yorlard\u0131. Bu zulme, g\u00f6\u011f\u00fcs geren balkan halklar\u0131 fa\u015fizme kar\u015f\u0131 birle\u015fik cephede binlerce kahramanl\u0131k \u00f6rne\u011fi sergilediler.<br \/>Bir avu\u00e7 diye nitelendirilen partizan m\u00fcfrezeleri, fa\u015fizmin kalelerinde, gedikler a\u00e7maya ba\u015flad\u0131klar\u0131nda Hitlerin u\u015faklar\u0131n\u0131n hayalleri de darmada\u011f\u0131n olmu\u015ftu. <\/p>\n<p>Peki, \u00f6n\u00fcne gelen her\u015feyi yak\u0131p y\u0131kan, kendince g\u00fc\u00e7l\u00fc ordular\u0131 olan fa\u015fizme kar\u015f\u0131 b\u00fcy\u00fck zaferler kazanan partizan m\u00fcfrezelerine bu g\u00f6rkemli iradeyi a\u015f\u0131layan neydi? Bu g\u00fc\u00e7, bu irade davaya olan inan\u00e7tan ba\u015fka bir\u015fey de\u011fildi. <br \/>Partizan m\u00fcfrezeleri so\u011fuk k\u0131\u015f aylar\u0131n\u0131n gecelerinde ate\u015fler yakard\u0131. Kavgada \u015fehit d\u00fc\u015fen yolda\u015flar\u0131 ve t\u00fcm devrim \u015fehitleri i\u00e7in sayg\u0131 duru\u015funda durup, mar\u015flar s\u00f6ylerlerdi. Mar\u015flar\u0131n yan\u0131nda yumruklar\u0131 havada \u015fiirler de okurlard\u0131. \u015eiirleri okunan \u015fairlerden Hristo Botev\u2019in yan\u0131nda, Bulgar ve d\u00fcnya ezilen halklar\u0131na malolmu\u015f bir ki\u015fi daha vard\u0131. O da Nikola Vaptsarov\u2019dan ba\u015fkas\u0131 de\u011fildi&#8230;<\/p>\n<p style=\"text-align: justify;\">\u00a0<\/p>\n<p style=\"text-align: justify;\">Nikola Vaptsarov\u2019u tarih sahnesine \u00e7\u0131karan olgu onun kom\u00fcnist olmas\u0131yd\u0131. Bulgar \u015fiirinin yenilik\u00e7i ku\u015fa\u011f\u0131n\u0131 temsil ediyordu. Smirnenski i\u015f\u00e7i s\u0131n\u0131f\u0131n\u0131n a\u011f\u0131r ko\u015fullar\u0131n\u0131, ayn\u0131 konular\u0131 parti-s\u0131n\u0131f ili\u015fkileri i\u00e7inde ele ald\u0131. Bu da Nikola Vaptsarov\u2019u Bulgar ve d\u00fcnya insanl\u0131\u011f\u0131 kar\u015f\u0131s\u0131nda onurlu bir yere ta\u015f\u0131d\u0131. 1940 y\u0131l\u0131nda tek kitab\u0131 \u201cMotor T\u00fcrk\u00fcleri\u201d yay\u0131nland\u0131. 1942 y\u0131l\u0131nda Alman fa\u015fizmine kar\u015f\u0131 silahl\u0131 eylemlerinden dolay\u0131 tutukland\u0131. Nikola Vaptsarov\u2019a aylarca i\u015fkence yap\u0131ld\u0131. \u0130\u015fkenceler, kom\u00fcnist Nikola Vaptsarov\u2019u \u00e7\u00f6zemezken, fa\u015fizm acil taraf\u0131ndan yarg\u0131lay\u0131p, idam cezas\u0131na \u00e7arpt\u0131rd\u0131. 23 Temmuz 1942\u2019de be\u015f arkada\u015f\u0131yla kur\u015funa dizilerek katledildi. Kur\u015funa dizilirken Hristo Botev\u2019in \u201cKim ki \u00f6zg\u00fcrl\u00fck m\u00fccadelesinde d\u00fc\u015ferse \/ O \u00f6lmez&#8230;\u201d \u015fark\u0131s\u0131n\u0131, idam mangalar\u0131n\u0131n y\u00fcz\u00fcne hayk\u0131rd\u0131lar. <br \/>Temmuz ay\u0131n\u0131n s\u0131cakl\u0131\u011f\u0131n\u0131 ya\u015fad\u0131\u011f\u0131m\u0131z bug\u00fcnlerde, aradan ge\u00e7en 63 y\u0131la ra\u011fmen devrimci ki\u015filik olarak Nikola Vaptsarov, hala yan\u0131m\u0131zda yeralmaktad\u0131r. Nikola Vaptsarov, bir sanat\u00e7\u0131n\u0131n nas\u0131l olmas\u0131 gerekti\u011finin en iyi tarifidir. Y\u00fcre\u011fi a\u015fkla doludur. Hi\u00e7bir engel bu a\u015fk\u0131n \u00f6n\u00fcnde duramaz. \u0130nsan sevgisi ile beslenir her ge\u00e7en g\u00fcn. Bu sevgi, fa\u015fizme olan kinini daha da b\u00fcy\u00fct\u00fcr. Bu kini sadece \u015fiirlerle ifade etmez. Prati\u011fi ile de ortaya koyar. \u0130dama giderken u\u011fruna m\u00fccadele verdi\u011fi halk\u0131n\u0131n yan\u0131s\u0131ra, bir ki\u015fiyi daha unutmaz&#8230;. Hayattaki zorluklara g\u00f6\u011f\u00fcs germesinde her zaman yan\u0131nda olan e\u015fine &#8220;VEDA&#8221;isimli bir \u015fiir hediye eder.<\/p>\n","protected":false},"excerpt":{"rendered":"<p>\u00a0 \u00a0 \u00a0 \u00a0 \u00a0 \u00a0 \u00a0 \u00a0 \u00a0 \u00a0 \u00a0 7 Aral\u0131k 1909 y\u0131l\u0131nda Bulgaristan\u2019\u0131n Bansko kasabas\u0131nda do\u011fdu. Babas\u0131n\u0131n iste\u011fi ile makine teknisyeni oldu. Sofya \u00dcniversitesi Edebiyat b\u00f6l\u00fcm\u00fcn\u00fc okuma iste\u011fini\u00a0 ger\u00e7ekle\u015ftiremedi. \u00c7e\u015fitli i\u015flerde \u00e7al\u0131\u015ft\u0131, zor ko\u015fullarda ya\u015fad\u0131. Bulgaristan Kom\u00fcnist Partisi saflar\u0131nda politik faaliyetlerde bulundu. 1940 y\u0131l\u0131nda tek kitab\u0131 \u201cMotor T\u00fcrk\u00fcleri\u201d yay\u0131nland\u0131. Bu kitap Nikola [&hellip;]<\/p>\n","protected":false},"author":1,"featured_media":0,"comment_status":"open","ping_status":"open","sticky":false,"template":"","format":"standard","meta":{"footnotes":""},"categories":[69],"tags":[],"class_list":{"0":"post-1313","1":"post","2":"type-post","3":"status-publish","4":"format-standard","6":"category-nikola-vaptsarov"},"yoast_head":"<!-- This site is optimized with the Yoast SEO Premium plugin v24.9 (Yoast SEO v24.9) - https:\/\/yoast.com\/wordpress\/plugins\/seo\/ -->\n<title>Nikola VAPTSAROV Biyografisi - narteks.net<\/title>\n<meta name=\"robots\" content=\"index, follow, max-snippet:-1, max-image-preview:large, max-video-preview:-1\" \/>\n<link rel=\"canonical\" href=\"https:\/\/narteks.net\/index.php\/2009\/11\/06\/nikola-vaptsarov-biyografisi\/\" \/>\n<meta property=\"og:locale\" content=\"tr_TR\" \/>\n<meta property=\"og:type\" content=\"article\" \/>\n<meta property=\"og:title\" content=\"Nikola VAPTSAROV Biyografisi\" \/>\n<meta property=\"og:description\" content=\"\u00a0 \u00a0 \u00a0 \u00a0 \u00a0 \u00a0 \u00a0 \u00a0 \u00a0 \u00a0 \u00a0 7 Aral\u0131k 1909 y\u0131l\u0131nda Bulgaristan\u2019\u0131n Bansko kasabas\u0131nda do\u011fdu. Babas\u0131n\u0131n iste\u011fi ile makine teknisyeni oldu. Sofya \u00dcniversitesi Edebiyat b\u00f6l\u00fcm\u00fcn\u00fc okuma iste\u011fini\u00a0 ger\u00e7ekle\u015ftiremedi. \u00c7e\u015fitli i\u015flerde \u00e7al\u0131\u015ft\u0131, zor ko\u015fullarda ya\u015fad\u0131. Bulgaristan Kom\u00fcnist Partisi saflar\u0131nda politik faaliyetlerde bulundu. 1940 y\u0131l\u0131nda tek kitab\u0131 \u201cMotor T\u00fcrk\u00fcleri\u201d yay\u0131nland\u0131. Bu kitap Nikola [&hellip;]\" \/>\n<meta property=\"og:url\" content=\"https:\/\/narteks.net\/index.php\/2009\/11\/06\/nikola-vaptsarov-biyografisi\/\" \/>\n<meta property=\"og:site_name\" content=\"narteks.net\" \/>\n<meta property=\"article:published_time\" content=\"2009-11-06T10:40:40+00:00\" \/>\n<meta property=\"og:image\" content=\"http:\/\/farm3.static.flickr.com\/2085\/2090975703_23c64139be_m.jpg\" \/>\n<meta name=\"author\" content=\"Tar\u0131k\" \/>\n<meta name=\"twitter:card\" content=\"summary_large_image\" \/>\n<meta name=\"twitter:creator\" content=\"@narteks\" \/>\n<meta name=\"twitter:site\" content=\"@narteks\" \/>\n<meta name=\"twitter:label1\" content=\"Yazan:\" \/>\n\t<meta name=\"twitter:data1\" content=\"Tar\u0131k\" \/>\n\t<meta name=\"twitter:label2\" content=\"Tahmini okuma s\u00fcresi\" \/>\n\t<meta name=\"twitter:data2\" content=\"3 dakika\" \/>\n<script type=\"application\/ld+json\" class=\"yoast-schema-graph\">{\"@context\":\"https:\/\/schema.org\",\"@graph\":[{\"@type\":\"Article\",\"@id\":\"https:\/\/narteks.net\/index.php\/2009\/11\/06\/nikola-vaptsarov-biyografisi\/#article\",\"isPartOf\":{\"@id\":\"https:\/\/narteks.net\/index.php\/2009\/11\/06\/nikola-vaptsarov-biyografisi\/\"},\"author\":{\"name\":\"Tar\u0131k\",\"@id\":\"https:\/\/narteks.net\/#\/schema\/person\/61f37d9834294b72d31d274e7ed79bca\"},\"headline\":\"Nikola VAPTSAROV Biyografisi\",\"datePublished\":\"2009-11-06T10:40:40+00:00\",\"mainEntityOfPage\":{\"@id\":\"https:\/\/narteks.net\/index.php\/2009\/11\/06\/nikola-vaptsarov-biyografisi\/\"},\"wordCount\":621,\"commentCount\":0,\"publisher\":{\"@id\":\"https:\/\/narteks.net\/#organization\"},\"image\":{\"@id\":\"https:\/\/narteks.net\/index.php\/2009\/11\/06\/nikola-vaptsarov-biyografisi\/#primaryimage\"},\"thumbnailUrl\":\"http:\/\/farm3.static.flickr.com\/2085\/2090975703_23c64139be_m.jpg\",\"articleSection\":[\"Nikola VAPTSAROV\"],\"inLanguage\":\"tr\",\"potentialAction\":[{\"@type\":\"CommentAction\",\"name\":\"Comment\",\"target\":[\"https:\/\/narteks.net\/index.php\/2009\/11\/06\/nikola-vaptsarov-biyografisi\/#respond\"]}]},{\"@type\":\"WebPage\",\"@id\":\"https:\/\/narteks.net\/index.php\/2009\/11\/06\/nikola-vaptsarov-biyografisi\/\",\"url\":\"https:\/\/narteks.net\/index.php\/2009\/11\/06\/nikola-vaptsarov-biyografisi\/\",\"name\":\"Nikola VAPTSAROV Biyografisi - narteks.net\",\"isPartOf\":{\"@id\":\"https:\/\/narteks.net\/#website\"},\"primaryImageOfPage\":{\"@id\":\"https:\/\/narteks.net\/index.php\/2009\/11\/06\/nikola-vaptsarov-biyografisi\/#primaryimage\"},\"image\":{\"@id\":\"https:\/\/narteks.net\/index.php\/2009\/11\/06\/nikola-vaptsarov-biyografisi\/#primaryimage\"},\"thumbnailUrl\":\"http:\/\/farm3.static.flickr.com\/2085\/2090975703_23c64139be_m.jpg\",\"datePublished\":\"2009-11-06T10:40:40+00:00\",\"breadcrumb\":{\"@id\":\"https:\/\/narteks.net\/index.php\/2009\/11\/06\/nikola-vaptsarov-biyografisi\/#breadcrumb\"},\"inLanguage\":\"tr\",\"potentialAction\":[{\"@type\":\"ReadAction\",\"target\":[\"https:\/\/narteks.net\/index.php\/2009\/11\/06\/nikola-vaptsarov-biyografisi\/\"]}]},{\"@type\":\"ImageObject\",\"inLanguage\":\"tr\",\"@id\":\"https:\/\/narteks.net\/index.php\/2009\/11\/06\/nikola-vaptsarov-biyografisi\/#primaryimage\",\"url\":\"http:\/\/farm3.static.flickr.com\/2085\/2090975703_23c64139be_m.jpg\",\"contentUrl\":\"http:\/\/farm3.static.flickr.com\/2085\/2090975703_23c64139be_m.jpg\"},{\"@type\":\"BreadcrumbList\",\"@id\":\"https:\/\/narteks.net\/index.php\/2009\/11\/06\/nikola-vaptsarov-biyografisi\/#breadcrumb\",\"itemListElement\":[{\"@type\":\"ListItem\",\"position\":1,\"name\":\"Anasayfa\",\"item\":\"https:\/\/narteks.net\/\"},{\"@type\":\"ListItem\",\"position\":2,\"name\":\"Nikola VAPTSAROV Biyografisi\"}]},{\"@type\":\"WebSite\",\"@id\":\"https:\/\/narteks.net\/#website\",\"url\":\"https:\/\/narteks.net\/\",\"name\":\"narteks.net\",\"description\":\"K\u00fclt\u00fcr Sanat Edebiyat Felsefe\",\"publisher\":{\"@id\":\"https:\/\/narteks.net\/#organization\"},\"alternateName\":\"K\u00fclt\u00fcr Sanat Edebiyat Felsefe\",\"potentialAction\":[{\"@type\":\"SearchAction\",\"target\":{\"@type\":\"EntryPoint\",\"urlTemplate\":\"https:\/\/narteks.net\/?s={search_term_string}\"},\"query-input\":{\"@type\":\"PropertyValueSpecification\",\"valueRequired\":true,\"valueName\":\"search_term_string\"}}],\"inLanguage\":\"tr\"},{\"@type\":\"Organization\",\"@id\":\"https:\/\/narteks.net\/#organization\",\"name\":\"narteks.net\",\"url\":\"https:\/\/narteks.net\/\",\"logo\":{\"@type\":\"ImageObject\",\"inLanguage\":\"tr\",\"@id\":\"https:\/\/narteks.net\/#\/schema\/logo\/image\/\",\"url\":\"https:\/\/narteks.net\/wp-content\/uploads\/narteks.png\",\"contentUrl\":\"https:\/\/narteks.net\/wp-content\/uploads\/narteks.png\",\"width\":300,\"height\":90,\"caption\":\"narteks.net\"},\"image\":{\"@id\":\"https:\/\/narteks.net\/#\/schema\/logo\/image\/\"},\"sameAs\":[\"https:\/\/x.com\/narteks\",\"https:\/\/instagram.com\/narteksnet\"]},{\"@type\":\"Person\",\"@id\":\"https:\/\/narteks.net\/#\/schema\/person\/61f37d9834294b72d31d274e7ed79bca\",\"name\":\"Tar\u0131k\",\"image\":{\"@type\":\"ImageObject\",\"inLanguage\":\"tr\",\"@id\":\"https:\/\/narteks.net\/#\/schema\/person\/image\/\",\"url\":\"https:\/\/secure.gravatar.com\/avatar\/50865afb55632c4ae467e0af0930f6510aa2297d8014be502a55b14f3b7550cf?s=96&d=mm&r=g\",\"contentUrl\":\"https:\/\/secure.gravatar.com\/avatar\/50865afb55632c4ae467e0af0930f6510aa2297d8014be502a55b14f3b7550cf?s=96&d=mm&r=g\",\"caption\":\"Tar\u0131k\"},\"sameAs\":[\"http:\/\/narteks.net\"],\"url\":\"https:\/\/narteks.net\/index.php\/author\/narbak\/\"}]}<\/script>\n<!-- \/ Yoast SEO Premium plugin. -->","yoast_head_json":{"title":"Nikola VAPTSAROV Biyografisi - narteks.net","robots":{"index":"index","follow":"follow","max-snippet":"max-snippet:-1","max-image-preview":"max-image-preview:large","max-video-preview":"max-video-preview:-1"},"canonical":"https:\/\/narteks.net\/index.php\/2009\/11\/06\/nikola-vaptsarov-biyografisi\/","og_locale":"tr_TR","og_type":"article","og_title":"Nikola VAPTSAROV Biyografisi","og_description":"\u00a0 \u00a0 \u00a0 \u00a0 \u00a0 \u00a0 \u00a0 \u00a0 \u00a0 \u00a0 \u00a0 7 Aral\u0131k 1909 y\u0131l\u0131nda Bulgaristan\u2019\u0131n Bansko kasabas\u0131nda do\u011fdu. Babas\u0131n\u0131n iste\u011fi ile makine teknisyeni oldu. Sofya \u00dcniversitesi Edebiyat b\u00f6l\u00fcm\u00fcn\u00fc okuma iste\u011fini\u00a0 ger\u00e7ekle\u015ftiremedi. \u00c7e\u015fitli i\u015flerde \u00e7al\u0131\u015ft\u0131, zor ko\u015fullarda ya\u015fad\u0131. Bulgaristan Kom\u00fcnist Partisi saflar\u0131nda politik faaliyetlerde bulundu. 1940 y\u0131l\u0131nda tek kitab\u0131 \u201cMotor T\u00fcrk\u00fcleri\u201d yay\u0131nland\u0131. Bu kitap Nikola [&hellip;]","og_url":"https:\/\/narteks.net\/index.php\/2009\/11\/06\/nikola-vaptsarov-biyografisi\/","og_site_name":"narteks.net","article_published_time":"2009-11-06T10:40:40+00:00","og_image":[{"url":"http:\/\/farm3.static.flickr.com\/2085\/2090975703_23c64139be_m.jpg","type":"","width":"","height":""}],"author":"Tar\u0131k","twitter_card":"summary_large_image","twitter_creator":"@narteks","twitter_site":"@narteks","twitter_misc":{"Yazan:":"Tar\u0131k","Tahmini okuma s\u00fcresi":"3 dakika"},"schema":{"@context":"https:\/\/schema.org","@graph":[{"@type":"Article","@id":"https:\/\/narteks.net\/index.php\/2009\/11\/06\/nikola-vaptsarov-biyografisi\/#article","isPartOf":{"@id":"https:\/\/narteks.net\/index.php\/2009\/11\/06\/nikola-vaptsarov-biyografisi\/"},"author":{"name":"Tar\u0131k","@id":"https:\/\/narteks.net\/#\/schema\/person\/61f37d9834294b72d31d274e7ed79bca"},"headline":"Nikola VAPTSAROV Biyografisi","datePublished":"2009-11-06T10:40:40+00:00","mainEntityOfPage":{"@id":"https:\/\/narteks.net\/index.php\/2009\/11\/06\/nikola-vaptsarov-biyografisi\/"},"wordCount":621,"commentCount":0,"publisher":{"@id":"https:\/\/narteks.net\/#organization"},"image":{"@id":"https:\/\/narteks.net\/index.php\/2009\/11\/06\/nikola-vaptsarov-biyografisi\/#primaryimage"},"thumbnailUrl":"http:\/\/farm3.static.flickr.com\/2085\/2090975703_23c64139be_m.jpg","articleSection":["Nikola VAPTSAROV"],"inLanguage":"tr","potentialAction":[{"@type":"CommentAction","name":"Comment","target":["https:\/\/narteks.net\/index.php\/2009\/11\/06\/nikola-vaptsarov-biyografisi\/#respond"]}]},{"@type":"WebPage","@id":"https:\/\/narteks.net\/index.php\/2009\/11\/06\/nikola-vaptsarov-biyografisi\/","url":"https:\/\/narteks.net\/index.php\/2009\/11\/06\/nikola-vaptsarov-biyografisi\/","name":"Nikola VAPTSAROV Biyografisi - narteks.net","isPartOf":{"@id":"https:\/\/narteks.net\/#website"},"primaryImageOfPage":{"@id":"https:\/\/narteks.net\/index.php\/2009\/11\/06\/nikola-vaptsarov-biyografisi\/#primaryimage"},"image":{"@id":"https:\/\/narteks.net\/index.php\/2009\/11\/06\/nikola-vaptsarov-biyografisi\/#primaryimage"},"thumbnailUrl":"http:\/\/farm3.static.flickr.com\/2085\/2090975703_23c64139be_m.jpg","datePublished":"2009-11-06T10:40:40+00:00","breadcrumb":{"@id":"https:\/\/narteks.net\/index.php\/2009\/11\/06\/nikola-vaptsarov-biyografisi\/#breadcrumb"},"inLanguage":"tr","potentialAction":[{"@type":"ReadAction","target":["https:\/\/narteks.net\/index.php\/2009\/11\/06\/nikola-vaptsarov-biyografisi\/"]}]},{"@type":"ImageObject","inLanguage":"tr","@id":"https:\/\/narteks.net\/index.php\/2009\/11\/06\/nikola-vaptsarov-biyografisi\/#primaryimage","url":"http:\/\/farm3.static.flickr.com\/2085\/2090975703_23c64139be_m.jpg","contentUrl":"http:\/\/farm3.static.flickr.com\/2085\/2090975703_23c64139be_m.jpg"},{"@type":"BreadcrumbList","@id":"https:\/\/narteks.net\/index.php\/2009\/11\/06\/nikola-vaptsarov-biyografisi\/#breadcrumb","itemListElement":[{"@type":"ListItem","position":1,"name":"Anasayfa","item":"https:\/\/narteks.net\/"},{"@type":"ListItem","position":2,"name":"Nikola VAPTSAROV Biyografisi"}]},{"@type":"WebSite","@id":"https:\/\/narteks.net\/#website","url":"https:\/\/narteks.net\/","name":"narteks.net","description":"K\u00fclt\u00fcr Sanat Edebiyat Felsefe","publisher":{"@id":"https:\/\/narteks.net\/#organization"},"alternateName":"K\u00fclt\u00fcr Sanat Edebiyat Felsefe","potentialAction":[{"@type":"SearchAction","target":{"@type":"EntryPoint","urlTemplate":"https:\/\/narteks.net\/?s={search_term_string}"},"query-input":{"@type":"PropertyValueSpecification","valueRequired":true,"valueName":"search_term_string"}}],"inLanguage":"tr"},{"@type":"Organization","@id":"https:\/\/narteks.net\/#organization","name":"narteks.net","url":"https:\/\/narteks.net\/","logo":{"@type":"ImageObject","inLanguage":"tr","@id":"https:\/\/narteks.net\/#\/schema\/logo\/image\/","url":"https:\/\/narteks.net\/wp-content\/uploads\/narteks.png","contentUrl":"https:\/\/narteks.net\/wp-content\/uploads\/narteks.png","width":300,"height":90,"caption":"narteks.net"},"image":{"@id":"https:\/\/narteks.net\/#\/schema\/logo\/image\/"},"sameAs":["https:\/\/x.com\/narteks","https:\/\/instagram.com\/narteksnet"]},{"@type":"Person","@id":"https:\/\/narteks.net\/#\/schema\/person\/61f37d9834294b72d31d274e7ed79bca","name":"Tar\u0131k","image":{"@type":"ImageObject","inLanguage":"tr","@id":"https:\/\/narteks.net\/#\/schema\/person\/image\/","url":"https:\/\/secure.gravatar.com\/avatar\/50865afb55632c4ae467e0af0930f6510aa2297d8014be502a55b14f3b7550cf?s=96&d=mm&r=g","contentUrl":"https:\/\/secure.gravatar.com\/avatar\/50865afb55632c4ae467e0af0930f6510aa2297d8014be502a55b14f3b7550cf?s=96&d=mm&r=g","caption":"Tar\u0131k"},"sameAs":["http:\/\/narteks.net"],"url":"https:\/\/narteks.net\/index.php\/author\/narbak\/"}]}},"_links":{"self":[{"href":"https:\/\/narteks.net\/index.php\/wp-json\/wp\/v2\/posts\/1313","targetHints":{"allow":["GET"]}}],"collection":[{"href":"https:\/\/narteks.net\/index.php\/wp-json\/wp\/v2\/posts"}],"about":[{"href":"https:\/\/narteks.net\/index.php\/wp-json\/wp\/v2\/types\/post"}],"author":[{"embeddable":true,"href":"https:\/\/narteks.net\/index.php\/wp-json\/wp\/v2\/users\/1"}],"replies":[{"embeddable":true,"href":"https:\/\/narteks.net\/index.php\/wp-json\/wp\/v2\/comments?post=1313"}],"version-history":[{"count":0,"href":"https:\/\/narteks.net\/index.php\/wp-json\/wp\/v2\/posts\/1313\/revisions"}],"wp:attachment":[{"href":"https:\/\/narteks.net\/index.php\/wp-json\/wp\/v2\/media?parent=1313"}],"wp:term":[{"taxonomy":"category","embeddable":true,"href":"https:\/\/narteks.net\/index.php\/wp-json\/wp\/v2\/categories?post=1313"},{"taxonomy":"post_tag","embeddable":true,"href":"https:\/\/narteks.net\/index.php\/wp-json\/wp\/v2\/tags?post=1313"}],"curies":[{"name":"wp","href":"https:\/\/api.w.org\/{rel}","templated":true}]}}