{"id":1324,"date":"2009-11-06T13:56:44","date_gmt":"2009-11-06T10:56:44","guid":{"rendered":"http:\/\/localhost\/wordpress\/2009\/11\/06\/insan-ustune-turku\/"},"modified":"2009-11-06T13:56:44","modified_gmt":"2009-11-06T10:56:44","slug":"insan-ustune-turku","status":"publish","type":"post","link":"https:\/\/narteks.net\/index.php\/2009\/11\/06\/insan-ustune-turku\/","title":{"rendered":"\u0130NSAN \u00dcST\u00dcNE T\u00dcRK\u00dc"},"content":{"rendered":"<p>\u00a0<\/p>\n<p align=\"justify\"><span style=\"color: #000000;\">Bir bayanla tart\u0131\u015f\u0131yoruz<br \/> Konumuz:<br \/> \u201cZaman\u0131m\u0131z\u0131n insan\u0131\u201d <\/span><\/p>\n<p align=\"justify\"><span style=\"color: #000000;\">Han\u0131mda surat bir kar\u0131\u015f, anl\u0131yorsunuz.<br \/> Ayak diriyor, sinirleniyor<br \/> A\u011fl\u0131yor hatta.<br \/> Lafa bo\u011fuyor beni<br \/> \u00c7amur at\u0131yor<br \/> Derken ba\u015fl\u0131yor<br \/> S\u00f6zc\u00fck s\u00f6zc\u00fck dolu ya\u011fmaya <\/span><\/p>\n<p align=\"justify\"><span style=\"color: #000000;\">Bir dakika diyorum, bir dakika<br \/> Dinleyin beni\u2026<br \/> O, g\u00fccenmi\u015f s\u00f6z\u00fcm\u00fc kesiyor:<br \/> &#8211; Oh, l\u00fctfen yeter!<br \/> Tiksiniyorum insan denen \u015feyden<br \/> Lay\u0131k de\u011fil sizin \u00f6vg\u00fcn\u00fcze <\/span><\/p>\n<p align=\"justify\"><span style=\"color: #000000;\">Bir yerde okumu\u015ftum<br \/> Adam\u0131n biri baltay\u0131 kapt\u0131\u011f\u0131 gibi<br \/> Do\u011fram\u0131\u015f \u00f6z babas\u0131n\u0131<br \/> Y\u0131kanm\u0131\u015f<br \/> Sonra da<br \/> Kiliseye gitmi\u015f<br \/> Ve\u2026Hafiflemi\u015f <\/span><\/p>\n<p align=\"justify\"><span style=\"color: #000000;\">Deh\u015fetle irkildim. A\u011fr\u0131ma gitmedi de\u011fil.<br \/> Ben ki<br \/> T\u00f6kezlerim<br \/> Kurama gelince<br \/> Kendi kendime d\u00fc\u015f\u00fcnd\u00fcm bir an<br \/> En iyisi g\u00f6zden ge\u00e7irmek \u00f6yk\u00fcy\u00fc<br \/> Sakince<br \/> Acele etmeden. <\/span><\/p>\n<p align=\"justify\"><span style=\"color: #000000;\">Olay yeri Mugila k\u00f6y\u00fc<br \/> Baba \u00fc\u00e7 be\u015f kuru\u015f koymu\u015f<br \/> K\u00f6\u015feye.<br \/> O\u011ful anlam\u0131\u015f durumu<br \/> \u0130\u00e7 etmi\u015f paray\u0131<br \/> Sonra \u00f6ld\u00fcrm\u00fc\u015f babas\u0131n\u0131 <\/span><\/p>\n<p align=\"justify\"><span style=\"color: #000000;\">Aradan bir hafta, bir ay<br \/> Ge\u00e7memi\u015f<br \/> Jandarma dayanm\u0131\u015f kap\u0131ya ve\u2026mahkeme.<br \/> Mahkemede<br \/> G\u00f6nl\u00fcn\u00fc ok\u015fayacak de\u011filler ya<br \/> Adam\u0131 mahkum etmi\u015fler \u00f6l\u00fcme <\/span><\/p>\n<p align=\"justify\"><span style=\"color: #000000;\">Al\u0131p g\u00f6t\u00fcrm\u00fc\u015fler<br \/> Caniyi<br \/> T\u0131km\u0131\u015flar deli\u011fe<br \/> \u0130nsanlar aras\u0131na d\u00fc\u015fm\u00fc\u015f orada<br \/> Ve insan<br \/> Olmu\u015f <\/span><\/p>\n<p align=\"justify\"><span style=\"color: #000000;\">Bilmem<br \/> Mayas\u0131 neden<br \/> Nas\u0131l yo\u011frulmu\u015f<br \/> Bilmem<br \/> Ama yazg\u0131s\u0131n\u0131<br \/> Kitaplardan de\u011fil<br \/> \u00d6\u011frenmi\u015f bir t\u00fcrk\u00fcden <\/span><\/p>\n<p align=\"justify\"><span style=\"color: #000000;\">Ve anlat\u0131p durmu\u015f:<br \/> \u201cBre bir hata ettik<br \/> Boylad\u0131k<br \/> Daraca\u011f\u0131n\u0131<br \/> Bi ekmeksiz kal<br \/> Sendeliyorsun<br \/> Ac\u0131dan<br \/> Ve bir yanl\u0131\u015f ad\u0131m sonun feci<br \/> Bekle dur<br \/> Kurbanl\u0131k koyun gibi<br \/> Bir a\u015fa\u011f\u0131 bir yukar\u0131<br \/> G\u00f6zlerin b\u0131\u00e7akta<br \/> Ah k\u00f6t\u00fc<br \/> \u00c7ok k\u00f6t\u00fc<br \/> \u015eu d\u00fcnyan\u0131n d\u00fczeni:<br \/> Ba\u015fka t\u00fcrl\u00fc olabilirdi oysa.\u201d <\/span><\/p>\n<p align=\"justify\"><span style=\"color: #000000;\">\u0130\u015fte o zaman<br \/> Ba\u015flarm\u0131\u015f t\u00fcrk\u00fcs\u00fcne<br \/> Yava\u015ftan<br \/> G\u00f6z\u00fcn\u00fcn \u00f6n\u00fcnde<br \/> Ak\u0131p giden hayat<br \/> Ve sonra<br \/> Dalarm\u0131\u015f uykusuna<br \/> G\u00fcl\u00fcmseyerek\u2026 <\/span><\/p>\n<p align=\"justify\"><span style=\"color: #000000;\">Ama koridorda<br \/> F\u0131s\u0131lt\u0131lar dola\u015f\u0131yor<br \/> Sonra sessizlik bir an<br \/> Biri yava\u015f\u00e7a a\u00e7\u0131yor kap\u0131y\u0131<br \/> Birka\u00e7 ki\u015fi. Arkalar\u0131ndan gardiyan<br \/> \u0130\u00e7lerinden biri titrek bir sesle:<br \/> \u201cHaydi kalk\u201d<br \/> diyor.<br \/> Berikiler bo\u015f g\u00f6zlerle<br \/> Nemli kur\u015funi duvarlar\u0131<br \/> S\u00fcz\u00fcyor. <\/span><\/p>\n<p align=\"justify\"><span style=\"color: #000000;\">Anlam\u0131\u015f o zaman<br \/> Hayat onun i\u00e7in<br \/> Bitmi\u015ftir art\u0131k<br \/> Ve birden<br \/> F\u0131rlay\u0131p terini silmi\u015f<br \/> Yaban\u0131l bir bo\u011fa gibi<br \/> S\u00fczm\u00fc\u015f \u00e7evresini<br \/> Ama yava\u015f yava\u015f<br \/> Kavram\u0131\u015f<br \/> Korkunun ecele faydas\u0131 yok<br \/> \u00d6lecek<br \/> Ve o an<br \/> Ferahlam\u0131\u015f y\u00fcre\u011fi<br \/> &#8211; Gidelim mi demi\u015f beriki<br \/> &#8211; Tamam. <\/span><\/p>\n<p align=\"justify\"><span style=\"color: #000000;\">Y\u00fcr\u00fcm\u00fc\u015f. Arkas\u0131ndan<br \/> Y\u00fcr\u00fcm\u00fc\u015fler.<br \/> U\u011fursuz bir \u00fcrpertiyle<br \/> S\u00f6yleniyormu\u015f asker:<br \/> \u201cBi bitse \u015fu i\u015f\u2026<br \/> Yedi belaya \u00e7atm\u0131\u015fs\u0131n karde\u015f.\u201d <\/span><\/p>\n<p align=\"justify\"><span style=\"color: #000000;\">Koridorda<br \/> D\u00f6n\u00fcp dola\u015f\u0131yor f\u0131s\u0131lt\u0131lar<br \/> Karanl\u0131k sinmi\u015f k\u00f6\u015felere<br \/> Sonra inmi\u015fler avluya<br \/> Tanyeri<br \/> A\u011far\u0131yormu\u015f yava\u015f yava\u015f<br \/> Ve tan yerine bakt\u0131\u011f\u0131nda adam<br \/> G\u00f6rm\u00fc\u015f<br \/> I\u015f\u0131k denizinde y\u0131kanan y\u0131ld\u0131z\u0131<br \/> Ve ge\u00e7mi\u015f akl\u0131ndan bir an<br \/> \u015eu<br \/> A\u011f\u0131r<br \/> Ac\u0131mas\u0131z<br \/> Kara<br \/> Yazg\u0131s\u0131<br \/> \u201c\u0130\u015fim bitik\u2026<br \/> Sallanaca\u011f\u0131m ipte<br \/> Ama bununla<br \/> Her \u015fey bitmiyor i\u015fte<br \/> Daha g\u00fczel bir hayat ba\u015flayacak<br \/> \u015eark\u0131lardan<br \/> Ve ilkbahardan\u2026\u201d <\/span><\/p>\n<p align=\"justify\"><span style=\"color: #000000;\">Hat\u0131rlam\u0131\u015f o t\u00fcrk\u00fcy\u00fc<br \/> Ve ayd\u0131nlanm\u0131\u015f y\u00fcz\u00fc<br \/> G\u00f6zleri alev alev<br \/> G\u00fcl\u00fcmsemi\u015f s\u0131cak<br \/> Ve i\u00e7ten<br \/> Arkas\u0131na dayanm\u0131\u015f ba\u015flam\u0131\u015f t\u00fcrk\u00fcs\u00fcne<br \/> Ne dersiniz<br \/> Kompleks bir isteri mi<br \/> S\u00f6z konusu burada<br \/> Nas\u0131l isterseniz \u00f6yle d\u00fc\u015f\u00fcn\u00fcn<br \/> Lakin<br \/> Dostum yan\u0131l\u0131yorsunuz derim<br \/> Adam sakin<br \/> Dili s\u00fcr\u00e7meden<br \/> Okumu\u015f t\u00fcrk\u00fcy\u00fc sonuna dek<br \/> \u00d6tekiler korkuyla<br \/> S\u00fcz\u00fcyormu\u015f onu<br \/> Deh\u015fetli bak\u0131\u015flar atarak<br \/> Hapishane bile<br \/> Titriyormu\u015f deh\u015fetle<br \/> Karanl\u0131k \u00fcrk\u00fcyle s\u0131v\u0131\u015fm\u0131\u015f<br \/> Sevin\u00e7le seslenmi\u015f<br \/> G\u00f6kteki y\u0131ld\u0131zlar:<br \/> \u201cBravo insano\u011fluna!\u201d<br \/> Sonras\u0131 malum. \u0130pi<br \/> Ge\u00e7irmi\u015fler boynuna ve<br \/> \u00d6l\u00fcm <\/span><\/p>\n<p align=\"justify\"><span style=\"color: #000000;\">Hala o \u015fark\u0131<br \/> Hafif hafif<br \/> D\u00f6k\u00fcl\u00fcyor dudaklar\u0131ndan. <\/span><\/p>\n<p align=\"justify\"><span style=\"color: #000000;\">\u015eimdi geldik \u00e7\u00f6z\u00fcm noktas\u0131nda<br \/> Okurum ya sen dersin?<br \/> A\u011flamaya ba\u015flad\u0131 zavall\u0131 han\u0131m<br \/> Kendinden ge\u00e7ip bast\u0131 feryad\u0131:<br \/> \u201cKorkun\u00e7! Korkun\u00e7!<br \/> Sanki<br \/> Ya\u015fam\u0131\u015f gibi anlat\u0131yorsunuz!\u201d\u2026<br \/> Korkun\u00e7 da ne demek?!<br \/> Ama adam t\u00fcrk\u00fc s\u00f6yl\u00fcyormu\u015f. <\/span><\/p>\n<p align=\"justify\"><span style=\"color: #000000;\">Korkun\u00e7 g\u00fczel de\u011fil mi bu?<\/span><\/p>\n<p align=\"justify\">Nikola VAPTSAROV<\/p>\n","protected":false},"excerpt":{"rendered":"<p>\u00a0 Bir bayanla tart\u0131\u015f\u0131yoruz Konumuz: \u201cZaman\u0131m\u0131z\u0131n insan\u0131\u201d Han\u0131mda surat bir kar\u0131\u015f, anl\u0131yorsunuz. Ayak diriyor, sinirleniyor A\u011fl\u0131yor hatta. Lafa bo\u011fuyor beni \u00c7amur at\u0131yor Derken ba\u015fl\u0131yor S\u00f6zc\u00fck s\u00f6zc\u00fck dolu ya\u011fmaya Bir dakika diyorum, bir dakika Dinleyin beni\u2026 O, g\u00fccenmi\u015f s\u00f6z\u00fcm\u00fc kesiyor: &#8211; Oh, l\u00fctfen yeter! Tiksiniyorum insan denen \u015feyden Lay\u0131k de\u011fil sizin \u00f6vg\u00fcn\u00fcze Bir yerde okumu\u015ftum Adam\u0131n [&hellip;]<\/p>\n","protected":false},"author":1,"featured_media":0,"comment_status":"open","ping_status":"open","sticky":false,"template":"","format":"standard","meta":{"footnotes":""},"categories":[69],"tags":[],"class_list":{"0":"post-1324","1":"post","2":"type-post","3":"status-publish","4":"format-standard","6":"category-nikola-vaptsarov"},"yoast_head":"<!-- This site is optimized with the Yoast SEO Premium plugin v24.9 (Yoast SEO v24.9) - https:\/\/yoast.com\/wordpress\/plugins\/seo\/ -->\n<title>\u0130NSAN \u00dcST\u00dcNE T\u00dcRK\u00dc - narteks.net<\/title>\n<meta name=\"robots\" content=\"index, follow, max-snippet:-1, max-image-preview:large, max-video-preview:-1\" \/>\n<link rel=\"canonical\" href=\"https:\/\/narteks.net\/index.php\/2009\/11\/06\/insan-ustune-turku\/\" \/>\n<meta property=\"og:locale\" content=\"tr_TR\" \/>\n<meta property=\"og:type\" content=\"article\" \/>\n<meta property=\"og:title\" content=\"\u0130NSAN \u00dcST\u00dcNE T\u00dcRK\u00dc\" \/>\n<meta property=\"og:description\" content=\"\u00a0 Bir bayanla tart\u0131\u015f\u0131yoruz Konumuz: \u201cZaman\u0131m\u0131z\u0131n insan\u0131\u201d Han\u0131mda surat bir kar\u0131\u015f, anl\u0131yorsunuz. Ayak diriyor, sinirleniyor A\u011fl\u0131yor hatta. Lafa bo\u011fuyor beni \u00c7amur at\u0131yor Derken ba\u015fl\u0131yor S\u00f6zc\u00fck s\u00f6zc\u00fck dolu ya\u011fmaya Bir dakika diyorum, bir dakika Dinleyin beni\u2026 O, g\u00fccenmi\u015f s\u00f6z\u00fcm\u00fc kesiyor: &#8211; Oh, l\u00fctfen yeter! Tiksiniyorum insan denen \u015feyden Lay\u0131k de\u011fil sizin \u00f6vg\u00fcn\u00fcze Bir yerde okumu\u015ftum Adam\u0131n [&hellip;]\" \/>\n<meta property=\"og:url\" content=\"https:\/\/narteks.net\/index.php\/2009\/11\/06\/insan-ustune-turku\/\" \/>\n<meta property=\"og:site_name\" content=\"narteks.net\" \/>\n<meta property=\"article:published_time\" content=\"2009-11-06T10:56:44+00:00\" \/>\n<meta property=\"og:image\" content=\"https:\/\/narteks.net\/wp-content\/uploads\/narteks.png\" \/>\n\t<meta property=\"og:image:width\" content=\"300\" \/>\n\t<meta property=\"og:image:height\" content=\"90\" \/>\n\t<meta property=\"og:image:type\" content=\"image\/png\" \/>\n<meta name=\"author\" content=\"Tar\u0131k\" \/>\n<meta name=\"twitter:card\" content=\"summary_large_image\" \/>\n<meta name=\"twitter:creator\" content=\"@narteks\" \/>\n<meta name=\"twitter:site\" content=\"@narteks\" \/>\n<meta name=\"twitter:label1\" content=\"Yazan:\" \/>\n\t<meta name=\"twitter:data1\" content=\"Tar\u0131k\" \/>\n\t<meta name=\"twitter:label2\" content=\"Tahmini okuma s\u00fcresi\" \/>\n\t<meta name=\"twitter:data2\" content=\"3 dakika\" \/>\n<script type=\"application\/ld+json\" class=\"yoast-schema-graph\">{\"@context\":\"https:\/\/schema.org\",\"@graph\":[{\"@type\":\"Article\",\"@id\":\"https:\/\/narteks.net\/index.php\/2009\/11\/06\/insan-ustune-turku\/#article\",\"isPartOf\":{\"@id\":\"https:\/\/narteks.net\/index.php\/2009\/11\/06\/insan-ustune-turku\/\"},\"author\":{\"name\":\"Tar\u0131k\",\"@id\":\"https:\/\/narteks.net\/#\/schema\/person\/61f37d9834294b72d31d274e7ed79bca\"},\"headline\":\"\u0130NSAN \u00dcST\u00dcNE T\u00dcRK\u00dc\",\"datePublished\":\"2009-11-06T10:56:44+00:00\",\"mainEntityOfPage\":{\"@id\":\"https:\/\/narteks.net\/index.php\/2009\/11\/06\/insan-ustune-turku\/\"},\"wordCount\":685,\"commentCount\":0,\"publisher\":{\"@id\":\"https:\/\/narteks.net\/#organization\"},\"articleSection\":[\"Nikola VAPTSAROV\"],\"inLanguage\":\"tr\",\"potentialAction\":[{\"@type\":\"CommentAction\",\"name\":\"Comment\",\"target\":[\"https:\/\/narteks.net\/index.php\/2009\/11\/06\/insan-ustune-turku\/#respond\"]}]},{\"@type\":\"WebPage\",\"@id\":\"https:\/\/narteks.net\/index.php\/2009\/11\/06\/insan-ustune-turku\/\",\"url\":\"https:\/\/narteks.net\/index.php\/2009\/11\/06\/insan-ustune-turku\/\",\"name\":\"\u0130NSAN \u00dcST\u00dcNE T\u00dcRK\u00dc - narteks.net\",\"isPartOf\":{\"@id\":\"https:\/\/narteks.net\/#website\"},\"datePublished\":\"2009-11-06T10:56:44+00:00\",\"breadcrumb\":{\"@id\":\"https:\/\/narteks.net\/index.php\/2009\/11\/06\/insan-ustune-turku\/#breadcrumb\"},\"inLanguage\":\"tr\",\"potentialAction\":[{\"@type\":\"ReadAction\",\"target\":[\"https:\/\/narteks.net\/index.php\/2009\/11\/06\/insan-ustune-turku\/\"]}]},{\"@type\":\"BreadcrumbList\",\"@id\":\"https:\/\/narteks.net\/index.php\/2009\/11\/06\/insan-ustune-turku\/#breadcrumb\",\"itemListElement\":[{\"@type\":\"ListItem\",\"position\":1,\"name\":\"Anasayfa\",\"item\":\"https:\/\/narteks.net\/\"},{\"@type\":\"ListItem\",\"position\":2,\"name\":\"\u0130NSAN \u00dcST\u00dcNE T\u00dcRK\u00dc\"}]},{\"@type\":\"WebSite\",\"@id\":\"https:\/\/narteks.net\/#website\",\"url\":\"https:\/\/narteks.net\/\",\"name\":\"narteks.net\",\"description\":\"K\u00fclt\u00fcr Sanat Edebiyat Felsefe\",\"publisher\":{\"@id\":\"https:\/\/narteks.net\/#organization\"},\"alternateName\":\"K\u00fclt\u00fcr Sanat Edebiyat Felsefe\",\"potentialAction\":[{\"@type\":\"SearchAction\",\"target\":{\"@type\":\"EntryPoint\",\"urlTemplate\":\"https:\/\/narteks.net\/?s={search_term_string}\"},\"query-input\":{\"@type\":\"PropertyValueSpecification\",\"valueRequired\":true,\"valueName\":\"search_term_string\"}}],\"inLanguage\":\"tr\"},{\"@type\":\"Organization\",\"@id\":\"https:\/\/narteks.net\/#organization\",\"name\":\"narteks.net\",\"url\":\"https:\/\/narteks.net\/\",\"logo\":{\"@type\":\"ImageObject\",\"inLanguage\":\"tr\",\"@id\":\"https:\/\/narteks.net\/#\/schema\/logo\/image\/\",\"url\":\"https:\/\/narteks.net\/wp-content\/uploads\/narteks.png\",\"contentUrl\":\"https:\/\/narteks.net\/wp-content\/uploads\/narteks.png\",\"width\":300,\"height\":90,\"caption\":\"narteks.net\"},\"image\":{\"@id\":\"https:\/\/narteks.net\/#\/schema\/logo\/image\/\"},\"sameAs\":[\"https:\/\/x.com\/narteks\",\"https:\/\/instagram.com\/narteksnet\"]},{\"@type\":\"Person\",\"@id\":\"https:\/\/narteks.net\/#\/schema\/person\/61f37d9834294b72d31d274e7ed79bca\",\"name\":\"Tar\u0131k\",\"image\":{\"@type\":\"ImageObject\",\"inLanguage\":\"tr\",\"@id\":\"https:\/\/narteks.net\/#\/schema\/person\/image\/\",\"url\":\"https:\/\/secure.gravatar.com\/avatar\/50865afb55632c4ae467e0af0930f6510aa2297d8014be502a55b14f3b7550cf?s=96&d=mm&r=g\",\"contentUrl\":\"https:\/\/secure.gravatar.com\/avatar\/50865afb55632c4ae467e0af0930f6510aa2297d8014be502a55b14f3b7550cf?s=96&d=mm&r=g\",\"caption\":\"Tar\u0131k\"},\"sameAs\":[\"http:\/\/narteks.net\"],\"url\":\"https:\/\/narteks.net\/index.php\/author\/narbak\/\"}]}<\/script>\n<!-- \/ Yoast SEO Premium plugin. -->","yoast_head_json":{"title":"\u0130NSAN \u00dcST\u00dcNE T\u00dcRK\u00dc - narteks.net","robots":{"index":"index","follow":"follow","max-snippet":"max-snippet:-1","max-image-preview":"max-image-preview:large","max-video-preview":"max-video-preview:-1"},"canonical":"https:\/\/narteks.net\/index.php\/2009\/11\/06\/insan-ustune-turku\/","og_locale":"tr_TR","og_type":"article","og_title":"\u0130NSAN \u00dcST\u00dcNE T\u00dcRK\u00dc","og_description":"\u00a0 Bir bayanla tart\u0131\u015f\u0131yoruz Konumuz: \u201cZaman\u0131m\u0131z\u0131n insan\u0131\u201d Han\u0131mda surat bir kar\u0131\u015f, anl\u0131yorsunuz. Ayak diriyor, sinirleniyor A\u011fl\u0131yor hatta. Lafa bo\u011fuyor beni \u00c7amur at\u0131yor Derken ba\u015fl\u0131yor S\u00f6zc\u00fck s\u00f6zc\u00fck dolu ya\u011fmaya Bir dakika diyorum, bir dakika Dinleyin beni\u2026 O, g\u00fccenmi\u015f s\u00f6z\u00fcm\u00fc kesiyor: &#8211; Oh, l\u00fctfen yeter! Tiksiniyorum insan denen \u015feyden Lay\u0131k de\u011fil sizin \u00f6vg\u00fcn\u00fcze Bir yerde okumu\u015ftum Adam\u0131n [&hellip;]","og_url":"https:\/\/narteks.net\/index.php\/2009\/11\/06\/insan-ustune-turku\/","og_site_name":"narteks.net","article_published_time":"2009-11-06T10:56:44+00:00","og_image":[{"width":300,"height":90,"url":"https:\/\/narteks.net\/wp-content\/uploads\/narteks.png","type":"image\/png"}],"author":"Tar\u0131k","twitter_card":"summary_large_image","twitter_creator":"@narteks","twitter_site":"@narteks","twitter_misc":{"Yazan:":"Tar\u0131k","Tahmini okuma s\u00fcresi":"3 dakika"},"schema":{"@context":"https:\/\/schema.org","@graph":[{"@type":"Article","@id":"https:\/\/narteks.net\/index.php\/2009\/11\/06\/insan-ustune-turku\/#article","isPartOf":{"@id":"https:\/\/narteks.net\/index.php\/2009\/11\/06\/insan-ustune-turku\/"},"author":{"name":"Tar\u0131k","@id":"https:\/\/narteks.net\/#\/schema\/person\/61f37d9834294b72d31d274e7ed79bca"},"headline":"\u0130NSAN \u00dcST\u00dcNE T\u00dcRK\u00dc","datePublished":"2009-11-06T10:56:44+00:00","mainEntityOfPage":{"@id":"https:\/\/narteks.net\/index.php\/2009\/11\/06\/insan-ustune-turku\/"},"wordCount":685,"commentCount":0,"publisher":{"@id":"https:\/\/narteks.net\/#organization"},"articleSection":["Nikola VAPTSAROV"],"inLanguage":"tr","potentialAction":[{"@type":"CommentAction","name":"Comment","target":["https:\/\/narteks.net\/index.php\/2009\/11\/06\/insan-ustune-turku\/#respond"]}]},{"@type":"WebPage","@id":"https:\/\/narteks.net\/index.php\/2009\/11\/06\/insan-ustune-turku\/","url":"https:\/\/narteks.net\/index.php\/2009\/11\/06\/insan-ustune-turku\/","name":"\u0130NSAN \u00dcST\u00dcNE T\u00dcRK\u00dc - narteks.net","isPartOf":{"@id":"https:\/\/narteks.net\/#website"},"datePublished":"2009-11-06T10:56:44+00:00","breadcrumb":{"@id":"https:\/\/narteks.net\/index.php\/2009\/11\/06\/insan-ustune-turku\/#breadcrumb"},"inLanguage":"tr","potentialAction":[{"@type":"ReadAction","target":["https:\/\/narteks.net\/index.php\/2009\/11\/06\/insan-ustune-turku\/"]}]},{"@type":"BreadcrumbList","@id":"https:\/\/narteks.net\/index.php\/2009\/11\/06\/insan-ustune-turku\/#breadcrumb","itemListElement":[{"@type":"ListItem","position":1,"name":"Anasayfa","item":"https:\/\/narteks.net\/"},{"@type":"ListItem","position":2,"name":"\u0130NSAN \u00dcST\u00dcNE T\u00dcRK\u00dc"}]},{"@type":"WebSite","@id":"https:\/\/narteks.net\/#website","url":"https:\/\/narteks.net\/","name":"narteks.net","description":"K\u00fclt\u00fcr Sanat Edebiyat Felsefe","publisher":{"@id":"https:\/\/narteks.net\/#organization"},"alternateName":"K\u00fclt\u00fcr Sanat Edebiyat Felsefe","potentialAction":[{"@type":"SearchAction","target":{"@type":"EntryPoint","urlTemplate":"https:\/\/narteks.net\/?s={search_term_string}"},"query-input":{"@type":"PropertyValueSpecification","valueRequired":true,"valueName":"search_term_string"}}],"inLanguage":"tr"},{"@type":"Organization","@id":"https:\/\/narteks.net\/#organization","name":"narteks.net","url":"https:\/\/narteks.net\/","logo":{"@type":"ImageObject","inLanguage":"tr","@id":"https:\/\/narteks.net\/#\/schema\/logo\/image\/","url":"https:\/\/narteks.net\/wp-content\/uploads\/narteks.png","contentUrl":"https:\/\/narteks.net\/wp-content\/uploads\/narteks.png","width":300,"height":90,"caption":"narteks.net"},"image":{"@id":"https:\/\/narteks.net\/#\/schema\/logo\/image\/"},"sameAs":["https:\/\/x.com\/narteks","https:\/\/instagram.com\/narteksnet"]},{"@type":"Person","@id":"https:\/\/narteks.net\/#\/schema\/person\/61f37d9834294b72d31d274e7ed79bca","name":"Tar\u0131k","image":{"@type":"ImageObject","inLanguage":"tr","@id":"https:\/\/narteks.net\/#\/schema\/person\/image\/","url":"https:\/\/secure.gravatar.com\/avatar\/50865afb55632c4ae467e0af0930f6510aa2297d8014be502a55b14f3b7550cf?s=96&d=mm&r=g","contentUrl":"https:\/\/secure.gravatar.com\/avatar\/50865afb55632c4ae467e0af0930f6510aa2297d8014be502a55b14f3b7550cf?s=96&d=mm&r=g","caption":"Tar\u0131k"},"sameAs":["http:\/\/narteks.net"],"url":"https:\/\/narteks.net\/index.php\/author\/narbak\/"}]}},"_links":{"self":[{"href":"https:\/\/narteks.net\/index.php\/wp-json\/wp\/v2\/posts\/1324","targetHints":{"allow":["GET"]}}],"collection":[{"href":"https:\/\/narteks.net\/index.php\/wp-json\/wp\/v2\/posts"}],"about":[{"href":"https:\/\/narteks.net\/index.php\/wp-json\/wp\/v2\/types\/post"}],"author":[{"embeddable":true,"href":"https:\/\/narteks.net\/index.php\/wp-json\/wp\/v2\/users\/1"}],"replies":[{"embeddable":true,"href":"https:\/\/narteks.net\/index.php\/wp-json\/wp\/v2\/comments?post=1324"}],"version-history":[{"count":0,"href":"https:\/\/narteks.net\/index.php\/wp-json\/wp\/v2\/posts\/1324\/revisions"}],"wp:attachment":[{"href":"https:\/\/narteks.net\/index.php\/wp-json\/wp\/v2\/media?parent=1324"}],"wp:term":[{"taxonomy":"category","embeddable":true,"href":"https:\/\/narteks.net\/index.php\/wp-json\/wp\/v2\/categories?post=1324"},{"taxonomy":"post_tag","embeddable":true,"href":"https:\/\/narteks.net\/index.php\/wp-json\/wp\/v2\/tags?post=1324"}],"curies":[{"name":"wp","href":"https:\/\/api.w.org\/{rel}","templated":true}]}}