{"id":133,"date":"2009-02-27T15:54:51","date_gmt":"2009-02-27T12:54:51","guid":{"rendered":"http:\/\/localhost\/wordpress\/2009\/02\/27\/imlasiz\/"},"modified":"2009-02-27T15:54:51","modified_gmt":"2009-02-27T12:54:51","slug":"imlasiz","status":"publish","type":"post","link":"https:\/\/narteks.net\/index.php\/2009\/02\/27\/imlasiz\/","title":{"rendered":"\u0130MLASIZ"},"content":{"rendered":"<p>\u00a0<\/p>\n<p>Aya\u011f\u0131 kayan bir \u00e7ocuk <br \/>Kadar \u015fa\u015fk\u0131n\u0131m, bilemedim <br \/>D\u00fcz yolda y\u00fcr\u00fcmenin iml\u00e2s\u0131n\u0131 <br \/>Kanayan dizlerime bak\u0131p da <br \/>A\u011flamay\u0131 \u00f6\u011frenemedi\u011fim gibi <\/p>\n<p>Sevgilisi de\u011fildim kad\u0131nlar\u0131m\u0131n <br \/>Bir papa\u011fan t\u00fcne\u011fiydim belki <br \/>Ama birka\u00e7 s\u00f6zc\u00fck \u00f6\u011frendiysem <br \/>Kad\u0131nlardan \u00f6\u011frendim, yine de <br \/>Bilemedim sevgilim diyebilmeyi <\/p>\n<p>B\u00fcy\u00fclendim ama b\u00fcy\u00fcyemedim <br \/>Akl\u0131m ermedi aynalara ve suya <br \/>Y\u00fcz\u00fcm\u00fc g\u00f6sterip kalbimi neden <br \/>Saklad\u0131klar\u0131n\u0131 \u00f6\u011frenemedim <br \/>\u015ea\u015fk\u0131n\u0131m, cahilim ben bu d\u00fcnyada<\/p>\n<p>AHMET TELL\u0130<\/p>\n","protected":false},"excerpt":{"rendered":"<p>\u00a0 Aya\u011f\u0131 kayan bir \u00e7ocuk Kadar \u015fa\u015fk\u0131n\u0131m, bilemedim D\u00fcz yolda y\u00fcr\u00fcmenin iml\u00e2s\u0131n\u0131 Kanayan dizlerime bak\u0131p da A\u011flamay\u0131 \u00f6\u011frenemedi\u011fim gibi Sevgilisi de\u011fildim kad\u0131nlar\u0131m\u0131n Bir papa\u011fan t\u00fcne\u011fiydim belki Ama birka\u00e7 s\u00f6zc\u00fck \u00f6\u011frendiysem Kad\u0131nlardan \u00f6\u011frendim, yine de Bilemedim sevgilim diyebilmeyi B\u00fcy\u00fclendim ama b\u00fcy\u00fcyemedim Akl\u0131m ermedi aynalara ve suya Y\u00fcz\u00fcm\u00fc g\u00f6sterip kalbimi neden Saklad\u0131klar\u0131n\u0131 \u00f6\u011frenemedim \u015ea\u015fk\u0131n\u0131m, cahilim ben bu [&hellip;]<\/p>\n","protected":false},"author":1,"featured_media":0,"comment_status":"open","ping_status":"open","sticky":false,"template":"","format":"standard","meta":{"footnotes":""},"categories":[7],"tags":[],"class_list":{"0":"post-133","1":"post","2":"type-post","3":"status-publish","4":"format-standard","6":"category-ahmet-telli"},"yoast_head":"<!-- This site is optimized with the Yoast SEO Premium plugin v24.9 (Yoast SEO v24.9) - https:\/\/yoast.com\/wordpress\/plugins\/seo\/ -->\n<title>\u0130MLASIZ - narteks.net<\/title>\n<meta name=\"robots\" content=\"index, follow, max-snippet:-1, max-image-preview:large, max-video-preview:-1\" \/>\n<link rel=\"canonical\" href=\"https:\/\/narteks.net\/index.php\/2009\/02\/27\/imlasiz\/\" \/>\n<meta property=\"og:locale\" content=\"tr_TR\" \/>\n<meta property=\"og:type\" content=\"article\" \/>\n<meta property=\"og:title\" content=\"\u0130MLASIZ\" \/>\n<meta property=\"og:description\" content=\"\u00a0 Aya\u011f\u0131 kayan bir \u00e7ocuk Kadar \u015fa\u015fk\u0131n\u0131m, bilemedim D\u00fcz yolda y\u00fcr\u00fcmenin iml\u00e2s\u0131n\u0131 Kanayan dizlerime bak\u0131p da A\u011flamay\u0131 \u00f6\u011frenemedi\u011fim gibi Sevgilisi de\u011fildim kad\u0131nlar\u0131m\u0131n Bir papa\u011fan t\u00fcne\u011fiydim belki Ama birka\u00e7 s\u00f6zc\u00fck \u00f6\u011frendiysem Kad\u0131nlardan \u00f6\u011frendim, yine de Bilemedim sevgilim diyebilmeyi B\u00fcy\u00fclendim ama b\u00fcy\u00fcyemedim Akl\u0131m ermedi aynalara ve suya Y\u00fcz\u00fcm\u00fc g\u00f6sterip kalbimi neden Saklad\u0131klar\u0131n\u0131 \u00f6\u011frenemedim \u015ea\u015fk\u0131n\u0131m, cahilim ben bu [&hellip;]\" \/>\n<meta property=\"og:url\" content=\"https:\/\/narteks.net\/index.php\/2009\/02\/27\/imlasiz\/\" \/>\n<meta property=\"og:site_name\" content=\"narteks.net\" \/>\n<meta property=\"article:published_time\" content=\"2009-02-27T12:54:51+00:00\" \/>\n<meta property=\"og:image\" content=\"https:\/\/narteks.net\/wp-content\/uploads\/narteks.png\" \/>\n\t<meta property=\"og:image:width\" content=\"300\" \/>\n\t<meta property=\"og:image:height\" content=\"90\" \/>\n\t<meta property=\"og:image:type\" content=\"image\/png\" \/>\n<meta name=\"author\" content=\"Tar\u0131k\" \/>\n<meta name=\"twitter:card\" content=\"summary_large_image\" \/>\n<meta name=\"twitter:creator\" content=\"@narteks\" \/>\n<meta name=\"twitter:site\" content=\"@narteks\" \/>\n<meta name=\"twitter:label1\" content=\"Yazan:\" \/>\n\t<meta name=\"twitter:data1\" content=\"Tar\u0131k\" \/>\n<script type=\"application\/ld+json\" class=\"yoast-schema-graph\">{\"@context\":\"https:\/\/schema.org\",\"@graph\":[{\"@type\":\"Article\",\"@id\":\"https:\/\/narteks.net\/index.php\/2009\/02\/27\/imlasiz\/#article\",\"isPartOf\":{\"@id\":\"https:\/\/narteks.net\/index.php\/2009\/02\/27\/imlasiz\/\"},\"author\":{\"name\":\"Tar\u0131k\",\"@id\":\"https:\/\/narteks.net\/#\/schema\/person\/61f37d9834294b72d31d274e7ed79bca\"},\"headline\":\"\u0130MLASIZ\",\"datePublished\":\"2009-02-27T12:54:51+00:00\",\"mainEntityOfPage\":{\"@id\":\"https:\/\/narteks.net\/index.php\/2009\/02\/27\/imlasiz\/\"},\"wordCount\":93,\"commentCount\":0,\"publisher\":{\"@id\":\"https:\/\/narteks.net\/#organization\"},\"articleSection\":[\"Ahmet TELL\u0130\"],\"inLanguage\":\"tr\",\"potentialAction\":[{\"@type\":\"CommentAction\",\"name\":\"Comment\",\"target\":[\"https:\/\/narteks.net\/index.php\/2009\/02\/27\/imlasiz\/#respond\"]}]},{\"@type\":\"WebPage\",\"@id\":\"https:\/\/narteks.net\/index.php\/2009\/02\/27\/imlasiz\/\",\"url\":\"https:\/\/narteks.net\/index.php\/2009\/02\/27\/imlasiz\/\",\"name\":\"\u0130MLASIZ - narteks.net\",\"isPartOf\":{\"@id\":\"https:\/\/narteks.net\/#website\"},\"datePublished\":\"2009-02-27T12:54:51+00:00\",\"breadcrumb\":{\"@id\":\"https:\/\/narteks.net\/index.php\/2009\/02\/27\/imlasiz\/#breadcrumb\"},\"inLanguage\":\"tr\",\"potentialAction\":[{\"@type\":\"ReadAction\",\"target\":[\"https:\/\/narteks.net\/index.php\/2009\/02\/27\/imlasiz\/\"]}]},{\"@type\":\"BreadcrumbList\",\"@id\":\"https:\/\/narteks.net\/index.php\/2009\/02\/27\/imlasiz\/#breadcrumb\",\"itemListElement\":[{\"@type\":\"ListItem\",\"position\":1,\"name\":\"Anasayfa\",\"item\":\"https:\/\/narteks.net\/\"},{\"@type\":\"ListItem\",\"position\":2,\"name\":\"\u0130MLASIZ\"}]},{\"@type\":\"WebSite\",\"@id\":\"https:\/\/narteks.net\/#website\",\"url\":\"https:\/\/narteks.net\/\",\"name\":\"narteks.net\",\"description\":\"K\u00fclt\u00fcr Sanat Edebiyat Felsefe\",\"publisher\":{\"@id\":\"https:\/\/narteks.net\/#organization\"},\"alternateName\":\"K\u00fclt\u00fcr Sanat Edebiyat Felsefe\",\"potentialAction\":[{\"@type\":\"SearchAction\",\"target\":{\"@type\":\"EntryPoint\",\"urlTemplate\":\"https:\/\/narteks.net\/?s={search_term_string}\"},\"query-input\":{\"@type\":\"PropertyValueSpecification\",\"valueRequired\":true,\"valueName\":\"search_term_string\"}}],\"inLanguage\":\"tr\"},{\"@type\":\"Organization\",\"@id\":\"https:\/\/narteks.net\/#organization\",\"name\":\"narteks.net\",\"url\":\"https:\/\/narteks.net\/\",\"logo\":{\"@type\":\"ImageObject\",\"inLanguage\":\"tr\",\"@id\":\"https:\/\/narteks.net\/#\/schema\/logo\/image\/\",\"url\":\"https:\/\/narteks.net\/wp-content\/uploads\/narteks.png\",\"contentUrl\":\"https:\/\/narteks.net\/wp-content\/uploads\/narteks.png\",\"width\":300,\"height\":90,\"caption\":\"narteks.net\"},\"image\":{\"@id\":\"https:\/\/narteks.net\/#\/schema\/logo\/image\/\"},\"sameAs\":[\"https:\/\/x.com\/narteks\",\"https:\/\/instagram.com\/narteksnet\"]},{\"@type\":\"Person\",\"@id\":\"https:\/\/narteks.net\/#\/schema\/person\/61f37d9834294b72d31d274e7ed79bca\",\"name\":\"Tar\u0131k\",\"image\":{\"@type\":\"ImageObject\",\"inLanguage\":\"tr\",\"@id\":\"https:\/\/narteks.net\/#\/schema\/person\/image\/\",\"url\":\"https:\/\/secure.gravatar.com\/avatar\/50865afb55632c4ae467e0af0930f6510aa2297d8014be502a55b14f3b7550cf?s=96&d=mm&r=g\",\"contentUrl\":\"https:\/\/secure.gravatar.com\/avatar\/50865afb55632c4ae467e0af0930f6510aa2297d8014be502a55b14f3b7550cf?s=96&d=mm&r=g\",\"caption\":\"Tar\u0131k\"},\"sameAs\":[\"http:\/\/narteks.net\"],\"url\":\"https:\/\/narteks.net\/index.php\/author\/narbak\/\"}]}<\/script>\n<!-- \/ Yoast SEO Premium plugin. -->","yoast_head_json":{"title":"\u0130MLASIZ - narteks.net","robots":{"index":"index","follow":"follow","max-snippet":"max-snippet:-1","max-image-preview":"max-image-preview:large","max-video-preview":"max-video-preview:-1"},"canonical":"https:\/\/narteks.net\/index.php\/2009\/02\/27\/imlasiz\/","og_locale":"tr_TR","og_type":"article","og_title":"\u0130MLASIZ","og_description":"\u00a0 Aya\u011f\u0131 kayan bir \u00e7ocuk Kadar \u015fa\u015fk\u0131n\u0131m, bilemedim D\u00fcz yolda y\u00fcr\u00fcmenin iml\u00e2s\u0131n\u0131 Kanayan dizlerime bak\u0131p da A\u011flamay\u0131 \u00f6\u011frenemedi\u011fim gibi Sevgilisi de\u011fildim kad\u0131nlar\u0131m\u0131n Bir papa\u011fan t\u00fcne\u011fiydim belki Ama birka\u00e7 s\u00f6zc\u00fck \u00f6\u011frendiysem Kad\u0131nlardan \u00f6\u011frendim, yine de Bilemedim sevgilim diyebilmeyi B\u00fcy\u00fclendim ama b\u00fcy\u00fcyemedim Akl\u0131m ermedi aynalara ve suya Y\u00fcz\u00fcm\u00fc g\u00f6sterip kalbimi neden Saklad\u0131klar\u0131n\u0131 \u00f6\u011frenemedim \u015ea\u015fk\u0131n\u0131m, cahilim ben bu [&hellip;]","og_url":"https:\/\/narteks.net\/index.php\/2009\/02\/27\/imlasiz\/","og_site_name":"narteks.net","article_published_time":"2009-02-27T12:54:51+00:00","og_image":[{"width":300,"height":90,"url":"https:\/\/narteks.net\/wp-content\/uploads\/narteks.png","type":"image\/png"}],"author":"Tar\u0131k","twitter_card":"summary_large_image","twitter_creator":"@narteks","twitter_site":"@narteks","twitter_misc":{"Yazan:":"Tar\u0131k"},"schema":{"@context":"https:\/\/schema.org","@graph":[{"@type":"Article","@id":"https:\/\/narteks.net\/index.php\/2009\/02\/27\/imlasiz\/#article","isPartOf":{"@id":"https:\/\/narteks.net\/index.php\/2009\/02\/27\/imlasiz\/"},"author":{"name":"Tar\u0131k","@id":"https:\/\/narteks.net\/#\/schema\/person\/61f37d9834294b72d31d274e7ed79bca"},"headline":"\u0130MLASIZ","datePublished":"2009-02-27T12:54:51+00:00","mainEntityOfPage":{"@id":"https:\/\/narteks.net\/index.php\/2009\/02\/27\/imlasiz\/"},"wordCount":93,"commentCount":0,"publisher":{"@id":"https:\/\/narteks.net\/#organization"},"articleSection":["Ahmet TELL\u0130"],"inLanguage":"tr","potentialAction":[{"@type":"CommentAction","name":"Comment","target":["https:\/\/narteks.net\/index.php\/2009\/02\/27\/imlasiz\/#respond"]}]},{"@type":"WebPage","@id":"https:\/\/narteks.net\/index.php\/2009\/02\/27\/imlasiz\/","url":"https:\/\/narteks.net\/index.php\/2009\/02\/27\/imlasiz\/","name":"\u0130MLASIZ - narteks.net","isPartOf":{"@id":"https:\/\/narteks.net\/#website"},"datePublished":"2009-02-27T12:54:51+00:00","breadcrumb":{"@id":"https:\/\/narteks.net\/index.php\/2009\/02\/27\/imlasiz\/#breadcrumb"},"inLanguage":"tr","potentialAction":[{"@type":"ReadAction","target":["https:\/\/narteks.net\/index.php\/2009\/02\/27\/imlasiz\/"]}]},{"@type":"BreadcrumbList","@id":"https:\/\/narteks.net\/index.php\/2009\/02\/27\/imlasiz\/#breadcrumb","itemListElement":[{"@type":"ListItem","position":1,"name":"Anasayfa","item":"https:\/\/narteks.net\/"},{"@type":"ListItem","position":2,"name":"\u0130MLASIZ"}]},{"@type":"WebSite","@id":"https:\/\/narteks.net\/#website","url":"https:\/\/narteks.net\/","name":"narteks.net","description":"K\u00fclt\u00fcr Sanat Edebiyat Felsefe","publisher":{"@id":"https:\/\/narteks.net\/#organization"},"alternateName":"K\u00fclt\u00fcr Sanat Edebiyat Felsefe","potentialAction":[{"@type":"SearchAction","target":{"@type":"EntryPoint","urlTemplate":"https:\/\/narteks.net\/?s={search_term_string}"},"query-input":{"@type":"PropertyValueSpecification","valueRequired":true,"valueName":"search_term_string"}}],"inLanguage":"tr"},{"@type":"Organization","@id":"https:\/\/narteks.net\/#organization","name":"narteks.net","url":"https:\/\/narteks.net\/","logo":{"@type":"ImageObject","inLanguage":"tr","@id":"https:\/\/narteks.net\/#\/schema\/logo\/image\/","url":"https:\/\/narteks.net\/wp-content\/uploads\/narteks.png","contentUrl":"https:\/\/narteks.net\/wp-content\/uploads\/narteks.png","width":300,"height":90,"caption":"narteks.net"},"image":{"@id":"https:\/\/narteks.net\/#\/schema\/logo\/image\/"},"sameAs":["https:\/\/x.com\/narteks","https:\/\/instagram.com\/narteksnet"]},{"@type":"Person","@id":"https:\/\/narteks.net\/#\/schema\/person\/61f37d9834294b72d31d274e7ed79bca","name":"Tar\u0131k","image":{"@type":"ImageObject","inLanguage":"tr","@id":"https:\/\/narteks.net\/#\/schema\/person\/image\/","url":"https:\/\/secure.gravatar.com\/avatar\/50865afb55632c4ae467e0af0930f6510aa2297d8014be502a55b14f3b7550cf?s=96&d=mm&r=g","contentUrl":"https:\/\/secure.gravatar.com\/avatar\/50865afb55632c4ae467e0af0930f6510aa2297d8014be502a55b14f3b7550cf?s=96&d=mm&r=g","caption":"Tar\u0131k"},"sameAs":["http:\/\/narteks.net"],"url":"https:\/\/narteks.net\/index.php\/author\/narbak\/"}]}},"_links":{"self":[{"href":"https:\/\/narteks.net\/index.php\/wp-json\/wp\/v2\/posts\/133","targetHints":{"allow":["GET"]}}],"collection":[{"href":"https:\/\/narteks.net\/index.php\/wp-json\/wp\/v2\/posts"}],"about":[{"href":"https:\/\/narteks.net\/index.php\/wp-json\/wp\/v2\/types\/post"}],"author":[{"embeddable":true,"href":"https:\/\/narteks.net\/index.php\/wp-json\/wp\/v2\/users\/1"}],"replies":[{"embeddable":true,"href":"https:\/\/narteks.net\/index.php\/wp-json\/wp\/v2\/comments?post=133"}],"version-history":[{"count":0,"href":"https:\/\/narteks.net\/index.php\/wp-json\/wp\/v2\/posts\/133\/revisions"}],"wp:attachment":[{"href":"https:\/\/narteks.net\/index.php\/wp-json\/wp\/v2\/media?parent=133"}],"wp:term":[{"taxonomy":"category","embeddable":true,"href":"https:\/\/narteks.net\/index.php\/wp-json\/wp\/v2\/categories?post=133"},{"taxonomy":"post_tag","embeddable":true,"href":"https:\/\/narteks.net\/index.php\/wp-json\/wp\/v2\/tags?post=133"}],"curies":[{"name":"wp","href":"https:\/\/api.w.org\/{rel}","templated":true}]}}