{"id":1330,"date":"2009-11-07T17:54:18","date_gmt":"2009-11-07T14:54:18","guid":{"rendered":"http:\/\/localhost\/wordpress\/2009\/11\/07\/deniz\/"},"modified":"2009-11-07T17:54:18","modified_gmt":"2009-11-07T14:54:18","slug":"deniz","status":"publish","type":"post","link":"https:\/\/narteks.net\/index.php\/2009\/11\/07\/deniz\/","title":{"rendered":"DEN\u0130Z"},"content":{"rendered":"<p>\u00a0<\/p>\n<p>Uzun uzun bir ya\u011fmuru okudum,<br \/>Uzun \u0131sl\u0131\u011f\u0131n\u0131 ta\u015f\u0131d\u0131m r\u00fczg\u00e2r\u0131n,<br \/>Uzak bir k\u0131y\u0131ya mektup yollad\u0131m.<br \/>D\u00f6nd\u00fcm, derinde d\u00f6vd\u00fcm kendimi.<br \/>Duydum, k\u0131r\u0131ld\u0131 i\u00e7imde tuz sesi<br \/>Bir derine a\u011flad\u0131m.<\/p>\n<p>(Keder sald\u0131 i\u00e7ime bir denizden bir midye,<br \/>Ta\u015f\u0131 g\u00f6rd\u00fcm a\u011f\u0131rl\u0131k indi dilime)<\/p>\n<p> Engin de kendinden uza\u011f\u0131 \u00f6zlermi\u015f<br \/>Ufuk bir \u015fey de\u011filmi\u015f bana, g\u00f6rd\u00fcm.<br \/>Hayal k\u0131vam\u0131ym\u0131\u015f a\u015fk,<br \/>G\u00fcl\u00fcn kokusunu bademin ne\u015fesini<br \/>istedim.<\/p>\n<p> Ah bilemedim de nas\u0131l geni\u015ftim,<br \/>Ko\u015fup kapaklanay\u0131m bir kucak istedim.<\/p>\n<p> Birhan KESK\u0130N<\/p>\n<p>(Yery\u00fcz\u00fc Halleri&#8217;nden)<\/p>\n","protected":false},"excerpt":{"rendered":"<p>\u00a0 Uzun uzun bir ya\u011fmuru okudum,Uzun \u0131sl\u0131\u011f\u0131n\u0131 ta\u015f\u0131d\u0131m r\u00fczg\u00e2r\u0131n,Uzak bir k\u0131y\u0131ya mektup yollad\u0131m.D\u00f6nd\u00fcm, derinde d\u00f6vd\u00fcm kendimi.Duydum, k\u0131r\u0131ld\u0131 i\u00e7imde tuz sesiBir derine a\u011flad\u0131m. (Keder sald\u0131 i\u00e7ime bir denizden bir midye,Ta\u015f\u0131 g\u00f6rd\u00fcm a\u011f\u0131rl\u0131k indi dilime) Engin de kendinden uza\u011f\u0131 \u00f6zlermi\u015fUfuk bir \u015fey de\u011filmi\u015f bana, g\u00f6rd\u00fcm.Hayal k\u0131vam\u0131ym\u0131\u015f a\u015fk,G\u00fcl\u00fcn kokusunu bademin ne\u015fesiniistedim. Ah bilemedim de nas\u0131l geni\u015ftim,Ko\u015fup kapaklanay\u0131m bir [&hellip;]<\/p>\n","protected":false},"author":1,"featured_media":0,"comment_status":"open","ping_status":"open","sticky":false,"template":"","format":"standard","meta":{"footnotes":""},"categories":[70],"tags":[],"class_list":{"0":"post-1330","1":"post","2":"type-post","3":"status-publish","4":"format-standard","6":"category-birhan-keskin"},"yoast_head":"<!-- This site is optimized with the Yoast SEO Premium plugin v24.9 (Yoast SEO v24.9) - https:\/\/yoast.com\/wordpress\/plugins\/seo\/ -->\n<title>DEN\u0130Z - narteks.net<\/title>\n<meta name=\"robots\" content=\"index, follow, max-snippet:-1, max-image-preview:large, max-video-preview:-1\" \/>\n<link rel=\"canonical\" href=\"https:\/\/narteks.net\/index.php\/2009\/11\/07\/deniz\/\" \/>\n<meta property=\"og:locale\" content=\"tr_TR\" \/>\n<meta property=\"og:type\" content=\"article\" \/>\n<meta property=\"og:title\" content=\"DEN\u0130Z\" \/>\n<meta property=\"og:description\" content=\"\u00a0 Uzun uzun bir ya\u011fmuru okudum,Uzun \u0131sl\u0131\u011f\u0131n\u0131 ta\u015f\u0131d\u0131m r\u00fczg\u00e2r\u0131n,Uzak bir k\u0131y\u0131ya mektup yollad\u0131m.D\u00f6nd\u00fcm, derinde d\u00f6vd\u00fcm kendimi.Duydum, k\u0131r\u0131ld\u0131 i\u00e7imde tuz sesiBir derine a\u011flad\u0131m. (Keder sald\u0131 i\u00e7ime bir denizden bir midye,Ta\u015f\u0131 g\u00f6rd\u00fcm a\u011f\u0131rl\u0131k indi dilime) Engin de kendinden uza\u011f\u0131 \u00f6zlermi\u015fUfuk bir \u015fey de\u011filmi\u015f bana, g\u00f6rd\u00fcm.Hayal k\u0131vam\u0131ym\u0131\u015f a\u015fk,G\u00fcl\u00fcn kokusunu bademin ne\u015fesiniistedim. Ah bilemedim de nas\u0131l geni\u015ftim,Ko\u015fup kapaklanay\u0131m bir [&hellip;]\" \/>\n<meta property=\"og:url\" content=\"https:\/\/narteks.net\/index.php\/2009\/11\/07\/deniz\/\" \/>\n<meta property=\"og:site_name\" content=\"narteks.net\" \/>\n<meta property=\"article:published_time\" content=\"2009-11-07T14:54:18+00:00\" \/>\n<meta property=\"og:image\" content=\"https:\/\/narteks.net\/wp-content\/uploads\/narteks.png\" \/>\n\t<meta property=\"og:image:width\" content=\"300\" \/>\n\t<meta property=\"og:image:height\" content=\"90\" \/>\n\t<meta property=\"og:image:type\" content=\"image\/png\" \/>\n<meta name=\"author\" content=\"Tar\u0131k\" \/>\n<meta name=\"twitter:card\" content=\"summary_large_image\" \/>\n<meta name=\"twitter:creator\" content=\"@narteks\" \/>\n<meta name=\"twitter:site\" content=\"@narteks\" \/>\n<meta name=\"twitter:label1\" content=\"Yazan:\" \/>\n\t<meta name=\"twitter:data1\" content=\"Tar\u0131k\" \/>\n\t<meta name=\"twitter:label2\" content=\"Tahmini okuma s\u00fcresi\" \/>\n\t<meta name=\"twitter:data2\" content=\"1 dakika\" \/>\n<script type=\"application\/ld+json\" class=\"yoast-schema-graph\">{\"@context\":\"https:\/\/schema.org\",\"@graph\":[{\"@type\":\"Article\",\"@id\":\"https:\/\/narteks.net\/index.php\/2009\/11\/07\/deniz\/#article\",\"isPartOf\":{\"@id\":\"https:\/\/narteks.net\/index.php\/2009\/11\/07\/deniz\/\"},\"author\":{\"name\":\"Tar\u0131k\",\"@id\":\"https:\/\/narteks.net\/#\/schema\/person\/61f37d9834294b72d31d274e7ed79bca\"},\"headline\":\"DEN\u0130Z\",\"datePublished\":\"2009-11-07T14:54:18+00:00\",\"mainEntityOfPage\":{\"@id\":\"https:\/\/narteks.net\/index.php\/2009\/11\/07\/deniz\/\"},\"wordCount\":110,\"commentCount\":0,\"publisher\":{\"@id\":\"https:\/\/narteks.net\/#organization\"},\"articleSection\":[\"Birhan KESK\u0130N\"],\"inLanguage\":\"tr\",\"potentialAction\":[{\"@type\":\"CommentAction\",\"name\":\"Comment\",\"target\":[\"https:\/\/narteks.net\/index.php\/2009\/11\/07\/deniz\/#respond\"]}]},{\"@type\":\"WebPage\",\"@id\":\"https:\/\/narteks.net\/index.php\/2009\/11\/07\/deniz\/\",\"url\":\"https:\/\/narteks.net\/index.php\/2009\/11\/07\/deniz\/\",\"name\":\"DEN\u0130Z - narteks.net\",\"isPartOf\":{\"@id\":\"https:\/\/narteks.net\/#website\"},\"datePublished\":\"2009-11-07T14:54:18+00:00\",\"breadcrumb\":{\"@id\":\"https:\/\/narteks.net\/index.php\/2009\/11\/07\/deniz\/#breadcrumb\"},\"inLanguage\":\"tr\",\"potentialAction\":[{\"@type\":\"ReadAction\",\"target\":[\"https:\/\/narteks.net\/index.php\/2009\/11\/07\/deniz\/\"]}]},{\"@type\":\"BreadcrumbList\",\"@id\":\"https:\/\/narteks.net\/index.php\/2009\/11\/07\/deniz\/#breadcrumb\",\"itemListElement\":[{\"@type\":\"ListItem\",\"position\":1,\"name\":\"Anasayfa\",\"item\":\"https:\/\/narteks.net\/\"},{\"@type\":\"ListItem\",\"position\":2,\"name\":\"DEN\u0130Z\"}]},{\"@type\":\"WebSite\",\"@id\":\"https:\/\/narteks.net\/#website\",\"url\":\"https:\/\/narteks.net\/\",\"name\":\"narteks.net\",\"description\":\"K\u00fclt\u00fcr Sanat Edebiyat Felsefe\",\"publisher\":{\"@id\":\"https:\/\/narteks.net\/#organization\"},\"alternateName\":\"K\u00fclt\u00fcr Sanat Edebiyat Felsefe\",\"potentialAction\":[{\"@type\":\"SearchAction\",\"target\":{\"@type\":\"EntryPoint\",\"urlTemplate\":\"https:\/\/narteks.net\/?s={search_term_string}\"},\"query-input\":{\"@type\":\"PropertyValueSpecification\",\"valueRequired\":true,\"valueName\":\"search_term_string\"}}],\"inLanguage\":\"tr\"},{\"@type\":\"Organization\",\"@id\":\"https:\/\/narteks.net\/#organization\",\"name\":\"narteks.net\",\"url\":\"https:\/\/narteks.net\/\",\"logo\":{\"@type\":\"ImageObject\",\"inLanguage\":\"tr\",\"@id\":\"https:\/\/narteks.net\/#\/schema\/logo\/image\/\",\"url\":\"https:\/\/narteks.net\/wp-content\/uploads\/narteks.png\",\"contentUrl\":\"https:\/\/narteks.net\/wp-content\/uploads\/narteks.png\",\"width\":300,\"height\":90,\"caption\":\"narteks.net\"},\"image\":{\"@id\":\"https:\/\/narteks.net\/#\/schema\/logo\/image\/\"},\"sameAs\":[\"https:\/\/x.com\/narteks\",\"https:\/\/instagram.com\/narteksnet\"]},{\"@type\":\"Person\",\"@id\":\"https:\/\/narteks.net\/#\/schema\/person\/61f37d9834294b72d31d274e7ed79bca\",\"name\":\"Tar\u0131k\",\"image\":{\"@type\":\"ImageObject\",\"inLanguage\":\"tr\",\"@id\":\"https:\/\/narteks.net\/#\/schema\/person\/image\/\",\"url\":\"https:\/\/secure.gravatar.com\/avatar\/50865afb55632c4ae467e0af0930f6510aa2297d8014be502a55b14f3b7550cf?s=96&d=mm&r=g\",\"contentUrl\":\"https:\/\/secure.gravatar.com\/avatar\/50865afb55632c4ae467e0af0930f6510aa2297d8014be502a55b14f3b7550cf?s=96&d=mm&r=g\",\"caption\":\"Tar\u0131k\"},\"sameAs\":[\"http:\/\/narteks.net\"],\"url\":\"https:\/\/narteks.net\/index.php\/author\/narbak\/\"}]}<\/script>\n<!-- \/ Yoast SEO Premium plugin. -->","yoast_head_json":{"title":"DEN\u0130Z - narteks.net","robots":{"index":"index","follow":"follow","max-snippet":"max-snippet:-1","max-image-preview":"max-image-preview:large","max-video-preview":"max-video-preview:-1"},"canonical":"https:\/\/narteks.net\/index.php\/2009\/11\/07\/deniz\/","og_locale":"tr_TR","og_type":"article","og_title":"DEN\u0130Z","og_description":"\u00a0 Uzun uzun bir ya\u011fmuru okudum,Uzun \u0131sl\u0131\u011f\u0131n\u0131 ta\u015f\u0131d\u0131m r\u00fczg\u00e2r\u0131n,Uzak bir k\u0131y\u0131ya mektup yollad\u0131m.D\u00f6nd\u00fcm, derinde d\u00f6vd\u00fcm kendimi.Duydum, k\u0131r\u0131ld\u0131 i\u00e7imde tuz sesiBir derine a\u011flad\u0131m. (Keder sald\u0131 i\u00e7ime bir denizden bir midye,Ta\u015f\u0131 g\u00f6rd\u00fcm a\u011f\u0131rl\u0131k indi dilime) Engin de kendinden uza\u011f\u0131 \u00f6zlermi\u015fUfuk bir \u015fey de\u011filmi\u015f bana, g\u00f6rd\u00fcm.Hayal k\u0131vam\u0131ym\u0131\u015f a\u015fk,G\u00fcl\u00fcn kokusunu bademin ne\u015fesiniistedim. Ah bilemedim de nas\u0131l geni\u015ftim,Ko\u015fup kapaklanay\u0131m bir [&hellip;]","og_url":"https:\/\/narteks.net\/index.php\/2009\/11\/07\/deniz\/","og_site_name":"narteks.net","article_published_time":"2009-11-07T14:54:18+00:00","og_image":[{"width":300,"height":90,"url":"https:\/\/narteks.net\/wp-content\/uploads\/narteks.png","type":"image\/png"}],"author":"Tar\u0131k","twitter_card":"summary_large_image","twitter_creator":"@narteks","twitter_site":"@narteks","twitter_misc":{"Yazan:":"Tar\u0131k","Tahmini okuma s\u00fcresi":"1 dakika"},"schema":{"@context":"https:\/\/schema.org","@graph":[{"@type":"Article","@id":"https:\/\/narteks.net\/index.php\/2009\/11\/07\/deniz\/#article","isPartOf":{"@id":"https:\/\/narteks.net\/index.php\/2009\/11\/07\/deniz\/"},"author":{"name":"Tar\u0131k","@id":"https:\/\/narteks.net\/#\/schema\/person\/61f37d9834294b72d31d274e7ed79bca"},"headline":"DEN\u0130Z","datePublished":"2009-11-07T14:54:18+00:00","mainEntityOfPage":{"@id":"https:\/\/narteks.net\/index.php\/2009\/11\/07\/deniz\/"},"wordCount":110,"commentCount":0,"publisher":{"@id":"https:\/\/narteks.net\/#organization"},"articleSection":["Birhan KESK\u0130N"],"inLanguage":"tr","potentialAction":[{"@type":"CommentAction","name":"Comment","target":["https:\/\/narteks.net\/index.php\/2009\/11\/07\/deniz\/#respond"]}]},{"@type":"WebPage","@id":"https:\/\/narteks.net\/index.php\/2009\/11\/07\/deniz\/","url":"https:\/\/narteks.net\/index.php\/2009\/11\/07\/deniz\/","name":"DEN\u0130Z - narteks.net","isPartOf":{"@id":"https:\/\/narteks.net\/#website"},"datePublished":"2009-11-07T14:54:18+00:00","breadcrumb":{"@id":"https:\/\/narteks.net\/index.php\/2009\/11\/07\/deniz\/#breadcrumb"},"inLanguage":"tr","potentialAction":[{"@type":"ReadAction","target":["https:\/\/narteks.net\/index.php\/2009\/11\/07\/deniz\/"]}]},{"@type":"BreadcrumbList","@id":"https:\/\/narteks.net\/index.php\/2009\/11\/07\/deniz\/#breadcrumb","itemListElement":[{"@type":"ListItem","position":1,"name":"Anasayfa","item":"https:\/\/narteks.net\/"},{"@type":"ListItem","position":2,"name":"DEN\u0130Z"}]},{"@type":"WebSite","@id":"https:\/\/narteks.net\/#website","url":"https:\/\/narteks.net\/","name":"narteks.net","description":"K\u00fclt\u00fcr Sanat Edebiyat Felsefe","publisher":{"@id":"https:\/\/narteks.net\/#organization"},"alternateName":"K\u00fclt\u00fcr Sanat Edebiyat Felsefe","potentialAction":[{"@type":"SearchAction","target":{"@type":"EntryPoint","urlTemplate":"https:\/\/narteks.net\/?s={search_term_string}"},"query-input":{"@type":"PropertyValueSpecification","valueRequired":true,"valueName":"search_term_string"}}],"inLanguage":"tr"},{"@type":"Organization","@id":"https:\/\/narteks.net\/#organization","name":"narteks.net","url":"https:\/\/narteks.net\/","logo":{"@type":"ImageObject","inLanguage":"tr","@id":"https:\/\/narteks.net\/#\/schema\/logo\/image\/","url":"https:\/\/narteks.net\/wp-content\/uploads\/narteks.png","contentUrl":"https:\/\/narteks.net\/wp-content\/uploads\/narteks.png","width":300,"height":90,"caption":"narteks.net"},"image":{"@id":"https:\/\/narteks.net\/#\/schema\/logo\/image\/"},"sameAs":["https:\/\/x.com\/narteks","https:\/\/instagram.com\/narteksnet"]},{"@type":"Person","@id":"https:\/\/narteks.net\/#\/schema\/person\/61f37d9834294b72d31d274e7ed79bca","name":"Tar\u0131k","image":{"@type":"ImageObject","inLanguage":"tr","@id":"https:\/\/narteks.net\/#\/schema\/person\/image\/","url":"https:\/\/secure.gravatar.com\/avatar\/50865afb55632c4ae467e0af0930f6510aa2297d8014be502a55b14f3b7550cf?s=96&d=mm&r=g","contentUrl":"https:\/\/secure.gravatar.com\/avatar\/50865afb55632c4ae467e0af0930f6510aa2297d8014be502a55b14f3b7550cf?s=96&d=mm&r=g","caption":"Tar\u0131k"},"sameAs":["http:\/\/narteks.net"],"url":"https:\/\/narteks.net\/index.php\/author\/narbak\/"}]}},"_links":{"self":[{"href":"https:\/\/narteks.net\/index.php\/wp-json\/wp\/v2\/posts\/1330","targetHints":{"allow":["GET"]}}],"collection":[{"href":"https:\/\/narteks.net\/index.php\/wp-json\/wp\/v2\/posts"}],"about":[{"href":"https:\/\/narteks.net\/index.php\/wp-json\/wp\/v2\/types\/post"}],"author":[{"embeddable":true,"href":"https:\/\/narteks.net\/index.php\/wp-json\/wp\/v2\/users\/1"}],"replies":[{"embeddable":true,"href":"https:\/\/narteks.net\/index.php\/wp-json\/wp\/v2\/comments?post=1330"}],"version-history":[{"count":0,"href":"https:\/\/narteks.net\/index.php\/wp-json\/wp\/v2\/posts\/1330\/revisions"}],"wp:attachment":[{"href":"https:\/\/narteks.net\/index.php\/wp-json\/wp\/v2\/media?parent=1330"}],"wp:term":[{"taxonomy":"category","embeddable":true,"href":"https:\/\/narteks.net\/index.php\/wp-json\/wp\/v2\/categories?post=1330"},{"taxonomy":"post_tag","embeddable":true,"href":"https:\/\/narteks.net\/index.php\/wp-json\/wp\/v2\/tags?post=1330"}],"curies":[{"name":"wp","href":"https:\/\/api.w.org\/{rel}","templated":true}]}}