{"id":1339,"date":"2009-11-07T18:02:16","date_gmt":"2009-11-07T15:02:16","guid":{"rendered":"http:\/\/localhost\/wordpress\/2009\/11\/07\/surgun-2\/"},"modified":"2009-11-07T18:02:16","modified_gmt":"2009-11-07T15:02:16","slug":"surgun-2","status":"publish","type":"post","link":"https:\/\/narteks.net\/index.php\/2009\/11\/07\/surgun-2\/","title":{"rendered":"S\u00dcRG\u00dcN"},"content":{"rendered":"<p>\u00a0<\/p>\n<p>Bir \u00f6l\u00fcy\u00fcm ben, dola\u015f\u0131p duran<br \/>art\u0131k hi\u00e7bir yerde kayd\u0131m yok<br \/>bilinmiyorum m\u00fclki amirin g\u00f6rev yerinde<br \/>say\u0131 fazlas\u0131y\u0131m alt\u0131n kentlerde<br \/>ve ye\u015feren ta\u015fra y\u00f6relerinde<\/p>\n<p>Vazge\u00e7ilmi\u015fim \u00e7oktan<br \/>ve hi\u00e7bir \u015feyle an\u0131msanmam\u0131\u015f\u0131m<\/p>\n<p>Yaln\u0131zca r\u00fczgarla ve zamanla ve sesle<\/p>\n<p>ben insanlar aras\u0131nda ya\u015fayamayan<\/p>\n<p>Ben Almanca diliyle<br \/>\u00e7evremde kendime mesken<br \/>edindi\u011fim bu bulutla<br \/>b\u00fct\u00fcn dillerde s\u00fcr\u00fcklenmekteyim.<\/p>\n<p>Nas\u0131l da karar\u0131yor bulut<br \/>ya\u011fmurun tonlar\u0131 da koyula\u015fmakta<br \/>\u00e7ok az\u0131 ya\u011f\u0131yor<\/p>\n<p>O zaman bulut \u00f6l\u00fcy\u00fc daha ayd\u0131nl\u0131k b\u00f6lgelere ta\u015f\u0131yor<\/p>\n<p>Ingeborg BACHMANN<\/p>\n","protected":false},"excerpt":{"rendered":"<p>\u00a0 Bir \u00f6l\u00fcy\u00fcm ben, dola\u015f\u0131p duranart\u0131k hi\u00e7bir yerde kayd\u0131m yokbilinmiyorum m\u00fclki amirin g\u00f6rev yerindesay\u0131 fazlas\u0131y\u0131m alt\u0131n kentlerdeve ye\u015feren ta\u015fra y\u00f6relerinde Vazge\u00e7ilmi\u015fim \u00e7oktanve hi\u00e7bir \u015feyle an\u0131msanmam\u0131\u015f\u0131m Yaln\u0131zca r\u00fczgarla ve zamanla ve sesle ben insanlar aras\u0131nda ya\u015fayamayan Ben Almanca diliyle\u00e7evremde kendime meskenedindi\u011fim bu bulutlab\u00fct\u00fcn dillerde s\u00fcr\u00fcklenmekteyim. Nas\u0131l da karar\u0131yor bulutya\u011fmurun tonlar\u0131 da koyula\u015fmakta\u00e7ok az\u0131 ya\u011f\u0131yor O zaman [&hellip;]<\/p>\n","protected":false},"author":1,"featured_media":0,"comment_status":"open","ping_status":"open","sticky":false,"template":"","format":"standard","meta":{"footnotes":""},"categories":[71],"tags":[],"class_list":{"0":"post-1339","1":"post","2":"type-post","3":"status-publish","4":"format-standard","6":"category-ingeborg-bachmann"},"yoast_head":"<!-- This site is optimized with the Yoast SEO Premium plugin v24.9 (Yoast SEO v24.9) - https:\/\/yoast.com\/wordpress\/plugins\/seo\/ -->\n<title>S\u00dcRG\u00dcN - narteks.net<\/title>\n<meta name=\"robots\" content=\"index, follow, max-snippet:-1, max-image-preview:large, max-video-preview:-1\" \/>\n<link rel=\"canonical\" href=\"https:\/\/narteks.net\/index.php\/2009\/11\/07\/surgun-2\/\" \/>\n<meta property=\"og:locale\" content=\"tr_TR\" \/>\n<meta property=\"og:type\" content=\"article\" \/>\n<meta property=\"og:title\" content=\"S\u00dcRG\u00dcN\" \/>\n<meta property=\"og:description\" content=\"\u00a0 Bir \u00f6l\u00fcy\u00fcm ben, dola\u015f\u0131p duranart\u0131k hi\u00e7bir yerde kayd\u0131m yokbilinmiyorum m\u00fclki amirin g\u00f6rev yerindesay\u0131 fazlas\u0131y\u0131m alt\u0131n kentlerdeve ye\u015feren ta\u015fra y\u00f6relerinde Vazge\u00e7ilmi\u015fim \u00e7oktanve hi\u00e7bir \u015feyle an\u0131msanmam\u0131\u015f\u0131m Yaln\u0131zca r\u00fczgarla ve zamanla ve sesle ben insanlar aras\u0131nda ya\u015fayamayan Ben Almanca diliyle\u00e7evremde kendime meskenedindi\u011fim bu bulutlab\u00fct\u00fcn dillerde s\u00fcr\u00fcklenmekteyim. Nas\u0131l da karar\u0131yor bulutya\u011fmurun tonlar\u0131 da koyula\u015fmakta\u00e7ok az\u0131 ya\u011f\u0131yor O zaman [&hellip;]\" \/>\n<meta property=\"og:url\" content=\"https:\/\/narteks.net\/index.php\/2009\/11\/07\/surgun-2\/\" \/>\n<meta property=\"og:site_name\" content=\"narteks.net\" \/>\n<meta property=\"article:published_time\" content=\"2009-11-07T15:02:16+00:00\" \/>\n<meta property=\"og:image\" content=\"https:\/\/narteks.net\/wp-content\/uploads\/narteks.png\" \/>\n\t<meta property=\"og:image:width\" content=\"300\" \/>\n\t<meta property=\"og:image:height\" content=\"90\" \/>\n\t<meta property=\"og:image:type\" content=\"image\/png\" \/>\n<meta name=\"author\" content=\"Tar\u0131k\" \/>\n<meta name=\"twitter:card\" content=\"summary_large_image\" \/>\n<meta name=\"twitter:creator\" content=\"@narteks\" \/>\n<meta name=\"twitter:site\" content=\"@narteks\" \/>\n<meta name=\"twitter:label1\" content=\"Yazan:\" \/>\n\t<meta name=\"twitter:data1\" content=\"Tar\u0131k\" \/>\n<script type=\"application\/ld+json\" class=\"yoast-schema-graph\">{\"@context\":\"https:\/\/schema.org\",\"@graph\":[{\"@type\":\"Article\",\"@id\":\"https:\/\/narteks.net\/index.php\/2009\/11\/07\/surgun-2\/#article\",\"isPartOf\":{\"@id\":\"https:\/\/narteks.net\/index.php\/2009\/11\/07\/surgun-2\/\"},\"author\":{\"name\":\"Tar\u0131k\",\"@id\":\"https:\/\/narteks.net\/#\/schema\/person\/61f37d9834294b72d31d274e7ed79bca\"},\"headline\":\"S\u00dcRG\u00dcN\",\"datePublished\":\"2009-11-07T15:02:16+00:00\",\"mainEntityOfPage\":{\"@id\":\"https:\/\/narteks.net\/index.php\/2009\/11\/07\/surgun-2\/\"},\"wordCount\":105,\"commentCount\":0,\"publisher\":{\"@id\":\"https:\/\/narteks.net\/#organization\"},\"articleSection\":[\"\u0130ngeborg BACHMANN\"],\"inLanguage\":\"tr\",\"potentialAction\":[{\"@type\":\"CommentAction\",\"name\":\"Comment\",\"target\":[\"https:\/\/narteks.net\/index.php\/2009\/11\/07\/surgun-2\/#respond\"]}]},{\"@type\":\"WebPage\",\"@id\":\"https:\/\/narteks.net\/index.php\/2009\/11\/07\/surgun-2\/\",\"url\":\"https:\/\/narteks.net\/index.php\/2009\/11\/07\/surgun-2\/\",\"name\":\"S\u00dcRG\u00dcN - narteks.net\",\"isPartOf\":{\"@id\":\"https:\/\/narteks.net\/#website\"},\"datePublished\":\"2009-11-07T15:02:16+00:00\",\"breadcrumb\":{\"@id\":\"https:\/\/narteks.net\/index.php\/2009\/11\/07\/surgun-2\/#breadcrumb\"},\"inLanguage\":\"tr\",\"potentialAction\":[{\"@type\":\"ReadAction\",\"target\":[\"https:\/\/narteks.net\/index.php\/2009\/11\/07\/surgun-2\/\"]}]},{\"@type\":\"BreadcrumbList\",\"@id\":\"https:\/\/narteks.net\/index.php\/2009\/11\/07\/surgun-2\/#breadcrumb\",\"itemListElement\":[{\"@type\":\"ListItem\",\"position\":1,\"name\":\"Anasayfa\",\"item\":\"https:\/\/narteks.net\/\"},{\"@type\":\"ListItem\",\"position\":2,\"name\":\"S\u00dcRG\u00dcN\"}]},{\"@type\":\"WebSite\",\"@id\":\"https:\/\/narteks.net\/#website\",\"url\":\"https:\/\/narteks.net\/\",\"name\":\"narteks.net\",\"description\":\"K\u00fclt\u00fcr Sanat Edebiyat Felsefe\",\"publisher\":{\"@id\":\"https:\/\/narteks.net\/#organization\"},\"alternateName\":\"K\u00fclt\u00fcr Sanat Edebiyat Felsefe\",\"potentialAction\":[{\"@type\":\"SearchAction\",\"target\":{\"@type\":\"EntryPoint\",\"urlTemplate\":\"https:\/\/narteks.net\/?s={search_term_string}\"},\"query-input\":{\"@type\":\"PropertyValueSpecification\",\"valueRequired\":true,\"valueName\":\"search_term_string\"}}],\"inLanguage\":\"tr\"},{\"@type\":\"Organization\",\"@id\":\"https:\/\/narteks.net\/#organization\",\"name\":\"narteks.net\",\"url\":\"https:\/\/narteks.net\/\",\"logo\":{\"@type\":\"ImageObject\",\"inLanguage\":\"tr\",\"@id\":\"https:\/\/narteks.net\/#\/schema\/logo\/image\/\",\"url\":\"https:\/\/narteks.net\/wp-content\/uploads\/narteks.png\",\"contentUrl\":\"https:\/\/narteks.net\/wp-content\/uploads\/narteks.png\",\"width\":300,\"height\":90,\"caption\":\"narteks.net\"},\"image\":{\"@id\":\"https:\/\/narteks.net\/#\/schema\/logo\/image\/\"},\"sameAs\":[\"https:\/\/x.com\/narteks\",\"https:\/\/instagram.com\/narteksnet\"]},{\"@type\":\"Person\",\"@id\":\"https:\/\/narteks.net\/#\/schema\/person\/61f37d9834294b72d31d274e7ed79bca\",\"name\":\"Tar\u0131k\",\"image\":{\"@type\":\"ImageObject\",\"inLanguage\":\"tr\",\"@id\":\"https:\/\/narteks.net\/#\/schema\/person\/image\/\",\"url\":\"https:\/\/secure.gravatar.com\/avatar\/50865afb55632c4ae467e0af0930f6510aa2297d8014be502a55b14f3b7550cf?s=96&d=mm&r=g\",\"contentUrl\":\"https:\/\/secure.gravatar.com\/avatar\/50865afb55632c4ae467e0af0930f6510aa2297d8014be502a55b14f3b7550cf?s=96&d=mm&r=g\",\"caption\":\"Tar\u0131k\"},\"sameAs\":[\"http:\/\/narteks.net\"],\"url\":\"https:\/\/narteks.net\/index.php\/author\/narbak\/\"}]}<\/script>\n<!-- \/ Yoast SEO Premium plugin. -->","yoast_head_json":{"title":"S\u00dcRG\u00dcN - narteks.net","robots":{"index":"index","follow":"follow","max-snippet":"max-snippet:-1","max-image-preview":"max-image-preview:large","max-video-preview":"max-video-preview:-1"},"canonical":"https:\/\/narteks.net\/index.php\/2009\/11\/07\/surgun-2\/","og_locale":"tr_TR","og_type":"article","og_title":"S\u00dcRG\u00dcN","og_description":"\u00a0 Bir \u00f6l\u00fcy\u00fcm ben, dola\u015f\u0131p duranart\u0131k hi\u00e7bir yerde kayd\u0131m yokbilinmiyorum m\u00fclki amirin g\u00f6rev yerindesay\u0131 fazlas\u0131y\u0131m alt\u0131n kentlerdeve ye\u015feren ta\u015fra y\u00f6relerinde Vazge\u00e7ilmi\u015fim \u00e7oktanve hi\u00e7bir \u015feyle an\u0131msanmam\u0131\u015f\u0131m Yaln\u0131zca r\u00fczgarla ve zamanla ve sesle ben insanlar aras\u0131nda ya\u015fayamayan Ben Almanca diliyle\u00e7evremde kendime meskenedindi\u011fim bu bulutlab\u00fct\u00fcn dillerde s\u00fcr\u00fcklenmekteyim. Nas\u0131l da karar\u0131yor bulutya\u011fmurun tonlar\u0131 da koyula\u015fmakta\u00e7ok az\u0131 ya\u011f\u0131yor O zaman [&hellip;]","og_url":"https:\/\/narteks.net\/index.php\/2009\/11\/07\/surgun-2\/","og_site_name":"narteks.net","article_published_time":"2009-11-07T15:02:16+00:00","og_image":[{"width":300,"height":90,"url":"https:\/\/narteks.net\/wp-content\/uploads\/narteks.png","type":"image\/png"}],"author":"Tar\u0131k","twitter_card":"summary_large_image","twitter_creator":"@narteks","twitter_site":"@narteks","twitter_misc":{"Yazan:":"Tar\u0131k"},"schema":{"@context":"https:\/\/schema.org","@graph":[{"@type":"Article","@id":"https:\/\/narteks.net\/index.php\/2009\/11\/07\/surgun-2\/#article","isPartOf":{"@id":"https:\/\/narteks.net\/index.php\/2009\/11\/07\/surgun-2\/"},"author":{"name":"Tar\u0131k","@id":"https:\/\/narteks.net\/#\/schema\/person\/61f37d9834294b72d31d274e7ed79bca"},"headline":"S\u00dcRG\u00dcN","datePublished":"2009-11-07T15:02:16+00:00","mainEntityOfPage":{"@id":"https:\/\/narteks.net\/index.php\/2009\/11\/07\/surgun-2\/"},"wordCount":105,"commentCount":0,"publisher":{"@id":"https:\/\/narteks.net\/#organization"},"articleSection":["\u0130ngeborg BACHMANN"],"inLanguage":"tr","potentialAction":[{"@type":"CommentAction","name":"Comment","target":["https:\/\/narteks.net\/index.php\/2009\/11\/07\/surgun-2\/#respond"]}]},{"@type":"WebPage","@id":"https:\/\/narteks.net\/index.php\/2009\/11\/07\/surgun-2\/","url":"https:\/\/narteks.net\/index.php\/2009\/11\/07\/surgun-2\/","name":"S\u00dcRG\u00dcN - narteks.net","isPartOf":{"@id":"https:\/\/narteks.net\/#website"},"datePublished":"2009-11-07T15:02:16+00:00","breadcrumb":{"@id":"https:\/\/narteks.net\/index.php\/2009\/11\/07\/surgun-2\/#breadcrumb"},"inLanguage":"tr","potentialAction":[{"@type":"ReadAction","target":["https:\/\/narteks.net\/index.php\/2009\/11\/07\/surgun-2\/"]}]},{"@type":"BreadcrumbList","@id":"https:\/\/narteks.net\/index.php\/2009\/11\/07\/surgun-2\/#breadcrumb","itemListElement":[{"@type":"ListItem","position":1,"name":"Anasayfa","item":"https:\/\/narteks.net\/"},{"@type":"ListItem","position":2,"name":"S\u00dcRG\u00dcN"}]},{"@type":"WebSite","@id":"https:\/\/narteks.net\/#website","url":"https:\/\/narteks.net\/","name":"narteks.net","description":"K\u00fclt\u00fcr Sanat Edebiyat Felsefe","publisher":{"@id":"https:\/\/narteks.net\/#organization"},"alternateName":"K\u00fclt\u00fcr Sanat Edebiyat Felsefe","potentialAction":[{"@type":"SearchAction","target":{"@type":"EntryPoint","urlTemplate":"https:\/\/narteks.net\/?s={search_term_string}"},"query-input":{"@type":"PropertyValueSpecification","valueRequired":true,"valueName":"search_term_string"}}],"inLanguage":"tr"},{"@type":"Organization","@id":"https:\/\/narteks.net\/#organization","name":"narteks.net","url":"https:\/\/narteks.net\/","logo":{"@type":"ImageObject","inLanguage":"tr","@id":"https:\/\/narteks.net\/#\/schema\/logo\/image\/","url":"https:\/\/narteks.net\/wp-content\/uploads\/narteks.png","contentUrl":"https:\/\/narteks.net\/wp-content\/uploads\/narteks.png","width":300,"height":90,"caption":"narteks.net"},"image":{"@id":"https:\/\/narteks.net\/#\/schema\/logo\/image\/"},"sameAs":["https:\/\/x.com\/narteks","https:\/\/instagram.com\/narteksnet"]},{"@type":"Person","@id":"https:\/\/narteks.net\/#\/schema\/person\/61f37d9834294b72d31d274e7ed79bca","name":"Tar\u0131k","image":{"@type":"ImageObject","inLanguage":"tr","@id":"https:\/\/narteks.net\/#\/schema\/person\/image\/","url":"https:\/\/secure.gravatar.com\/avatar\/50865afb55632c4ae467e0af0930f6510aa2297d8014be502a55b14f3b7550cf?s=96&d=mm&r=g","contentUrl":"https:\/\/secure.gravatar.com\/avatar\/50865afb55632c4ae467e0af0930f6510aa2297d8014be502a55b14f3b7550cf?s=96&d=mm&r=g","caption":"Tar\u0131k"},"sameAs":["http:\/\/narteks.net"],"url":"https:\/\/narteks.net\/index.php\/author\/narbak\/"}]}},"_links":{"self":[{"href":"https:\/\/narteks.net\/index.php\/wp-json\/wp\/v2\/posts\/1339","targetHints":{"allow":["GET"]}}],"collection":[{"href":"https:\/\/narteks.net\/index.php\/wp-json\/wp\/v2\/posts"}],"about":[{"href":"https:\/\/narteks.net\/index.php\/wp-json\/wp\/v2\/types\/post"}],"author":[{"embeddable":true,"href":"https:\/\/narteks.net\/index.php\/wp-json\/wp\/v2\/users\/1"}],"replies":[{"embeddable":true,"href":"https:\/\/narteks.net\/index.php\/wp-json\/wp\/v2\/comments?post=1339"}],"version-history":[{"count":0,"href":"https:\/\/narteks.net\/index.php\/wp-json\/wp\/v2\/posts\/1339\/revisions"}],"wp:attachment":[{"href":"https:\/\/narteks.net\/index.php\/wp-json\/wp\/v2\/media?parent=1339"}],"wp:term":[{"taxonomy":"category","embeddable":true,"href":"https:\/\/narteks.net\/index.php\/wp-json\/wp\/v2\/categories?post=1339"},{"taxonomy":"post_tag","embeddable":true,"href":"https:\/\/narteks.net\/index.php\/wp-json\/wp\/v2\/tags?post=1339"}],"curies":[{"name":"wp","href":"https:\/\/api.w.org\/{rel}","templated":true}]}}