{"id":1340,"date":"2009-11-07T18:03:09","date_gmt":"2009-11-07T15:03:09","guid":{"rendered":"http:\/\/localhost\/wordpress\/2009\/11\/07\/gidiyoruz-tozlanmis-yureklerimizle\/"},"modified":"2009-11-07T18:03:09","modified_gmt":"2009-11-07T15:03:09","slug":"gidiyoruz-tozlanmis-yureklerimizle","status":"publish","type":"post","link":"https:\/\/narteks.net\/index.php\/2009\/11\/07\/gidiyoruz-tozlanmis-yureklerimizle\/","title":{"rendered":"G\u0130D\u0130YORUZ TOZLANMI\u015e Y\u00dcREKLER\u0130M\u0130ZLE"},"content":{"rendered":"<p>\u00a0<\/p>\n<p>Gidiyoruz, tozlanm\u0131\u015f, onca yitiri\u015ften<br \/>nicedir kat\u0131la\u015fm\u0131\u015f y\u00fcreklerimizle.<br \/>Yaln\u0131z bizi dinlememeleri de\u011fil mesele,<br \/>sa\u011f\u0131rla\u015fm\u0131\u015flar da \u00fcstelik, tozlanm\u0131\u015f<br \/>inlemeleri duyup yak\u0131namayacak kadar.<\/p>\n<p>\u015eark\u0131 s\u00f6yl\u00fcyoruz, ezgi y\u00fcre\u011fimizde.<br \/>Oradan \u00e7\u0131kabildi\u011fi hi\u00e7 duyulmam\u0131\u015f.<br \/>Yaln\u0131z arada bilenlere rastlan\u0131rm\u0131\u015f:<br \/>Tutan olmam\u0131\u015ft\u0131 bizi, kalal\u0131m diye.<\/p>\n<p>Duyuyoruz. Paydos art\u0131k a\u011f\u0131rdan y\u00fcr\u00fcmeye.<br \/>\u0130\u015fin sonu da kalmayacak yoksa.<br \/>Ve \u00e7eviriyoruz g\u00f6zlerimizi Tanr\u0131ya:<br \/>Al\u0131n terimizin kar\u015f\u0131l\u0131\u011f\u0131d\u0131r ayr\u0131l\u0131k!<\/p>\n<p>Ingeborg BACHMANN<\/p>\n","protected":false},"excerpt":{"rendered":"<p>\u00a0 Gidiyoruz, tozlanm\u0131\u015f, onca yitiri\u015ftennicedir kat\u0131la\u015fm\u0131\u015f y\u00fcreklerimizle.Yaln\u0131z bizi dinlememeleri de\u011fil mesele,sa\u011f\u0131rla\u015fm\u0131\u015flar da \u00fcstelik, tozlanm\u0131\u015finlemeleri duyup yak\u0131namayacak kadar. \u015eark\u0131 s\u00f6yl\u00fcyoruz, ezgi y\u00fcre\u011fimizde.Oradan \u00e7\u0131kabildi\u011fi hi\u00e7 duyulmam\u0131\u015f.Yaln\u0131z arada bilenlere rastlan\u0131rm\u0131\u015f:Tutan olmam\u0131\u015ft\u0131 bizi, kalal\u0131m diye. Duyuyoruz. Paydos art\u0131k a\u011f\u0131rdan y\u00fcr\u00fcmeye.\u0130\u015fin sonu da kalmayacak yoksa.Ve \u00e7eviriyoruz g\u00f6zlerimizi Tanr\u0131ya:Al\u0131n terimizin kar\u015f\u0131l\u0131\u011f\u0131d\u0131r ayr\u0131l\u0131k! Ingeborg BACHMANN<\/p>\n","protected":false},"author":1,"featured_media":0,"comment_status":"open","ping_status":"open","sticky":false,"template":"","format":"standard","meta":{"footnotes":""},"categories":[71],"tags":[],"class_list":{"0":"post-1340","1":"post","2":"type-post","3":"status-publish","4":"format-standard","6":"category-ingeborg-bachmann"},"yoast_head":"<!-- This site is optimized with the Yoast SEO Premium plugin v24.9 (Yoast SEO v24.9) - https:\/\/yoast.com\/wordpress\/plugins\/seo\/ -->\n<title>G\u0130D\u0130YORUZ TOZLANMI\u015e Y\u00dcREKLER\u0130M\u0130ZLE - narteks.net<\/title>\n<meta name=\"robots\" content=\"index, follow, max-snippet:-1, max-image-preview:large, max-video-preview:-1\" \/>\n<link rel=\"canonical\" href=\"https:\/\/narteks.net\/index.php\/2009\/11\/07\/gidiyoruz-tozlanmis-yureklerimizle\/\" \/>\n<meta property=\"og:locale\" content=\"tr_TR\" \/>\n<meta property=\"og:type\" content=\"article\" \/>\n<meta property=\"og:title\" content=\"G\u0130D\u0130YORUZ TOZLANMI\u015e Y\u00dcREKLER\u0130M\u0130ZLE\" \/>\n<meta property=\"og:description\" content=\"\u00a0 Gidiyoruz, tozlanm\u0131\u015f, onca yitiri\u015ftennicedir kat\u0131la\u015fm\u0131\u015f y\u00fcreklerimizle.Yaln\u0131z bizi dinlememeleri de\u011fil mesele,sa\u011f\u0131rla\u015fm\u0131\u015flar da \u00fcstelik, tozlanm\u0131\u015finlemeleri duyup yak\u0131namayacak kadar. \u015eark\u0131 s\u00f6yl\u00fcyoruz, ezgi y\u00fcre\u011fimizde.Oradan \u00e7\u0131kabildi\u011fi hi\u00e7 duyulmam\u0131\u015f.Yaln\u0131z arada bilenlere rastlan\u0131rm\u0131\u015f:Tutan olmam\u0131\u015ft\u0131 bizi, kalal\u0131m diye. Duyuyoruz. Paydos art\u0131k a\u011f\u0131rdan y\u00fcr\u00fcmeye.\u0130\u015fin sonu da kalmayacak yoksa.Ve \u00e7eviriyoruz g\u00f6zlerimizi Tanr\u0131ya:Al\u0131n terimizin kar\u015f\u0131l\u0131\u011f\u0131d\u0131r ayr\u0131l\u0131k! Ingeborg BACHMANN\" \/>\n<meta property=\"og:url\" content=\"https:\/\/narteks.net\/index.php\/2009\/11\/07\/gidiyoruz-tozlanmis-yureklerimizle\/\" \/>\n<meta property=\"og:site_name\" content=\"narteks.net\" \/>\n<meta property=\"article:published_time\" content=\"2009-11-07T15:03:09+00:00\" \/>\n<meta property=\"og:image\" content=\"https:\/\/narteks.net\/wp-content\/uploads\/narteks.png\" \/>\n\t<meta property=\"og:image:width\" content=\"300\" \/>\n\t<meta property=\"og:image:height\" content=\"90\" \/>\n\t<meta property=\"og:image:type\" content=\"image\/png\" \/>\n<meta name=\"author\" content=\"Tar\u0131k\" \/>\n<meta name=\"twitter:card\" content=\"summary_large_image\" \/>\n<meta name=\"twitter:creator\" content=\"@narteks\" \/>\n<meta name=\"twitter:site\" content=\"@narteks\" \/>\n<meta name=\"twitter:label1\" content=\"Yazan:\" \/>\n\t<meta name=\"twitter:data1\" content=\"Tar\u0131k\" \/>\n<script type=\"application\/ld+json\" class=\"yoast-schema-graph\">{\"@context\":\"https:\/\/schema.org\",\"@graph\":[{\"@type\":\"Article\",\"@id\":\"https:\/\/narteks.net\/index.php\/2009\/11\/07\/gidiyoruz-tozlanmis-yureklerimizle\/#article\",\"isPartOf\":{\"@id\":\"https:\/\/narteks.net\/index.php\/2009\/11\/07\/gidiyoruz-tozlanmis-yureklerimizle\/\"},\"author\":{\"name\":\"Tar\u0131k\",\"@id\":\"https:\/\/narteks.net\/#\/schema\/person\/61f37d9834294b72d31d274e7ed79bca\"},\"headline\":\"G\u0130D\u0130YORUZ TOZLANMI\u015e Y\u00dcREKLER\u0130M\u0130ZLE\",\"datePublished\":\"2009-11-07T15:03:09+00:00\",\"mainEntityOfPage\":{\"@id\":\"https:\/\/narteks.net\/index.php\/2009\/11\/07\/gidiyoruz-tozlanmis-yureklerimizle\/\"},\"wordCount\":95,\"commentCount\":0,\"publisher\":{\"@id\":\"https:\/\/narteks.net\/#organization\"},\"articleSection\":[\"\u0130ngeborg BACHMANN\"],\"inLanguage\":\"tr\",\"potentialAction\":[{\"@type\":\"CommentAction\",\"name\":\"Comment\",\"target\":[\"https:\/\/narteks.net\/index.php\/2009\/11\/07\/gidiyoruz-tozlanmis-yureklerimizle\/#respond\"]}]},{\"@type\":\"WebPage\",\"@id\":\"https:\/\/narteks.net\/index.php\/2009\/11\/07\/gidiyoruz-tozlanmis-yureklerimizle\/\",\"url\":\"https:\/\/narteks.net\/index.php\/2009\/11\/07\/gidiyoruz-tozlanmis-yureklerimizle\/\",\"name\":\"G\u0130D\u0130YORUZ TOZLANMI\u015e Y\u00dcREKLER\u0130M\u0130ZLE - narteks.net\",\"isPartOf\":{\"@id\":\"https:\/\/narteks.net\/#website\"},\"datePublished\":\"2009-11-07T15:03:09+00:00\",\"breadcrumb\":{\"@id\":\"https:\/\/narteks.net\/index.php\/2009\/11\/07\/gidiyoruz-tozlanmis-yureklerimizle\/#breadcrumb\"},\"inLanguage\":\"tr\",\"potentialAction\":[{\"@type\":\"ReadAction\",\"target\":[\"https:\/\/narteks.net\/index.php\/2009\/11\/07\/gidiyoruz-tozlanmis-yureklerimizle\/\"]}]},{\"@type\":\"BreadcrumbList\",\"@id\":\"https:\/\/narteks.net\/index.php\/2009\/11\/07\/gidiyoruz-tozlanmis-yureklerimizle\/#breadcrumb\",\"itemListElement\":[{\"@type\":\"ListItem\",\"position\":1,\"name\":\"Anasayfa\",\"item\":\"https:\/\/narteks.net\/\"},{\"@type\":\"ListItem\",\"position\":2,\"name\":\"G\u0130D\u0130YORUZ TOZLANMI\u015e Y\u00dcREKLER\u0130M\u0130ZLE\"}]},{\"@type\":\"WebSite\",\"@id\":\"https:\/\/narteks.net\/#website\",\"url\":\"https:\/\/narteks.net\/\",\"name\":\"narteks.net\",\"description\":\"K\u00fclt\u00fcr Sanat Edebiyat Felsefe\",\"publisher\":{\"@id\":\"https:\/\/narteks.net\/#organization\"},\"alternateName\":\"K\u00fclt\u00fcr Sanat Edebiyat Felsefe\",\"potentialAction\":[{\"@type\":\"SearchAction\",\"target\":{\"@type\":\"EntryPoint\",\"urlTemplate\":\"https:\/\/narteks.net\/?s={search_term_string}\"},\"query-input\":{\"@type\":\"PropertyValueSpecification\",\"valueRequired\":true,\"valueName\":\"search_term_string\"}}],\"inLanguage\":\"tr\"},{\"@type\":\"Organization\",\"@id\":\"https:\/\/narteks.net\/#organization\",\"name\":\"narteks.net\",\"url\":\"https:\/\/narteks.net\/\",\"logo\":{\"@type\":\"ImageObject\",\"inLanguage\":\"tr\",\"@id\":\"https:\/\/narteks.net\/#\/schema\/logo\/image\/\",\"url\":\"https:\/\/narteks.net\/wp-content\/uploads\/narteks.png\",\"contentUrl\":\"https:\/\/narteks.net\/wp-content\/uploads\/narteks.png\",\"width\":300,\"height\":90,\"caption\":\"narteks.net\"},\"image\":{\"@id\":\"https:\/\/narteks.net\/#\/schema\/logo\/image\/\"},\"sameAs\":[\"https:\/\/x.com\/narteks\",\"https:\/\/instagram.com\/narteksnet\"]},{\"@type\":\"Person\",\"@id\":\"https:\/\/narteks.net\/#\/schema\/person\/61f37d9834294b72d31d274e7ed79bca\",\"name\":\"Tar\u0131k\",\"image\":{\"@type\":\"ImageObject\",\"inLanguage\":\"tr\",\"@id\":\"https:\/\/narteks.net\/#\/schema\/person\/image\/\",\"url\":\"https:\/\/secure.gravatar.com\/avatar\/50865afb55632c4ae467e0af0930f6510aa2297d8014be502a55b14f3b7550cf?s=96&d=mm&r=g\",\"contentUrl\":\"https:\/\/secure.gravatar.com\/avatar\/50865afb55632c4ae467e0af0930f6510aa2297d8014be502a55b14f3b7550cf?s=96&d=mm&r=g\",\"caption\":\"Tar\u0131k\"},\"sameAs\":[\"http:\/\/narteks.net\"],\"url\":\"https:\/\/narteks.net\/index.php\/author\/narbak\/\"}]}<\/script>\n<!-- \/ Yoast SEO Premium plugin. -->","yoast_head_json":{"title":"G\u0130D\u0130YORUZ TOZLANMI\u015e Y\u00dcREKLER\u0130M\u0130ZLE - narteks.net","robots":{"index":"index","follow":"follow","max-snippet":"max-snippet:-1","max-image-preview":"max-image-preview:large","max-video-preview":"max-video-preview:-1"},"canonical":"https:\/\/narteks.net\/index.php\/2009\/11\/07\/gidiyoruz-tozlanmis-yureklerimizle\/","og_locale":"tr_TR","og_type":"article","og_title":"G\u0130D\u0130YORUZ TOZLANMI\u015e Y\u00dcREKLER\u0130M\u0130ZLE","og_description":"\u00a0 Gidiyoruz, tozlanm\u0131\u015f, onca yitiri\u015ftennicedir kat\u0131la\u015fm\u0131\u015f y\u00fcreklerimizle.Yaln\u0131z bizi dinlememeleri de\u011fil mesele,sa\u011f\u0131rla\u015fm\u0131\u015flar da \u00fcstelik, tozlanm\u0131\u015finlemeleri duyup yak\u0131namayacak kadar. \u015eark\u0131 s\u00f6yl\u00fcyoruz, ezgi y\u00fcre\u011fimizde.Oradan \u00e7\u0131kabildi\u011fi hi\u00e7 duyulmam\u0131\u015f.Yaln\u0131z arada bilenlere rastlan\u0131rm\u0131\u015f:Tutan olmam\u0131\u015ft\u0131 bizi, kalal\u0131m diye. Duyuyoruz. Paydos art\u0131k a\u011f\u0131rdan y\u00fcr\u00fcmeye.\u0130\u015fin sonu da kalmayacak yoksa.Ve \u00e7eviriyoruz g\u00f6zlerimizi Tanr\u0131ya:Al\u0131n terimizin kar\u015f\u0131l\u0131\u011f\u0131d\u0131r ayr\u0131l\u0131k! Ingeborg BACHMANN","og_url":"https:\/\/narteks.net\/index.php\/2009\/11\/07\/gidiyoruz-tozlanmis-yureklerimizle\/","og_site_name":"narteks.net","article_published_time":"2009-11-07T15:03:09+00:00","og_image":[{"width":300,"height":90,"url":"https:\/\/narteks.net\/wp-content\/uploads\/narteks.png","type":"image\/png"}],"author":"Tar\u0131k","twitter_card":"summary_large_image","twitter_creator":"@narteks","twitter_site":"@narteks","twitter_misc":{"Yazan:":"Tar\u0131k"},"schema":{"@context":"https:\/\/schema.org","@graph":[{"@type":"Article","@id":"https:\/\/narteks.net\/index.php\/2009\/11\/07\/gidiyoruz-tozlanmis-yureklerimizle\/#article","isPartOf":{"@id":"https:\/\/narteks.net\/index.php\/2009\/11\/07\/gidiyoruz-tozlanmis-yureklerimizle\/"},"author":{"name":"Tar\u0131k","@id":"https:\/\/narteks.net\/#\/schema\/person\/61f37d9834294b72d31d274e7ed79bca"},"headline":"G\u0130D\u0130YORUZ TOZLANMI\u015e Y\u00dcREKLER\u0130M\u0130ZLE","datePublished":"2009-11-07T15:03:09+00:00","mainEntityOfPage":{"@id":"https:\/\/narteks.net\/index.php\/2009\/11\/07\/gidiyoruz-tozlanmis-yureklerimizle\/"},"wordCount":95,"commentCount":0,"publisher":{"@id":"https:\/\/narteks.net\/#organization"},"articleSection":["\u0130ngeborg BACHMANN"],"inLanguage":"tr","potentialAction":[{"@type":"CommentAction","name":"Comment","target":["https:\/\/narteks.net\/index.php\/2009\/11\/07\/gidiyoruz-tozlanmis-yureklerimizle\/#respond"]}]},{"@type":"WebPage","@id":"https:\/\/narteks.net\/index.php\/2009\/11\/07\/gidiyoruz-tozlanmis-yureklerimizle\/","url":"https:\/\/narteks.net\/index.php\/2009\/11\/07\/gidiyoruz-tozlanmis-yureklerimizle\/","name":"G\u0130D\u0130YORUZ TOZLANMI\u015e Y\u00dcREKLER\u0130M\u0130ZLE - narteks.net","isPartOf":{"@id":"https:\/\/narteks.net\/#website"},"datePublished":"2009-11-07T15:03:09+00:00","breadcrumb":{"@id":"https:\/\/narteks.net\/index.php\/2009\/11\/07\/gidiyoruz-tozlanmis-yureklerimizle\/#breadcrumb"},"inLanguage":"tr","potentialAction":[{"@type":"ReadAction","target":["https:\/\/narteks.net\/index.php\/2009\/11\/07\/gidiyoruz-tozlanmis-yureklerimizle\/"]}]},{"@type":"BreadcrumbList","@id":"https:\/\/narteks.net\/index.php\/2009\/11\/07\/gidiyoruz-tozlanmis-yureklerimizle\/#breadcrumb","itemListElement":[{"@type":"ListItem","position":1,"name":"Anasayfa","item":"https:\/\/narteks.net\/"},{"@type":"ListItem","position":2,"name":"G\u0130D\u0130YORUZ TOZLANMI\u015e Y\u00dcREKLER\u0130M\u0130ZLE"}]},{"@type":"WebSite","@id":"https:\/\/narteks.net\/#website","url":"https:\/\/narteks.net\/","name":"narteks.net","description":"K\u00fclt\u00fcr Sanat Edebiyat Felsefe","publisher":{"@id":"https:\/\/narteks.net\/#organization"},"alternateName":"K\u00fclt\u00fcr Sanat Edebiyat Felsefe","potentialAction":[{"@type":"SearchAction","target":{"@type":"EntryPoint","urlTemplate":"https:\/\/narteks.net\/?s={search_term_string}"},"query-input":{"@type":"PropertyValueSpecification","valueRequired":true,"valueName":"search_term_string"}}],"inLanguage":"tr"},{"@type":"Organization","@id":"https:\/\/narteks.net\/#organization","name":"narteks.net","url":"https:\/\/narteks.net\/","logo":{"@type":"ImageObject","inLanguage":"tr","@id":"https:\/\/narteks.net\/#\/schema\/logo\/image\/","url":"https:\/\/narteks.net\/wp-content\/uploads\/narteks.png","contentUrl":"https:\/\/narteks.net\/wp-content\/uploads\/narteks.png","width":300,"height":90,"caption":"narteks.net"},"image":{"@id":"https:\/\/narteks.net\/#\/schema\/logo\/image\/"},"sameAs":["https:\/\/x.com\/narteks","https:\/\/instagram.com\/narteksnet"]},{"@type":"Person","@id":"https:\/\/narteks.net\/#\/schema\/person\/61f37d9834294b72d31d274e7ed79bca","name":"Tar\u0131k","image":{"@type":"ImageObject","inLanguage":"tr","@id":"https:\/\/narteks.net\/#\/schema\/person\/image\/","url":"https:\/\/secure.gravatar.com\/avatar\/50865afb55632c4ae467e0af0930f6510aa2297d8014be502a55b14f3b7550cf?s=96&d=mm&r=g","contentUrl":"https:\/\/secure.gravatar.com\/avatar\/50865afb55632c4ae467e0af0930f6510aa2297d8014be502a55b14f3b7550cf?s=96&d=mm&r=g","caption":"Tar\u0131k"},"sameAs":["http:\/\/narteks.net"],"url":"https:\/\/narteks.net\/index.php\/author\/narbak\/"}]}},"_links":{"self":[{"href":"https:\/\/narteks.net\/index.php\/wp-json\/wp\/v2\/posts\/1340","targetHints":{"allow":["GET"]}}],"collection":[{"href":"https:\/\/narteks.net\/index.php\/wp-json\/wp\/v2\/posts"}],"about":[{"href":"https:\/\/narteks.net\/index.php\/wp-json\/wp\/v2\/types\/post"}],"author":[{"embeddable":true,"href":"https:\/\/narteks.net\/index.php\/wp-json\/wp\/v2\/users\/1"}],"replies":[{"embeddable":true,"href":"https:\/\/narteks.net\/index.php\/wp-json\/wp\/v2\/comments?post=1340"}],"version-history":[{"count":0,"href":"https:\/\/narteks.net\/index.php\/wp-json\/wp\/v2\/posts\/1340\/revisions"}],"wp:attachment":[{"href":"https:\/\/narteks.net\/index.php\/wp-json\/wp\/v2\/media?parent=1340"}],"wp:term":[{"taxonomy":"category","embeddable":true,"href":"https:\/\/narteks.net\/index.php\/wp-json\/wp\/v2\/categories?post=1340"},{"taxonomy":"post_tag","embeddable":true,"href":"https:\/\/narteks.net\/index.php\/wp-json\/wp\/v2\/tags?post=1340"}],"curies":[{"name":"wp","href":"https:\/\/api.w.org\/{rel}","templated":true}]}}