{"id":1342,"date":"2009-11-07T18:04:22","date_gmt":"2009-11-07T15:04:22","guid":{"rendered":"http:\/\/localhost\/wordpress\/2009\/11\/07\/alacakaranlikta\/"},"modified":"2009-11-07T18:04:22","modified_gmt":"2009-11-07T15:04:22","slug":"alacakaranlikta","status":"publish","type":"post","link":"https:\/\/narteks.net\/index.php\/2009\/11\/07\/alacakaranlikta\/","title":{"rendered":"ALACAKARANLIKTA"},"content":{"rendered":"<p>\u00a0<\/p>\n<p>Yine ikimiz, koyuyoruz ellerimizi ate\u015fe,<br \/>sen nice zamand\u0131r y\u0131llanm\u0131\u015f gecenin \u015farab\u0131 a\u015fk\u0131na,<br \/>ben ise sabah\u0131n hi\u00e7 s\u0131k\u0131lmam\u0131\u015f p\u0131nar\u0131 u\u011fruna.<br \/>K\u00f6r\u00fck, g\u00fcvendi\u011fimiz ustas\u0131n\u0131 beklemekte.<\/p>\n<p>Keder yayd\u0131\u011f\u0131nda s\u0131cakl\u0131\u011f\u0131n\u0131, geliyor cam ustas\u0131.<br \/>Gidi\u015fi ortal\u0131k \u0131\u015f\u0131madan, geli\u015fi \u00e7a\u011f\u0131rmad\u0131n sen, hem de<br \/>ya\u015fl\u0131, akla\u015fm\u0131\u015f ka\u015flar\u0131m\u0131z\u0131n alacakaranl\u0131\u0131 kadar.<\/p>\n<p>Yine kur\u015fun d\u00f6kmekte g\u00f6z ya\u015flar\u0131n\u0131n kazan\u0131nda,<br \/>sana bir kadeh i\u00e7in &#8211; kutlamakt\u0131r \u00f6nemli olan yitirilmi\u015fi-<br \/>bana da isli cam k\u0131r\u0131klar\u0131m i\u00e7in &#8211; ate\u015fe sa\u00e7\u0131lmakta.<br \/>Ve sana kadeh kald\u0131r\u0131yorum, g\u00f6lgeleri \u00e7\u0131nlatarak.<\/p>\n<p>Anla\u015f\u0131l\u0131r \u015fimdi kimin \u00e7ekindi\u011fi,<br \/>ve kimin s\u00f6z\u00fcn\u00fc unuttu\u011fu. Sense<br \/>ne bilirsin, ne de istersin tan\u0131may\u0131,<br \/>kenardan i\u00e7ersin, serindir diye<br \/>ve ay\u0131k kal\u0131rs\u0131n, t\u0131pk\u0131 eskisi gibi,<br \/>\u00fcstelik belli ki, ka\u015flar\u0131n hala \u00e7\u0131kmakta!<\/p>\n<p>Bana gelince, bilincindeim ya\u015fad\u0131\u011f\u0131m<br \/>a\u015fk an\u0131n\u0131n, cam k\u0131r\u0131klar\u0131m sa\u00e7\u0131l\u0131p ate\u015fe,<br \/>yine o eski kur\u015funa d\u00f6n\u00fc\u015f\u00fcrken. Duran<br \/>benim merminin ard\u0131nda, hayal gibi,<br \/>yaln\u0131zca tek g\u00f6z\u00fc a\u00e7\u0131k, hedefinden emin,<br \/>ve s\u0131k\u0131yorum onu, sabah\u0131n ortas\u0131na.<\/p>\n<p>Ingeborg BACHMANN<\/p>\n","protected":false},"excerpt":{"rendered":"<p>\u00a0 Yine ikimiz, koyuyoruz ellerimizi ate\u015fe,sen nice zamand\u0131r y\u0131llanm\u0131\u015f gecenin \u015farab\u0131 a\u015fk\u0131na,ben ise sabah\u0131n hi\u00e7 s\u0131k\u0131lmam\u0131\u015f p\u0131nar\u0131 u\u011fruna.K\u00f6r\u00fck, g\u00fcvendi\u011fimiz ustas\u0131n\u0131 beklemekte. Keder yayd\u0131\u011f\u0131nda s\u0131cakl\u0131\u011f\u0131n\u0131, geliyor cam ustas\u0131.Gidi\u015fi ortal\u0131k \u0131\u015f\u0131madan, geli\u015fi \u00e7a\u011f\u0131rmad\u0131n sen, hem deya\u015fl\u0131, akla\u015fm\u0131\u015f ka\u015flar\u0131m\u0131z\u0131n alacakaranl\u0131\u0131 kadar. Yine kur\u015fun d\u00f6kmekte g\u00f6z ya\u015flar\u0131n\u0131n kazan\u0131nda,sana bir kadeh i\u00e7in &#8211; kutlamakt\u0131r \u00f6nemli olan yitirilmi\u015fi-bana da isli cam [&hellip;]<\/p>\n","protected":false},"author":1,"featured_media":0,"comment_status":"open","ping_status":"open","sticky":false,"template":"","format":"standard","meta":{"footnotes":""},"categories":[71],"tags":[],"class_list":{"0":"post-1342","1":"post","2":"type-post","3":"status-publish","4":"format-standard","6":"category-ingeborg-bachmann"},"yoast_head":"<!-- This site is optimized with the Yoast SEO Premium plugin v24.9 (Yoast SEO v24.9) - https:\/\/yoast.com\/wordpress\/plugins\/seo\/ -->\n<title>ALACAKARANLIKTA - narteks.net<\/title>\n<meta name=\"robots\" content=\"index, follow, max-snippet:-1, max-image-preview:large, max-video-preview:-1\" \/>\n<link rel=\"canonical\" href=\"https:\/\/narteks.net\/index.php\/2009\/11\/07\/alacakaranlikta\/\" \/>\n<meta property=\"og:locale\" content=\"tr_TR\" \/>\n<meta property=\"og:type\" content=\"article\" \/>\n<meta property=\"og:title\" content=\"ALACAKARANLIKTA\" \/>\n<meta property=\"og:description\" content=\"\u00a0 Yine ikimiz, koyuyoruz ellerimizi ate\u015fe,sen nice zamand\u0131r y\u0131llanm\u0131\u015f gecenin \u015farab\u0131 a\u015fk\u0131na,ben ise sabah\u0131n hi\u00e7 s\u0131k\u0131lmam\u0131\u015f p\u0131nar\u0131 u\u011fruna.K\u00f6r\u00fck, g\u00fcvendi\u011fimiz ustas\u0131n\u0131 beklemekte. Keder yayd\u0131\u011f\u0131nda s\u0131cakl\u0131\u011f\u0131n\u0131, geliyor cam ustas\u0131.Gidi\u015fi ortal\u0131k \u0131\u015f\u0131madan, geli\u015fi \u00e7a\u011f\u0131rmad\u0131n sen, hem deya\u015fl\u0131, akla\u015fm\u0131\u015f ka\u015flar\u0131m\u0131z\u0131n alacakaranl\u0131\u0131 kadar. Yine kur\u015fun d\u00f6kmekte g\u00f6z ya\u015flar\u0131n\u0131n kazan\u0131nda,sana bir kadeh i\u00e7in &#8211; kutlamakt\u0131r \u00f6nemli olan yitirilmi\u015fi-bana da isli cam [&hellip;]\" \/>\n<meta property=\"og:url\" content=\"https:\/\/narteks.net\/index.php\/2009\/11\/07\/alacakaranlikta\/\" \/>\n<meta property=\"og:site_name\" content=\"narteks.net\" \/>\n<meta property=\"article:published_time\" content=\"2009-11-07T15:04:22+00:00\" \/>\n<meta property=\"og:image\" content=\"https:\/\/narteks.net\/wp-content\/uploads\/narteks.png\" \/>\n\t<meta property=\"og:image:width\" content=\"300\" \/>\n\t<meta property=\"og:image:height\" content=\"90\" \/>\n\t<meta property=\"og:image:type\" content=\"image\/png\" \/>\n<meta name=\"author\" content=\"Tar\u0131k\" \/>\n<meta name=\"twitter:card\" content=\"summary_large_image\" \/>\n<meta name=\"twitter:creator\" content=\"@narteks\" \/>\n<meta name=\"twitter:site\" content=\"@narteks\" \/>\n<meta name=\"twitter:label1\" content=\"Yazan:\" \/>\n\t<meta name=\"twitter:data1\" content=\"Tar\u0131k\" \/>\n\t<meta name=\"twitter:label2\" content=\"Tahmini okuma s\u00fcresi\" \/>\n\t<meta name=\"twitter:data2\" content=\"1 dakika\" \/>\n<script type=\"application\/ld+json\" class=\"yoast-schema-graph\">{\"@context\":\"https:\/\/schema.org\",\"@graph\":[{\"@type\":\"Article\",\"@id\":\"https:\/\/narteks.net\/index.php\/2009\/11\/07\/alacakaranlikta\/#article\",\"isPartOf\":{\"@id\":\"https:\/\/narteks.net\/index.php\/2009\/11\/07\/alacakaranlikta\/\"},\"author\":{\"name\":\"Tar\u0131k\",\"@id\":\"https:\/\/narteks.net\/#\/schema\/person\/61f37d9834294b72d31d274e7ed79bca\"},\"headline\":\"ALACAKARANLIKTA\",\"datePublished\":\"2009-11-07T15:04:22+00:00\",\"mainEntityOfPage\":{\"@id\":\"https:\/\/narteks.net\/index.php\/2009\/11\/07\/alacakaranlikta\/\"},\"wordCount\":216,\"commentCount\":0,\"publisher\":{\"@id\":\"https:\/\/narteks.net\/#organization\"},\"articleSection\":[\"\u0130ngeborg BACHMANN\"],\"inLanguage\":\"tr\",\"potentialAction\":[{\"@type\":\"CommentAction\",\"name\":\"Comment\",\"target\":[\"https:\/\/narteks.net\/index.php\/2009\/11\/07\/alacakaranlikta\/#respond\"]}]},{\"@type\":\"WebPage\",\"@id\":\"https:\/\/narteks.net\/index.php\/2009\/11\/07\/alacakaranlikta\/\",\"url\":\"https:\/\/narteks.net\/index.php\/2009\/11\/07\/alacakaranlikta\/\",\"name\":\"ALACAKARANLIKTA - narteks.net\",\"isPartOf\":{\"@id\":\"https:\/\/narteks.net\/#website\"},\"datePublished\":\"2009-11-07T15:04:22+00:00\",\"breadcrumb\":{\"@id\":\"https:\/\/narteks.net\/index.php\/2009\/11\/07\/alacakaranlikta\/#breadcrumb\"},\"inLanguage\":\"tr\",\"potentialAction\":[{\"@type\":\"ReadAction\",\"target\":[\"https:\/\/narteks.net\/index.php\/2009\/11\/07\/alacakaranlikta\/\"]}]},{\"@type\":\"BreadcrumbList\",\"@id\":\"https:\/\/narteks.net\/index.php\/2009\/11\/07\/alacakaranlikta\/#breadcrumb\",\"itemListElement\":[{\"@type\":\"ListItem\",\"position\":1,\"name\":\"Anasayfa\",\"item\":\"https:\/\/narteks.net\/\"},{\"@type\":\"ListItem\",\"position\":2,\"name\":\"ALACAKARANLIKTA\"}]},{\"@type\":\"WebSite\",\"@id\":\"https:\/\/narteks.net\/#website\",\"url\":\"https:\/\/narteks.net\/\",\"name\":\"narteks.net\",\"description\":\"K\u00fclt\u00fcr Sanat Edebiyat Felsefe\",\"publisher\":{\"@id\":\"https:\/\/narteks.net\/#organization\"},\"alternateName\":\"K\u00fclt\u00fcr Sanat Edebiyat Felsefe\",\"potentialAction\":[{\"@type\":\"SearchAction\",\"target\":{\"@type\":\"EntryPoint\",\"urlTemplate\":\"https:\/\/narteks.net\/?s={search_term_string}\"},\"query-input\":{\"@type\":\"PropertyValueSpecification\",\"valueRequired\":true,\"valueName\":\"search_term_string\"}}],\"inLanguage\":\"tr\"},{\"@type\":\"Organization\",\"@id\":\"https:\/\/narteks.net\/#organization\",\"name\":\"narteks.net\",\"url\":\"https:\/\/narteks.net\/\",\"logo\":{\"@type\":\"ImageObject\",\"inLanguage\":\"tr\",\"@id\":\"https:\/\/narteks.net\/#\/schema\/logo\/image\/\",\"url\":\"https:\/\/narteks.net\/wp-content\/uploads\/narteks.png\",\"contentUrl\":\"https:\/\/narteks.net\/wp-content\/uploads\/narteks.png\",\"width\":300,\"height\":90,\"caption\":\"narteks.net\"},\"image\":{\"@id\":\"https:\/\/narteks.net\/#\/schema\/logo\/image\/\"},\"sameAs\":[\"https:\/\/x.com\/narteks\",\"https:\/\/instagram.com\/narteksnet\"]},{\"@type\":\"Person\",\"@id\":\"https:\/\/narteks.net\/#\/schema\/person\/61f37d9834294b72d31d274e7ed79bca\",\"name\":\"Tar\u0131k\",\"image\":{\"@type\":\"ImageObject\",\"inLanguage\":\"tr\",\"@id\":\"https:\/\/narteks.net\/#\/schema\/person\/image\/\",\"url\":\"https:\/\/secure.gravatar.com\/avatar\/50865afb55632c4ae467e0af0930f6510aa2297d8014be502a55b14f3b7550cf?s=96&d=mm&r=g\",\"contentUrl\":\"https:\/\/secure.gravatar.com\/avatar\/50865afb55632c4ae467e0af0930f6510aa2297d8014be502a55b14f3b7550cf?s=96&d=mm&r=g\",\"caption\":\"Tar\u0131k\"},\"sameAs\":[\"http:\/\/narteks.net\"],\"url\":\"https:\/\/narteks.net\/index.php\/author\/narbak\/\"}]}<\/script>\n<!-- \/ Yoast SEO Premium plugin. -->","yoast_head_json":{"title":"ALACAKARANLIKTA - narteks.net","robots":{"index":"index","follow":"follow","max-snippet":"max-snippet:-1","max-image-preview":"max-image-preview:large","max-video-preview":"max-video-preview:-1"},"canonical":"https:\/\/narteks.net\/index.php\/2009\/11\/07\/alacakaranlikta\/","og_locale":"tr_TR","og_type":"article","og_title":"ALACAKARANLIKTA","og_description":"\u00a0 Yine ikimiz, koyuyoruz ellerimizi ate\u015fe,sen nice zamand\u0131r y\u0131llanm\u0131\u015f gecenin \u015farab\u0131 a\u015fk\u0131na,ben ise sabah\u0131n hi\u00e7 s\u0131k\u0131lmam\u0131\u015f p\u0131nar\u0131 u\u011fruna.K\u00f6r\u00fck, g\u00fcvendi\u011fimiz ustas\u0131n\u0131 beklemekte. Keder yayd\u0131\u011f\u0131nda s\u0131cakl\u0131\u011f\u0131n\u0131, geliyor cam ustas\u0131.Gidi\u015fi ortal\u0131k \u0131\u015f\u0131madan, geli\u015fi \u00e7a\u011f\u0131rmad\u0131n sen, hem deya\u015fl\u0131, akla\u015fm\u0131\u015f ka\u015flar\u0131m\u0131z\u0131n alacakaranl\u0131\u0131 kadar. Yine kur\u015fun d\u00f6kmekte g\u00f6z ya\u015flar\u0131n\u0131n kazan\u0131nda,sana bir kadeh i\u00e7in &#8211; kutlamakt\u0131r \u00f6nemli olan yitirilmi\u015fi-bana da isli cam [&hellip;]","og_url":"https:\/\/narteks.net\/index.php\/2009\/11\/07\/alacakaranlikta\/","og_site_name":"narteks.net","article_published_time":"2009-11-07T15:04:22+00:00","og_image":[{"width":300,"height":90,"url":"https:\/\/narteks.net\/wp-content\/uploads\/narteks.png","type":"image\/png"}],"author":"Tar\u0131k","twitter_card":"summary_large_image","twitter_creator":"@narteks","twitter_site":"@narteks","twitter_misc":{"Yazan:":"Tar\u0131k","Tahmini okuma s\u00fcresi":"1 dakika"},"schema":{"@context":"https:\/\/schema.org","@graph":[{"@type":"Article","@id":"https:\/\/narteks.net\/index.php\/2009\/11\/07\/alacakaranlikta\/#article","isPartOf":{"@id":"https:\/\/narteks.net\/index.php\/2009\/11\/07\/alacakaranlikta\/"},"author":{"name":"Tar\u0131k","@id":"https:\/\/narteks.net\/#\/schema\/person\/61f37d9834294b72d31d274e7ed79bca"},"headline":"ALACAKARANLIKTA","datePublished":"2009-11-07T15:04:22+00:00","mainEntityOfPage":{"@id":"https:\/\/narteks.net\/index.php\/2009\/11\/07\/alacakaranlikta\/"},"wordCount":216,"commentCount":0,"publisher":{"@id":"https:\/\/narteks.net\/#organization"},"articleSection":["\u0130ngeborg BACHMANN"],"inLanguage":"tr","potentialAction":[{"@type":"CommentAction","name":"Comment","target":["https:\/\/narteks.net\/index.php\/2009\/11\/07\/alacakaranlikta\/#respond"]}]},{"@type":"WebPage","@id":"https:\/\/narteks.net\/index.php\/2009\/11\/07\/alacakaranlikta\/","url":"https:\/\/narteks.net\/index.php\/2009\/11\/07\/alacakaranlikta\/","name":"ALACAKARANLIKTA - narteks.net","isPartOf":{"@id":"https:\/\/narteks.net\/#website"},"datePublished":"2009-11-07T15:04:22+00:00","breadcrumb":{"@id":"https:\/\/narteks.net\/index.php\/2009\/11\/07\/alacakaranlikta\/#breadcrumb"},"inLanguage":"tr","potentialAction":[{"@type":"ReadAction","target":["https:\/\/narteks.net\/index.php\/2009\/11\/07\/alacakaranlikta\/"]}]},{"@type":"BreadcrumbList","@id":"https:\/\/narteks.net\/index.php\/2009\/11\/07\/alacakaranlikta\/#breadcrumb","itemListElement":[{"@type":"ListItem","position":1,"name":"Anasayfa","item":"https:\/\/narteks.net\/"},{"@type":"ListItem","position":2,"name":"ALACAKARANLIKTA"}]},{"@type":"WebSite","@id":"https:\/\/narteks.net\/#website","url":"https:\/\/narteks.net\/","name":"narteks.net","description":"K\u00fclt\u00fcr Sanat Edebiyat Felsefe","publisher":{"@id":"https:\/\/narteks.net\/#organization"},"alternateName":"K\u00fclt\u00fcr Sanat Edebiyat Felsefe","potentialAction":[{"@type":"SearchAction","target":{"@type":"EntryPoint","urlTemplate":"https:\/\/narteks.net\/?s={search_term_string}"},"query-input":{"@type":"PropertyValueSpecification","valueRequired":true,"valueName":"search_term_string"}}],"inLanguage":"tr"},{"@type":"Organization","@id":"https:\/\/narteks.net\/#organization","name":"narteks.net","url":"https:\/\/narteks.net\/","logo":{"@type":"ImageObject","inLanguage":"tr","@id":"https:\/\/narteks.net\/#\/schema\/logo\/image\/","url":"https:\/\/narteks.net\/wp-content\/uploads\/narteks.png","contentUrl":"https:\/\/narteks.net\/wp-content\/uploads\/narteks.png","width":300,"height":90,"caption":"narteks.net"},"image":{"@id":"https:\/\/narteks.net\/#\/schema\/logo\/image\/"},"sameAs":["https:\/\/x.com\/narteks","https:\/\/instagram.com\/narteksnet"]},{"@type":"Person","@id":"https:\/\/narteks.net\/#\/schema\/person\/61f37d9834294b72d31d274e7ed79bca","name":"Tar\u0131k","image":{"@type":"ImageObject","inLanguage":"tr","@id":"https:\/\/narteks.net\/#\/schema\/person\/image\/","url":"https:\/\/secure.gravatar.com\/avatar\/50865afb55632c4ae467e0af0930f6510aa2297d8014be502a55b14f3b7550cf?s=96&d=mm&r=g","contentUrl":"https:\/\/secure.gravatar.com\/avatar\/50865afb55632c4ae467e0af0930f6510aa2297d8014be502a55b14f3b7550cf?s=96&d=mm&r=g","caption":"Tar\u0131k"},"sameAs":["http:\/\/narteks.net"],"url":"https:\/\/narteks.net\/index.php\/author\/narbak\/"}]}},"_links":{"self":[{"href":"https:\/\/narteks.net\/index.php\/wp-json\/wp\/v2\/posts\/1342","targetHints":{"allow":["GET"]}}],"collection":[{"href":"https:\/\/narteks.net\/index.php\/wp-json\/wp\/v2\/posts"}],"about":[{"href":"https:\/\/narteks.net\/index.php\/wp-json\/wp\/v2\/types\/post"}],"author":[{"embeddable":true,"href":"https:\/\/narteks.net\/index.php\/wp-json\/wp\/v2\/users\/1"}],"replies":[{"embeddable":true,"href":"https:\/\/narteks.net\/index.php\/wp-json\/wp\/v2\/comments?post=1342"}],"version-history":[{"count":0,"href":"https:\/\/narteks.net\/index.php\/wp-json\/wp\/v2\/posts\/1342\/revisions"}],"wp:attachment":[{"href":"https:\/\/narteks.net\/index.php\/wp-json\/wp\/v2\/media?parent=1342"}],"wp:term":[{"taxonomy":"category","embeddable":true,"href":"https:\/\/narteks.net\/index.php\/wp-json\/wp\/v2\/categories?post=1342"},{"taxonomy":"post_tag","embeddable":true,"href":"https:\/\/narteks.net\/index.php\/wp-json\/wp\/v2\/tags?post=1342"}],"curies":[{"name":"wp","href":"https:\/\/api.w.org\/{rel}","templated":true}]}}