{"id":1353,"date":"2009-11-07T19:03:20","date_gmt":"2009-11-07T16:03:20","guid":{"rendered":"http:\/\/localhost\/wordpress\/2009\/11\/07\/cirak-ve-olum\/"},"modified":"2009-11-07T19:03:20","modified_gmt":"2009-11-07T16:03:20","slug":"cirak-ve-olum","status":"publish","type":"post","link":"https:\/\/narteks.net\/index.php\/2009\/11\/07\/cirak-ve-olum\/","title":{"rendered":"\u00c7IRAK VE \u00d6L\u00dcM"},"content":{"rendered":"<p>\u00a0<\/p>\n<p>sahip kalk! ben senin y\u00fcz\u00fcn\u00fcn ink\u00e2r\u0131y\u0131m i\u015fte!<br \/>zaman\u0131n astar\u0131yla ete\u011fini \u00f6penlerden de\u011filim<br \/>h\u0131rkana bek\u00e7ilik etmek i\u00e7in gelmedim taht\u0131na<br \/>ben ruhumun suyuyla g\u00f6vdemin g\u00fcllerini<br \/>g\u00f6zlerimin denizine indirirken \u00f6lenlerdenim!<br \/>i\u015fte bu, m\u00fcrekkebin m\u00fchr\u00fcnden oyulmu\u015f harfimdir!<br \/>git! ellerimin kuyusuna inecek bir ben getir bana<br \/>tahamm\u00fcl taht\u0131ndan indir \u00fcst\u00fcmdeki leh\u00e7eyi<br \/>bana derisi y\u00fcz\u00fclm\u00fc\u015f dizeler getir bana nes\u00eemi<br \/>bana ey sefil selef! bana halef zehri ver hadi!<br \/>\u00e7\u0131kmak istiyorum dilinin \u00e7arm\u0131h\u0131na \u00e7ak\u0131l\u0131 bu odadan!<\/p>\n<p>Veysi ERDO\u011eAN<\/p>\n","protected":false},"excerpt":{"rendered":"<p>\u00a0 sahip kalk! ben senin y\u00fcz\u00fcn\u00fcn ink\u00e2r\u0131y\u0131m i\u015fte!zaman\u0131n astar\u0131yla ete\u011fini \u00f6penlerden de\u011filimh\u0131rkana bek\u00e7ilik etmek i\u00e7in gelmedim taht\u0131naben ruhumun suyuyla g\u00f6vdemin g\u00fcllerinig\u00f6zlerimin denizine indirirken \u00f6lenlerdenim!i\u015fte bu, m\u00fcrekkebin m\u00fchr\u00fcnden oyulmu\u015f harfimdir!git! ellerimin kuyusuna inecek bir ben getir banatahamm\u00fcl taht\u0131ndan indir \u00fcst\u00fcmdeki leh\u00e7eyibana derisi y\u00fcz\u00fclm\u00fc\u015f dizeler getir bana nes\u00eemibana ey sefil selef! bana halef zehri ver hadi!\u00e7\u0131kmak istiyorum [&hellip;]<\/p>\n","protected":false},"author":1,"featured_media":0,"comment_status":"open","ping_status":"open","sticky":false,"template":"","format":"standard","meta":{"footnotes":""},"categories":[72],"tags":[],"class_list":{"0":"post-1353","1":"post","2":"type-post","3":"status-publish","4":"format-standard","6":"category-veysi-erdogan"},"yoast_head":"<!-- This site is optimized with the Yoast SEO Premium plugin v24.9 (Yoast SEO v24.9) - https:\/\/yoast.com\/wordpress\/plugins\/seo\/ -->\n<title>\u00c7IRAK VE \u00d6L\u00dcM - narteks.net<\/title>\n<meta name=\"robots\" content=\"index, follow, max-snippet:-1, max-image-preview:large, max-video-preview:-1\" \/>\n<link rel=\"canonical\" href=\"https:\/\/narteks.net\/index.php\/2009\/11\/07\/cirak-ve-olum\/\" \/>\n<meta property=\"og:locale\" content=\"tr_TR\" \/>\n<meta property=\"og:type\" content=\"article\" \/>\n<meta property=\"og:title\" content=\"\u00c7IRAK VE \u00d6L\u00dcM\" \/>\n<meta property=\"og:description\" content=\"\u00a0 sahip kalk! ben senin y\u00fcz\u00fcn\u00fcn ink\u00e2r\u0131y\u0131m i\u015fte!zaman\u0131n astar\u0131yla ete\u011fini \u00f6penlerden de\u011filimh\u0131rkana bek\u00e7ilik etmek i\u00e7in gelmedim taht\u0131naben ruhumun suyuyla g\u00f6vdemin g\u00fcllerinig\u00f6zlerimin denizine indirirken \u00f6lenlerdenim!i\u015fte bu, m\u00fcrekkebin m\u00fchr\u00fcnden oyulmu\u015f harfimdir!git! ellerimin kuyusuna inecek bir ben getir banatahamm\u00fcl taht\u0131ndan indir \u00fcst\u00fcmdeki leh\u00e7eyibana derisi y\u00fcz\u00fclm\u00fc\u015f dizeler getir bana nes\u00eemibana ey sefil selef! bana halef zehri ver hadi!\u00e7\u0131kmak istiyorum [&hellip;]\" \/>\n<meta property=\"og:url\" content=\"https:\/\/narteks.net\/index.php\/2009\/11\/07\/cirak-ve-olum\/\" \/>\n<meta property=\"og:site_name\" content=\"narteks.net\" \/>\n<meta property=\"article:published_time\" content=\"2009-11-07T16:03:20+00:00\" \/>\n<meta property=\"og:image\" content=\"https:\/\/narteks.net\/wp-content\/uploads\/narteks.png\" \/>\n\t<meta property=\"og:image:width\" content=\"300\" \/>\n\t<meta property=\"og:image:height\" content=\"90\" \/>\n\t<meta property=\"og:image:type\" content=\"image\/png\" \/>\n<meta name=\"author\" content=\"Tar\u0131k\" \/>\n<meta name=\"twitter:card\" content=\"summary_large_image\" \/>\n<meta name=\"twitter:creator\" content=\"@narteks\" \/>\n<meta name=\"twitter:site\" content=\"@narteks\" \/>\n<meta name=\"twitter:label1\" content=\"Yazan:\" \/>\n\t<meta name=\"twitter:data1\" content=\"Tar\u0131k\" \/>\n<script type=\"application\/ld+json\" class=\"yoast-schema-graph\">{\"@context\":\"https:\/\/schema.org\",\"@graph\":[{\"@type\":\"Article\",\"@id\":\"https:\/\/narteks.net\/index.php\/2009\/11\/07\/cirak-ve-olum\/#article\",\"isPartOf\":{\"@id\":\"https:\/\/narteks.net\/index.php\/2009\/11\/07\/cirak-ve-olum\/\"},\"author\":{\"name\":\"Tar\u0131k\",\"@id\":\"https:\/\/narteks.net\/#\/schema\/person\/61f37d9834294b72d31d274e7ed79bca\"},\"headline\":\"\u00c7IRAK VE \u00d6L\u00dcM\",\"datePublished\":\"2009-11-07T16:03:20+00:00\",\"mainEntityOfPage\":{\"@id\":\"https:\/\/narteks.net\/index.php\/2009\/11\/07\/cirak-ve-olum\/\"},\"wordCount\":102,\"commentCount\":0,\"publisher\":{\"@id\":\"https:\/\/narteks.net\/#organization\"},\"articleSection\":[\"Veysi ERDO\u011eAN\"],\"inLanguage\":\"tr\",\"potentialAction\":[{\"@type\":\"CommentAction\",\"name\":\"Comment\",\"target\":[\"https:\/\/narteks.net\/index.php\/2009\/11\/07\/cirak-ve-olum\/#respond\"]}]},{\"@type\":\"WebPage\",\"@id\":\"https:\/\/narteks.net\/index.php\/2009\/11\/07\/cirak-ve-olum\/\",\"url\":\"https:\/\/narteks.net\/index.php\/2009\/11\/07\/cirak-ve-olum\/\",\"name\":\"\u00c7IRAK VE \u00d6L\u00dcM - narteks.net\",\"isPartOf\":{\"@id\":\"https:\/\/narteks.net\/#website\"},\"datePublished\":\"2009-11-07T16:03:20+00:00\",\"breadcrumb\":{\"@id\":\"https:\/\/narteks.net\/index.php\/2009\/11\/07\/cirak-ve-olum\/#breadcrumb\"},\"inLanguage\":\"tr\",\"potentialAction\":[{\"@type\":\"ReadAction\",\"target\":[\"https:\/\/narteks.net\/index.php\/2009\/11\/07\/cirak-ve-olum\/\"]}]},{\"@type\":\"BreadcrumbList\",\"@id\":\"https:\/\/narteks.net\/index.php\/2009\/11\/07\/cirak-ve-olum\/#breadcrumb\",\"itemListElement\":[{\"@type\":\"ListItem\",\"position\":1,\"name\":\"Anasayfa\",\"item\":\"https:\/\/narteks.net\/\"},{\"@type\":\"ListItem\",\"position\":2,\"name\":\"\u00c7IRAK VE \u00d6L\u00dcM\"}]},{\"@type\":\"WebSite\",\"@id\":\"https:\/\/narteks.net\/#website\",\"url\":\"https:\/\/narteks.net\/\",\"name\":\"narteks.net\",\"description\":\"K\u00fclt\u00fcr Sanat Edebiyat Felsefe\",\"publisher\":{\"@id\":\"https:\/\/narteks.net\/#organization\"},\"alternateName\":\"K\u00fclt\u00fcr Sanat Edebiyat Felsefe\",\"potentialAction\":[{\"@type\":\"SearchAction\",\"target\":{\"@type\":\"EntryPoint\",\"urlTemplate\":\"https:\/\/narteks.net\/?s={search_term_string}\"},\"query-input\":{\"@type\":\"PropertyValueSpecification\",\"valueRequired\":true,\"valueName\":\"search_term_string\"}}],\"inLanguage\":\"tr\"},{\"@type\":\"Organization\",\"@id\":\"https:\/\/narteks.net\/#organization\",\"name\":\"narteks.net\",\"url\":\"https:\/\/narteks.net\/\",\"logo\":{\"@type\":\"ImageObject\",\"inLanguage\":\"tr\",\"@id\":\"https:\/\/narteks.net\/#\/schema\/logo\/image\/\",\"url\":\"https:\/\/narteks.net\/wp-content\/uploads\/narteks.png\",\"contentUrl\":\"https:\/\/narteks.net\/wp-content\/uploads\/narteks.png\",\"width\":300,\"height\":90,\"caption\":\"narteks.net\"},\"image\":{\"@id\":\"https:\/\/narteks.net\/#\/schema\/logo\/image\/\"},\"sameAs\":[\"https:\/\/x.com\/narteks\",\"https:\/\/instagram.com\/narteksnet\"]},{\"@type\":\"Person\",\"@id\":\"https:\/\/narteks.net\/#\/schema\/person\/61f37d9834294b72d31d274e7ed79bca\",\"name\":\"Tar\u0131k\",\"image\":{\"@type\":\"ImageObject\",\"inLanguage\":\"tr\",\"@id\":\"https:\/\/narteks.net\/#\/schema\/person\/image\/\",\"url\":\"https:\/\/secure.gravatar.com\/avatar\/50865afb55632c4ae467e0af0930f6510aa2297d8014be502a55b14f3b7550cf?s=96&d=mm&r=g\",\"contentUrl\":\"https:\/\/secure.gravatar.com\/avatar\/50865afb55632c4ae467e0af0930f6510aa2297d8014be502a55b14f3b7550cf?s=96&d=mm&r=g\",\"caption\":\"Tar\u0131k\"},\"sameAs\":[\"http:\/\/narteks.net\"],\"url\":\"https:\/\/narteks.net\/index.php\/author\/narbak\/\"}]}<\/script>\n<!-- \/ Yoast SEO Premium plugin. -->","yoast_head_json":{"title":"\u00c7IRAK VE \u00d6L\u00dcM - narteks.net","robots":{"index":"index","follow":"follow","max-snippet":"max-snippet:-1","max-image-preview":"max-image-preview:large","max-video-preview":"max-video-preview:-1"},"canonical":"https:\/\/narteks.net\/index.php\/2009\/11\/07\/cirak-ve-olum\/","og_locale":"tr_TR","og_type":"article","og_title":"\u00c7IRAK VE \u00d6L\u00dcM","og_description":"\u00a0 sahip kalk! ben senin y\u00fcz\u00fcn\u00fcn ink\u00e2r\u0131y\u0131m i\u015fte!zaman\u0131n astar\u0131yla ete\u011fini \u00f6penlerden de\u011filimh\u0131rkana bek\u00e7ilik etmek i\u00e7in gelmedim taht\u0131naben ruhumun suyuyla g\u00f6vdemin g\u00fcllerinig\u00f6zlerimin denizine indirirken \u00f6lenlerdenim!i\u015fte bu, m\u00fcrekkebin m\u00fchr\u00fcnden oyulmu\u015f harfimdir!git! ellerimin kuyusuna inecek bir ben getir banatahamm\u00fcl taht\u0131ndan indir \u00fcst\u00fcmdeki leh\u00e7eyibana derisi y\u00fcz\u00fclm\u00fc\u015f dizeler getir bana nes\u00eemibana ey sefil selef! bana halef zehri ver hadi!\u00e7\u0131kmak istiyorum [&hellip;]","og_url":"https:\/\/narteks.net\/index.php\/2009\/11\/07\/cirak-ve-olum\/","og_site_name":"narteks.net","article_published_time":"2009-11-07T16:03:20+00:00","og_image":[{"width":300,"height":90,"url":"https:\/\/narteks.net\/wp-content\/uploads\/narteks.png","type":"image\/png"}],"author":"Tar\u0131k","twitter_card":"summary_large_image","twitter_creator":"@narteks","twitter_site":"@narteks","twitter_misc":{"Yazan:":"Tar\u0131k"},"schema":{"@context":"https:\/\/schema.org","@graph":[{"@type":"Article","@id":"https:\/\/narteks.net\/index.php\/2009\/11\/07\/cirak-ve-olum\/#article","isPartOf":{"@id":"https:\/\/narteks.net\/index.php\/2009\/11\/07\/cirak-ve-olum\/"},"author":{"name":"Tar\u0131k","@id":"https:\/\/narteks.net\/#\/schema\/person\/61f37d9834294b72d31d274e7ed79bca"},"headline":"\u00c7IRAK VE \u00d6L\u00dcM","datePublished":"2009-11-07T16:03:20+00:00","mainEntityOfPage":{"@id":"https:\/\/narteks.net\/index.php\/2009\/11\/07\/cirak-ve-olum\/"},"wordCount":102,"commentCount":0,"publisher":{"@id":"https:\/\/narteks.net\/#organization"},"articleSection":["Veysi ERDO\u011eAN"],"inLanguage":"tr","potentialAction":[{"@type":"CommentAction","name":"Comment","target":["https:\/\/narteks.net\/index.php\/2009\/11\/07\/cirak-ve-olum\/#respond"]}]},{"@type":"WebPage","@id":"https:\/\/narteks.net\/index.php\/2009\/11\/07\/cirak-ve-olum\/","url":"https:\/\/narteks.net\/index.php\/2009\/11\/07\/cirak-ve-olum\/","name":"\u00c7IRAK VE \u00d6L\u00dcM - narteks.net","isPartOf":{"@id":"https:\/\/narteks.net\/#website"},"datePublished":"2009-11-07T16:03:20+00:00","breadcrumb":{"@id":"https:\/\/narteks.net\/index.php\/2009\/11\/07\/cirak-ve-olum\/#breadcrumb"},"inLanguage":"tr","potentialAction":[{"@type":"ReadAction","target":["https:\/\/narteks.net\/index.php\/2009\/11\/07\/cirak-ve-olum\/"]}]},{"@type":"BreadcrumbList","@id":"https:\/\/narteks.net\/index.php\/2009\/11\/07\/cirak-ve-olum\/#breadcrumb","itemListElement":[{"@type":"ListItem","position":1,"name":"Anasayfa","item":"https:\/\/narteks.net\/"},{"@type":"ListItem","position":2,"name":"\u00c7IRAK VE \u00d6L\u00dcM"}]},{"@type":"WebSite","@id":"https:\/\/narteks.net\/#website","url":"https:\/\/narteks.net\/","name":"narteks.net","description":"K\u00fclt\u00fcr Sanat Edebiyat Felsefe","publisher":{"@id":"https:\/\/narteks.net\/#organization"},"alternateName":"K\u00fclt\u00fcr Sanat Edebiyat Felsefe","potentialAction":[{"@type":"SearchAction","target":{"@type":"EntryPoint","urlTemplate":"https:\/\/narteks.net\/?s={search_term_string}"},"query-input":{"@type":"PropertyValueSpecification","valueRequired":true,"valueName":"search_term_string"}}],"inLanguage":"tr"},{"@type":"Organization","@id":"https:\/\/narteks.net\/#organization","name":"narteks.net","url":"https:\/\/narteks.net\/","logo":{"@type":"ImageObject","inLanguage":"tr","@id":"https:\/\/narteks.net\/#\/schema\/logo\/image\/","url":"https:\/\/narteks.net\/wp-content\/uploads\/narteks.png","contentUrl":"https:\/\/narteks.net\/wp-content\/uploads\/narteks.png","width":300,"height":90,"caption":"narteks.net"},"image":{"@id":"https:\/\/narteks.net\/#\/schema\/logo\/image\/"},"sameAs":["https:\/\/x.com\/narteks","https:\/\/instagram.com\/narteksnet"]},{"@type":"Person","@id":"https:\/\/narteks.net\/#\/schema\/person\/61f37d9834294b72d31d274e7ed79bca","name":"Tar\u0131k","image":{"@type":"ImageObject","inLanguage":"tr","@id":"https:\/\/narteks.net\/#\/schema\/person\/image\/","url":"https:\/\/secure.gravatar.com\/avatar\/50865afb55632c4ae467e0af0930f6510aa2297d8014be502a55b14f3b7550cf?s=96&d=mm&r=g","contentUrl":"https:\/\/secure.gravatar.com\/avatar\/50865afb55632c4ae467e0af0930f6510aa2297d8014be502a55b14f3b7550cf?s=96&d=mm&r=g","caption":"Tar\u0131k"},"sameAs":["http:\/\/narteks.net"],"url":"https:\/\/narteks.net\/index.php\/author\/narbak\/"}]}},"_links":{"self":[{"href":"https:\/\/narteks.net\/index.php\/wp-json\/wp\/v2\/posts\/1353","targetHints":{"allow":["GET"]}}],"collection":[{"href":"https:\/\/narteks.net\/index.php\/wp-json\/wp\/v2\/posts"}],"about":[{"href":"https:\/\/narteks.net\/index.php\/wp-json\/wp\/v2\/types\/post"}],"author":[{"embeddable":true,"href":"https:\/\/narteks.net\/index.php\/wp-json\/wp\/v2\/users\/1"}],"replies":[{"embeddable":true,"href":"https:\/\/narteks.net\/index.php\/wp-json\/wp\/v2\/comments?post=1353"}],"version-history":[{"count":0,"href":"https:\/\/narteks.net\/index.php\/wp-json\/wp\/v2\/posts\/1353\/revisions"}],"wp:attachment":[{"href":"https:\/\/narteks.net\/index.php\/wp-json\/wp\/v2\/media?parent=1353"}],"wp:term":[{"taxonomy":"category","embeddable":true,"href":"https:\/\/narteks.net\/index.php\/wp-json\/wp\/v2\/categories?post=1353"},{"taxonomy":"post_tag","embeddable":true,"href":"https:\/\/narteks.net\/index.php\/wp-json\/wp\/v2\/tags?post=1353"}],"curies":[{"name":"wp","href":"https:\/\/api.w.org\/{rel}","templated":true}]}}