{"id":1356,"date":"2009-11-07T19:05:38","date_gmt":"2009-11-07T16:05:38","guid":{"rendered":"http:\/\/localhost\/wordpress\/2009\/11\/07\/kilic-ve-kuyu\/"},"modified":"2009-11-07T19:05:38","modified_gmt":"2009-11-07T16:05:38","slug":"kilic-ve-kuyu","status":"publish","type":"post","link":"https:\/\/narteks.net\/index.php\/2009\/11\/07\/kilic-ve-kuyu\/","title":{"rendered":"KILI\u00c7 VE KUYU"},"content":{"rendered":"<p>\u00a0<\/p>\n<p>sabah\u0131n karartt\u0131\u011f\u0131 kuyuda kirlendi k\u0131l\u0131c\u0131m!<br \/>zaman\u0131n k\u0131y\u0131s\u0131na devrilen eksik bir g\u00f6lgeydim ben<br \/>herkesin kalbini seyretti\u011fi o sunakta sizi bekledim<br \/>siz i\u015faret parma\u011f\u0131n\u0131zdaki ak\u015famla geldiniz bana<br \/>ben g\u00f6zlerime dikti\u011fim beyazla sizi yendim!<br \/>gittik\u00e7e b\u00fcy\u00fcyen bir g\u00fcnaha y\u00fcr\u00fcyenim bu y\u00fczden!<br \/>y\u00fcz\u00fcm\u00fcn eskitti\u011fi her aynada benim izim var<br \/>ben zaman\u0131 utand\u0131ran adam\u0131m yani uyand\u0131ran<br \/>kim demi\u015f k\u0131l\u0131\u00e7 kimdeyse ceng\u00e2ver odur meydanda<br \/>i\u015fte o k\u00fcl yalan! i\u015fte o k\u00fcl ile yalan!<br \/>k\u0131l\u0131c\u0131m yok! aln\u0131n\u0131za okumaya geldim tufan!<\/p>\n<p>Veysi ERDO\u011eAN<\/p>\n","protected":false},"excerpt":{"rendered":"<p>\u00a0 sabah\u0131n karartt\u0131\u011f\u0131 kuyuda kirlendi k\u0131l\u0131c\u0131m!zaman\u0131n k\u0131y\u0131s\u0131na devrilen eksik bir g\u00f6lgeydim benherkesin kalbini seyretti\u011fi o sunakta sizi bekledimsiz i\u015faret parma\u011f\u0131n\u0131zdaki ak\u015famla geldiniz banaben g\u00f6zlerime dikti\u011fim beyazla sizi yendim!gittik\u00e7e b\u00fcy\u00fcyen bir g\u00fcnaha y\u00fcr\u00fcyenim bu y\u00fczden!y\u00fcz\u00fcm\u00fcn eskitti\u011fi her aynada benim izim varben zaman\u0131 utand\u0131ran adam\u0131m yani uyand\u0131rankim demi\u015f k\u0131l\u0131\u00e7 kimdeyse ceng\u00e2ver odur meydandai\u015fte o k\u00fcl yalan! i\u015fte [&hellip;]<\/p>\n","protected":false},"author":1,"featured_media":0,"comment_status":"open","ping_status":"open","sticky":false,"template":"","format":"standard","meta":{"footnotes":""},"categories":[72],"tags":[],"class_list":{"0":"post-1356","1":"post","2":"type-post","3":"status-publish","4":"format-standard","6":"category-veysi-erdogan"},"yoast_head":"<!-- This site is optimized with the Yoast SEO Premium plugin v24.9 (Yoast SEO v24.9) - https:\/\/yoast.com\/wordpress\/plugins\/seo\/ -->\n<title>KILI\u00c7 VE KUYU - narteks.net<\/title>\n<meta name=\"robots\" content=\"index, follow, max-snippet:-1, max-image-preview:large, max-video-preview:-1\" \/>\n<link rel=\"canonical\" href=\"https:\/\/narteks.net\/index.php\/2009\/11\/07\/kilic-ve-kuyu\/\" \/>\n<meta property=\"og:locale\" content=\"tr_TR\" \/>\n<meta property=\"og:type\" content=\"article\" \/>\n<meta property=\"og:title\" content=\"KILI\u00c7 VE KUYU\" \/>\n<meta property=\"og:description\" content=\"\u00a0 sabah\u0131n karartt\u0131\u011f\u0131 kuyuda kirlendi k\u0131l\u0131c\u0131m!zaman\u0131n k\u0131y\u0131s\u0131na devrilen eksik bir g\u00f6lgeydim benherkesin kalbini seyretti\u011fi o sunakta sizi bekledimsiz i\u015faret parma\u011f\u0131n\u0131zdaki ak\u015famla geldiniz banaben g\u00f6zlerime dikti\u011fim beyazla sizi yendim!gittik\u00e7e b\u00fcy\u00fcyen bir g\u00fcnaha y\u00fcr\u00fcyenim bu y\u00fczden!y\u00fcz\u00fcm\u00fcn eskitti\u011fi her aynada benim izim varben zaman\u0131 utand\u0131ran adam\u0131m yani uyand\u0131rankim demi\u015f k\u0131l\u0131\u00e7 kimdeyse ceng\u00e2ver odur meydandai\u015fte o k\u00fcl yalan! i\u015fte [&hellip;]\" \/>\n<meta property=\"og:url\" content=\"https:\/\/narteks.net\/index.php\/2009\/11\/07\/kilic-ve-kuyu\/\" \/>\n<meta property=\"og:site_name\" content=\"narteks.net\" \/>\n<meta property=\"article:published_time\" content=\"2009-11-07T16:05:38+00:00\" \/>\n<meta property=\"og:image\" content=\"https:\/\/narteks.net\/wp-content\/uploads\/narteks.png\" \/>\n\t<meta property=\"og:image:width\" content=\"300\" \/>\n\t<meta property=\"og:image:height\" content=\"90\" \/>\n\t<meta property=\"og:image:type\" content=\"image\/png\" \/>\n<meta name=\"author\" content=\"Tar\u0131k\" \/>\n<meta name=\"twitter:card\" content=\"summary_large_image\" \/>\n<meta name=\"twitter:creator\" content=\"@narteks\" \/>\n<meta name=\"twitter:site\" content=\"@narteks\" \/>\n<meta name=\"twitter:label1\" content=\"Yazan:\" \/>\n\t<meta name=\"twitter:data1\" content=\"Tar\u0131k\" \/>\n\t<meta name=\"twitter:label2\" content=\"Tahmini okuma s\u00fcresi\" \/>\n\t<meta name=\"twitter:data2\" content=\"1 dakika\" \/>\n<script type=\"application\/ld+json\" class=\"yoast-schema-graph\">{\"@context\":\"https:\/\/schema.org\",\"@graph\":[{\"@type\":\"Article\",\"@id\":\"https:\/\/narteks.net\/index.php\/2009\/11\/07\/kilic-ve-kuyu\/#article\",\"isPartOf\":{\"@id\":\"https:\/\/narteks.net\/index.php\/2009\/11\/07\/kilic-ve-kuyu\/\"},\"author\":{\"name\":\"Tar\u0131k\",\"@id\":\"https:\/\/narteks.net\/#\/schema\/person\/61f37d9834294b72d31d274e7ed79bca\"},\"headline\":\"KILI\u00c7 VE KUYU\",\"datePublished\":\"2009-11-07T16:05:38+00:00\",\"mainEntityOfPage\":{\"@id\":\"https:\/\/narteks.net\/index.php\/2009\/11\/07\/kilic-ve-kuyu\/\"},\"wordCount\":114,\"commentCount\":0,\"publisher\":{\"@id\":\"https:\/\/narteks.net\/#organization\"},\"articleSection\":[\"Veysi ERDO\u011eAN\"],\"inLanguage\":\"tr\",\"potentialAction\":[{\"@type\":\"CommentAction\",\"name\":\"Comment\",\"target\":[\"https:\/\/narteks.net\/index.php\/2009\/11\/07\/kilic-ve-kuyu\/#respond\"]}]},{\"@type\":\"WebPage\",\"@id\":\"https:\/\/narteks.net\/index.php\/2009\/11\/07\/kilic-ve-kuyu\/\",\"url\":\"https:\/\/narteks.net\/index.php\/2009\/11\/07\/kilic-ve-kuyu\/\",\"name\":\"KILI\u00c7 VE KUYU - narteks.net\",\"isPartOf\":{\"@id\":\"https:\/\/narteks.net\/#website\"},\"datePublished\":\"2009-11-07T16:05:38+00:00\",\"breadcrumb\":{\"@id\":\"https:\/\/narteks.net\/index.php\/2009\/11\/07\/kilic-ve-kuyu\/#breadcrumb\"},\"inLanguage\":\"tr\",\"potentialAction\":[{\"@type\":\"ReadAction\",\"target\":[\"https:\/\/narteks.net\/index.php\/2009\/11\/07\/kilic-ve-kuyu\/\"]}]},{\"@type\":\"BreadcrumbList\",\"@id\":\"https:\/\/narteks.net\/index.php\/2009\/11\/07\/kilic-ve-kuyu\/#breadcrumb\",\"itemListElement\":[{\"@type\":\"ListItem\",\"position\":1,\"name\":\"Anasayfa\",\"item\":\"https:\/\/narteks.net\/\"},{\"@type\":\"ListItem\",\"position\":2,\"name\":\"KILI\u00c7 VE KUYU\"}]},{\"@type\":\"WebSite\",\"@id\":\"https:\/\/narteks.net\/#website\",\"url\":\"https:\/\/narteks.net\/\",\"name\":\"narteks.net\",\"description\":\"K\u00fclt\u00fcr Sanat Edebiyat Felsefe\",\"publisher\":{\"@id\":\"https:\/\/narteks.net\/#organization\"},\"alternateName\":\"K\u00fclt\u00fcr Sanat Edebiyat Felsefe\",\"potentialAction\":[{\"@type\":\"SearchAction\",\"target\":{\"@type\":\"EntryPoint\",\"urlTemplate\":\"https:\/\/narteks.net\/?s={search_term_string}\"},\"query-input\":{\"@type\":\"PropertyValueSpecification\",\"valueRequired\":true,\"valueName\":\"search_term_string\"}}],\"inLanguage\":\"tr\"},{\"@type\":\"Organization\",\"@id\":\"https:\/\/narteks.net\/#organization\",\"name\":\"narteks.net\",\"url\":\"https:\/\/narteks.net\/\",\"logo\":{\"@type\":\"ImageObject\",\"inLanguage\":\"tr\",\"@id\":\"https:\/\/narteks.net\/#\/schema\/logo\/image\/\",\"url\":\"https:\/\/narteks.net\/wp-content\/uploads\/narteks.png\",\"contentUrl\":\"https:\/\/narteks.net\/wp-content\/uploads\/narteks.png\",\"width\":300,\"height\":90,\"caption\":\"narteks.net\"},\"image\":{\"@id\":\"https:\/\/narteks.net\/#\/schema\/logo\/image\/\"},\"sameAs\":[\"https:\/\/x.com\/narteks\",\"https:\/\/instagram.com\/narteksnet\"]},{\"@type\":\"Person\",\"@id\":\"https:\/\/narteks.net\/#\/schema\/person\/61f37d9834294b72d31d274e7ed79bca\",\"name\":\"Tar\u0131k\",\"image\":{\"@type\":\"ImageObject\",\"inLanguage\":\"tr\",\"@id\":\"https:\/\/narteks.net\/#\/schema\/person\/image\/\",\"url\":\"https:\/\/secure.gravatar.com\/avatar\/50865afb55632c4ae467e0af0930f6510aa2297d8014be502a55b14f3b7550cf?s=96&d=mm&r=g\",\"contentUrl\":\"https:\/\/secure.gravatar.com\/avatar\/50865afb55632c4ae467e0af0930f6510aa2297d8014be502a55b14f3b7550cf?s=96&d=mm&r=g\",\"caption\":\"Tar\u0131k\"},\"sameAs\":[\"http:\/\/narteks.net\"],\"url\":\"https:\/\/narteks.net\/index.php\/author\/narbak\/\"}]}<\/script>\n<!-- \/ Yoast SEO Premium plugin. -->","yoast_head_json":{"title":"KILI\u00c7 VE KUYU - narteks.net","robots":{"index":"index","follow":"follow","max-snippet":"max-snippet:-1","max-image-preview":"max-image-preview:large","max-video-preview":"max-video-preview:-1"},"canonical":"https:\/\/narteks.net\/index.php\/2009\/11\/07\/kilic-ve-kuyu\/","og_locale":"tr_TR","og_type":"article","og_title":"KILI\u00c7 VE KUYU","og_description":"\u00a0 sabah\u0131n karartt\u0131\u011f\u0131 kuyuda kirlendi k\u0131l\u0131c\u0131m!zaman\u0131n k\u0131y\u0131s\u0131na devrilen eksik bir g\u00f6lgeydim benherkesin kalbini seyretti\u011fi o sunakta sizi bekledimsiz i\u015faret parma\u011f\u0131n\u0131zdaki ak\u015famla geldiniz banaben g\u00f6zlerime dikti\u011fim beyazla sizi yendim!gittik\u00e7e b\u00fcy\u00fcyen bir g\u00fcnaha y\u00fcr\u00fcyenim bu y\u00fczden!y\u00fcz\u00fcm\u00fcn eskitti\u011fi her aynada benim izim varben zaman\u0131 utand\u0131ran adam\u0131m yani uyand\u0131rankim demi\u015f k\u0131l\u0131\u00e7 kimdeyse ceng\u00e2ver odur meydandai\u015fte o k\u00fcl yalan! i\u015fte [&hellip;]","og_url":"https:\/\/narteks.net\/index.php\/2009\/11\/07\/kilic-ve-kuyu\/","og_site_name":"narteks.net","article_published_time":"2009-11-07T16:05:38+00:00","og_image":[{"width":300,"height":90,"url":"https:\/\/narteks.net\/wp-content\/uploads\/narteks.png","type":"image\/png"}],"author":"Tar\u0131k","twitter_card":"summary_large_image","twitter_creator":"@narteks","twitter_site":"@narteks","twitter_misc":{"Yazan:":"Tar\u0131k","Tahmini okuma s\u00fcresi":"1 dakika"},"schema":{"@context":"https:\/\/schema.org","@graph":[{"@type":"Article","@id":"https:\/\/narteks.net\/index.php\/2009\/11\/07\/kilic-ve-kuyu\/#article","isPartOf":{"@id":"https:\/\/narteks.net\/index.php\/2009\/11\/07\/kilic-ve-kuyu\/"},"author":{"name":"Tar\u0131k","@id":"https:\/\/narteks.net\/#\/schema\/person\/61f37d9834294b72d31d274e7ed79bca"},"headline":"KILI\u00c7 VE KUYU","datePublished":"2009-11-07T16:05:38+00:00","mainEntityOfPage":{"@id":"https:\/\/narteks.net\/index.php\/2009\/11\/07\/kilic-ve-kuyu\/"},"wordCount":114,"commentCount":0,"publisher":{"@id":"https:\/\/narteks.net\/#organization"},"articleSection":["Veysi ERDO\u011eAN"],"inLanguage":"tr","potentialAction":[{"@type":"CommentAction","name":"Comment","target":["https:\/\/narteks.net\/index.php\/2009\/11\/07\/kilic-ve-kuyu\/#respond"]}]},{"@type":"WebPage","@id":"https:\/\/narteks.net\/index.php\/2009\/11\/07\/kilic-ve-kuyu\/","url":"https:\/\/narteks.net\/index.php\/2009\/11\/07\/kilic-ve-kuyu\/","name":"KILI\u00c7 VE KUYU - narteks.net","isPartOf":{"@id":"https:\/\/narteks.net\/#website"},"datePublished":"2009-11-07T16:05:38+00:00","breadcrumb":{"@id":"https:\/\/narteks.net\/index.php\/2009\/11\/07\/kilic-ve-kuyu\/#breadcrumb"},"inLanguage":"tr","potentialAction":[{"@type":"ReadAction","target":["https:\/\/narteks.net\/index.php\/2009\/11\/07\/kilic-ve-kuyu\/"]}]},{"@type":"BreadcrumbList","@id":"https:\/\/narteks.net\/index.php\/2009\/11\/07\/kilic-ve-kuyu\/#breadcrumb","itemListElement":[{"@type":"ListItem","position":1,"name":"Anasayfa","item":"https:\/\/narteks.net\/"},{"@type":"ListItem","position":2,"name":"KILI\u00c7 VE KUYU"}]},{"@type":"WebSite","@id":"https:\/\/narteks.net\/#website","url":"https:\/\/narteks.net\/","name":"narteks.net","description":"K\u00fclt\u00fcr Sanat Edebiyat Felsefe","publisher":{"@id":"https:\/\/narteks.net\/#organization"},"alternateName":"K\u00fclt\u00fcr Sanat Edebiyat Felsefe","potentialAction":[{"@type":"SearchAction","target":{"@type":"EntryPoint","urlTemplate":"https:\/\/narteks.net\/?s={search_term_string}"},"query-input":{"@type":"PropertyValueSpecification","valueRequired":true,"valueName":"search_term_string"}}],"inLanguage":"tr"},{"@type":"Organization","@id":"https:\/\/narteks.net\/#organization","name":"narteks.net","url":"https:\/\/narteks.net\/","logo":{"@type":"ImageObject","inLanguage":"tr","@id":"https:\/\/narteks.net\/#\/schema\/logo\/image\/","url":"https:\/\/narteks.net\/wp-content\/uploads\/narteks.png","contentUrl":"https:\/\/narteks.net\/wp-content\/uploads\/narteks.png","width":300,"height":90,"caption":"narteks.net"},"image":{"@id":"https:\/\/narteks.net\/#\/schema\/logo\/image\/"},"sameAs":["https:\/\/x.com\/narteks","https:\/\/instagram.com\/narteksnet"]},{"@type":"Person","@id":"https:\/\/narteks.net\/#\/schema\/person\/61f37d9834294b72d31d274e7ed79bca","name":"Tar\u0131k","image":{"@type":"ImageObject","inLanguage":"tr","@id":"https:\/\/narteks.net\/#\/schema\/person\/image\/","url":"https:\/\/secure.gravatar.com\/avatar\/50865afb55632c4ae467e0af0930f6510aa2297d8014be502a55b14f3b7550cf?s=96&d=mm&r=g","contentUrl":"https:\/\/secure.gravatar.com\/avatar\/50865afb55632c4ae467e0af0930f6510aa2297d8014be502a55b14f3b7550cf?s=96&d=mm&r=g","caption":"Tar\u0131k"},"sameAs":["http:\/\/narteks.net"],"url":"https:\/\/narteks.net\/index.php\/author\/narbak\/"}]}},"_links":{"self":[{"href":"https:\/\/narteks.net\/index.php\/wp-json\/wp\/v2\/posts\/1356","targetHints":{"allow":["GET"]}}],"collection":[{"href":"https:\/\/narteks.net\/index.php\/wp-json\/wp\/v2\/posts"}],"about":[{"href":"https:\/\/narteks.net\/index.php\/wp-json\/wp\/v2\/types\/post"}],"author":[{"embeddable":true,"href":"https:\/\/narteks.net\/index.php\/wp-json\/wp\/v2\/users\/1"}],"replies":[{"embeddable":true,"href":"https:\/\/narteks.net\/index.php\/wp-json\/wp\/v2\/comments?post=1356"}],"version-history":[{"count":0,"href":"https:\/\/narteks.net\/index.php\/wp-json\/wp\/v2\/posts\/1356\/revisions"}],"wp:attachment":[{"href":"https:\/\/narteks.net\/index.php\/wp-json\/wp\/v2\/media?parent=1356"}],"wp:term":[{"taxonomy":"category","embeddable":true,"href":"https:\/\/narteks.net\/index.php\/wp-json\/wp\/v2\/categories?post=1356"},{"taxonomy":"post_tag","embeddable":true,"href":"https:\/\/narteks.net\/index.php\/wp-json\/wp\/v2\/tags?post=1356"}],"curies":[{"name":"wp","href":"https:\/\/api.w.org\/{rel}","templated":true}]}}