{"id":1360,"date":"2009-11-07T19:07:42","date_gmt":"2009-11-07T16:07:42","guid":{"rendered":"http:\/\/localhost\/wordpress\/2009\/11\/07\/insanin-mulku-yarasindadir\/"},"modified":"2009-11-07T19:07:42","modified_gmt":"2009-11-07T16:07:42","slug":"insanin-mulku-yarasindadir","status":"publish","type":"post","link":"https:\/\/narteks.net\/index.php\/2009\/11\/07\/insanin-mulku-yarasindadir\/","title":{"rendered":"\u0130NSANIN M\u00dcLK\u00dc YARASINDADIR"},"content":{"rendered":"<p>\u00a0<\/p>\n<p>I<br \/>y o k a r t \u0131 k b i r y a n a r d a \u011f \u0131 m !<br \/>II<br \/>g\u00f6zlerime indirdi\u011fin melekler de yok art\u0131k<br \/>gittiler beni dili darg\u0131n bir zamana verdiler<br \/>g\u00f6rd\u00fcler a\u015fk\u0131 yaraya s\u00fcren bir semazenim ben<br \/>bu nefes kimindir dediler bu kendine d\u00f6nen kimdir?<br \/>bilmediler i\u00e7ime d\u00f6k\u00fclen bu kuyular sendendir<br \/>ruhuma dikti\u011fim bu lekeler emanetindir bilmediler<br \/>dediler: kalbi susmu\u015f bir adamd\u0131r bu! terk edin!<br \/>eli d\u00fczg\u00fcn y\u00fcz\u00fc g\u00fczel bir \u00f6l\u00fcm getirin ona!<br \/>48<br \/>III<br \/>bana bi\u00e7ilen bu \u00f6l\u00fcm arma\u011fan m\u0131 bela m\u0131 bilemedim<br \/>e\u011fildim d\u00fcnyaya y\u00fcz\u00fcn\u00fcn yapra\u011f\u0131na de\u011fdim<br \/>g\u00f6vdeme g\u00f6m\u00fcl\u00fc r\u00fczg\u00e2rlar\u0131n kap\u0131s\u0131nda bekledim<br \/>ta\u015f s\u00f6yledim \u00e7\u00f6l i\u00e7tim kusur ettim kendimi<br \/>insan\u0131n insana a\u00e7\u0131ld\u0131\u011f\u0131 ilk tufand\u0131r a\u015fk dedim<br \/>da\u011f\u0131ma indim karanl\u0131\u011f\u0131ma<br \/>a\u015fka tutulan bir mum ile sana de\u011fdim<br \/>diledim ki kalbimi d\u00fc\u015f\u00fcrd\u00fc\u011f\u00fcm \u00e7ad\u0131r\u0131nda d\u00f6neyim!<br \/>dilime de\u011fen m\u00fch\u00fcr aln\u0131mda duran k\u0131l\u0131\u00e7<br \/>d\u00fcnyaya da\u011f\u0131ld\u0131\u011f\u0131m aynada seni s\u00f6ylesin<br \/>kirpi\u011fimden kalkan gemiler hep suyunda gezinsin diledim!<br \/>49<br \/>IV<br \/>buymu\u015f dedim<br \/>a\u015fk akrep ta\u015f\u0131rm\u0131\u015f kalbin ota\u011f\u0131na<br \/>\u00f6mre d\u00f6k\u00fclen s\u00f6zler sahipsiz kal\u0131ncaya kadarm\u0131\u015f<br \/>bitermi\u015f ba\u015fkas\u0131n\u0131n koynuna b\u0131rak\u0131lan bir r\u00fcya<br \/>ceninde susan her su \u00f6l\u00fcrken cellad\u0131n\u0131 beklemezmi\u015f<br \/>ve g\u00fcl, \u015f\u00fcpheymi\u015f; gitmezmi\u015f kalbi olmayana!<br \/>\u015fimdi git!<br \/>kalbini kaybetmi\u015f bir \u015f\u00fcpheyle bak bana!<br \/>50<br \/>V<br \/>beni anlama!<br \/>ruhumda gezinen bu nehir bo\u015funa<br \/>bo\u015funa aln\u0131mda a\u00e7\u0131lan bu levha<br \/>insan dedi\u011fin bu d\u00fcnyada bir yarad\u0131r<br \/>bir inleyi\u015f h\u00fcz\u00fcnler kap\u0131s\u0131nda<br \/>beni anlama!<br \/>y\u00fcz\u00fcme tuttu\u011fum bu d\u00fcnya<br \/>geri vermeyecek g\u00f6zlerimi nas\u0131lsa<br \/>tozunu ald\u0131\u011f\u0131m bu ayna beni bilmeyecek<br \/>gidecek s\u0131rr\u0131n\u0131 s\u00f6yleyecek b\u00fcy\u00fck bir da\u011fa<br \/>bana gelmeyecek<br \/>beni anlama!<br \/>sen tan\u0131d\u0131k bir eskisin<br \/>suyundan verme bana<br \/>bu k\u0131rba\u00e7 s\u00f6zler benimdir<br \/>bu g\u00f6zler elem kuyusudur sana!<br \/>51<br \/>VI<br \/>bilmeni istedim<br \/>istedim ki beni bilmeni<br \/>akl\u0131m\u0131 sustu\u011fum o g\u00fcnden beri<br \/>avucumda gezdirdi\u011fim bir mezarla<br \/>s\u00f6z\u00fc eksik bir kalemden kendimi dilemekteyim<br \/>bu benim kaderim de\u011fil kabul\u00fcmd\u00fcr<br \/>kendini bana s\u00fcren merheme \u00e7areyim<br \/>d o k u n m a !<br \/>kalbimin anahtar\u0131 yok art\u0131k<br \/>can\u0131m\u0131 senden \u00e7ektim<br \/>de\u011filsin emanetim<br \/>s e n i b a n a b \u0131 r a k m a !<br \/>52<br \/>VII<br \/>onca yolu \u00f6lerek geldi\u011fim onca sana<br \/>aln\u0131mda ta\u015f\u0131d\u0131\u011f\u0131m bu harfler kimeydi bilme!<br \/>bekledi\u011fim bu k\u00f6pr\u00fc kimin suyuna giderdi?<br \/>bu hangi bah\u00e7eydi i\u00e7inde da\u011f\u0131ld\u0131\u011f\u0131m?<br \/>aralad\u0131\u011f\u0131m bu perde hangi zamana de\u011ferdi?<br \/>\u00f6yle tozluyum ki bu yery\u00fcz\u00fcnde \u00f6yle dolu ki<br \/>denizleri s\u00fcsleyen bir cesedim ben sanki<br \/>denizler ne ki?<br \/>derinde susmayan bu tufan nedir peki?<br \/>insan neden u\u011fra\u015f\u0131r i\u00e7inin kuma\u015f\u0131yla?<br \/>neden susar, ba\u011f\u0131r\u0131r, a\u011flar, da\u011f\u0131l\u0131r?<br \/>bir ta\u015fa neden derdini anlat\u0131r durmadan?<br \/>\u2026<br \/>her sorunun yan\u0131t\u0131 yanl\u0131\u015f\u0131nda gizlidir<br \/>ve her yalan\u0131n bir do\u011frusu hep vard\u0131r:<br \/>ben sana yanl\u0131\u015f kap\u0131dan okunmu\u015f bir kilidim!<br \/>s e n b u n a i n a n m a !<\/p>\n<p>Veysi ERDO\u011eAN<\/p>\n","protected":false},"excerpt":{"rendered":"<p>\u00a0 Iy o k a r t \u0131 k b i r y a n a r d a \u011f \u0131 m !IIg\u00f6zlerime indirdi\u011fin melekler de yok art\u0131kgittiler beni dili darg\u0131n bir zamana verdilerg\u00f6rd\u00fcler a\u015fk\u0131 yaraya s\u00fcren bir semazenim benbu nefes kimindir dediler bu kendine d\u00f6nen kimdir?bilmediler i\u00e7ime d\u00f6k\u00fclen bu kuyular sendendirruhuma dikti\u011fim bu lekeler [&hellip;]<\/p>\n","protected":false},"author":1,"featured_media":0,"comment_status":"open","ping_status":"open","sticky":false,"template":"","format":"standard","meta":{"footnotes":""},"categories":[72],"tags":[],"class_list":{"0":"post-1360","1":"post","2":"type-post","3":"status-publish","4":"format-standard","6":"category-veysi-erdogan"},"yoast_head":"<!-- This site is optimized with the Yoast SEO Premium plugin v24.9 (Yoast SEO v24.9) - https:\/\/yoast.com\/wordpress\/plugins\/seo\/ -->\n<title>\u0130NSANIN M\u00dcLK\u00dc YARASINDADIR - narteks.net<\/title>\n<meta name=\"robots\" content=\"index, follow, max-snippet:-1, max-image-preview:large, max-video-preview:-1\" \/>\n<link rel=\"canonical\" href=\"https:\/\/narteks.net\/index.php\/2009\/11\/07\/insanin-mulku-yarasindadir\/\" \/>\n<meta property=\"og:locale\" content=\"tr_TR\" \/>\n<meta property=\"og:type\" content=\"article\" \/>\n<meta property=\"og:title\" content=\"\u0130NSANIN M\u00dcLK\u00dc YARASINDADIR\" \/>\n<meta property=\"og:description\" content=\"\u00a0 Iy o k a r t \u0131 k b i r y a n a r d a \u011f \u0131 m !IIg\u00f6zlerime indirdi\u011fin melekler de yok art\u0131kgittiler beni dili darg\u0131n bir zamana verdilerg\u00f6rd\u00fcler a\u015fk\u0131 yaraya s\u00fcren bir semazenim benbu nefes kimindir dediler bu kendine d\u00f6nen kimdir?bilmediler i\u00e7ime d\u00f6k\u00fclen bu kuyular sendendirruhuma dikti\u011fim bu lekeler [&hellip;]\" \/>\n<meta property=\"og:url\" content=\"https:\/\/narteks.net\/index.php\/2009\/11\/07\/insanin-mulku-yarasindadir\/\" \/>\n<meta property=\"og:site_name\" content=\"narteks.net\" \/>\n<meta property=\"article:published_time\" content=\"2009-11-07T16:07:42+00:00\" \/>\n<meta property=\"og:image\" content=\"https:\/\/narteks.net\/wp-content\/uploads\/narteks.png\" \/>\n\t<meta property=\"og:image:width\" content=\"300\" \/>\n\t<meta property=\"og:image:height\" content=\"90\" \/>\n\t<meta property=\"og:image:type\" content=\"image\/png\" \/>\n<meta name=\"author\" content=\"Tar\u0131k\" \/>\n<meta name=\"twitter:card\" content=\"summary_large_image\" \/>\n<meta name=\"twitter:creator\" content=\"@narteks\" \/>\n<meta name=\"twitter:site\" content=\"@narteks\" \/>\n<meta name=\"twitter:label1\" content=\"Yazan:\" \/>\n\t<meta name=\"twitter:data1\" content=\"Tar\u0131k\" \/>\n\t<meta name=\"twitter:label2\" content=\"Tahmini okuma s\u00fcresi\" \/>\n\t<meta name=\"twitter:data2\" content=\"3 dakika\" \/>\n<script type=\"application\/ld+json\" class=\"yoast-schema-graph\">{\"@context\":\"https:\/\/schema.org\",\"@graph\":[{\"@type\":\"Article\",\"@id\":\"https:\/\/narteks.net\/index.php\/2009\/11\/07\/insanin-mulku-yarasindadir\/#article\",\"isPartOf\":{\"@id\":\"https:\/\/narteks.net\/index.php\/2009\/11\/07\/insanin-mulku-yarasindadir\/\"},\"author\":{\"name\":\"Tar\u0131k\",\"@id\":\"https:\/\/narteks.net\/#\/schema\/person\/61f37d9834294b72d31d274e7ed79bca\"},\"headline\":\"\u0130NSANIN M\u00dcLK\u00dc YARASINDADIR\",\"datePublished\":\"2009-11-07T16:07:42+00:00\",\"mainEntityOfPage\":{\"@id\":\"https:\/\/narteks.net\/index.php\/2009\/11\/07\/insanin-mulku-yarasindadir\/\"},\"wordCount\":523,\"commentCount\":0,\"publisher\":{\"@id\":\"https:\/\/narteks.net\/#organization\"},\"articleSection\":[\"Veysi ERDO\u011eAN\"],\"inLanguage\":\"tr\",\"potentialAction\":[{\"@type\":\"CommentAction\",\"name\":\"Comment\",\"target\":[\"https:\/\/narteks.net\/index.php\/2009\/11\/07\/insanin-mulku-yarasindadir\/#respond\"]}]},{\"@type\":\"WebPage\",\"@id\":\"https:\/\/narteks.net\/index.php\/2009\/11\/07\/insanin-mulku-yarasindadir\/\",\"url\":\"https:\/\/narteks.net\/index.php\/2009\/11\/07\/insanin-mulku-yarasindadir\/\",\"name\":\"\u0130NSANIN M\u00dcLK\u00dc YARASINDADIR - narteks.net\",\"isPartOf\":{\"@id\":\"https:\/\/narteks.net\/#website\"},\"datePublished\":\"2009-11-07T16:07:42+00:00\",\"breadcrumb\":{\"@id\":\"https:\/\/narteks.net\/index.php\/2009\/11\/07\/insanin-mulku-yarasindadir\/#breadcrumb\"},\"inLanguage\":\"tr\",\"potentialAction\":[{\"@type\":\"ReadAction\",\"target\":[\"https:\/\/narteks.net\/index.php\/2009\/11\/07\/insanin-mulku-yarasindadir\/\"]}]},{\"@type\":\"BreadcrumbList\",\"@id\":\"https:\/\/narteks.net\/index.php\/2009\/11\/07\/insanin-mulku-yarasindadir\/#breadcrumb\",\"itemListElement\":[{\"@type\":\"ListItem\",\"position\":1,\"name\":\"Anasayfa\",\"item\":\"https:\/\/narteks.net\/\"},{\"@type\":\"ListItem\",\"position\":2,\"name\":\"\u0130NSANIN M\u00dcLK\u00dc YARASINDADIR\"}]},{\"@type\":\"WebSite\",\"@id\":\"https:\/\/narteks.net\/#website\",\"url\":\"https:\/\/narteks.net\/\",\"name\":\"narteks.net\",\"description\":\"K\u00fclt\u00fcr Sanat Edebiyat Felsefe\",\"publisher\":{\"@id\":\"https:\/\/narteks.net\/#organization\"},\"alternateName\":\"K\u00fclt\u00fcr Sanat Edebiyat Felsefe\",\"potentialAction\":[{\"@type\":\"SearchAction\",\"target\":{\"@type\":\"EntryPoint\",\"urlTemplate\":\"https:\/\/narteks.net\/?s={search_term_string}\"},\"query-input\":{\"@type\":\"PropertyValueSpecification\",\"valueRequired\":true,\"valueName\":\"search_term_string\"}}],\"inLanguage\":\"tr\"},{\"@type\":\"Organization\",\"@id\":\"https:\/\/narteks.net\/#organization\",\"name\":\"narteks.net\",\"url\":\"https:\/\/narteks.net\/\",\"logo\":{\"@type\":\"ImageObject\",\"inLanguage\":\"tr\",\"@id\":\"https:\/\/narteks.net\/#\/schema\/logo\/image\/\",\"url\":\"https:\/\/narteks.net\/wp-content\/uploads\/narteks.png\",\"contentUrl\":\"https:\/\/narteks.net\/wp-content\/uploads\/narteks.png\",\"width\":300,\"height\":90,\"caption\":\"narteks.net\"},\"image\":{\"@id\":\"https:\/\/narteks.net\/#\/schema\/logo\/image\/\"},\"sameAs\":[\"https:\/\/x.com\/narteks\",\"https:\/\/instagram.com\/narteksnet\"]},{\"@type\":\"Person\",\"@id\":\"https:\/\/narteks.net\/#\/schema\/person\/61f37d9834294b72d31d274e7ed79bca\",\"name\":\"Tar\u0131k\",\"image\":{\"@type\":\"ImageObject\",\"inLanguage\":\"tr\",\"@id\":\"https:\/\/narteks.net\/#\/schema\/person\/image\/\",\"url\":\"https:\/\/secure.gravatar.com\/avatar\/50865afb55632c4ae467e0af0930f6510aa2297d8014be502a55b14f3b7550cf?s=96&d=mm&r=g\",\"contentUrl\":\"https:\/\/secure.gravatar.com\/avatar\/50865afb55632c4ae467e0af0930f6510aa2297d8014be502a55b14f3b7550cf?s=96&d=mm&r=g\",\"caption\":\"Tar\u0131k\"},\"sameAs\":[\"http:\/\/narteks.net\"],\"url\":\"https:\/\/narteks.net\/index.php\/author\/narbak\/\"}]}<\/script>\n<!-- \/ Yoast SEO Premium plugin. -->","yoast_head_json":{"title":"\u0130NSANIN M\u00dcLK\u00dc YARASINDADIR - narteks.net","robots":{"index":"index","follow":"follow","max-snippet":"max-snippet:-1","max-image-preview":"max-image-preview:large","max-video-preview":"max-video-preview:-1"},"canonical":"https:\/\/narteks.net\/index.php\/2009\/11\/07\/insanin-mulku-yarasindadir\/","og_locale":"tr_TR","og_type":"article","og_title":"\u0130NSANIN M\u00dcLK\u00dc YARASINDADIR","og_description":"\u00a0 Iy o k a r t \u0131 k b i r y a n a r d a \u011f \u0131 m !IIg\u00f6zlerime indirdi\u011fin melekler de yok art\u0131kgittiler beni dili darg\u0131n bir zamana verdilerg\u00f6rd\u00fcler a\u015fk\u0131 yaraya s\u00fcren bir semazenim benbu nefes kimindir dediler bu kendine d\u00f6nen kimdir?bilmediler i\u00e7ime d\u00f6k\u00fclen bu kuyular sendendirruhuma dikti\u011fim bu lekeler [&hellip;]","og_url":"https:\/\/narteks.net\/index.php\/2009\/11\/07\/insanin-mulku-yarasindadir\/","og_site_name":"narteks.net","article_published_time":"2009-11-07T16:07:42+00:00","og_image":[{"width":300,"height":90,"url":"https:\/\/narteks.net\/wp-content\/uploads\/narteks.png","type":"image\/png"}],"author":"Tar\u0131k","twitter_card":"summary_large_image","twitter_creator":"@narteks","twitter_site":"@narteks","twitter_misc":{"Yazan:":"Tar\u0131k","Tahmini okuma s\u00fcresi":"3 dakika"},"schema":{"@context":"https:\/\/schema.org","@graph":[{"@type":"Article","@id":"https:\/\/narteks.net\/index.php\/2009\/11\/07\/insanin-mulku-yarasindadir\/#article","isPartOf":{"@id":"https:\/\/narteks.net\/index.php\/2009\/11\/07\/insanin-mulku-yarasindadir\/"},"author":{"name":"Tar\u0131k","@id":"https:\/\/narteks.net\/#\/schema\/person\/61f37d9834294b72d31d274e7ed79bca"},"headline":"\u0130NSANIN M\u00dcLK\u00dc YARASINDADIR","datePublished":"2009-11-07T16:07:42+00:00","mainEntityOfPage":{"@id":"https:\/\/narteks.net\/index.php\/2009\/11\/07\/insanin-mulku-yarasindadir\/"},"wordCount":523,"commentCount":0,"publisher":{"@id":"https:\/\/narteks.net\/#organization"},"articleSection":["Veysi ERDO\u011eAN"],"inLanguage":"tr","potentialAction":[{"@type":"CommentAction","name":"Comment","target":["https:\/\/narteks.net\/index.php\/2009\/11\/07\/insanin-mulku-yarasindadir\/#respond"]}]},{"@type":"WebPage","@id":"https:\/\/narteks.net\/index.php\/2009\/11\/07\/insanin-mulku-yarasindadir\/","url":"https:\/\/narteks.net\/index.php\/2009\/11\/07\/insanin-mulku-yarasindadir\/","name":"\u0130NSANIN M\u00dcLK\u00dc YARASINDADIR - narteks.net","isPartOf":{"@id":"https:\/\/narteks.net\/#website"},"datePublished":"2009-11-07T16:07:42+00:00","breadcrumb":{"@id":"https:\/\/narteks.net\/index.php\/2009\/11\/07\/insanin-mulku-yarasindadir\/#breadcrumb"},"inLanguage":"tr","potentialAction":[{"@type":"ReadAction","target":["https:\/\/narteks.net\/index.php\/2009\/11\/07\/insanin-mulku-yarasindadir\/"]}]},{"@type":"BreadcrumbList","@id":"https:\/\/narteks.net\/index.php\/2009\/11\/07\/insanin-mulku-yarasindadir\/#breadcrumb","itemListElement":[{"@type":"ListItem","position":1,"name":"Anasayfa","item":"https:\/\/narteks.net\/"},{"@type":"ListItem","position":2,"name":"\u0130NSANIN M\u00dcLK\u00dc YARASINDADIR"}]},{"@type":"WebSite","@id":"https:\/\/narteks.net\/#website","url":"https:\/\/narteks.net\/","name":"narteks.net","description":"K\u00fclt\u00fcr Sanat Edebiyat Felsefe","publisher":{"@id":"https:\/\/narteks.net\/#organization"},"alternateName":"K\u00fclt\u00fcr Sanat Edebiyat Felsefe","potentialAction":[{"@type":"SearchAction","target":{"@type":"EntryPoint","urlTemplate":"https:\/\/narteks.net\/?s={search_term_string}"},"query-input":{"@type":"PropertyValueSpecification","valueRequired":true,"valueName":"search_term_string"}}],"inLanguage":"tr"},{"@type":"Organization","@id":"https:\/\/narteks.net\/#organization","name":"narteks.net","url":"https:\/\/narteks.net\/","logo":{"@type":"ImageObject","inLanguage":"tr","@id":"https:\/\/narteks.net\/#\/schema\/logo\/image\/","url":"https:\/\/narteks.net\/wp-content\/uploads\/narteks.png","contentUrl":"https:\/\/narteks.net\/wp-content\/uploads\/narteks.png","width":300,"height":90,"caption":"narteks.net"},"image":{"@id":"https:\/\/narteks.net\/#\/schema\/logo\/image\/"},"sameAs":["https:\/\/x.com\/narteks","https:\/\/instagram.com\/narteksnet"]},{"@type":"Person","@id":"https:\/\/narteks.net\/#\/schema\/person\/61f37d9834294b72d31d274e7ed79bca","name":"Tar\u0131k","image":{"@type":"ImageObject","inLanguage":"tr","@id":"https:\/\/narteks.net\/#\/schema\/person\/image\/","url":"https:\/\/secure.gravatar.com\/avatar\/50865afb55632c4ae467e0af0930f6510aa2297d8014be502a55b14f3b7550cf?s=96&d=mm&r=g","contentUrl":"https:\/\/secure.gravatar.com\/avatar\/50865afb55632c4ae467e0af0930f6510aa2297d8014be502a55b14f3b7550cf?s=96&d=mm&r=g","caption":"Tar\u0131k"},"sameAs":["http:\/\/narteks.net"],"url":"https:\/\/narteks.net\/index.php\/author\/narbak\/"}]}},"_links":{"self":[{"href":"https:\/\/narteks.net\/index.php\/wp-json\/wp\/v2\/posts\/1360","targetHints":{"allow":["GET"]}}],"collection":[{"href":"https:\/\/narteks.net\/index.php\/wp-json\/wp\/v2\/posts"}],"about":[{"href":"https:\/\/narteks.net\/index.php\/wp-json\/wp\/v2\/types\/post"}],"author":[{"embeddable":true,"href":"https:\/\/narteks.net\/index.php\/wp-json\/wp\/v2\/users\/1"}],"replies":[{"embeddable":true,"href":"https:\/\/narteks.net\/index.php\/wp-json\/wp\/v2\/comments?post=1360"}],"version-history":[{"count":0,"href":"https:\/\/narteks.net\/index.php\/wp-json\/wp\/v2\/posts\/1360\/revisions"}],"wp:attachment":[{"href":"https:\/\/narteks.net\/index.php\/wp-json\/wp\/v2\/media?parent=1360"}],"wp:term":[{"taxonomy":"category","embeddable":true,"href":"https:\/\/narteks.net\/index.php\/wp-json\/wp\/v2\/categories?post=1360"},{"taxonomy":"post_tag","embeddable":true,"href":"https:\/\/narteks.net\/index.php\/wp-json\/wp\/v2\/tags?post=1360"}],"curies":[{"name":"wp","href":"https:\/\/api.w.org\/{rel}","templated":true}]}}