{"id":1363,"date":"2010-01-12T01:00:00","date_gmt":"2010-01-11T22:00:00","guid":{"rendered":"http:\/\/localhost\/wordpress\/2010\/01\/12\/ve-hayat-kendisi-su-sirri-acti-bana-bak-dedi-ben-hep-kendini-alt-etmesi-gerekenim-nietzsche\/"},"modified":"2010-01-12T01:00:00","modified_gmt":"2010-01-11T22:00:00","slug":"ve-hayat-kendisi-su-sirri-acti-bana-bak-dedi-ben-hep-kendini-alt-etmesi-gerekenim-nietzsche","status":"publish","type":"post","link":"https:\/\/narteks.net\/index.php\/2010\/01\/12\/ve-hayat-kendisi-su-sirri-acti-bana-bak-dedi-ben-hep-kendini-alt-etmesi-gerekenim-nietzsche\/","title":{"rendered":"Ve hayat kendisi, \u015fu s\u0131rr\u0131 a\u00e7t\u0131 bana\u2026 bak dedi\u2026 \u2018ben hep kendini alt etmesi gerekenim\u2026| Nietzsche"},"content":{"rendered":"<p><img decoding=\"async\" style=\"float: left;\" src=\"images\/stories\/nietzsche1.jpg\" alt=\"\" \/>\u0130zi iten, k\u0131z\u0131\u015ft\u0131ran \u015feye \u2018ger\u00e7ek istemi\u2019 mi diyorsunuz, ey en bilge ki\u015filer?..<\/p>\n<p style=\"text-align: justify;\">B\u00fct\u00fcn varl\u0131klar\u0131n d\u00fc\u015f\u00fcnebilirli\u011fine y\u00f6nelen bir istem: b\u00f6yle derim sizin isteminiz i\u00e7in!&#8230;<\/p>\n<p style=\"text-align: justify;\">B\u00fct\u00fcn varl\u0131\u011f\u0131 d\u00fc\u015f\u00fcnebilir k\u0131lmak istiyorsunuz\u2026 hakl\u0131 bir g\u00fcvensizlikle, acaba varl\u0131k ger\u00e7ekte d\u00fc\u015f\u00fcnebilir midir diye ku\u015fkulan\u0131yorsunuz da ondan\u2026<\/p>\n<p style=\"text-align: justify;\">Fakat onun size uymas\u0131, e\u011filmesi gerek!&#8230; Bunu ister isteminiz\u2026 d\u00fczle\u015fmesi ve ruha ba\u011fl\u0131 olmas\u0131 gerek, ona ayna ve yans\u0131 olmas\u0131 gerek\u2026<\/p>\n<p>G\u00fc\u00e7 istemi olarak, sizin b\u00fct\u00fcn isteminiz budur, ey en bilge ki\u015filer : iyi ile k\u00f6t\u00fcn\u00fcn ve de\u011ferlendirmelerin s\u00f6z\u00fcn\u00fc etti\u011finiz zaman dahi\u2026<\/p>\n<p>Siz daha \u00f6n\u00fcnde diz \u00e7\u00f6kebilece\u011finiz bir d\u00fcnya yaratmak istiyorsunuz\u2026 budur son umudunuz ve s\u00fcreklili\u011finiz\u2026<\/p>\n<p>Elbette, bizler, halk. \u2013\u00fcst\u00fcnde kay\u0131k y\u00fczen bir \u0131rmak gibidir\u2026 ve kay\u0131kta de\u011ferlendirmeler oturur, a\u011f\u0131rba\u015fl\u0131 ve \u00f6rt\u00fcnm\u00fc\u015f\u2026<\/p>\n<p>Siz olu\u015f \u0131rma\u011f\u0131n\u0131n \u00fcst\u00fcne koymu\u015fsunuz isteminizi ve de\u011ferlendirmelerinizi; halk\u0131n iyi ve k\u00f6t\u00fc diye inand\u0131\u011f\u0131 \u015feyler eski bir g\u00fc\u00e7 istemini a\u00e7\u0131klar bana\u2026<\/p>\n<p style=\"text-align: justify;\">Bu t\u00fcrl\u00fc konuklar\u0131 kay\u0131\u011fa yerle\u015ftiren, onlara g\u00f6rkem ve gurulu adlar veren sizdiniz ey en bilge ki\u015filer\u2026 Siz bir de sizin buyruk y\u00fcr\u00fcten isteminiz!&#8230;<\/p>\n<p>\u0130rmak alm\u0131\u015f ileri do\u011fru g\u00f6t\u00fcr\u00fcyor kay\u0131\u011f\u0131n\u0131z\u0131\u2026 g\u00f6t\u00fcrmesin de ne yaps\u0131n\u2026 k\u0131r\u0131lan dalga k\u00f6p\u00fcre k\u00f6p\u00fcre, \u00f6fkeyle kar\u015f\u0131 koyuyormu\u015f tekneye, ne \u00e7\u0131kar!&#8230;<\/p>\n<p>\u0130rmak de\u011fildir, iyi ile k\u00f6t\u00fcn\u00fcz\u00fcn sonu de\u011fildir sizin tehlikeniz ey en bilge ki\u015filer\u2026 o istemin kendisidir, g\u00fc\u00e7 istemidir\u2026 o bitmez, t\u00fckenmez do\u011furgan hayat istemi\u2026<\/p>\n<p>\u0130yi ve k\u00f6t\u00fcyle ilgili s\u00f6zlerimi anlayabilmeniz i\u00e7in, hayat ve b\u00fct\u00fcn canl\u0131lar\u0131n neli\u011fi ile ilgili s\u00f6zlerimi s\u00f6yleyeyim size\u2026<\/p>\n<p>Canl\u0131y\u0131 izledim ben; onun neli\u011fini \u00f6\u011frenmek i\u00e7in en geni\u015f, en dar yollarda y\u00fcr\u00fcd\u00fcm\u2026<\/p>\n<p>G\u00f6zleri bana s\u00f6z s\u00f6yleyebilsin diye, a\u011fz\u0131 kapal\u0131yken, bin y\u00fczl\u00fc bir aynayla yakalad\u0131m bak\u0131\u015f\u0131n\u0131\u2026 ve g\u00f6zleri bana s\u00f6z s\u00f6yledi\u2026<\/p>\n<p>Ama nerde canl\u0131 g\u00f6rd\u00fcysem, orda s\u00f6z dinlerlikten konu\u015fuldu\u011funu i\u015fittim\u2026 her ya\u015fayan s\u00f6z dinleyendir\u2026<\/p>\n<p>\u0130kinci nokta da \u015fudur : kendi s\u00f6z\u00fcn\u00fc dinlemeyen, buyruk alt\u0131na girer\u2026 canl\u0131lar b\u00f6yledir\u2026<\/p>\n<p>\u0130\u015fitti\u011fim \u00fc\u00e7\u00fcnc\u00fc \u015fey de : buyurman\u0131n s\u00f6z dinlemeden daha g\u00fc\u00e7l\u00fc oldu\u011fudur\u2026 buyuran, b\u00fct\u00fcn dizginleyenlerin y\u00fck\u00fcn\u00fc ta\u015f\u0131d\u0131\u011f\u0131 ve bu y\u00fck\u00fcn alt\u0131nda kolayca ezilebilece\u011fi i\u00e7in de\u011fil yaln\u0131z\u2026<\/p>\n<p>Her buyurma bir deneme, bir g\u00f6ze alma gibi g\u00f6r\u00fcnd\u00fc bana\u2026 canl\u0131 buyurdu\u011fu zaman, kendini tehlikeye atar\u2026<\/p>\n<p>Evet, kendine buyurdu\u011fu zaman dahi, buyurmas\u0131n\u0131 \u00f6demek zorundad\u0131r\u2026 kendi yasas\u0131n\u0131n yarg\u0131c\u0131 ve \u00f6\u00e7 alan\u0131 ve kurban\u0131 olmak zorundad\u0131r o\u2026<\/p>\n<p>Nas\u0131l oluyor bu diye sordum kendi kendime\u2026 canl\u0131y\u0131 s\u00f6z dinlemeye ve buyurmaya ve buyururken dahi s\u00f6z dinlemeye kand\u0131ran nedir?&#8230;<\/p>\n<p>\u015eimdi s\u00f6z\u00fcme kulak verin, ey en bilge ki\u015filer!.. Hayat\u0131n ta ba\u011fr\u0131na, ba\u011fr\u0131n\u0131n ta derinliklerine de\u011fin sokulmu\u015f muyum, iyice bir yoklay\u0131n bakal\u0131m\u2026<\/p>\n<p>Nerde canl\u0131 g\u00f6rd\u00fcysem, orda g\u00fc\u00e7 istemi g\u00f6rd\u00fcm\u2026 u\u015fa\u011f\u0131n isteminde dahi, efendi olma istemini g\u00f6rd\u00fcm\u2026<\/p>\n<p>G\u00fc\u00e7l\u00fcy\u00fc hizmet etmeye kendi istemi kand\u0131r\u0131r g\u00fc\u00e7s\u00fcz\u00fc\u2026 bu istem, daha g\u00fc\u00e7s\u00fczlere efendilik etmek ister de ondan\u2026 vazge\u00e7mek istemeyece\u011fi tek hazd\u0131r bu\u2026<\/p>\n<p>Ve k\u00fc\u00e7\u00fck, nas\u0131l en k\u00fc\u00e7\u00fc\u011f\u00fcn \u00fcst\u00fcnde keyif s\u00fcrebilmek, g\u00fc\u00e7 y\u00fcr\u00fctebilmek i\u00e7in b\u00fcy\u00fc\u011fe boyun e\u011ferse, en b\u00fcy\u00fck de \u00f6yle boyun e\u011fer de, g\u00fc\u00e7 u\u011fruna hayat\u0131n\u0131 tehlikeye atar\u2026<\/p>\n<p>En b\u00fcy\u00fc\u011f\u00fcn boyun e\u011fmesi, korkulu olan\u0131, tehlikeyi g\u00f6ze almakt\u0131r\u2026 \u00f6l\u00fcm i\u00e7in zar atmakt\u0131r\u2026<\/p>\n<p>Ve nerde \u00f6zveri, hizmet ve sevgi bak\u0131\u015flar\u0131 varsa, orda efendi olma istemi de vard\u0131r\u2026 g\u00fc\u00e7s\u00fcz, dolamba\u00e7l\u0131 yollardan sokulur kaleye\u2026 g\u00fc\u00e7l\u00fcn\u00fcn ta ba\u011fr\u0131na\u2026 ordan g\u00fc\u00e7 \u00e7alar\u2026<\/p>\n<p>Ve hayat kendisi, \u015fu s\u0131rr\u0131 a\u00e7t\u0131 bana\u2026 bak dedi\u2026 \u2018ben hep kendini alt etmesi gerekenim\u2026\u2019<\/p>\n<p>Do\u011fru, siz ona do\u011furma istemi, ya da bir amaca daha y\u00fcksek, daha uzak, daha \u00e7e\u015fitli bir \u015feye y\u00f6nelmi\u015f bir itki dersiniz\u2026 ama bunlar\u0131n hepsi birdir\u2026 bir tek s\u0131rd\u0131r\u2026<\/p>\n<p>Bunu yads\u0131maktansa, yok olurum daha iyi\u2026 ger\u00e7ek, nerde yok olma ve yaprak d\u00f6k\u00fcm\u00fc varsa, bak\u0131n orda hayat k\u0131yar kendine\u2026 g\u00fc\u00e7 u\u011fruna!&#8230;<\/p>\n<p>U\u011fra\u015fma ve olu\u015f ve ama\u00e7 ve ama\u00e7lar \u00e7at\u0131\u015fmas\u0131 olmam gerekti\u011fini\u2026 ah benim istemimin ne oldu\u011funu sezen, bu istemin hangi e\u011fri yollarda y\u00fcr\u00fcmesi gerekti\u011fini de sezer!&#8230;<\/p>\n<p>Ne yarat\u0131rsam yaratay\u0131m, yaratt\u0131\u011f\u0131m\u0131 ne denli seversem seveyim, \u00e7ok ge\u00e7meden kar\u015f\u0131 koymam gerekir ona ve sevgime\u2026 b\u00f6yle ister benim istemim\u2026<\/p>\n<p>Sen dahi, ey g\u00f6ren ki\u015fi\u2026 benim istemimin bir yolusun, bir ayak izisin ancak\u2026 evet benim g\u00fc\u00e7 istemim senin ger\u00e7ek isteminin ayaklar\u0131yla dahi y\u00fcr\u00fcr!..<\/p>\n<p>Ger\u00e7e\u011fi \u2018var olma istemi\u2019 ile vurmak isteyen, vuramam\u0131\u015ft\u0131r elbette\u2026 \u00f6yle bir istem yoktur da ondan\u2026<\/p>\n<p>Var olmayan isteyemez de ondan\u2026 var olana gelince, daha ne varl\u0131\u011f\u0131 ile \u00e7\u0131rp\u0131ns\u0131n!&#8230;<\/p>\n<p>Ancak hayat olan yerde, istem de olur\u2026 hayat istemi de\u011fil ama\u2026 bak ne diyorum\u2026 g\u00fc\u00e7 istemi!..<br \/>Canl\u0131 bir\u00e7ok \u015feyleri hayattan \u00fcst\u00fcn tutar\u2026 ama bu \u00fcst\u00fcn tutman\u0131n kendisinde dile gelen, g\u00fc\u00e7 istemidir!..<\/p>\n<p>Hayat bunu \u00f6\u011fretmi\u015fti bana bir zamanlar\u2026 ben de y\u00fcreklerinizin bilmecesini bununla \u00e7\u00f6z\u00fcyorum\u2026<\/p>\n<p>Ger\u00e7ek size diyorum\u2026 ge\u00e7ici olmayan iyi ve k\u00f6t\u00fc yoktur!.. Onlar kendi iste\u011fiyle, hep yeni ba\u015ftan alt etmelidirler kendilerini\u2026<\/p>\n<p>Siz de\u011ferlerinizle, iyi ve k\u00f6t\u00fc \u00fcst\u00fcne \u00f6\u011fretilerinizle g\u00fc\u00e7 g\u00f6sterirsiniz ey de\u011fer bi\u00e7enler\u2026 bu sizin gizli sevginizdir\u2026 g\u00f6n\u00fcllerinizin par\u0131ldamas\u0131, titremesi ve ta\u015fmas\u0131d\u0131r\u2026<\/p>\n<p>Ama daha zorlu bir g\u00fc\u00e7 ve yeni bir alt etme do\u011far de\u011ferlerinizden\u2026 onunla k\u0131r\u0131l\u0131r, yumurta ve yumurta kabu\u011fu\u2026<\/p>\n<p>Ve iyi ile k\u00f6t\u00fcde yarat\u0131c\u0131 olmak isteyen\u2026 ger\u00e7ek \u00f6nce y\u0131k\u0131c\u0131 olmak, de\u011ferleri par\u00e7alamak zorundad\u0131r\u2026<\/p>\n<p>En b\u00fcy\u00fck k\u00f6t\u00fc, en b\u00fcy\u00fck iyiye vergidir b\u00f6ylece\u2026 fakat o yarat\u0131c\u0131 iyidir\u2026<\/p>\n<p>K\u00f6t\u00fc de olsa, bunu konu\u015fal\u0131m ey en bilge ki\u015filer\u2026 susmak daha k\u00f6t\u00fcd\u00fcr; saklanan ve b\u00fct\u00fcn ger\u00e7ekler a\u011f\u0131l\u0131 olurlar\u2026<\/p>\n<p>Bizim ger\u00e7eklerimizle par\u00e7alanabilen her \u015fey, vars\u0131n par\u00e7alans\u0131n!.. Daha kurulacak nice evler var\u2026<\/p>\n<p>b\u00f6yle buyurdu zerd\u00fc\u015ft..<\/p>\n<p><em>f. nieztsche<\/em><\/p>\n","protected":false},"excerpt":{"rendered":"<p>\u0130zi iten, k\u0131z\u0131\u015ft\u0131ran \u015feye \u2018ger\u00e7ek istemi\u2019 mi diyorsunuz, ey en bilge ki\u015filer?.. B\u00fct\u00fcn varl\u0131klar\u0131n d\u00fc\u015f\u00fcnebilirli\u011fine y\u00f6nelen bir istem: b\u00f6yle derim sizin isteminiz i\u00e7in!&#8230; B\u00fct\u00fcn varl\u0131\u011f\u0131 d\u00fc\u015f\u00fcnebilir k\u0131lmak istiyorsunuz\u2026 hakl\u0131 bir g\u00fcvensizlikle, acaba varl\u0131k ger\u00e7ekte d\u00fc\u015f\u00fcnebilir midir diye ku\u015fkulan\u0131yorsunuz da ondan\u2026 Fakat onun size uymas\u0131, e\u011filmesi gerek!&#8230; Bunu ister isteminiz\u2026 d\u00fczle\u015fmesi ve ruha ba\u011fl\u0131 olmas\u0131 gerek, [&hellip;]<\/p>\n","protected":false},"author":1,"featured_media":0,"comment_status":"open","ping_status":"open","sticky":false,"template":"","format":"standard","meta":{"footnotes":""},"categories":[73],"tags":[],"class_list":{"0":"post-1363","1":"post","2":"type-post","3":"status-publish","4":"format-standard","6":"category-friedrich-wilhelm-nietzsche"},"yoast_head":"<!-- This site is optimized with the Yoast SEO Premium plugin v24.9 (Yoast SEO v24.9) - https:\/\/yoast.com\/wordpress\/plugins\/seo\/ -->\n<title>Ve hayat kendisi, \u015fu s\u0131rr\u0131 a\u00e7t\u0131 bana\u2026 bak dedi\u2026 \u2018ben hep kendini alt etmesi gerekenim\u2026| Nietzsche - narteks.net<\/title>\n<meta name=\"robots\" content=\"index, follow, max-snippet:-1, max-image-preview:large, max-video-preview:-1\" \/>\n<link rel=\"canonical\" href=\"https:\/\/narteks.net\/index.php\/2010\/01\/12\/ve-hayat-kendisi-su-sirri-acti-bana-bak-dedi-ben-hep-kendini-alt-etmesi-gerekenim-nietzsche\/\" \/>\n<meta property=\"og:locale\" content=\"tr_TR\" \/>\n<meta property=\"og:type\" content=\"article\" \/>\n<meta property=\"og:title\" content=\"Ve hayat kendisi, \u015fu s\u0131rr\u0131 a\u00e7t\u0131 bana\u2026 bak dedi\u2026 \u2018ben hep kendini alt etmesi gerekenim\u2026| Nietzsche\" \/>\n<meta property=\"og:description\" content=\"\u0130zi iten, k\u0131z\u0131\u015ft\u0131ran \u015feye \u2018ger\u00e7ek istemi\u2019 mi diyorsunuz, ey en bilge ki\u015filer?.. B\u00fct\u00fcn varl\u0131klar\u0131n d\u00fc\u015f\u00fcnebilirli\u011fine y\u00f6nelen bir istem: b\u00f6yle derim sizin isteminiz i\u00e7in!&#8230; B\u00fct\u00fcn varl\u0131\u011f\u0131 d\u00fc\u015f\u00fcnebilir k\u0131lmak istiyorsunuz\u2026 hakl\u0131 bir g\u00fcvensizlikle, acaba varl\u0131k ger\u00e7ekte d\u00fc\u015f\u00fcnebilir midir diye ku\u015fkulan\u0131yorsunuz da ondan\u2026 Fakat onun size uymas\u0131, e\u011filmesi gerek!&#8230; Bunu ister isteminiz\u2026 d\u00fczle\u015fmesi ve ruha ba\u011fl\u0131 olmas\u0131 gerek, [&hellip;]\" \/>\n<meta property=\"og:url\" content=\"https:\/\/narteks.net\/index.php\/2010\/01\/12\/ve-hayat-kendisi-su-sirri-acti-bana-bak-dedi-ben-hep-kendini-alt-etmesi-gerekenim-nietzsche\/\" \/>\n<meta property=\"og:site_name\" content=\"narteks.net\" \/>\n<meta property=\"article:published_time\" content=\"2010-01-11T22:00:00+00:00\" \/>\n<meta property=\"og:image\" content=\"https:\/\/narteks.net\/wp-content\/uploads\/narteks.png\" \/>\n\t<meta property=\"og:image:width\" content=\"300\" \/>\n\t<meta property=\"og:image:height\" content=\"90\" \/>\n\t<meta property=\"og:image:type\" content=\"image\/png\" \/>\n<meta name=\"author\" content=\"Tar\u0131k\" \/>\n<meta name=\"twitter:card\" content=\"summary_large_image\" \/>\n<meta name=\"twitter:creator\" content=\"@narteks\" \/>\n<meta name=\"twitter:site\" content=\"@narteks\" \/>\n<meta name=\"twitter:label1\" content=\"Yazan:\" \/>\n\t<meta name=\"twitter:data1\" content=\"Tar\u0131k\" \/>\n\t<meta name=\"twitter:label2\" content=\"Tahmini okuma s\u00fcresi\" \/>\n\t<meta name=\"twitter:data2\" content=\"6 dakika\" \/>\n<script type=\"application\/ld+json\" class=\"yoast-schema-graph\">{\"@context\":\"https:\/\/schema.org\",\"@graph\":[{\"@type\":\"Article\",\"@id\":\"https:\/\/narteks.net\/index.php\/2010\/01\/12\/ve-hayat-kendisi-su-sirri-acti-bana-bak-dedi-ben-hep-kendini-alt-etmesi-gerekenim-nietzsche\/#article\",\"isPartOf\":{\"@id\":\"https:\/\/narteks.net\/index.php\/2010\/01\/12\/ve-hayat-kendisi-su-sirri-acti-bana-bak-dedi-ben-hep-kendini-alt-etmesi-gerekenim-nietzsche\/\"},\"author\":{\"name\":\"Tar\u0131k\",\"@id\":\"https:\/\/narteks.net\/#\/schema\/person\/61f37d9834294b72d31d274e7ed79bca\"},\"headline\":\"Ve hayat kendisi, \u015fu s\u0131rr\u0131 a\u00e7t\u0131 bana\u2026 bak dedi\u2026 \u2018ben hep kendini alt etmesi gerekenim\u2026| Nietzsche\",\"datePublished\":\"2010-01-11T22:00:00+00:00\",\"mainEntityOfPage\":{\"@id\":\"https:\/\/narteks.net\/index.php\/2010\/01\/12\/ve-hayat-kendisi-su-sirri-acti-bana-bak-dedi-ben-hep-kendini-alt-etmesi-gerekenim-nietzsche\/\"},\"wordCount\":1146,\"commentCount\":0,\"publisher\":{\"@id\":\"https:\/\/narteks.net\/#organization\"},\"articleSection\":[\"Friedrich Wilhelm N\u0130ETZSCHE\"],\"inLanguage\":\"tr\",\"potentialAction\":[{\"@type\":\"CommentAction\",\"name\":\"Comment\",\"target\":[\"https:\/\/narteks.net\/index.php\/2010\/01\/12\/ve-hayat-kendisi-su-sirri-acti-bana-bak-dedi-ben-hep-kendini-alt-etmesi-gerekenim-nietzsche\/#respond\"]}]},{\"@type\":\"WebPage\",\"@id\":\"https:\/\/narteks.net\/index.php\/2010\/01\/12\/ve-hayat-kendisi-su-sirri-acti-bana-bak-dedi-ben-hep-kendini-alt-etmesi-gerekenim-nietzsche\/\",\"url\":\"https:\/\/narteks.net\/index.php\/2010\/01\/12\/ve-hayat-kendisi-su-sirri-acti-bana-bak-dedi-ben-hep-kendini-alt-etmesi-gerekenim-nietzsche\/\",\"name\":\"Ve hayat kendisi, \u015fu s\u0131rr\u0131 a\u00e7t\u0131 bana\u2026 bak dedi\u2026 \u2018ben hep kendini alt etmesi gerekenim\u2026| Nietzsche - narteks.net\",\"isPartOf\":{\"@id\":\"https:\/\/narteks.net\/#website\"},\"datePublished\":\"2010-01-11T22:00:00+00:00\",\"breadcrumb\":{\"@id\":\"https:\/\/narteks.net\/index.php\/2010\/01\/12\/ve-hayat-kendisi-su-sirri-acti-bana-bak-dedi-ben-hep-kendini-alt-etmesi-gerekenim-nietzsche\/#breadcrumb\"},\"inLanguage\":\"tr\",\"potentialAction\":[{\"@type\":\"ReadAction\",\"target\":[\"https:\/\/narteks.net\/index.php\/2010\/01\/12\/ve-hayat-kendisi-su-sirri-acti-bana-bak-dedi-ben-hep-kendini-alt-etmesi-gerekenim-nietzsche\/\"]}]},{\"@type\":\"BreadcrumbList\",\"@id\":\"https:\/\/narteks.net\/index.php\/2010\/01\/12\/ve-hayat-kendisi-su-sirri-acti-bana-bak-dedi-ben-hep-kendini-alt-etmesi-gerekenim-nietzsche\/#breadcrumb\",\"itemListElement\":[{\"@type\":\"ListItem\",\"position\":1,\"name\":\"Anasayfa\",\"item\":\"https:\/\/narteks.net\/\"},{\"@type\":\"ListItem\",\"position\":2,\"name\":\"Ve hayat kendisi, \u015fu s\u0131rr\u0131 a\u00e7t\u0131 bana\u2026 bak dedi\u2026 \u2018ben hep kendini alt etmesi gerekenim\u2026| Nietzsche\"}]},{\"@type\":\"WebSite\",\"@id\":\"https:\/\/narteks.net\/#website\",\"url\":\"https:\/\/narteks.net\/\",\"name\":\"narteks.net\",\"description\":\"K\u00fclt\u00fcr Sanat Edebiyat Felsefe\",\"publisher\":{\"@id\":\"https:\/\/narteks.net\/#organization\"},\"alternateName\":\"K\u00fclt\u00fcr Sanat Edebiyat Felsefe\",\"potentialAction\":[{\"@type\":\"SearchAction\",\"target\":{\"@type\":\"EntryPoint\",\"urlTemplate\":\"https:\/\/narteks.net\/?s={search_term_string}\"},\"query-input\":{\"@type\":\"PropertyValueSpecification\",\"valueRequired\":true,\"valueName\":\"search_term_string\"}}],\"inLanguage\":\"tr\"},{\"@type\":\"Organization\",\"@id\":\"https:\/\/narteks.net\/#organization\",\"name\":\"narteks.net\",\"url\":\"https:\/\/narteks.net\/\",\"logo\":{\"@type\":\"ImageObject\",\"inLanguage\":\"tr\",\"@id\":\"https:\/\/narteks.net\/#\/schema\/logo\/image\/\",\"url\":\"https:\/\/narteks.net\/wp-content\/uploads\/narteks.png\",\"contentUrl\":\"https:\/\/narteks.net\/wp-content\/uploads\/narteks.png\",\"width\":300,\"height\":90,\"caption\":\"narteks.net\"},\"image\":{\"@id\":\"https:\/\/narteks.net\/#\/schema\/logo\/image\/\"},\"sameAs\":[\"https:\/\/x.com\/narteks\",\"https:\/\/instagram.com\/narteksnet\"]},{\"@type\":\"Person\",\"@id\":\"https:\/\/narteks.net\/#\/schema\/person\/61f37d9834294b72d31d274e7ed79bca\",\"name\":\"Tar\u0131k\",\"image\":{\"@type\":\"ImageObject\",\"inLanguage\":\"tr\",\"@id\":\"https:\/\/narteks.net\/#\/schema\/person\/image\/\",\"url\":\"https:\/\/secure.gravatar.com\/avatar\/50865afb55632c4ae467e0af0930f6510aa2297d8014be502a55b14f3b7550cf?s=96&d=mm&r=g\",\"contentUrl\":\"https:\/\/secure.gravatar.com\/avatar\/50865afb55632c4ae467e0af0930f6510aa2297d8014be502a55b14f3b7550cf?s=96&d=mm&r=g\",\"caption\":\"Tar\u0131k\"},\"sameAs\":[\"http:\/\/narteks.net\"],\"url\":\"https:\/\/narteks.net\/index.php\/author\/narbak\/\"}]}<\/script>\n<!-- \/ Yoast SEO Premium plugin. -->","yoast_head_json":{"title":"Ve hayat kendisi, \u015fu s\u0131rr\u0131 a\u00e7t\u0131 bana\u2026 bak dedi\u2026 \u2018ben hep kendini alt etmesi gerekenim\u2026| Nietzsche - narteks.net","robots":{"index":"index","follow":"follow","max-snippet":"max-snippet:-1","max-image-preview":"max-image-preview:large","max-video-preview":"max-video-preview:-1"},"canonical":"https:\/\/narteks.net\/index.php\/2010\/01\/12\/ve-hayat-kendisi-su-sirri-acti-bana-bak-dedi-ben-hep-kendini-alt-etmesi-gerekenim-nietzsche\/","og_locale":"tr_TR","og_type":"article","og_title":"Ve hayat kendisi, \u015fu s\u0131rr\u0131 a\u00e7t\u0131 bana\u2026 bak dedi\u2026 \u2018ben hep kendini alt etmesi gerekenim\u2026| Nietzsche","og_description":"\u0130zi iten, k\u0131z\u0131\u015ft\u0131ran \u015feye \u2018ger\u00e7ek istemi\u2019 mi diyorsunuz, ey en bilge ki\u015filer?.. B\u00fct\u00fcn varl\u0131klar\u0131n d\u00fc\u015f\u00fcnebilirli\u011fine y\u00f6nelen bir istem: b\u00f6yle derim sizin isteminiz i\u00e7in!&#8230; B\u00fct\u00fcn varl\u0131\u011f\u0131 d\u00fc\u015f\u00fcnebilir k\u0131lmak istiyorsunuz\u2026 hakl\u0131 bir g\u00fcvensizlikle, acaba varl\u0131k ger\u00e7ekte d\u00fc\u015f\u00fcnebilir midir diye ku\u015fkulan\u0131yorsunuz da ondan\u2026 Fakat onun size uymas\u0131, e\u011filmesi gerek!&#8230; Bunu ister isteminiz\u2026 d\u00fczle\u015fmesi ve ruha ba\u011fl\u0131 olmas\u0131 gerek, [&hellip;]","og_url":"https:\/\/narteks.net\/index.php\/2010\/01\/12\/ve-hayat-kendisi-su-sirri-acti-bana-bak-dedi-ben-hep-kendini-alt-etmesi-gerekenim-nietzsche\/","og_site_name":"narteks.net","article_published_time":"2010-01-11T22:00:00+00:00","og_image":[{"width":300,"height":90,"url":"https:\/\/narteks.net\/wp-content\/uploads\/narteks.png","type":"image\/png"}],"author":"Tar\u0131k","twitter_card":"summary_large_image","twitter_creator":"@narteks","twitter_site":"@narteks","twitter_misc":{"Yazan:":"Tar\u0131k","Tahmini okuma s\u00fcresi":"6 dakika"},"schema":{"@context":"https:\/\/schema.org","@graph":[{"@type":"Article","@id":"https:\/\/narteks.net\/index.php\/2010\/01\/12\/ve-hayat-kendisi-su-sirri-acti-bana-bak-dedi-ben-hep-kendini-alt-etmesi-gerekenim-nietzsche\/#article","isPartOf":{"@id":"https:\/\/narteks.net\/index.php\/2010\/01\/12\/ve-hayat-kendisi-su-sirri-acti-bana-bak-dedi-ben-hep-kendini-alt-etmesi-gerekenim-nietzsche\/"},"author":{"name":"Tar\u0131k","@id":"https:\/\/narteks.net\/#\/schema\/person\/61f37d9834294b72d31d274e7ed79bca"},"headline":"Ve hayat kendisi, \u015fu s\u0131rr\u0131 a\u00e7t\u0131 bana\u2026 bak dedi\u2026 \u2018ben hep kendini alt etmesi gerekenim\u2026| Nietzsche","datePublished":"2010-01-11T22:00:00+00:00","mainEntityOfPage":{"@id":"https:\/\/narteks.net\/index.php\/2010\/01\/12\/ve-hayat-kendisi-su-sirri-acti-bana-bak-dedi-ben-hep-kendini-alt-etmesi-gerekenim-nietzsche\/"},"wordCount":1146,"commentCount":0,"publisher":{"@id":"https:\/\/narteks.net\/#organization"},"articleSection":["Friedrich Wilhelm N\u0130ETZSCHE"],"inLanguage":"tr","potentialAction":[{"@type":"CommentAction","name":"Comment","target":["https:\/\/narteks.net\/index.php\/2010\/01\/12\/ve-hayat-kendisi-su-sirri-acti-bana-bak-dedi-ben-hep-kendini-alt-etmesi-gerekenim-nietzsche\/#respond"]}]},{"@type":"WebPage","@id":"https:\/\/narteks.net\/index.php\/2010\/01\/12\/ve-hayat-kendisi-su-sirri-acti-bana-bak-dedi-ben-hep-kendini-alt-etmesi-gerekenim-nietzsche\/","url":"https:\/\/narteks.net\/index.php\/2010\/01\/12\/ve-hayat-kendisi-su-sirri-acti-bana-bak-dedi-ben-hep-kendini-alt-etmesi-gerekenim-nietzsche\/","name":"Ve hayat kendisi, \u015fu s\u0131rr\u0131 a\u00e7t\u0131 bana\u2026 bak dedi\u2026 \u2018ben hep kendini alt etmesi gerekenim\u2026| Nietzsche - narteks.net","isPartOf":{"@id":"https:\/\/narteks.net\/#website"},"datePublished":"2010-01-11T22:00:00+00:00","breadcrumb":{"@id":"https:\/\/narteks.net\/index.php\/2010\/01\/12\/ve-hayat-kendisi-su-sirri-acti-bana-bak-dedi-ben-hep-kendini-alt-etmesi-gerekenim-nietzsche\/#breadcrumb"},"inLanguage":"tr","potentialAction":[{"@type":"ReadAction","target":["https:\/\/narteks.net\/index.php\/2010\/01\/12\/ve-hayat-kendisi-su-sirri-acti-bana-bak-dedi-ben-hep-kendini-alt-etmesi-gerekenim-nietzsche\/"]}]},{"@type":"BreadcrumbList","@id":"https:\/\/narteks.net\/index.php\/2010\/01\/12\/ve-hayat-kendisi-su-sirri-acti-bana-bak-dedi-ben-hep-kendini-alt-etmesi-gerekenim-nietzsche\/#breadcrumb","itemListElement":[{"@type":"ListItem","position":1,"name":"Anasayfa","item":"https:\/\/narteks.net\/"},{"@type":"ListItem","position":2,"name":"Ve hayat kendisi, \u015fu s\u0131rr\u0131 a\u00e7t\u0131 bana\u2026 bak dedi\u2026 \u2018ben hep kendini alt etmesi gerekenim\u2026| Nietzsche"}]},{"@type":"WebSite","@id":"https:\/\/narteks.net\/#website","url":"https:\/\/narteks.net\/","name":"narteks.net","description":"K\u00fclt\u00fcr Sanat Edebiyat Felsefe","publisher":{"@id":"https:\/\/narteks.net\/#organization"},"alternateName":"K\u00fclt\u00fcr Sanat Edebiyat Felsefe","potentialAction":[{"@type":"SearchAction","target":{"@type":"EntryPoint","urlTemplate":"https:\/\/narteks.net\/?s={search_term_string}"},"query-input":{"@type":"PropertyValueSpecification","valueRequired":true,"valueName":"search_term_string"}}],"inLanguage":"tr"},{"@type":"Organization","@id":"https:\/\/narteks.net\/#organization","name":"narteks.net","url":"https:\/\/narteks.net\/","logo":{"@type":"ImageObject","inLanguage":"tr","@id":"https:\/\/narteks.net\/#\/schema\/logo\/image\/","url":"https:\/\/narteks.net\/wp-content\/uploads\/narteks.png","contentUrl":"https:\/\/narteks.net\/wp-content\/uploads\/narteks.png","width":300,"height":90,"caption":"narteks.net"},"image":{"@id":"https:\/\/narteks.net\/#\/schema\/logo\/image\/"},"sameAs":["https:\/\/x.com\/narteks","https:\/\/instagram.com\/narteksnet"]},{"@type":"Person","@id":"https:\/\/narteks.net\/#\/schema\/person\/61f37d9834294b72d31d274e7ed79bca","name":"Tar\u0131k","image":{"@type":"ImageObject","inLanguage":"tr","@id":"https:\/\/narteks.net\/#\/schema\/person\/image\/","url":"https:\/\/secure.gravatar.com\/avatar\/50865afb55632c4ae467e0af0930f6510aa2297d8014be502a55b14f3b7550cf?s=96&d=mm&r=g","contentUrl":"https:\/\/secure.gravatar.com\/avatar\/50865afb55632c4ae467e0af0930f6510aa2297d8014be502a55b14f3b7550cf?s=96&d=mm&r=g","caption":"Tar\u0131k"},"sameAs":["http:\/\/narteks.net"],"url":"https:\/\/narteks.net\/index.php\/author\/narbak\/"}]}},"_links":{"self":[{"href":"https:\/\/narteks.net\/index.php\/wp-json\/wp\/v2\/posts\/1363","targetHints":{"allow":["GET"]}}],"collection":[{"href":"https:\/\/narteks.net\/index.php\/wp-json\/wp\/v2\/posts"}],"about":[{"href":"https:\/\/narteks.net\/index.php\/wp-json\/wp\/v2\/types\/post"}],"author":[{"embeddable":true,"href":"https:\/\/narteks.net\/index.php\/wp-json\/wp\/v2\/users\/1"}],"replies":[{"embeddable":true,"href":"https:\/\/narteks.net\/index.php\/wp-json\/wp\/v2\/comments?post=1363"}],"version-history":[{"count":0,"href":"https:\/\/narteks.net\/index.php\/wp-json\/wp\/v2\/posts\/1363\/revisions"}],"wp:attachment":[{"href":"https:\/\/narteks.net\/index.php\/wp-json\/wp\/v2\/media?parent=1363"}],"wp:term":[{"taxonomy":"category","embeddable":true,"href":"https:\/\/narteks.net\/index.php\/wp-json\/wp\/v2\/categories?post=1363"},{"taxonomy":"post_tag","embeddable":true,"href":"https:\/\/narteks.net\/index.php\/wp-json\/wp\/v2\/tags?post=1363"}],"curies":[{"name":"wp","href":"https:\/\/api.w.org\/{rel}","templated":true}]}}