{"id":1374,"date":"2010-01-14T01:00:00","date_gmt":"2010-01-13T22:00:00","guid":{"rendered":"http:\/\/localhost\/wordpress\/2010\/01\/14\/her-seyin-ardindaki-hiclige-bakarak-gozlemeyi-surdurdu-yedi-benlik-halil-cibran\/"},"modified":"2010-01-14T01:00:00","modified_gmt":"2010-01-13T22:00:00","slug":"her-seyin-ardindaki-hiclige-bakarak-gozlemeyi-surdurdu-yedi-benlik-halil-cibran","status":"publish","type":"post","link":"https:\/\/narteks.net\/index.php\/2010\/01\/14\/her-seyin-ardindaki-hiclige-bakarak-gozlemeyi-surdurdu-yedi-benlik-halil-cibran\/","title":{"rendered":"Her \u015feyin ard\u0131ndaki hi\u00e7li\u011fe bakarak g\u00f6zlemeyi s\u00fcrd\u00fcrd\u00fc | Yedi Benlik &#8211; Halil Cibran"},"content":{"rendered":"<h2><strong><img loading=\"lazy\" decoding=\"async\" style=\"float: left;\" src=\"images\/stories\/halilcibran.jpg\" width=\"155\" height=\"205\" border=\"0\" \/><\/strong><\/h2>\n<p style=\"text-align: justify;\">Gecenin en sessiz saatinde yan dalm\u0131\u015fken yedi benli\u011fim birlikte oturup f\u0131s\u0131lt\u0131yla tart\u0131\u015fmaya ba\u015flad\u0131lar:<\/p>\n<p style=\"text-align: justify;\">\u0130lk Benlik: B\u00fct\u00fcn bu y\u0131llar boyunca burada bu delinin i\u00e7inde g\u00fcnlerle onun ac\u0131s\u0131n\u0131 yenileyip gecelerle kederini tekrar olu\u015fturmak d\u0131\u015f\u0131nda hi\u00e7bir \u015fey yapmadan oturdum; art\u0131k bu y\u00fck\u00fc daha fazla ta\u015f\u0131yamayaca\u011f\u0131m ve ba\u015f kald\u0131r\u0131yorum.<\/p>\n<p>\u0130kinci Benlik: Sen benden daha \u015fansl\u0131s\u0131n karde\u015fim, \u00e7\u00fcnk\u00fc bana bu delinin ne\u015feli benli\u011fi olmak d\u00fc\u015ft\u00fc. Onun kahkahalar\u0131yla g\u00fcler, mutlu saatlerinde \u015fark\u0131 s\u00f6ylerim ve \u00fc\u00e7 kanatl\u0131 ayaklarla dans eder gibi onun parlak d\u00fc\u015f\u00fcnceleriyle dans ederim. G\u00fc\u00e7s\u00fcz varl\u0131\u011f\u0131m kar\u015f\u0131s\u0131nda ba\u015f kald\u0131rabilmeyi isterdim.<\/p>\n<p>\u00dc\u00e7\u00fcnc\u00fc Benlik: Ya bana, vah\u015fi tutkular\u0131n ve hayali arzular\u0131n alevleriyle yanan sevgiyle kurtulan benli\u011fe ne demeli? Bu deliye ba\u015f kald\u0131rmas\u0131 gereken sevgi hastas\u0131 benim.<\/p>\n<p>D\u00f6rd\u00fcnc\u00fc Benlik: Hepinizin i\u00e7inde en mutsuzu benim, \u00e7\u00fcnk\u00fc bana i\u011fren\u00e7 bir kin ve y\u0131k\u0131c\u0131 bir nefret d\u0131\u015f\u0131nda hi\u00e7bir \u015fey verilmedi. Bu deliye hizmet etmeye ba\u015f kald\u0131rmas\u0131 gereken benim, Cehennem&#8217;in karanl\u0131k ma\u011faralar\u0131nda do\u011fmu\u015f olup f\u0131rt\u0131naya benzeyen benlik.<\/p>\n<p style=\"text-align: justify;\">Be\u015finci Benlik: Yo, o benim, d\u00fc\u015f\u00fcnen benlik, tuhaf benlik, a\u00e7 ve susuz benlik, bilinmeyen ve hen\u00fcz yarat\u0131lmam\u0131\u015f \u015feylerin aras\u0131nda dinlenmeksizin gezinen benlik; ba\u015f kald\u0131rmas\u0131 gereken sizler de\u011filsiniz, benim.<\/p>\n<p>Alt\u0131nc\u0131 Benlik: Ve ben, \u00e7al\u0131\u015fan benlik, zavall\u0131 i\u015f\u00e7i, sab\u0131rl\u0131 elleri ve arzulu g\u00f6zleriyle g\u00f6r\u00fcnt\u00fclerden g\u00fcnleri yaratan ve \u015fekilsiz maddelere yeni ve \u00f6l\u00fcms\u00fcz \u015fekiller veren ben bu yorulmaz deliye ba\u015f kald\u0131rmas\u0131 gereken sadece benim.<\/p>\n<p>Yedinci Benlik: Hepiniz bu adama ba\u015f kald\u0131rmaktan ne kadar uzaks\u0131n\u0131z, \u00e7\u00fcnk\u00fc her birinizin i\u015flerini yapmas\u0131 i\u00e7in \u00f6nceden belirlenmi\u015f bir yazg\u0131s\u0131 var. Ah, oysa ben kendi yazg\u0131s\u0131 olan sizin gibi miyim? Benim hi\u00e7bir \u015feyim yok, ben hi\u00e7bir \u015fey yapmayan, siz hayat\u0131 tekrar \u015fekillendirirken sessizlikte oturan, hi\u00e7bir zaman hi\u00e7bir yerde olmayan benli\u011fim. Ba\u015f kald\u0131rmas\u0131 gereken siz misiniz, yoksa ben miyim, kom\u015fular?<\/p>\n<p>Yedinci benlik bunlar\u0131 s\u00f6yledi\u011finde di\u011fer alt\u0131s\u0131 ona ac\u0131yarak bakt\u0131lar, art\u0131k ba\u015fka hi\u00e7bir \u015fey s\u00f6ylemediler; ve gece daha koyula\u015f\u0131rken birbiri ard\u0131ndan yeni ve mutlu bir boyun e\u011fmeyle uykuya teslim oldular.<\/p>\n<p>Fakat yedinci benlik her \u015feyin ard\u0131ndaki hi\u00e7li\u011fe bakarak g\u00f6zlemeyi s\u00fcrd\u00fcrd\u00fc.<\/p>\n<p>\u00a0<\/p>\n<p><strong>Halil Cibran Kimdir ?<\/strong><\/p>\n<p style=\"text-align: justify;\">Cibran, 1883 y\u0131l\u0131nda L\u00fcbnan&#8217;da do\u011fdu. Eserleri ve d\u00fc\u015f\u00fcnceleri d\u00fcnya \u00fczerinde geni\u015f yank\u0131 uyand\u0131rd\u0131. \u015eiirleri yirmiden fazla dile \u00e7evrilmi\u015f olan Cibran ayn\u0131 zamanda ba\u015far\u0131l\u0131 bir ressam&#8217;d\u0131. Resimlerinin baz\u0131lar\u0131 g\u00fcn\u00fcm\u00fczde d\u00fcnyan\u0131n bir\u00e7ok \u015fehrinde sergilenmektedir.<\/p>\n<p style=\"text-align: justify;\">Ya\u015fam\u0131n\u0131n yakla\u015f\u0131k son yirmi y\u0131l\u0131n\u0131 ABD&#8217;de ge\u00e7iren yazar, \u00f6l\u00fcm\u00fcne kadar kald\u0131\u011f\u0131 bu \u00fclkede eserlerini \u0130ngilizce yazm\u0131\u015ft\u0131r.<\/p>\n<p style=\"text-align: justify;\">Halil Cibran&#8217;\u0131n en \u00fcnl\u00fc eserlerinden biri olan ve ilk kez 1923 y\u0131l\u0131nda bas\u0131lan <span class=\"external text\">&#8220;The Prophet&#8221; (<em>Nebi<\/em>)<\/span> adl\u0131 eseri, toplam 26 adet \u015fiirden olu\u015fan bir karma \u015fiir denemeleri kitab\u0131d\u0131r. El Mustafa ad\u0131ndaki bir kahinin 12 sene kald\u0131\u011f\u0131 Orphalese \u015fehrinden ayr\u0131l\u0131p evine gitmek \u00fczereyken bir grup halk taraf\u0131ndan durdurulmas\u0131 ve ana kahraman ile halk aras\u0131nda insanl\u0131k ve hayat\u0131n genel durumu hakk\u0131nda ge\u00e7en konu\u015fmalar kitab\u0131n kendisini olu\u015fturmaktad\u0131r.Cibran&#8217;\u0131n bu kitapta El Mustafa isimli \u015fahsa verdi\u011fi bu isimle Muhammed&#8217;i i\u015faret etti\u011fini iddia edenler vard\u0131r. Fakat kitaptaki metinler \u00e7o\u011funlukla Matta&#8217;ya g\u00f6re \u0130ncil&#8217;in 5. b\u00f6l\u00fcm\u00fcnde yer alan \u0130sa&#8217;n\u0131n Da\u011fdaki Vaaz&#8217;\u0131yla i\u00e7erik ve \u00fcslup a\u00e7\u0131s\u0131ndan benzerlik ve paralellik g\u00f6sterir. Yazar\u0131n \u0130nsano\u011flu \u0130sa adl\u0131 kitab\u0131ndaki \u00e7al\u0131\u015fmalar da dikkate al\u0131n\u0131rsa El Mustafa&#8217;n\u0131n Meryemo\u011flu \u0130sa Mesih olabilece\u011fi iddialar\u0131 daha da g\u00fc\u00e7 kazanmaktad\u0131r.<\/p>\n<p style=\"text-align: justify;\">Ermi\u015f, k\u0131saca \u015fu konulara de\u011finen alt b\u00f6l\u00fcmlere ayr\u0131lm\u0131\u015ft\u0131r: a\u015fk, evlilik, \u00e7ocuklar, vermek, yemek ve i\u00e7mek, sevin\u00e7 ve \u00fcz\u00fcnt\u00fc, ev ve evin \u00f6nemi, giyecekler, al\u0131m ve sat\u0131m, su\u00e7 ve ceza, yasalar, \u00f6zg\u00fcrl\u00fck, sebepler ve arzular, ac\u0131, bilgelik, \u00f6\u011fretme, arkada\u015fl\u0131k, konu\u015fma, zaman, iyi ve k\u00f6t\u00fc, dua, zevk, g\u00fczellik, din ve son olarak da \u00f6l\u00fcm.<\/p>\n<p style=\"text-align: justify;\">Elvis Presley bu kitab\u0131n ve Cibran&#8217;\u0131n bir hayran\u0131 olarak,Ermi\u015f&#8217;in binlerce kopyas\u0131n\u0131 da\u011f\u0131tm\u0131\u015ft\u0131r.<\/p>\n<p style=\"text-align: justify;\">T\u00fcrk\u00e7eye Ay\u015fe Berktay taraf\u0131ndan \u00e7evrilmi\u015f, Alk\u0131m Yay\u0131nevi taraf\u0131ndan yay\u0131nlanm\u0131\u015ft\u0131r.<\/p>\n<p style=\"text-align: justify;\">Ermi\u015fin Bah\u00e7esi Halil Cibran&#8217;\u0131n Ermi\u015f kitab\u0131n\u0131n devam\u0131 niteli\u011findedir. T\u00fcrk\u00e7eye \u00e7evirisi R.Tanju Sirmen taraf\u0131ndan yap\u0131lm\u0131\u015ft\u0131r. Yay\u0131n y\u0131l\u0131 1999.<\/p>\n<p><strong>Baz\u0131 kitaplar\u0131<\/strong><\/p>\n<p> * Haberci<br \/> * Gezgin<br \/> * Deli<br \/> * Ermi\u015f<br \/> * Ermi\u015fin Bah\u00e7esi<br \/> * \u0130nsano\u011flu \u0130sa<br \/> * S\u00f6zler<br \/> * D\u00fcnya Tanr\u0131lar\u0131<br \/> * Asi Ruhlar<br \/> * Kum ve k\u00f6p\u00fck avare<\/p>\n","protected":false},"excerpt":{"rendered":"<p>Gecenin en sessiz saatinde yan dalm\u0131\u015fken yedi benli\u011fim birlikte oturup f\u0131s\u0131lt\u0131yla tart\u0131\u015fmaya ba\u015flad\u0131lar: \u0130lk Benlik: B\u00fct\u00fcn bu y\u0131llar boyunca burada bu delinin i\u00e7inde g\u00fcnlerle onun ac\u0131s\u0131n\u0131 yenileyip gecelerle kederini tekrar olu\u015fturmak d\u0131\u015f\u0131nda hi\u00e7bir \u015fey yapmadan oturdum; art\u0131k bu y\u00fck\u00fc daha fazla ta\u015f\u0131yamayaca\u011f\u0131m ve ba\u015f kald\u0131r\u0131yorum. \u0130kinci Benlik: Sen benden daha \u015fansl\u0131s\u0131n karde\u015fim, \u00e7\u00fcnk\u00fc bana bu [&hellip;]<\/p>\n","protected":false},"author":1,"featured_media":0,"comment_status":"open","ping_status":"open","sticky":false,"template":"","format":"standard","meta":{"footnotes":""},"categories":[115],"tags":[],"class_list":{"0":"post-1374","1":"post","2":"type-post","3":"status-publish","4":"format-standard","6":"category-ceviri-oykuler"},"yoast_head":"<!-- This site is optimized with the Yoast SEO Premium plugin v24.9 (Yoast SEO v24.9) - https:\/\/yoast.com\/wordpress\/plugins\/seo\/ -->\n<title>Her \u015feyin ard\u0131ndaki hi\u00e7li\u011fe bakarak g\u00f6zlemeyi s\u00fcrd\u00fcrd\u00fc | Yedi Benlik - Halil Cibran - narteks.net<\/title>\n<meta name=\"robots\" content=\"index, follow, max-snippet:-1, max-image-preview:large, max-video-preview:-1\" \/>\n<link rel=\"canonical\" href=\"https:\/\/narteks.net\/index.php\/2010\/01\/14\/her-seyin-ardindaki-hiclige-bakarak-gozlemeyi-surdurdu-yedi-benlik-halil-cibran\/\" \/>\n<meta property=\"og:locale\" content=\"tr_TR\" \/>\n<meta property=\"og:type\" content=\"article\" \/>\n<meta property=\"og:title\" content=\"Her \u015feyin ard\u0131ndaki hi\u00e7li\u011fe bakarak g\u00f6zlemeyi s\u00fcrd\u00fcrd\u00fc | Yedi Benlik - Halil Cibran\" \/>\n<meta property=\"og:description\" content=\"Gecenin en sessiz saatinde yan dalm\u0131\u015fken yedi benli\u011fim birlikte oturup f\u0131s\u0131lt\u0131yla tart\u0131\u015fmaya ba\u015flad\u0131lar: \u0130lk Benlik: B\u00fct\u00fcn bu y\u0131llar boyunca burada bu delinin i\u00e7inde g\u00fcnlerle onun ac\u0131s\u0131n\u0131 yenileyip gecelerle kederini tekrar olu\u015fturmak d\u0131\u015f\u0131nda hi\u00e7bir \u015fey yapmadan oturdum; art\u0131k bu y\u00fck\u00fc daha fazla ta\u015f\u0131yamayaca\u011f\u0131m ve ba\u015f kald\u0131r\u0131yorum. \u0130kinci Benlik: Sen benden daha \u015fansl\u0131s\u0131n karde\u015fim, \u00e7\u00fcnk\u00fc bana bu [&hellip;]\" \/>\n<meta property=\"og:url\" content=\"https:\/\/narteks.net\/index.php\/2010\/01\/14\/her-seyin-ardindaki-hiclige-bakarak-gozlemeyi-surdurdu-yedi-benlik-halil-cibran\/\" \/>\n<meta property=\"og:site_name\" content=\"narteks.net\" \/>\n<meta property=\"article:published_time\" content=\"2010-01-13T22:00:00+00:00\" \/>\n<meta property=\"og:image\" content=\"https:\/\/narteks.net\/wp-content\/uploads\/narteks.png\" \/>\n\t<meta property=\"og:image:width\" content=\"300\" \/>\n\t<meta property=\"og:image:height\" content=\"90\" \/>\n\t<meta property=\"og:image:type\" content=\"image\/png\" \/>\n<meta name=\"author\" content=\"Tar\u0131k\" \/>\n<meta name=\"twitter:card\" content=\"summary_large_image\" \/>\n<meta name=\"twitter:creator\" content=\"@narteks\" \/>\n<meta name=\"twitter:site\" content=\"@narteks\" \/>\n<meta name=\"twitter:label1\" content=\"Yazan:\" \/>\n\t<meta name=\"twitter:data1\" content=\"Tar\u0131k\" \/>\n\t<meta name=\"twitter:label2\" content=\"Tahmini okuma s\u00fcresi\" \/>\n\t<meta name=\"twitter:data2\" content=\"4 dakika\" \/>\n<script type=\"application\/ld+json\" class=\"yoast-schema-graph\">{\"@context\":\"https:\/\/schema.org\",\"@graph\":[{\"@type\":\"Article\",\"@id\":\"https:\/\/narteks.net\/index.php\/2010\/01\/14\/her-seyin-ardindaki-hiclige-bakarak-gozlemeyi-surdurdu-yedi-benlik-halil-cibran\/#article\",\"isPartOf\":{\"@id\":\"https:\/\/narteks.net\/index.php\/2010\/01\/14\/her-seyin-ardindaki-hiclige-bakarak-gozlemeyi-surdurdu-yedi-benlik-halil-cibran\/\"},\"author\":{\"name\":\"Tar\u0131k\",\"@id\":\"https:\/\/narteks.net\/#\/schema\/person\/61f37d9834294b72d31d274e7ed79bca\"},\"headline\":\"Her \u015feyin ard\u0131ndaki hi\u00e7li\u011fe bakarak g\u00f6zlemeyi s\u00fcrd\u00fcrd\u00fc | Yedi Benlik &#8211; Halil Cibran\",\"datePublished\":\"2010-01-13T22:00:00+00:00\",\"mainEntityOfPage\":{\"@id\":\"https:\/\/narteks.net\/index.php\/2010\/01\/14\/her-seyin-ardindaki-hiclige-bakarak-gozlemeyi-surdurdu-yedi-benlik-halil-cibran\/\"},\"wordCount\":844,\"commentCount\":0,\"publisher\":{\"@id\":\"https:\/\/narteks.net\/#organization\"},\"articleSection\":[\"\u00c7eviri \u00d6yk\u00fcler\"],\"inLanguage\":\"tr\",\"potentialAction\":[{\"@type\":\"CommentAction\",\"name\":\"Comment\",\"target\":[\"https:\/\/narteks.net\/index.php\/2010\/01\/14\/her-seyin-ardindaki-hiclige-bakarak-gozlemeyi-surdurdu-yedi-benlik-halil-cibran\/#respond\"]}]},{\"@type\":\"WebPage\",\"@id\":\"https:\/\/narteks.net\/index.php\/2010\/01\/14\/her-seyin-ardindaki-hiclige-bakarak-gozlemeyi-surdurdu-yedi-benlik-halil-cibran\/\",\"url\":\"https:\/\/narteks.net\/index.php\/2010\/01\/14\/her-seyin-ardindaki-hiclige-bakarak-gozlemeyi-surdurdu-yedi-benlik-halil-cibran\/\",\"name\":\"Her \u015feyin ard\u0131ndaki hi\u00e7li\u011fe bakarak g\u00f6zlemeyi s\u00fcrd\u00fcrd\u00fc | Yedi Benlik - Halil Cibran - narteks.net\",\"isPartOf\":{\"@id\":\"https:\/\/narteks.net\/#website\"},\"datePublished\":\"2010-01-13T22:00:00+00:00\",\"breadcrumb\":{\"@id\":\"https:\/\/narteks.net\/index.php\/2010\/01\/14\/her-seyin-ardindaki-hiclige-bakarak-gozlemeyi-surdurdu-yedi-benlik-halil-cibran\/#breadcrumb\"},\"inLanguage\":\"tr\",\"potentialAction\":[{\"@type\":\"ReadAction\",\"target\":[\"https:\/\/narteks.net\/index.php\/2010\/01\/14\/her-seyin-ardindaki-hiclige-bakarak-gozlemeyi-surdurdu-yedi-benlik-halil-cibran\/\"]}]},{\"@type\":\"BreadcrumbList\",\"@id\":\"https:\/\/narteks.net\/index.php\/2010\/01\/14\/her-seyin-ardindaki-hiclige-bakarak-gozlemeyi-surdurdu-yedi-benlik-halil-cibran\/#breadcrumb\",\"itemListElement\":[{\"@type\":\"ListItem\",\"position\":1,\"name\":\"Anasayfa\",\"item\":\"https:\/\/narteks.net\/\"},{\"@type\":\"ListItem\",\"position\":2,\"name\":\"Her \u015feyin ard\u0131ndaki hi\u00e7li\u011fe bakarak g\u00f6zlemeyi s\u00fcrd\u00fcrd\u00fc | Yedi Benlik &#8211; Halil Cibran\"}]},{\"@type\":\"WebSite\",\"@id\":\"https:\/\/narteks.net\/#website\",\"url\":\"https:\/\/narteks.net\/\",\"name\":\"narteks.net\",\"description\":\"K\u00fclt\u00fcr Sanat Edebiyat Felsefe\",\"publisher\":{\"@id\":\"https:\/\/narteks.net\/#organization\"},\"alternateName\":\"K\u00fclt\u00fcr Sanat Edebiyat Felsefe\",\"potentialAction\":[{\"@type\":\"SearchAction\",\"target\":{\"@type\":\"EntryPoint\",\"urlTemplate\":\"https:\/\/narteks.net\/?s={search_term_string}\"},\"query-input\":{\"@type\":\"PropertyValueSpecification\",\"valueRequired\":true,\"valueName\":\"search_term_string\"}}],\"inLanguage\":\"tr\"},{\"@type\":\"Organization\",\"@id\":\"https:\/\/narteks.net\/#organization\",\"name\":\"narteks.net\",\"url\":\"https:\/\/narteks.net\/\",\"logo\":{\"@type\":\"ImageObject\",\"inLanguage\":\"tr\",\"@id\":\"https:\/\/narteks.net\/#\/schema\/logo\/image\/\",\"url\":\"https:\/\/narteks.net\/wp-content\/uploads\/narteks.png\",\"contentUrl\":\"https:\/\/narteks.net\/wp-content\/uploads\/narteks.png\",\"width\":300,\"height\":90,\"caption\":\"narteks.net\"},\"image\":{\"@id\":\"https:\/\/narteks.net\/#\/schema\/logo\/image\/\"},\"sameAs\":[\"https:\/\/x.com\/narteks\",\"https:\/\/instagram.com\/narteksnet\"]},{\"@type\":\"Person\",\"@id\":\"https:\/\/narteks.net\/#\/schema\/person\/61f37d9834294b72d31d274e7ed79bca\",\"name\":\"Tar\u0131k\",\"image\":{\"@type\":\"ImageObject\",\"inLanguage\":\"tr\",\"@id\":\"https:\/\/narteks.net\/#\/schema\/person\/image\/\",\"url\":\"https:\/\/secure.gravatar.com\/avatar\/50865afb55632c4ae467e0af0930f6510aa2297d8014be502a55b14f3b7550cf?s=96&d=mm&r=g\",\"contentUrl\":\"https:\/\/secure.gravatar.com\/avatar\/50865afb55632c4ae467e0af0930f6510aa2297d8014be502a55b14f3b7550cf?s=96&d=mm&r=g\",\"caption\":\"Tar\u0131k\"},\"sameAs\":[\"http:\/\/narteks.net\"],\"url\":\"https:\/\/narteks.net\/index.php\/author\/narbak\/\"}]}<\/script>\n<!-- \/ Yoast SEO Premium plugin. -->","yoast_head_json":{"title":"Her \u015feyin ard\u0131ndaki hi\u00e7li\u011fe bakarak g\u00f6zlemeyi s\u00fcrd\u00fcrd\u00fc | Yedi Benlik - Halil Cibran - narteks.net","robots":{"index":"index","follow":"follow","max-snippet":"max-snippet:-1","max-image-preview":"max-image-preview:large","max-video-preview":"max-video-preview:-1"},"canonical":"https:\/\/narteks.net\/index.php\/2010\/01\/14\/her-seyin-ardindaki-hiclige-bakarak-gozlemeyi-surdurdu-yedi-benlik-halil-cibran\/","og_locale":"tr_TR","og_type":"article","og_title":"Her \u015feyin ard\u0131ndaki hi\u00e7li\u011fe bakarak g\u00f6zlemeyi s\u00fcrd\u00fcrd\u00fc | Yedi Benlik - Halil Cibran","og_description":"Gecenin en sessiz saatinde yan dalm\u0131\u015fken yedi benli\u011fim birlikte oturup f\u0131s\u0131lt\u0131yla tart\u0131\u015fmaya ba\u015flad\u0131lar: \u0130lk Benlik: B\u00fct\u00fcn bu y\u0131llar boyunca burada bu delinin i\u00e7inde g\u00fcnlerle onun ac\u0131s\u0131n\u0131 yenileyip gecelerle kederini tekrar olu\u015fturmak d\u0131\u015f\u0131nda hi\u00e7bir \u015fey yapmadan oturdum; art\u0131k bu y\u00fck\u00fc daha fazla ta\u015f\u0131yamayaca\u011f\u0131m ve ba\u015f kald\u0131r\u0131yorum. \u0130kinci Benlik: Sen benden daha \u015fansl\u0131s\u0131n karde\u015fim, \u00e7\u00fcnk\u00fc bana bu [&hellip;]","og_url":"https:\/\/narteks.net\/index.php\/2010\/01\/14\/her-seyin-ardindaki-hiclige-bakarak-gozlemeyi-surdurdu-yedi-benlik-halil-cibran\/","og_site_name":"narteks.net","article_published_time":"2010-01-13T22:00:00+00:00","og_image":[{"width":300,"height":90,"url":"https:\/\/narteks.net\/wp-content\/uploads\/narteks.png","type":"image\/png"}],"author":"Tar\u0131k","twitter_card":"summary_large_image","twitter_creator":"@narteks","twitter_site":"@narteks","twitter_misc":{"Yazan:":"Tar\u0131k","Tahmini okuma s\u00fcresi":"4 dakika"},"schema":{"@context":"https:\/\/schema.org","@graph":[{"@type":"Article","@id":"https:\/\/narteks.net\/index.php\/2010\/01\/14\/her-seyin-ardindaki-hiclige-bakarak-gozlemeyi-surdurdu-yedi-benlik-halil-cibran\/#article","isPartOf":{"@id":"https:\/\/narteks.net\/index.php\/2010\/01\/14\/her-seyin-ardindaki-hiclige-bakarak-gozlemeyi-surdurdu-yedi-benlik-halil-cibran\/"},"author":{"name":"Tar\u0131k","@id":"https:\/\/narteks.net\/#\/schema\/person\/61f37d9834294b72d31d274e7ed79bca"},"headline":"Her \u015feyin ard\u0131ndaki hi\u00e7li\u011fe bakarak g\u00f6zlemeyi s\u00fcrd\u00fcrd\u00fc | Yedi Benlik &#8211; Halil Cibran","datePublished":"2010-01-13T22:00:00+00:00","mainEntityOfPage":{"@id":"https:\/\/narteks.net\/index.php\/2010\/01\/14\/her-seyin-ardindaki-hiclige-bakarak-gozlemeyi-surdurdu-yedi-benlik-halil-cibran\/"},"wordCount":844,"commentCount":0,"publisher":{"@id":"https:\/\/narteks.net\/#organization"},"articleSection":["\u00c7eviri \u00d6yk\u00fcler"],"inLanguage":"tr","potentialAction":[{"@type":"CommentAction","name":"Comment","target":["https:\/\/narteks.net\/index.php\/2010\/01\/14\/her-seyin-ardindaki-hiclige-bakarak-gozlemeyi-surdurdu-yedi-benlik-halil-cibran\/#respond"]}]},{"@type":"WebPage","@id":"https:\/\/narteks.net\/index.php\/2010\/01\/14\/her-seyin-ardindaki-hiclige-bakarak-gozlemeyi-surdurdu-yedi-benlik-halil-cibran\/","url":"https:\/\/narteks.net\/index.php\/2010\/01\/14\/her-seyin-ardindaki-hiclige-bakarak-gozlemeyi-surdurdu-yedi-benlik-halil-cibran\/","name":"Her \u015feyin ard\u0131ndaki hi\u00e7li\u011fe bakarak g\u00f6zlemeyi s\u00fcrd\u00fcrd\u00fc | Yedi Benlik - Halil Cibran - narteks.net","isPartOf":{"@id":"https:\/\/narteks.net\/#website"},"datePublished":"2010-01-13T22:00:00+00:00","breadcrumb":{"@id":"https:\/\/narteks.net\/index.php\/2010\/01\/14\/her-seyin-ardindaki-hiclige-bakarak-gozlemeyi-surdurdu-yedi-benlik-halil-cibran\/#breadcrumb"},"inLanguage":"tr","potentialAction":[{"@type":"ReadAction","target":["https:\/\/narteks.net\/index.php\/2010\/01\/14\/her-seyin-ardindaki-hiclige-bakarak-gozlemeyi-surdurdu-yedi-benlik-halil-cibran\/"]}]},{"@type":"BreadcrumbList","@id":"https:\/\/narteks.net\/index.php\/2010\/01\/14\/her-seyin-ardindaki-hiclige-bakarak-gozlemeyi-surdurdu-yedi-benlik-halil-cibran\/#breadcrumb","itemListElement":[{"@type":"ListItem","position":1,"name":"Anasayfa","item":"https:\/\/narteks.net\/"},{"@type":"ListItem","position":2,"name":"Her \u015feyin ard\u0131ndaki hi\u00e7li\u011fe bakarak g\u00f6zlemeyi s\u00fcrd\u00fcrd\u00fc | Yedi Benlik &#8211; Halil Cibran"}]},{"@type":"WebSite","@id":"https:\/\/narteks.net\/#website","url":"https:\/\/narteks.net\/","name":"narteks.net","description":"K\u00fclt\u00fcr Sanat Edebiyat Felsefe","publisher":{"@id":"https:\/\/narteks.net\/#organization"},"alternateName":"K\u00fclt\u00fcr Sanat Edebiyat Felsefe","potentialAction":[{"@type":"SearchAction","target":{"@type":"EntryPoint","urlTemplate":"https:\/\/narteks.net\/?s={search_term_string}"},"query-input":{"@type":"PropertyValueSpecification","valueRequired":true,"valueName":"search_term_string"}}],"inLanguage":"tr"},{"@type":"Organization","@id":"https:\/\/narteks.net\/#organization","name":"narteks.net","url":"https:\/\/narteks.net\/","logo":{"@type":"ImageObject","inLanguage":"tr","@id":"https:\/\/narteks.net\/#\/schema\/logo\/image\/","url":"https:\/\/narteks.net\/wp-content\/uploads\/narteks.png","contentUrl":"https:\/\/narteks.net\/wp-content\/uploads\/narteks.png","width":300,"height":90,"caption":"narteks.net"},"image":{"@id":"https:\/\/narteks.net\/#\/schema\/logo\/image\/"},"sameAs":["https:\/\/x.com\/narteks","https:\/\/instagram.com\/narteksnet"]},{"@type":"Person","@id":"https:\/\/narteks.net\/#\/schema\/person\/61f37d9834294b72d31d274e7ed79bca","name":"Tar\u0131k","image":{"@type":"ImageObject","inLanguage":"tr","@id":"https:\/\/narteks.net\/#\/schema\/person\/image\/","url":"https:\/\/secure.gravatar.com\/avatar\/50865afb55632c4ae467e0af0930f6510aa2297d8014be502a55b14f3b7550cf?s=96&d=mm&r=g","contentUrl":"https:\/\/secure.gravatar.com\/avatar\/50865afb55632c4ae467e0af0930f6510aa2297d8014be502a55b14f3b7550cf?s=96&d=mm&r=g","caption":"Tar\u0131k"},"sameAs":["http:\/\/narteks.net"],"url":"https:\/\/narteks.net\/index.php\/author\/narbak\/"}]}},"_links":{"self":[{"href":"https:\/\/narteks.net\/index.php\/wp-json\/wp\/v2\/posts\/1374","targetHints":{"allow":["GET"]}}],"collection":[{"href":"https:\/\/narteks.net\/index.php\/wp-json\/wp\/v2\/posts"}],"about":[{"href":"https:\/\/narteks.net\/index.php\/wp-json\/wp\/v2\/types\/post"}],"author":[{"embeddable":true,"href":"https:\/\/narteks.net\/index.php\/wp-json\/wp\/v2\/users\/1"}],"replies":[{"embeddable":true,"href":"https:\/\/narteks.net\/index.php\/wp-json\/wp\/v2\/comments?post=1374"}],"version-history":[{"count":0,"href":"https:\/\/narteks.net\/index.php\/wp-json\/wp\/v2\/posts\/1374\/revisions"}],"wp:attachment":[{"href":"https:\/\/narteks.net\/index.php\/wp-json\/wp\/v2\/media?parent=1374"}],"wp:term":[{"taxonomy":"category","embeddable":true,"href":"https:\/\/narteks.net\/index.php\/wp-json\/wp\/v2\/categories?post=1374"},{"taxonomy":"post_tag","embeddable":true,"href":"https:\/\/narteks.net\/index.php\/wp-json\/wp\/v2\/tags?post=1374"}],"curies":[{"name":"wp","href":"https:\/\/api.w.org\/{rel}","templated":true}]}}