{"id":138,"date":"2009-02-27T15:58:22","date_gmt":"2009-02-27T12:58:22","guid":{"rendered":"http:\/\/localhost\/wordpress\/2009\/02\/27\/kalbim-katlanma-bu-dunyaya\/"},"modified":"2009-02-27T15:58:22","modified_gmt":"2009-02-27T12:58:22","slug":"kalbim-katlanma-bu-dunyaya","status":"publish","type":"post","link":"https:\/\/narteks.net\/index.php\/2009\/02\/27\/kalbim-katlanma-bu-dunyaya\/","title":{"rendered":"KALB\u0130M KATLANMA BU D\u00dcNYAYA"},"content":{"rendered":"<p>\u00a0<\/p>\n<p>An\u0131lar biriktik\u00e7e sisleniyor a\u015fklarda <br \/>Yitiriliyor ser\u00fcven duygusu ki o zaman <br \/>\u015eeytan\u0131m\u0131 koluma tak\u0131p gitmeliyim <br \/>Yeni bir cehennem kurmal\u0131y\u0131m kendime <br \/>Hep kendini yineliyorken sesler kokular <br \/>Gittik\u00e7e birbirine benziyorken d\u00fcnle bug\u00fcn <br \/>\u00d6l\u00fcms\u00fcz olmak kadar \u00fcrk\u00fcn\u00e7 bir\u015fey <br \/>Bu d\u00fcnyaya al\u0131\u015fmak duygusu <\/p>\n<p>Sonsuza kadar sonsuzlu\u011fa as\u0131l\u0131 kalmak <br \/>Tanr\u0131lara \u00f6d\u00fcl insano\u011fluna cezaysa <br \/>Kalbim ba\u011f\u0131\u015flanmayacak bir\u015fey yap <br \/>Katlanma kendine ve bu d\u00fcnyaya <\/p>\n<p>Kalbim \u00f6d\u00fcn\u00e7 say sana ayr\u0131lan ne varsa <br \/>Geri vermi\u015ftin dinini <br \/>Dilini de unut art\u0131k <br \/>Aztektin yahut K\u00fcrt, h\u00fczn\u00fcnse K\u0131z\u0131lderili <br \/>Geri ver ne kalm\u0131\u015fsa sende, umutlar\u0131n dahil <br \/>Hi\u00e7lik, o sezdiren keder <br \/>Buydu senin pay\u0131n <br \/>Duyumsa s\u00fclf\u00fcr\u00fcn yar\u0131\u015f\u0131n\u0131 <br \/>Seni vur ,seni bekleme, seni tarihsiz k\u0131l <br \/>Bir kartala par\u00e7alat seni kayalara zincirleyerek <br \/>Kurbanla kurban eden bilinmiyor tarihe bakarsan <br \/>Bir efsaneydi ya\u015famak, sende bilmiyorsun bunu <br \/>Medyomdu kimya bir senfoninin diliydi belki <br \/>Yeni cehennemler kurmu\u015ftuk bilinebilir \u015feylerden <br \/>S\u00f6z\u00fcn\u00fc tut art\u0131k, seni tarihsiz k\u0131l <br \/>Ve katlanma bu d\u00fcnyaya ey kalbim<\/p>\n<p>AHMET TELL\u0130<\/p>\n","protected":false},"excerpt":{"rendered":"<p>\u00a0 An\u0131lar biriktik\u00e7e sisleniyor a\u015fklarda Yitiriliyor ser\u00fcven duygusu ki o zaman \u015eeytan\u0131m\u0131 koluma tak\u0131p gitmeliyim Yeni bir cehennem kurmal\u0131y\u0131m kendime Hep kendini yineliyorken sesler kokular Gittik\u00e7e birbirine benziyorken d\u00fcnle bug\u00fcn \u00d6l\u00fcms\u00fcz olmak kadar \u00fcrk\u00fcn\u00e7 bir\u015fey Bu d\u00fcnyaya al\u0131\u015fmak duygusu Sonsuza kadar sonsuzlu\u011fa as\u0131l\u0131 kalmak Tanr\u0131lara \u00f6d\u00fcl insano\u011fluna cezaysa Kalbim ba\u011f\u0131\u015flanmayacak bir\u015fey yap Katlanma kendine ve [&hellip;]<\/p>\n","protected":false},"author":1,"featured_media":0,"comment_status":"open","ping_status":"open","sticky":false,"template":"","format":"standard","meta":{"footnotes":""},"categories":[7],"tags":[],"class_list":{"0":"post-138","1":"post","2":"type-post","3":"status-publish","4":"format-standard","6":"category-ahmet-telli"},"yoast_head":"<!-- This site is optimized with the Yoast SEO Premium plugin v24.9 (Yoast SEO v24.9) - https:\/\/yoast.com\/wordpress\/plugins\/seo\/ -->\n<title>KALB\u0130M KATLANMA BU D\u00dcNYAYA - narteks.net<\/title>\n<meta name=\"robots\" content=\"index, follow, max-snippet:-1, max-image-preview:large, max-video-preview:-1\" \/>\n<link rel=\"canonical\" href=\"https:\/\/narteks.net\/index.php\/2009\/02\/27\/kalbim-katlanma-bu-dunyaya\/\" \/>\n<meta property=\"og:locale\" content=\"tr_TR\" \/>\n<meta property=\"og:type\" content=\"article\" \/>\n<meta property=\"og:title\" content=\"KALB\u0130M KATLANMA BU D\u00dcNYAYA\" \/>\n<meta property=\"og:description\" content=\"\u00a0 An\u0131lar biriktik\u00e7e sisleniyor a\u015fklarda Yitiriliyor ser\u00fcven duygusu ki o zaman \u015eeytan\u0131m\u0131 koluma tak\u0131p gitmeliyim Yeni bir cehennem kurmal\u0131y\u0131m kendime Hep kendini yineliyorken sesler kokular Gittik\u00e7e birbirine benziyorken d\u00fcnle bug\u00fcn \u00d6l\u00fcms\u00fcz olmak kadar \u00fcrk\u00fcn\u00e7 bir\u015fey Bu d\u00fcnyaya al\u0131\u015fmak duygusu Sonsuza kadar sonsuzlu\u011fa as\u0131l\u0131 kalmak Tanr\u0131lara \u00f6d\u00fcl insano\u011fluna cezaysa Kalbim ba\u011f\u0131\u015flanmayacak bir\u015fey yap Katlanma kendine ve [&hellip;]\" \/>\n<meta property=\"og:url\" content=\"https:\/\/narteks.net\/index.php\/2009\/02\/27\/kalbim-katlanma-bu-dunyaya\/\" \/>\n<meta property=\"og:site_name\" content=\"narteks.net\" \/>\n<meta property=\"article:published_time\" content=\"2009-02-27T12:58:22+00:00\" \/>\n<meta property=\"og:image\" content=\"https:\/\/narteks.net\/wp-content\/uploads\/narteks.png\" \/>\n\t<meta property=\"og:image:width\" content=\"300\" \/>\n\t<meta property=\"og:image:height\" content=\"90\" \/>\n\t<meta property=\"og:image:type\" content=\"image\/png\" \/>\n<meta name=\"author\" content=\"Tar\u0131k\" \/>\n<meta name=\"twitter:card\" content=\"summary_large_image\" \/>\n<meta name=\"twitter:creator\" content=\"@narteks\" \/>\n<meta name=\"twitter:site\" content=\"@narteks\" \/>\n<meta name=\"twitter:label1\" content=\"Yazan:\" \/>\n\t<meta name=\"twitter:data1\" content=\"Tar\u0131k\" \/>\n\t<meta name=\"twitter:label2\" content=\"Tahmini okuma s\u00fcresi\" \/>\n\t<meta name=\"twitter:data2\" content=\"1 dakika\" \/>\n<script type=\"application\/ld+json\" class=\"yoast-schema-graph\">{\"@context\":\"https:\/\/schema.org\",\"@graph\":[{\"@type\":\"Article\",\"@id\":\"https:\/\/narteks.net\/index.php\/2009\/02\/27\/kalbim-katlanma-bu-dunyaya\/#article\",\"isPartOf\":{\"@id\":\"https:\/\/narteks.net\/index.php\/2009\/02\/27\/kalbim-katlanma-bu-dunyaya\/\"},\"author\":{\"name\":\"Tar\u0131k\",\"@id\":\"https:\/\/narteks.net\/#\/schema\/person\/61f37d9834294b72d31d274e7ed79bca\"},\"headline\":\"KALB\u0130M KATLANMA BU D\u00dcNYAYA\",\"datePublished\":\"2009-02-27T12:58:22+00:00\",\"mainEntityOfPage\":{\"@id\":\"https:\/\/narteks.net\/index.php\/2009\/02\/27\/kalbim-katlanma-bu-dunyaya\/\"},\"wordCount\":199,\"commentCount\":0,\"publisher\":{\"@id\":\"https:\/\/narteks.net\/#organization\"},\"articleSection\":[\"Ahmet TELL\u0130\"],\"inLanguage\":\"tr\",\"potentialAction\":[{\"@type\":\"CommentAction\",\"name\":\"Comment\",\"target\":[\"https:\/\/narteks.net\/index.php\/2009\/02\/27\/kalbim-katlanma-bu-dunyaya\/#respond\"]}]},{\"@type\":\"WebPage\",\"@id\":\"https:\/\/narteks.net\/index.php\/2009\/02\/27\/kalbim-katlanma-bu-dunyaya\/\",\"url\":\"https:\/\/narteks.net\/index.php\/2009\/02\/27\/kalbim-katlanma-bu-dunyaya\/\",\"name\":\"KALB\u0130M KATLANMA BU D\u00dcNYAYA - narteks.net\",\"isPartOf\":{\"@id\":\"https:\/\/narteks.net\/#website\"},\"datePublished\":\"2009-02-27T12:58:22+00:00\",\"breadcrumb\":{\"@id\":\"https:\/\/narteks.net\/index.php\/2009\/02\/27\/kalbim-katlanma-bu-dunyaya\/#breadcrumb\"},\"inLanguage\":\"tr\",\"potentialAction\":[{\"@type\":\"ReadAction\",\"target\":[\"https:\/\/narteks.net\/index.php\/2009\/02\/27\/kalbim-katlanma-bu-dunyaya\/\"]}]},{\"@type\":\"BreadcrumbList\",\"@id\":\"https:\/\/narteks.net\/index.php\/2009\/02\/27\/kalbim-katlanma-bu-dunyaya\/#breadcrumb\",\"itemListElement\":[{\"@type\":\"ListItem\",\"position\":1,\"name\":\"Anasayfa\",\"item\":\"https:\/\/narteks.net\/\"},{\"@type\":\"ListItem\",\"position\":2,\"name\":\"KALB\u0130M KATLANMA BU D\u00dcNYAYA\"}]},{\"@type\":\"WebSite\",\"@id\":\"https:\/\/narteks.net\/#website\",\"url\":\"https:\/\/narteks.net\/\",\"name\":\"narteks.net\",\"description\":\"K\u00fclt\u00fcr Sanat Edebiyat Felsefe\",\"publisher\":{\"@id\":\"https:\/\/narteks.net\/#organization\"},\"alternateName\":\"K\u00fclt\u00fcr Sanat Edebiyat Felsefe\",\"potentialAction\":[{\"@type\":\"SearchAction\",\"target\":{\"@type\":\"EntryPoint\",\"urlTemplate\":\"https:\/\/narteks.net\/?s={search_term_string}\"},\"query-input\":{\"@type\":\"PropertyValueSpecification\",\"valueRequired\":true,\"valueName\":\"search_term_string\"}}],\"inLanguage\":\"tr\"},{\"@type\":\"Organization\",\"@id\":\"https:\/\/narteks.net\/#organization\",\"name\":\"narteks.net\",\"url\":\"https:\/\/narteks.net\/\",\"logo\":{\"@type\":\"ImageObject\",\"inLanguage\":\"tr\",\"@id\":\"https:\/\/narteks.net\/#\/schema\/logo\/image\/\",\"url\":\"https:\/\/narteks.net\/wp-content\/uploads\/narteks.png\",\"contentUrl\":\"https:\/\/narteks.net\/wp-content\/uploads\/narteks.png\",\"width\":300,\"height\":90,\"caption\":\"narteks.net\"},\"image\":{\"@id\":\"https:\/\/narteks.net\/#\/schema\/logo\/image\/\"},\"sameAs\":[\"https:\/\/x.com\/narteks\",\"https:\/\/instagram.com\/narteksnet\"]},{\"@type\":\"Person\",\"@id\":\"https:\/\/narteks.net\/#\/schema\/person\/61f37d9834294b72d31d274e7ed79bca\",\"name\":\"Tar\u0131k\",\"image\":{\"@type\":\"ImageObject\",\"inLanguage\":\"tr\",\"@id\":\"https:\/\/narteks.net\/#\/schema\/person\/image\/\",\"url\":\"https:\/\/secure.gravatar.com\/avatar\/50865afb55632c4ae467e0af0930f6510aa2297d8014be502a55b14f3b7550cf?s=96&d=mm&r=g\",\"contentUrl\":\"https:\/\/secure.gravatar.com\/avatar\/50865afb55632c4ae467e0af0930f6510aa2297d8014be502a55b14f3b7550cf?s=96&d=mm&r=g\",\"caption\":\"Tar\u0131k\"},\"sameAs\":[\"http:\/\/narteks.net\"],\"url\":\"https:\/\/narteks.net\/index.php\/author\/narbak\/\"}]}<\/script>\n<!-- \/ Yoast SEO Premium plugin. -->","yoast_head_json":{"title":"KALB\u0130M KATLANMA BU D\u00dcNYAYA - narteks.net","robots":{"index":"index","follow":"follow","max-snippet":"max-snippet:-1","max-image-preview":"max-image-preview:large","max-video-preview":"max-video-preview:-1"},"canonical":"https:\/\/narteks.net\/index.php\/2009\/02\/27\/kalbim-katlanma-bu-dunyaya\/","og_locale":"tr_TR","og_type":"article","og_title":"KALB\u0130M KATLANMA BU D\u00dcNYAYA","og_description":"\u00a0 An\u0131lar biriktik\u00e7e sisleniyor a\u015fklarda Yitiriliyor ser\u00fcven duygusu ki o zaman \u015eeytan\u0131m\u0131 koluma tak\u0131p gitmeliyim Yeni bir cehennem kurmal\u0131y\u0131m kendime Hep kendini yineliyorken sesler kokular Gittik\u00e7e birbirine benziyorken d\u00fcnle bug\u00fcn \u00d6l\u00fcms\u00fcz olmak kadar \u00fcrk\u00fcn\u00e7 bir\u015fey Bu d\u00fcnyaya al\u0131\u015fmak duygusu Sonsuza kadar sonsuzlu\u011fa as\u0131l\u0131 kalmak Tanr\u0131lara \u00f6d\u00fcl insano\u011fluna cezaysa Kalbim ba\u011f\u0131\u015flanmayacak bir\u015fey yap Katlanma kendine ve [&hellip;]","og_url":"https:\/\/narteks.net\/index.php\/2009\/02\/27\/kalbim-katlanma-bu-dunyaya\/","og_site_name":"narteks.net","article_published_time":"2009-02-27T12:58:22+00:00","og_image":[{"width":300,"height":90,"url":"https:\/\/narteks.net\/wp-content\/uploads\/narteks.png","type":"image\/png"}],"author":"Tar\u0131k","twitter_card":"summary_large_image","twitter_creator":"@narteks","twitter_site":"@narteks","twitter_misc":{"Yazan:":"Tar\u0131k","Tahmini okuma s\u00fcresi":"1 dakika"},"schema":{"@context":"https:\/\/schema.org","@graph":[{"@type":"Article","@id":"https:\/\/narteks.net\/index.php\/2009\/02\/27\/kalbim-katlanma-bu-dunyaya\/#article","isPartOf":{"@id":"https:\/\/narteks.net\/index.php\/2009\/02\/27\/kalbim-katlanma-bu-dunyaya\/"},"author":{"name":"Tar\u0131k","@id":"https:\/\/narteks.net\/#\/schema\/person\/61f37d9834294b72d31d274e7ed79bca"},"headline":"KALB\u0130M KATLANMA BU D\u00dcNYAYA","datePublished":"2009-02-27T12:58:22+00:00","mainEntityOfPage":{"@id":"https:\/\/narteks.net\/index.php\/2009\/02\/27\/kalbim-katlanma-bu-dunyaya\/"},"wordCount":199,"commentCount":0,"publisher":{"@id":"https:\/\/narteks.net\/#organization"},"articleSection":["Ahmet TELL\u0130"],"inLanguage":"tr","potentialAction":[{"@type":"CommentAction","name":"Comment","target":["https:\/\/narteks.net\/index.php\/2009\/02\/27\/kalbim-katlanma-bu-dunyaya\/#respond"]}]},{"@type":"WebPage","@id":"https:\/\/narteks.net\/index.php\/2009\/02\/27\/kalbim-katlanma-bu-dunyaya\/","url":"https:\/\/narteks.net\/index.php\/2009\/02\/27\/kalbim-katlanma-bu-dunyaya\/","name":"KALB\u0130M KATLANMA BU D\u00dcNYAYA - narteks.net","isPartOf":{"@id":"https:\/\/narteks.net\/#website"},"datePublished":"2009-02-27T12:58:22+00:00","breadcrumb":{"@id":"https:\/\/narteks.net\/index.php\/2009\/02\/27\/kalbim-katlanma-bu-dunyaya\/#breadcrumb"},"inLanguage":"tr","potentialAction":[{"@type":"ReadAction","target":["https:\/\/narteks.net\/index.php\/2009\/02\/27\/kalbim-katlanma-bu-dunyaya\/"]}]},{"@type":"BreadcrumbList","@id":"https:\/\/narteks.net\/index.php\/2009\/02\/27\/kalbim-katlanma-bu-dunyaya\/#breadcrumb","itemListElement":[{"@type":"ListItem","position":1,"name":"Anasayfa","item":"https:\/\/narteks.net\/"},{"@type":"ListItem","position":2,"name":"KALB\u0130M KATLANMA BU D\u00dcNYAYA"}]},{"@type":"WebSite","@id":"https:\/\/narteks.net\/#website","url":"https:\/\/narteks.net\/","name":"narteks.net","description":"K\u00fclt\u00fcr Sanat Edebiyat Felsefe","publisher":{"@id":"https:\/\/narteks.net\/#organization"},"alternateName":"K\u00fclt\u00fcr Sanat Edebiyat Felsefe","potentialAction":[{"@type":"SearchAction","target":{"@type":"EntryPoint","urlTemplate":"https:\/\/narteks.net\/?s={search_term_string}"},"query-input":{"@type":"PropertyValueSpecification","valueRequired":true,"valueName":"search_term_string"}}],"inLanguage":"tr"},{"@type":"Organization","@id":"https:\/\/narteks.net\/#organization","name":"narteks.net","url":"https:\/\/narteks.net\/","logo":{"@type":"ImageObject","inLanguage":"tr","@id":"https:\/\/narteks.net\/#\/schema\/logo\/image\/","url":"https:\/\/narteks.net\/wp-content\/uploads\/narteks.png","contentUrl":"https:\/\/narteks.net\/wp-content\/uploads\/narteks.png","width":300,"height":90,"caption":"narteks.net"},"image":{"@id":"https:\/\/narteks.net\/#\/schema\/logo\/image\/"},"sameAs":["https:\/\/x.com\/narteks","https:\/\/instagram.com\/narteksnet"]},{"@type":"Person","@id":"https:\/\/narteks.net\/#\/schema\/person\/61f37d9834294b72d31d274e7ed79bca","name":"Tar\u0131k","image":{"@type":"ImageObject","inLanguage":"tr","@id":"https:\/\/narteks.net\/#\/schema\/person\/image\/","url":"https:\/\/secure.gravatar.com\/avatar\/50865afb55632c4ae467e0af0930f6510aa2297d8014be502a55b14f3b7550cf?s=96&d=mm&r=g","contentUrl":"https:\/\/secure.gravatar.com\/avatar\/50865afb55632c4ae467e0af0930f6510aa2297d8014be502a55b14f3b7550cf?s=96&d=mm&r=g","caption":"Tar\u0131k"},"sameAs":["http:\/\/narteks.net"],"url":"https:\/\/narteks.net\/index.php\/author\/narbak\/"}]}},"_links":{"self":[{"href":"https:\/\/narteks.net\/index.php\/wp-json\/wp\/v2\/posts\/138","targetHints":{"allow":["GET"]}}],"collection":[{"href":"https:\/\/narteks.net\/index.php\/wp-json\/wp\/v2\/posts"}],"about":[{"href":"https:\/\/narteks.net\/index.php\/wp-json\/wp\/v2\/types\/post"}],"author":[{"embeddable":true,"href":"https:\/\/narteks.net\/index.php\/wp-json\/wp\/v2\/users\/1"}],"replies":[{"embeddable":true,"href":"https:\/\/narteks.net\/index.php\/wp-json\/wp\/v2\/comments?post=138"}],"version-history":[{"count":0,"href":"https:\/\/narteks.net\/index.php\/wp-json\/wp\/v2\/posts\/138\/revisions"}],"wp:attachment":[{"href":"https:\/\/narteks.net\/index.php\/wp-json\/wp\/v2\/media?parent=138"}],"wp:term":[{"taxonomy":"category","embeddable":true,"href":"https:\/\/narteks.net\/index.php\/wp-json\/wp\/v2\/categories?post=138"},{"taxonomy":"post_tag","embeddable":true,"href":"https:\/\/narteks.net\/index.php\/wp-json\/wp\/v2\/tags?post=138"}],"curies":[{"name":"wp","href":"https:\/\/api.w.org\/{rel}","templated":true}]}}