{"id":1380,"date":"2010-01-13T01:00:00","date_gmt":"2010-01-12T22:00:00","guid":{"rendered":"http:\/\/localhost\/wordpress\/2010\/01\/13\/ey-tanrinin-kulu-elbet-vardir-iyi-bir-insan-bu-evrende-hazreti-isa-ile-iki-kisi-aziz-nesin\/"},"modified":"2010-01-13T01:00:00","modified_gmt":"2010-01-12T22:00:00","slug":"ey-tanrinin-kulu-elbet-vardir-iyi-bir-insan-bu-evrende-hazreti-isa-ile-iki-kisi-aziz-nesin","status":"publish","type":"post","link":"https:\/\/narteks.net\/index.php\/2010\/01\/13\/ey-tanrinin-kulu-elbet-vardir-iyi-bir-insan-bu-evrende-hazreti-isa-ile-iki-kisi-aziz-nesin\/","title":{"rendered":"Ey Tanr\u0131n\u0131n kulu ! Elbet vard\u0131r  iyi bir insan bu evrende | Hazreti \u0130sa \u0130le \u0130ki Ki\u015fi &#8211; Aziz Nesin"},"content":{"rendered":"<p style=\"text-align: justify;\"><strong> <img loading=\"lazy\" decoding=\"async\" style=\"float: left; border: 0;\" src=\"http:\/\/www.bursadakultur.org\/images\/aziz_nesin.jpg\" width=\"155\" height=\"205\" border=\"0\" \/><\/strong>Birg\u00fcn Hazret-i \u0130sa ile bir estetik cerrahi operat\u00f6r\u00fc, bir de otomobil tamircisi, bir gazinoda oturuyorlard\u0131. Hazret-i \u0130sa, onlara din telkinlerinde bulunuyordu. Konu\u015fma s\u0131ras\u0131nda otomobil tamircisi, Hazret-i \u0130sa&#8217;ya,<\/p>\n<p style=\"text-align: justify;\">&#8211; Ey b\u00fcy\u00fck \u00f6\u011fretmen! \u0130nsanlara iyilik etmek i\u00e7in i\u00e7imde bir ate\u015fli istek var. Ne yolda iyilik edebilirim?.. diye sordu. Hazret-i \u0130sa,<\/p>\n<p style=\"text-align: justify;\">&#8211; Tanr\u0131n\u0131n \u015feriat\u0131nda nas\u0131lsa \u00f6yle yapmal\u0131s\u0131n!.. dedi.<\/p>\n<p style=\"text-align: justify;\">Otomobil tamircisi,<\/p>\n<p>&#8211; Sana, k\u00f6t\u00fcl\u00fck edenlere iyilik ederek, onlar\u0131 k\u00f6t\u00fcl\u00fck ettikleri i\u00e7in utand\u0131rarak&#8230; dedi.<\/p>\n<p>Estetik cerrahi operat\u00f6r\u00fc,<\/p>\n<p style=\"text-align: justify;\">&#8211; \u0130nsanlar\u0131n mayas\u0131 k\u00f6t\u00fcd\u00fcr, dedi. Deneyimlerime dayanarak s\u00f6yl\u00fcyorum.\u0130nsanlar k\u00f6t\u00fcd\u00fcr.<\/p>\n<p style=\"text-align: justify;\">Otomobil tamircisi,<\/p>\n<p>&#8211; Hay\u0131r, dedi. \u0130nsanlann i\u00e7inde iyilik vard\u0131r. Siz de bu Eriha kentinin en iyi insan\u0131 de\u011fil misiniz?<br \/>&#8211; Ger\u00e7ekten Eriha kentinin en zengini olan estetik cerrahi operat\u00f6r\u00fc, hem de bu kentin en iyiliksever ki\u015fisiydi. Bu kadar iyi insan\u0131n \u015eimdi nas\u0131l olup da, insanlara k\u00f6t\u00fc dedi\u011fine tamirci \u015fa\u015fm\u0131\u015ft\u0131.<\/p>\n<p style=\"text-align: justify;\">Operat\u00f6r,<\/p>\n<p style=\"text-align: justify;\">&#8211; Ben ba\u015fka&#8230; dedi. Ben b\u00fct\u00fcn ya\u015fam\u0131mda herkese iyilik ettim. Ama kar\u015f\u0131l\u0131\u011f\u0131nda de hep k\u00f6t\u00fcl\u00fck g\u00f6rd\u00fcm. Demek insanlar k\u00f6t\u00fc&#8230; Hi\u00e7 kimse bu ger\u00e7e\u011fi benim kadar bilemez. Konu\u015fmaya pek kat\u0131lmayan Hazret-i \u0130sa, \u00f6n\u00fcndeki toprak \u00e7anaktan,\u015farab\u0131n\u0131 i\u00e7ti. Otomobil tamircisi, operat\u00f6re,<\/p>\n<p>&#8211; \u00d6yleyse cennette siz bir ba\u015f\u0131n\u0131za kalacaks\u0131n\u0131z&#8230; dedi.<\/p>\n<p style=\"text-align: justify;\">Operat\u00f6r,<\/p>\n<p>&#8211; \u00d6yle, dedi, benim de korkum bu ya&#8230; Koca cennette tek ba\u015f\u0131ma can\u0131m s\u0131k\u0131lacak.<\/p>\n<p style=\"text-align: justify;\">Bu konu\u015fman\u0131n sonunda tamirciyle operat\u00f6r, insanlar iyidir, k\u00f6t\u00fcd\u00fcr diye bahse girdiler. \u0130nsanlar\u0131n iyi oldu\u011funu savunan tamirci, dedi\u011fi \u00e7\u0131karsa, operat\u00f6r\u00fcn b\u00fct\u00fcn mal\u0131n\u0131 m\u00fclk\u00fcn\u00fc elinden alacakt\u0131. Dedi\u011fi \u00e7\u0131kmazsa, nesi var nesi yoksa hepsi operat\u00f6r\u00fcn olacakt\u0131. \u00dc\u00e7\u00fc birlikte Eriha&#8217;dan Yeru\u015falim&#8217;e giden yol \u00fcst\u00fcnde k\u0131rl\u0131k bir yere geldiler. Estetik cerrahi operat\u00f6r\u00fc bu yolda tek ba\u015f\u0131na duracakt\u0131. Bakal\u0131m, bu yoldan gelip ge\u00e7enler ona iyilik mi, yoksa k\u00f6t\u00fcl\u00fck m\u00fc edeceklerdi. Hazret-i \u0130sa&#8217;yla otomobil tamircisi de olup biteni uzaktan seyretmek i\u00e7in tepeye \u00e7\u0131kt\u0131lar, bir zeytin a\u011fac\u0131n\u0131n arkas\u0131na gizlendiler. \u0130kisi de kendi dedi\u011finin \u00e7\u0131kmas\u0131 i\u00e7in Tannya yalvar\u0131yorlard\u0131. Tamirci, ellerini g\u00f6ky\u00fcz\u00fcne a\u00e7m\u0131\u015f,<br \/>&#8211; Tannm, insanlar \u015eu operat\u00f6re in\u015fallah iyilik ederler&#8230; diye yakanyordu. Kendi dedi\u011fi \u00e7\u0131karsa operat\u00f6r\u00fcn \u00f6zel hastanesi, malikaneleri, k\u00f6leleri, cariyeleri, hepsinden \u00f6nemlisi de bankadaki be\u015fy\u00fczbin dolar\u0131 onun olacakt\u0131.<\/p>\n<p style=\"text-align: justify;\">&#8211; Tanr\u0131m, in\u015fallah insanlar bana k\u00f6t\u00fcl\u00fck ederler de tamircinin b\u00fct\u00fcn mal\u0131n\u0131 m\u00fclk\u00fcn\u00fc elinden al\u0131r\u0131m.<\/p>\n<p>Operat\u00f6r\u00fcn dedi\u011fi \u00e7\u0131karsa, tamircinin d\u00fckkanlar\u0131; evleri, k\u00f6leleri, hepsinden \u00f6nemlisi de bankadaki y\u00fczbin dolar\u0131 onun olacakt\u0131.<br \/>Uzaktan bir ayak sesi duyuldu. Operat\u00f6r i\u00e7inden,<\/p>\n<p>&#8211; Hah, i\u015fte haydut!. diye ge\u00e7irdi. Tamirci de i\u00e7inden,<\/p>\n<p>&#8211; \u0130\u015fte erdemli bir ki\u015fi&#8230; dedi.<\/p>\n<p>Yolun d\u00f6nemecinden bir adam \u00e7\u0131kt\u0131. Operat\u00f6r\u00fcn yan\u0131na gelince kamas\u0131n\u0131 \u00e7ekip \u00fcst\u00fcne y\u00fcr\u00fcd\u00fc, &#8211; \u00c7\u0131kar paralar\u0131!.. diye ba\u011f\u0131rd\u0131. Operat\u00f6r buna o kadar sevindi ki, g\u00fcl\u00fcp oynayarak ceplerindeki b\u00fct\u00fcn paralan \u00e7\u0131kard\u0131. Soydu\u011fu adam\u0131n sevincine \u015fa\u015f\u0131ran haydut,<br \/>&#8211; Bunca y\u0131ld\u0131r soygunculuk yapanm. \u015eimdiye kadar soy-duklar\u0131m\u0131n aras\u0131nda hi\u00e7 senin gibi sevineni g\u00f6rmedim&#8230; dedi.<br \/>Sonra operat\u00f6r\u00fcn \u00fcst\u00fcn\u00fc ba\u015f\u0131n\u0131 arad\u0131. B\u00fct\u00fcn paralar\u0131n\u0131 al\u0131p giderken operat\u00f6r arkas\u0131ndan seslendi:<br \/>&#8211; Sayg\u0131de\u011fer haydut, \u015fu cebimde de be\u015f dolar kalm\u0131\u015f, onu g\u00f6rmemi\u015fsiniz. Buyurun al\u0131n&#8230;<\/p>\n<p style=\"text-align: justify;\">Haydut,<br \/>&#8211; Sen, dini b\u00fct\u00fcn biri olmal\u0131s\u0131n. Anla\u015f\u0131lan, beni yapt\u0131\u011f\u0131mdan utand\u0131rmak istiyorsun, ama bana v\u0131z gelir. Ver bakal\u0131m onlar\u0131 da&#8230; dedi.<br \/>Paralar\u0131 al\u0131p yolland\u0131. Operat\u00f6r, tepede, zeytin a\u011fac\u0131n\u0131n arkas\u0131ndaki tamirciye sevin\u00e7le seslendi:<br \/>&#8211; \u0130\u015fte g\u00f6z\u00fcnle g\u00f6rd\u00fcn ki insanlar k\u00f6t\u00fc&#8230; Bahsi kaybettin, b\u00fct\u00fcn mallar\u0131n, paralar\u0131n benim oldu.<\/p>\n<p style=\"text-align: justify;\">Hazret-i \u0130sa, yumu\u015fak ama tok bir sesle ona tepeden,<\/p>\n<p>&#8211; Acele etmee! Ve insanlar\u0131n iyi olduklar\u0131na inan ve bekle!.. dedi.<\/p>\n<p>Operat\u00f6r beklemeye ba\u015flad\u0131. Bir ayak sesi daha duyuldu. Tamirci de, operat\u00f6rde umutland\u0131lar. Biri iyi, biri de k\u00f6t\u00fc insan bekliyor, gelenin dileklerine uygun biri olmas\u0131 i\u00e7in Tanr\u0131ya yakar\u0131yorlard\u0131.<\/p>\n<p style=\"text-align: justify;\">Operat\u00f6r,<\/p>\n<p>&#8211; Tanr\u0131m, bu gelen adam bana k\u00f6t\u00fcl\u00fck ederse, tamirciden ald\u0131\u011f\u0131m mallar\u0131n k\u0131rkta birini yoksullara da\u011f\u0131tarak insanlara iyilikler yapaca\u011f\u0131m&#8230; dedi.<br \/>Tamirci de,<br \/>&#8211; Tanr\u0131m, ayak sesi duyulan adam, operat\u00f6re iyilik yaparsa, ondan alaca\u011f\u0131m mallann k\u0131rkta birini yoksullara da\u011f\u0131taca\u011f\u0131m&#8230; dedi.D\u00f6neme\u00e7ten bir adam \u00e7\u0131kt\u0131. Operat\u00f6r\u00fcn yan\u0131na gelince kamas\u0131n\u0131 \u00e7ekip, g\u00f6\u011fs\u00fcne dayad\u0131,<\/p>\n<p>&#8211; \u00c7\u0131kar paralar\u0131!.. diye ba\u011f\u0131rd\u0131. Operat\u00f6r sevin\u00e7 i\u00e7inde,<\/p>\n<p>&#8211; Hi\u00e7 param yok. \u0130nanmazsan\u0131z aray\u0131n. Ama isterseniz \u00fcst\u00fcmde de\u011ferli buldu\u011funuz ne varsa alabilirsiniz&#8230; dedi.<\/p>\n<p>Haydut, operat\u00f6r\u00fcn parmaklar\u0131ndaki y\u00fcz\u00fckleri, g\u00fcm\u00fc\u015f tabakas\u0131n\u0131, \u00e7akma\u011f\u0131n\u0131, alt\u0131n u\u00e7lu dolmakalemini ald\u0131. Al\u0131nacak hi\u00e7bi\u015feyi kalmay\u0131nca operat\u00f6r a\u011fz\u0131n\u0131 a\u00e7arak hayduda,<br \/>&#8211; Bak\u0131n, bak\u0131n a\u011fz\u0131m\u0131n i\u00e7ine bak\u0131n l\u00fctfen&#8230; Sol \u00fcst \u00e7enemdeki az\u0131 di\u015fi alt\u0131nd\u0131r.<\/p>\n<p>\u0130\u015finize yaramaz m\u0131?.. dedi.<\/p>\n<p>Haydut, operat\u00f6r\u00fc yere y\u0131k\u0131p, alt\u0131n kaplamay\u0131 almak i\u00e7in az\u0131 di\u015fini s\u00f6kt\u00fc. Operat\u00f6r can ac\u0131s\u0131ndan k\u0131vran\u0131rken biyandan da sevin\u00e7ten g\u00fcl\u00fcyordu. Haydut,<br \/>&#8211; Siz yoksa deli misiniz?.. dedi. Operat\u00f6rden ald\u0131klar\u0131n\u0131 cebine koyup gitti. Operat\u00f6r zeytin a\u011fac\u0131n\u0131n arkas\u0131na gizlenenlere,<br \/>&#8211; \u0130\u015fte bu da k\u00f6t\u00fcl\u00fck eden biri. Ben kazand\u0131m. B\u00fct\u00fcn mallar\u0131n, paralar\u0131n benim oldu&#8230; diye ba\u011f\u0131rd\u0131.<\/p>\n<p style=\"text-align: justify;\">Hazret-i \u0130sa, yumu\u015fak, i\u00e7e i\u015fleyen sesiyle tepeden ona,<\/p>\n<p>&#8211; Sab\u0131rl\u0131 oool&#8230; Ve umudunu kesme ve beklemesini bil!.. diye seslendi. Uzaktan bir ayak sesi daha duyuldu. Operat\u00f6r, umutla,<br \/>&#8211; \u0130\u015fte bir k\u00f6t\u00fc insan daha&#8230; diye i\u00e7inden ge\u00e7irdi, bu da kimbilir bana ne k\u00f6t\u00fcl\u00fck edecek, ben de tamircinin mallar\u0131na konaca\u011f\u0131m.<br \/>Tamirci de,<br \/>&#8211; \u0130yi insand\u0131r. Kimbilir operat\u00f6re ne iyilik edecek. Ben de operat\u00f6r\u00fcn b\u00fct\u00fcn mallar\u0131n\u0131 al\u0131p onu be\u015f paras\u0131z, a\u00e7 \u00e7\u0131plak b\u0131rakaca\u011f\u0131m&#8230; diye i\u00e7inden ge\u00e7irdi.<br \/>D\u00f6neme\u00e7ten biri \u00e7\u0131kt\u0131. Operat\u00f6r\u00fcn yan\u0131na gelince, kamas\u0131n\u0131 g\u00f6\u011fs\u00fcne dayay\u0131p,<\/p>\n<p>&#8211; S\u00f6k\u00fcl mang\u0131rlar\u0131! Ya paran\u0131, ya can\u0131n\u0131!.. diye ba\u011f\u0131rd\u0131.<\/p>\n<p style=\"text-align: justify;\">Operat\u00f6r,<\/p>\n<p>&#8211; Sizden \u00f6nce iki sayg\u0131de\u011fer haydut beni soydular. Hi\u00e7bi\u015feyim kalmad\u0131, dedi. Ama siz de \u00fcst\u00fcmdekileri, ba\u015f\u0131mdakileri soyup al\u0131rsan\u0131z, beni sevindirirsiniz. Elbiselerim, pabu\u00e7lanm da yenidir.<\/p>\n<p>Haydut, operat\u00f6r\u00fcn \u00fcst\u00fcndekileri \u00e7\u0131kard\u0131. Hepsini bir \u00e7\u0131k\u0131n yap\u0131p giderken operat\u00f6r ona,<br \/>&#8211; Sayg\u0131de\u011fer haydut, donum kald\u0131, dedi. Donumu istemez misin? \u00c7ok yenidir. Daha ilk defa giyiyorum. Haydut,<br \/>&#8211; Sen dini b\u00fct\u00fcn olmal\u0131s\u0131n, ama bana v\u0131zgelir. \u00c7\u0131kar bakal\u0131m donunu da&#8230; dedi. Donu da al\u0131p, operat\u00f6r\u00fc anadan do\u011fma \u00e7\u0131plak b\u0131rakt\u0131. Operat\u00f6r neredeyse sevincinden u\u00e7acakt\u0131.<br \/>Tamirciye,<\/p>\n<p>&#8211; Heyy, diye seslendi. G\u00f6r\u00fcyorsun ya, bu da bana k\u00f6t\u00fcl\u00fck etti. Art\u0131k b\u00fct\u00fcn mal\u0131n, paran benim oldu.<\/p>\n<p style=\"text-align: justify;\">Hazret-i \u0130sa, zeytin a\u011fac\u0131n\u0131n arkas\u0131ndan o yumu\u015fak, o tatl\u0131, ama tok sesiyle,<\/p>\n<p>&#8211; Ey Tanr\u0131n\u0131n kulu!. Sab\u0131rl\u0131 ol ve bekle ve acele etme ve elbet bu yery\u00fcz\u00fcnde bir iyi insan da bulunur&#8230; dedi.<br \/>Operat\u00f6r beklemeye ba\u015flad\u0131. Bir ayak sesi duyuldu. Sonra d\u00f6neme\u00e7ten bir adam \u00e7\u0131kt\u0131. Operat\u00f6r,<br \/>&#8211; \u00dcst\u00fcmde haydudun soyaca\u011f\u0131 bi\u015fey kalmad\u0131 in\u015fallah bu canidir, can\u0131m\u0131 almak ister. Ben de tamircinin mallar\u0131n\u0131 al\u0131r\u0131m&#8230; diye ge\u00e7irdi i\u00e7inden.<br \/>Tamirci de,<\/p>\n<p>&#8211; Bu iyi biri olmal\u0131, \u00e7\u0131plak kalan operat\u00f6re \u00f6rt\u00fcnmek i\u00e7in in\u015fallah bir bez verir&#8230; diye ge\u00e7irdi i\u00e7inden.Gelen adam\u0131n sallanmas\u0131ndan, bir sarho\u015f oldu\u011fu anla\u015f\u0131l\u0131yordu. Elinde bir sopa vard\u0131. Operat\u00f6r\u00fcn yan\u0131na gelince, sopay\u0131 onun ba\u015f\u0131na indirmeye ba\u015flad\u0131. Operat\u00f6r,sopay\u0131 yedik\u00e7e,<\/p>\n<p>&#8211; Sol yan\u0131ma vurmad\u0131n\u0131z, biraz da sol omzuma vurun karde\u015f&#8230; diye sarho\u015fa yalvar\u0131yordu. Sarho\u015f soluna vurunca sa\u011f\u0131n\u0131 d\u00f6n\u00fcyordu. Sopalar\u0131n ac\u0131s\u0131ndan operat\u00f6r inleyerek yere y\u0131k\u0131ld\u0131.<br \/>&#8211; Sayg\u0131de\u011fer serseri, ba\u015f\u0131ma da vurun l\u00fctfen, Zahmet olmazsa s\u0131rt\u0131ma iki \u00fc\u00e7 sopa daha indirin!. dedi. Sarho\u015f,<br \/>&#8211; Sen dini b\u00fct\u00fcn biri olmal\u0131s\u0131n ama bana v\u0131z gelir. \u0130\u015fte dile\u011fini yerine getiriyorum&#8230; diyerek olanca h\u0131z\u0131yla operat\u00f6r\u00fcn kafas\u0131na bir sopa daha indirdi. Sonra yine sallana sallana gitti.<br \/>Operat\u00f6r y\u0131\u011f\u0131ld\u0131\u011f\u0131 yerde, kanlar i\u00e7inde kalm\u0131\u015ft\u0131. \u0130nleyerek,<\/p>\n<p>&#8211; B\u00fct\u00fcn mal\u0131n, paran benim oldu&#8230; diye tamirciye seslendi. Hazret-i \u0130sa, zeytin agac\u0131n\u0131n arkas\u0131ndan \u00e7\u0131kt\u0131. \u0130nsan\u0131n i\u00e7ine i\u015fleyen, b\u00fcy\u00fcleyici, ama tok sesiyle.<br \/>&#8211; Ey Tannn\u0131n kulu! Sab\u0131rl\u0131 ol ve bekle ve acele etme ve bu yery\u00fcz\u00fcnde elbet bir iyi y\u00fcrekli ki\u015fi bulunacak!.. dedi. Bir ayak sesi duyuldu. Yerde inleyen operat\u00f6r,<\/p>\n<p>&#8211; \u0130n\u015fallah, bu bir katildir,beni \u00f6ld\u00fcrmek ister&#8230; dedi. Tamirci de,<\/p>\n<p>&#8211; \u0130n\u015fallah operat\u00f6re yard\u0131m edecektir&#8230; dedi.<\/p>\n<p>D\u00f6neme\u00e7ten bir adam \u00e7\u0131kt\u0131. Yerde inleyen operat\u00f6r\u00fcn yan\u0131na \u00e7\u00f6kt\u00fc.<\/p>\n<p>&#8211; Neyin var karde\u015f? Yaralar\u0131n \u00e7ok mu a\u011f\u0131r?.. dedi. Bu adam\u0131n kendisine yard\u0131m edece\u011fini anlayan operat\u00f6r, Hazret-i \u0130sa&#8217;ya duyurmamaya \u00e7al\u0131\u015farak,<br \/>&#8211; Defol!.. diye adama ba\u011f\u0131rd\u0131.<\/p>\n<p>Adam, heybesinden \u015farap, zeytinya\u011f\u0131 \u00e7\u0131kard\u0131. Operat\u00f6r\u00fcn yaralar\u0131n\u0131 temizlemek istedi. A\u011fz\u0131ndan, burnundan kanlar akan operat\u00f6r,<br \/>&#8211; Git ba\u015f\u0131mdan, ben senden yard\u0131m istemiyorum!.. diye ba\u011f\u0131rd\u0131. Adam,<\/p>\n<p>&#8211; Sen ac\u0131 duyarken, ben sana nas\u0131l yard\u0131m etmem&#8230; dedi.<\/p>\n<p>&#8211; Bana yard\u0131m etmek istiyorsan, hemen defol git buradan&#8230; Hatta giderken k\u0131\u00e7\u0131ma bir tekme de indirsen bana as\u0131l o zaman yard\u0131m etmi\u015f olursun&#8230; dedi.<br \/>&#8211; Birbirlerine yard\u0131m etmek, iyilik etmek insanlar\u0131n insanl\u0131k borcudur. Beni yard\u0131mdan al\u0131koymay\u0131n, karde\u015f. Adam ille de yard\u0131m etmek, operat\u00f6r\u00fcn yaralar\u0131n\u0131 temizleyip sarmak, sonra da s\u0131rt\u0131na al\u0131p \u015fehre g\u00f6t\u00fcrmek istiyordu.<\/p>\n<p style=\"text-align: justify;\">Operat\u00f6r,<br \/>&#8211; \u0130yilik miyilik istemem, git ulan ba\u015f\u0131mdan!.. diye ba\u011f\u0131rd\u0131. \u0130yi insan\u0131 ba\u015f\u0131ndan savamayaca\u011f\u0131n\u0131 anlayan operat\u00f6r, adama s\u00f6v\u00fcp saymaya ba\u015flad\u0131. Ama o hi\u00e7 k\u0131zmadan onun yaralar\u0131n\u0131 \u015farapla, zeytinya\u011f\u0131yla temizliyor, s\u0131rt\u0131ndan \u00e7\u0131kard\u0131\u011f\u0131 g\u00f6mle\u011fini par\u00e7alay\u0131p bu yaralar\u0131 sar\u0131yordu. Kendisine yap\u0131lan bu iyilik y\u00fcz\u00fcnden b\u00fct\u00fcn mal\u0131n\u0131n, paras\u0131n\u0131n elinden gidece\u011fini anlayan operat\u00f6r, yerden bir ta\u015f kap\u0131p zorla aya\u011fa kalkt\u0131. Ta\u015f\u0131 iyi insan\u0131n kafas\u0131na indirip onu yere y\u0131kt\u0131, \u00fcst\u00fcne \u00e7\u00f6kt\u00fc. Hazret-i \u0130sa&#8217;yla tamirci, tepeden inip onlar\u0131n yan\u0131na geldiler. Estetik cerrahi operat\u00f6r\u00fc alt\u0131ndaki iyi adama,<br \/>&#8211; Sen ba\u015f\u0131ma bela m\u0131s\u0131n? \u00c7abuk git, yoksa seni \u00f6ld\u00fcr\u00fcr\u00fcm!.. dedi. Ba\u015f\u0131na ta\u015fla vurulan adam,<br \/>&#8211; Seni b\u00f6yle b\u0131rak\u0131p gidemem&#8230; dedi.<\/p>\n<p>Operat\u00f6r de ta\u015f\u0131 daha h\u0131zl\u0131 kafas\u0131na indirip, onu cans\u0131z b\u0131rakt\u0131. Sonra sendeleyerek aya\u011fa kalkt\u0131. Kanl\u0131 ellerini Hazret-i \u0130sa&#8217;ya uzat\u0131p,<br \/>&#8211; Bahsi kazand\u0131m, dedi, i\u015fte g\u00f6r\u00fcyorsunuz ki iyi insan yok.. Tamirci,<\/p>\n<p>&#8211; Nereden biliyorsunuz?.. dedi.<\/p>\n<p style=\"text-align: justify;\">Operat\u00f6r,<\/p>\n<p>&#8211; Kendimden biliyorum. Bunu kendimden biliyorum&#8230; diye ba\u011f\u0131rd\u0131, yere y\u0131k\u0131ld\u0131. Otomobil tamircisi mallar\u0131n\u0131n, paralar\u0131n\u0131n elinden gidece\u011fi korkusuyla,\u00f6ld\u00fcrmek i\u00e7in yaral\u0131 operat\u00f6r\u00fcn \u00fcst\u00fcne at\u0131ld\u0131. Hazret-i \u0130sa,<\/p>\n<p>&#8211; Onu s\u0131rt\u0131na al ve \u015fehre kadar ta\u015f\u0131 ve \u015fehre gidince candarmaya teslim et! dedi.<\/p>\n","protected":false},"excerpt":{"rendered":"<p>Birg\u00fcn Hazret-i \u0130sa ile bir estetik cerrahi operat\u00f6r\u00fc, bir de otomobil tamircisi, bir gazinoda oturuyorlard\u0131. Hazret-i \u0130sa, onlara din telkinlerinde bulunuyordu. Konu\u015fma s\u0131ras\u0131nda otomobil tamircisi, Hazret-i \u0130sa&#8217;ya, &#8211; Ey b\u00fcy\u00fck \u00f6\u011fretmen! \u0130nsanlara iyilik etmek i\u00e7in i\u00e7imde bir ate\u015fli istek var. Ne yolda iyilik edebilirim?.. diye sordu. Hazret-i \u0130sa, &#8211; Tanr\u0131n\u0131n \u015feriat\u0131nda nas\u0131lsa \u00f6yle yapmal\u0131s\u0131n!.. dedi. [&hellip;]<\/p>\n","protected":false},"author":1,"featured_media":0,"comment_status":"open","ping_status":"open","sticky":false,"template":"","format":"standard","meta":{"footnotes":""},"categories":[114],"tags":[],"class_list":{"0":"post-1380","1":"post","2":"type-post","3":"status-publish","4":"format-standard","6":"category-turkiye-den-oykuler"},"yoast_head":"<!-- This site is optimized with the Yoast SEO Premium plugin v24.9 (Yoast SEO v24.9) - https:\/\/yoast.com\/wordpress\/plugins\/seo\/ -->\n<title>Ey Tanr\u0131n\u0131n kulu ! Elbet vard\u0131r iyi bir insan bu evrende | Hazreti \u0130sa \u0130le \u0130ki Ki\u015fi - Aziz Nesin - narteks.net<\/title>\n<meta name=\"robots\" content=\"index, follow, max-snippet:-1, max-image-preview:large, max-video-preview:-1\" \/>\n<link rel=\"canonical\" href=\"https:\/\/narteks.net\/index.php\/2010\/01\/13\/ey-tanrinin-kulu-elbet-vardir-iyi-bir-insan-bu-evrende-hazreti-isa-ile-iki-kisi-aziz-nesin\/\" \/>\n<meta property=\"og:locale\" content=\"tr_TR\" \/>\n<meta property=\"og:type\" content=\"article\" \/>\n<meta property=\"og:title\" content=\"Ey Tanr\u0131n\u0131n kulu ! Elbet vard\u0131r iyi bir insan bu evrende | Hazreti \u0130sa \u0130le \u0130ki Ki\u015fi - Aziz Nesin\" \/>\n<meta property=\"og:description\" content=\"Birg\u00fcn Hazret-i \u0130sa ile bir estetik cerrahi operat\u00f6r\u00fc, bir de otomobil tamircisi, bir gazinoda oturuyorlard\u0131. Hazret-i \u0130sa, onlara din telkinlerinde bulunuyordu. Konu\u015fma s\u0131ras\u0131nda otomobil tamircisi, Hazret-i \u0130sa&#8217;ya, &#8211; Ey b\u00fcy\u00fck \u00f6\u011fretmen! \u0130nsanlara iyilik etmek i\u00e7in i\u00e7imde bir ate\u015fli istek var. Ne yolda iyilik edebilirim?.. diye sordu. Hazret-i \u0130sa, &#8211; Tanr\u0131n\u0131n \u015feriat\u0131nda nas\u0131lsa \u00f6yle yapmal\u0131s\u0131n!.. dedi. [&hellip;]\" \/>\n<meta property=\"og:url\" content=\"https:\/\/narteks.net\/index.php\/2010\/01\/13\/ey-tanrinin-kulu-elbet-vardir-iyi-bir-insan-bu-evrende-hazreti-isa-ile-iki-kisi-aziz-nesin\/\" \/>\n<meta property=\"og:site_name\" content=\"narteks.net\" \/>\n<meta property=\"article:published_time\" content=\"2010-01-12T22:00:00+00:00\" \/>\n<meta property=\"og:image\" content=\"http:\/\/www.bursadakultur.org\/images\/aziz_nesin.jpg\" \/>\n<meta name=\"author\" content=\"Tar\u0131k\" \/>\n<meta name=\"twitter:card\" content=\"summary_large_image\" \/>\n<meta name=\"twitter:creator\" content=\"@narteks\" \/>\n<meta name=\"twitter:site\" content=\"@narteks\" \/>\n<meta name=\"twitter:label1\" content=\"Yazan:\" \/>\n\t<meta name=\"twitter:data1\" content=\"Tar\u0131k\" \/>\n\t<meta name=\"twitter:label2\" content=\"Tahmini okuma s\u00fcresi\" \/>\n\t<meta name=\"twitter:data2\" content=\"10 dakika\" \/>\n<script type=\"application\/ld+json\" class=\"yoast-schema-graph\">{\"@context\":\"https:\/\/schema.org\",\"@graph\":[{\"@type\":\"Article\",\"@id\":\"https:\/\/narteks.net\/index.php\/2010\/01\/13\/ey-tanrinin-kulu-elbet-vardir-iyi-bir-insan-bu-evrende-hazreti-isa-ile-iki-kisi-aziz-nesin\/#article\",\"isPartOf\":{\"@id\":\"https:\/\/narteks.net\/index.php\/2010\/01\/13\/ey-tanrinin-kulu-elbet-vardir-iyi-bir-insan-bu-evrende-hazreti-isa-ile-iki-kisi-aziz-nesin\/\"},\"author\":{\"name\":\"Tar\u0131k\",\"@id\":\"https:\/\/narteks.net\/#\/schema\/person\/61f37d9834294b72d31d274e7ed79bca\"},\"headline\":\"Ey Tanr\u0131n\u0131n kulu ! Elbet vard\u0131r iyi bir insan bu evrende | Hazreti \u0130sa \u0130le \u0130ki Ki\u015fi &#8211; Aziz Nesin\",\"datePublished\":\"2010-01-12T22:00:00+00:00\",\"mainEntityOfPage\":{\"@id\":\"https:\/\/narteks.net\/index.php\/2010\/01\/13\/ey-tanrinin-kulu-elbet-vardir-iyi-bir-insan-bu-evrende-hazreti-isa-ile-iki-kisi-aziz-nesin\/\"},\"wordCount\":2065,\"commentCount\":0,\"publisher\":{\"@id\":\"https:\/\/narteks.net\/#organization\"},\"image\":{\"@id\":\"https:\/\/narteks.net\/index.php\/2010\/01\/13\/ey-tanrinin-kulu-elbet-vardir-iyi-bir-insan-bu-evrende-hazreti-isa-ile-iki-kisi-aziz-nesin\/#primaryimage\"},\"thumbnailUrl\":\"http:\/\/www.bursadakultur.org\/images\/aziz_nesin.jpg\",\"articleSection\":[\"T\u00fcrkiye'den \u00d6yk\u00fcler\"],\"inLanguage\":\"tr\",\"potentialAction\":[{\"@type\":\"CommentAction\",\"name\":\"Comment\",\"target\":[\"https:\/\/narteks.net\/index.php\/2010\/01\/13\/ey-tanrinin-kulu-elbet-vardir-iyi-bir-insan-bu-evrende-hazreti-isa-ile-iki-kisi-aziz-nesin\/#respond\"]}]},{\"@type\":\"WebPage\",\"@id\":\"https:\/\/narteks.net\/index.php\/2010\/01\/13\/ey-tanrinin-kulu-elbet-vardir-iyi-bir-insan-bu-evrende-hazreti-isa-ile-iki-kisi-aziz-nesin\/\",\"url\":\"https:\/\/narteks.net\/index.php\/2010\/01\/13\/ey-tanrinin-kulu-elbet-vardir-iyi-bir-insan-bu-evrende-hazreti-isa-ile-iki-kisi-aziz-nesin\/\",\"name\":\"Ey Tanr\u0131n\u0131n kulu ! Elbet vard\u0131r iyi bir insan bu evrende | Hazreti \u0130sa \u0130le \u0130ki Ki\u015fi - Aziz Nesin - narteks.net\",\"isPartOf\":{\"@id\":\"https:\/\/narteks.net\/#website\"},\"primaryImageOfPage\":{\"@id\":\"https:\/\/narteks.net\/index.php\/2010\/01\/13\/ey-tanrinin-kulu-elbet-vardir-iyi-bir-insan-bu-evrende-hazreti-isa-ile-iki-kisi-aziz-nesin\/#primaryimage\"},\"image\":{\"@id\":\"https:\/\/narteks.net\/index.php\/2010\/01\/13\/ey-tanrinin-kulu-elbet-vardir-iyi-bir-insan-bu-evrende-hazreti-isa-ile-iki-kisi-aziz-nesin\/#primaryimage\"},\"thumbnailUrl\":\"http:\/\/www.bursadakultur.org\/images\/aziz_nesin.jpg\",\"datePublished\":\"2010-01-12T22:00:00+00:00\",\"breadcrumb\":{\"@id\":\"https:\/\/narteks.net\/index.php\/2010\/01\/13\/ey-tanrinin-kulu-elbet-vardir-iyi-bir-insan-bu-evrende-hazreti-isa-ile-iki-kisi-aziz-nesin\/#breadcrumb\"},\"inLanguage\":\"tr\",\"potentialAction\":[{\"@type\":\"ReadAction\",\"target\":[\"https:\/\/narteks.net\/index.php\/2010\/01\/13\/ey-tanrinin-kulu-elbet-vardir-iyi-bir-insan-bu-evrende-hazreti-isa-ile-iki-kisi-aziz-nesin\/\"]}]},{\"@type\":\"ImageObject\",\"inLanguage\":\"tr\",\"@id\":\"https:\/\/narteks.net\/index.php\/2010\/01\/13\/ey-tanrinin-kulu-elbet-vardir-iyi-bir-insan-bu-evrende-hazreti-isa-ile-iki-kisi-aziz-nesin\/#primaryimage\",\"url\":\"http:\/\/www.bursadakultur.org\/images\/aziz_nesin.jpg\",\"contentUrl\":\"http:\/\/www.bursadakultur.org\/images\/aziz_nesin.jpg\"},{\"@type\":\"BreadcrumbList\",\"@id\":\"https:\/\/narteks.net\/index.php\/2010\/01\/13\/ey-tanrinin-kulu-elbet-vardir-iyi-bir-insan-bu-evrende-hazreti-isa-ile-iki-kisi-aziz-nesin\/#breadcrumb\",\"itemListElement\":[{\"@type\":\"ListItem\",\"position\":1,\"name\":\"Anasayfa\",\"item\":\"https:\/\/narteks.net\/\"},{\"@type\":\"ListItem\",\"position\":2,\"name\":\"Ey Tanr\u0131n\u0131n kulu ! Elbet vard\u0131r iyi bir insan bu evrende | Hazreti \u0130sa \u0130le \u0130ki Ki\u015fi &#8211; Aziz Nesin\"}]},{\"@type\":\"WebSite\",\"@id\":\"https:\/\/narteks.net\/#website\",\"url\":\"https:\/\/narteks.net\/\",\"name\":\"narteks.net\",\"description\":\"K\u00fclt\u00fcr Sanat Edebiyat Felsefe\",\"publisher\":{\"@id\":\"https:\/\/narteks.net\/#organization\"},\"alternateName\":\"K\u00fclt\u00fcr Sanat Edebiyat Felsefe\",\"potentialAction\":[{\"@type\":\"SearchAction\",\"target\":{\"@type\":\"EntryPoint\",\"urlTemplate\":\"https:\/\/narteks.net\/?s={search_term_string}\"},\"query-input\":{\"@type\":\"PropertyValueSpecification\",\"valueRequired\":true,\"valueName\":\"search_term_string\"}}],\"inLanguage\":\"tr\"},{\"@type\":\"Organization\",\"@id\":\"https:\/\/narteks.net\/#organization\",\"name\":\"narteks.net\",\"url\":\"https:\/\/narteks.net\/\",\"logo\":{\"@type\":\"ImageObject\",\"inLanguage\":\"tr\",\"@id\":\"https:\/\/narteks.net\/#\/schema\/logo\/image\/\",\"url\":\"https:\/\/narteks.net\/wp-content\/uploads\/narteks.png\",\"contentUrl\":\"https:\/\/narteks.net\/wp-content\/uploads\/narteks.png\",\"width\":300,\"height\":90,\"caption\":\"narteks.net\"},\"image\":{\"@id\":\"https:\/\/narteks.net\/#\/schema\/logo\/image\/\"},\"sameAs\":[\"https:\/\/x.com\/narteks\",\"https:\/\/instagram.com\/narteksnet\"]},{\"@type\":\"Person\",\"@id\":\"https:\/\/narteks.net\/#\/schema\/person\/61f37d9834294b72d31d274e7ed79bca\",\"name\":\"Tar\u0131k\",\"image\":{\"@type\":\"ImageObject\",\"inLanguage\":\"tr\",\"@id\":\"https:\/\/narteks.net\/#\/schema\/person\/image\/\",\"url\":\"https:\/\/secure.gravatar.com\/avatar\/50865afb55632c4ae467e0af0930f6510aa2297d8014be502a55b14f3b7550cf?s=96&d=mm&r=g\",\"contentUrl\":\"https:\/\/secure.gravatar.com\/avatar\/50865afb55632c4ae467e0af0930f6510aa2297d8014be502a55b14f3b7550cf?s=96&d=mm&r=g\",\"caption\":\"Tar\u0131k\"},\"sameAs\":[\"http:\/\/narteks.net\"],\"url\":\"https:\/\/narteks.net\/index.php\/author\/narbak\/\"}]}<\/script>\n<!-- \/ Yoast SEO Premium plugin. -->","yoast_head_json":{"title":"Ey Tanr\u0131n\u0131n kulu ! Elbet vard\u0131r iyi bir insan bu evrende | Hazreti \u0130sa \u0130le \u0130ki Ki\u015fi - Aziz Nesin - narteks.net","robots":{"index":"index","follow":"follow","max-snippet":"max-snippet:-1","max-image-preview":"max-image-preview:large","max-video-preview":"max-video-preview:-1"},"canonical":"https:\/\/narteks.net\/index.php\/2010\/01\/13\/ey-tanrinin-kulu-elbet-vardir-iyi-bir-insan-bu-evrende-hazreti-isa-ile-iki-kisi-aziz-nesin\/","og_locale":"tr_TR","og_type":"article","og_title":"Ey Tanr\u0131n\u0131n kulu ! Elbet vard\u0131r iyi bir insan bu evrende | Hazreti \u0130sa \u0130le \u0130ki Ki\u015fi - Aziz Nesin","og_description":"Birg\u00fcn Hazret-i \u0130sa ile bir estetik cerrahi operat\u00f6r\u00fc, bir de otomobil tamircisi, bir gazinoda oturuyorlard\u0131. Hazret-i \u0130sa, onlara din telkinlerinde bulunuyordu. Konu\u015fma s\u0131ras\u0131nda otomobil tamircisi, Hazret-i \u0130sa&#8217;ya, &#8211; Ey b\u00fcy\u00fck \u00f6\u011fretmen! \u0130nsanlara iyilik etmek i\u00e7in i\u00e7imde bir ate\u015fli istek var. Ne yolda iyilik edebilirim?.. diye sordu. Hazret-i \u0130sa, &#8211; Tanr\u0131n\u0131n \u015feriat\u0131nda nas\u0131lsa \u00f6yle yapmal\u0131s\u0131n!.. dedi. [&hellip;]","og_url":"https:\/\/narteks.net\/index.php\/2010\/01\/13\/ey-tanrinin-kulu-elbet-vardir-iyi-bir-insan-bu-evrende-hazreti-isa-ile-iki-kisi-aziz-nesin\/","og_site_name":"narteks.net","article_published_time":"2010-01-12T22:00:00+00:00","og_image":[{"url":"http:\/\/www.bursadakultur.org\/images\/aziz_nesin.jpg","type":"","width":"","height":""}],"author":"Tar\u0131k","twitter_card":"summary_large_image","twitter_creator":"@narteks","twitter_site":"@narteks","twitter_misc":{"Yazan:":"Tar\u0131k","Tahmini okuma s\u00fcresi":"10 dakika"},"schema":{"@context":"https:\/\/schema.org","@graph":[{"@type":"Article","@id":"https:\/\/narteks.net\/index.php\/2010\/01\/13\/ey-tanrinin-kulu-elbet-vardir-iyi-bir-insan-bu-evrende-hazreti-isa-ile-iki-kisi-aziz-nesin\/#article","isPartOf":{"@id":"https:\/\/narteks.net\/index.php\/2010\/01\/13\/ey-tanrinin-kulu-elbet-vardir-iyi-bir-insan-bu-evrende-hazreti-isa-ile-iki-kisi-aziz-nesin\/"},"author":{"name":"Tar\u0131k","@id":"https:\/\/narteks.net\/#\/schema\/person\/61f37d9834294b72d31d274e7ed79bca"},"headline":"Ey Tanr\u0131n\u0131n kulu ! Elbet vard\u0131r iyi bir insan bu evrende | Hazreti \u0130sa \u0130le \u0130ki Ki\u015fi &#8211; Aziz Nesin","datePublished":"2010-01-12T22:00:00+00:00","mainEntityOfPage":{"@id":"https:\/\/narteks.net\/index.php\/2010\/01\/13\/ey-tanrinin-kulu-elbet-vardir-iyi-bir-insan-bu-evrende-hazreti-isa-ile-iki-kisi-aziz-nesin\/"},"wordCount":2065,"commentCount":0,"publisher":{"@id":"https:\/\/narteks.net\/#organization"},"image":{"@id":"https:\/\/narteks.net\/index.php\/2010\/01\/13\/ey-tanrinin-kulu-elbet-vardir-iyi-bir-insan-bu-evrende-hazreti-isa-ile-iki-kisi-aziz-nesin\/#primaryimage"},"thumbnailUrl":"http:\/\/www.bursadakultur.org\/images\/aziz_nesin.jpg","articleSection":["T\u00fcrkiye'den \u00d6yk\u00fcler"],"inLanguage":"tr","potentialAction":[{"@type":"CommentAction","name":"Comment","target":["https:\/\/narteks.net\/index.php\/2010\/01\/13\/ey-tanrinin-kulu-elbet-vardir-iyi-bir-insan-bu-evrende-hazreti-isa-ile-iki-kisi-aziz-nesin\/#respond"]}]},{"@type":"WebPage","@id":"https:\/\/narteks.net\/index.php\/2010\/01\/13\/ey-tanrinin-kulu-elbet-vardir-iyi-bir-insan-bu-evrende-hazreti-isa-ile-iki-kisi-aziz-nesin\/","url":"https:\/\/narteks.net\/index.php\/2010\/01\/13\/ey-tanrinin-kulu-elbet-vardir-iyi-bir-insan-bu-evrende-hazreti-isa-ile-iki-kisi-aziz-nesin\/","name":"Ey Tanr\u0131n\u0131n kulu ! Elbet vard\u0131r iyi bir insan bu evrende | Hazreti \u0130sa \u0130le \u0130ki Ki\u015fi - Aziz Nesin - narteks.net","isPartOf":{"@id":"https:\/\/narteks.net\/#website"},"primaryImageOfPage":{"@id":"https:\/\/narteks.net\/index.php\/2010\/01\/13\/ey-tanrinin-kulu-elbet-vardir-iyi-bir-insan-bu-evrende-hazreti-isa-ile-iki-kisi-aziz-nesin\/#primaryimage"},"image":{"@id":"https:\/\/narteks.net\/index.php\/2010\/01\/13\/ey-tanrinin-kulu-elbet-vardir-iyi-bir-insan-bu-evrende-hazreti-isa-ile-iki-kisi-aziz-nesin\/#primaryimage"},"thumbnailUrl":"http:\/\/www.bursadakultur.org\/images\/aziz_nesin.jpg","datePublished":"2010-01-12T22:00:00+00:00","breadcrumb":{"@id":"https:\/\/narteks.net\/index.php\/2010\/01\/13\/ey-tanrinin-kulu-elbet-vardir-iyi-bir-insan-bu-evrende-hazreti-isa-ile-iki-kisi-aziz-nesin\/#breadcrumb"},"inLanguage":"tr","potentialAction":[{"@type":"ReadAction","target":["https:\/\/narteks.net\/index.php\/2010\/01\/13\/ey-tanrinin-kulu-elbet-vardir-iyi-bir-insan-bu-evrende-hazreti-isa-ile-iki-kisi-aziz-nesin\/"]}]},{"@type":"ImageObject","inLanguage":"tr","@id":"https:\/\/narteks.net\/index.php\/2010\/01\/13\/ey-tanrinin-kulu-elbet-vardir-iyi-bir-insan-bu-evrende-hazreti-isa-ile-iki-kisi-aziz-nesin\/#primaryimage","url":"http:\/\/www.bursadakultur.org\/images\/aziz_nesin.jpg","contentUrl":"http:\/\/www.bursadakultur.org\/images\/aziz_nesin.jpg"},{"@type":"BreadcrumbList","@id":"https:\/\/narteks.net\/index.php\/2010\/01\/13\/ey-tanrinin-kulu-elbet-vardir-iyi-bir-insan-bu-evrende-hazreti-isa-ile-iki-kisi-aziz-nesin\/#breadcrumb","itemListElement":[{"@type":"ListItem","position":1,"name":"Anasayfa","item":"https:\/\/narteks.net\/"},{"@type":"ListItem","position":2,"name":"Ey Tanr\u0131n\u0131n kulu ! Elbet vard\u0131r iyi bir insan bu evrende | Hazreti \u0130sa \u0130le \u0130ki Ki\u015fi &#8211; Aziz Nesin"}]},{"@type":"WebSite","@id":"https:\/\/narteks.net\/#website","url":"https:\/\/narteks.net\/","name":"narteks.net","description":"K\u00fclt\u00fcr Sanat Edebiyat Felsefe","publisher":{"@id":"https:\/\/narteks.net\/#organization"},"alternateName":"K\u00fclt\u00fcr Sanat Edebiyat Felsefe","potentialAction":[{"@type":"SearchAction","target":{"@type":"EntryPoint","urlTemplate":"https:\/\/narteks.net\/?s={search_term_string}"},"query-input":{"@type":"PropertyValueSpecification","valueRequired":true,"valueName":"search_term_string"}}],"inLanguage":"tr"},{"@type":"Organization","@id":"https:\/\/narteks.net\/#organization","name":"narteks.net","url":"https:\/\/narteks.net\/","logo":{"@type":"ImageObject","inLanguage":"tr","@id":"https:\/\/narteks.net\/#\/schema\/logo\/image\/","url":"https:\/\/narteks.net\/wp-content\/uploads\/narteks.png","contentUrl":"https:\/\/narteks.net\/wp-content\/uploads\/narteks.png","width":300,"height":90,"caption":"narteks.net"},"image":{"@id":"https:\/\/narteks.net\/#\/schema\/logo\/image\/"},"sameAs":["https:\/\/x.com\/narteks","https:\/\/instagram.com\/narteksnet"]},{"@type":"Person","@id":"https:\/\/narteks.net\/#\/schema\/person\/61f37d9834294b72d31d274e7ed79bca","name":"Tar\u0131k","image":{"@type":"ImageObject","inLanguage":"tr","@id":"https:\/\/narteks.net\/#\/schema\/person\/image\/","url":"https:\/\/secure.gravatar.com\/avatar\/50865afb55632c4ae467e0af0930f6510aa2297d8014be502a55b14f3b7550cf?s=96&d=mm&r=g","contentUrl":"https:\/\/secure.gravatar.com\/avatar\/50865afb55632c4ae467e0af0930f6510aa2297d8014be502a55b14f3b7550cf?s=96&d=mm&r=g","caption":"Tar\u0131k"},"sameAs":["http:\/\/narteks.net"],"url":"https:\/\/narteks.net\/index.php\/author\/narbak\/"}]}},"_links":{"self":[{"href":"https:\/\/narteks.net\/index.php\/wp-json\/wp\/v2\/posts\/1380","targetHints":{"allow":["GET"]}}],"collection":[{"href":"https:\/\/narteks.net\/index.php\/wp-json\/wp\/v2\/posts"}],"about":[{"href":"https:\/\/narteks.net\/index.php\/wp-json\/wp\/v2\/types\/post"}],"author":[{"embeddable":true,"href":"https:\/\/narteks.net\/index.php\/wp-json\/wp\/v2\/users\/1"}],"replies":[{"embeddable":true,"href":"https:\/\/narteks.net\/index.php\/wp-json\/wp\/v2\/comments?post=1380"}],"version-history":[{"count":0,"href":"https:\/\/narteks.net\/index.php\/wp-json\/wp\/v2\/posts\/1380\/revisions"}],"wp:attachment":[{"href":"https:\/\/narteks.net\/index.php\/wp-json\/wp\/v2\/media?parent=1380"}],"wp:term":[{"taxonomy":"category","embeddable":true,"href":"https:\/\/narteks.net\/index.php\/wp-json\/wp\/v2\/categories?post=1380"},{"taxonomy":"post_tag","embeddable":true,"href":"https:\/\/narteks.net\/index.php\/wp-json\/wp\/v2\/tags?post=1380"}],"curies":[{"name":"wp","href":"https:\/\/api.w.org\/{rel}","templated":true}]}}