{"id":1382,"date":"2010-01-13T01:00:00","date_gmt":"2010-01-12T22:00:00","guid":{"rendered":"http:\/\/localhost\/wordpress\/2010\/01\/13\/geceyi-kar-isiklandirmistiama-yine-de-geceydi-anlatilan-bedrana-bekir-yildiz\/"},"modified":"2010-01-13T01:00:00","modified_gmt":"2010-01-12T22:00:00","slug":"geceyi-kar-isiklandirmistiama-yine-de-geceydi-anlatilan-bedrana-bekir-yildiz","status":"publish","type":"post","link":"https:\/\/narteks.net\/index.php\/2010\/01\/13\/geceyi-kar-isiklandirmistiama-yine-de-geceydi-anlatilan-bedrana-bekir-yildiz\/","title":{"rendered":"Geceyi kar \u0131\u015f\u0131kland\u0131rm\u0131\u015ft\u0131,ama yine de geceydi anlat\u0131lan | Bedrana &#8211; Bekir Y\u0131ld\u0131z"},"content":{"rendered":"<p><strong><img loading=\"lazy\" decoding=\"async\" style=\"float: left; border: 0;\" src=\"http:\/\/www.biyografim.net\/images\/person\/orjinal\/Bekir_Yildiz_4_yasamoykusu.jpg\" width=\"155\" height=\"205\" border=\"0\" \/><\/strong><\/p>\n<p style=\"text-align: justify;\">\u0130lkin kara bir yel esti g\u00fcnlerce. Hafifi \u00f6n\u00fcne katt\u0131, g\u00fc\u00e7s\u00fcz\u00fc yere y\u0131kt\u0131. Ard\u0131ndan ince, sonra kal\u0131n yollar\u0131 sildi kar, bir bir. Karada\u011f&#8217;\u0131n sivri doru\u011fu d\u00fczle\u015fince de, kurtlara yol g\u00f6r\u00fcnd\u00fc, Me\u00e7menbahir k\u00f6y\u00fcne do\u011fru&#8230;<\/p>\n<p style=\"text-align: justify;\">Bedrana dizlerini \u00f6rten yorgan\u0131 kald\u0131rd\u0131. Tand\u0131r ate\u015fini e\u015feledi. Yorgundu ate\u015f.<\/p>\n<p style=\"text-align: justify;\">&#8220;Ben yataca\u011f\u0131m,&#8221; dedi.<\/p>\n<p style=\"text-align: justify;\">Naif ba\u015f\u0131n\u0131 kald\u0131rd\u0131. Bir s\u00fcre bakt\u0131 kar\u0131s\u0131na. Konu\u015ftu\u011funda dudaklar\u0131 titredi nedense.<\/p>\n<p style=\"text-align: justify;\">&#8220;Tand\u0131ra ata\u015f bas,&#8221; dedi. &#8220;Bu gece, o mesele \u00e7\u00f6z\u00fcmlenecek.&#8221;<\/p>\n<p>Bedrana korktu. \u015eekeri suya d\u00fc\u015fm\u00fc\u015f gibi, acelecili\u011fe y\u00f6neldi.<\/p>\n<p>&#8220;Vi\u015f,&#8221; dedi. &#8220;Ne meselesiymi\u015f? He&#8230; g\u00f6z\u00fcn\u00fcn ya\u011f\u0131na kurban oldu\u011fum, yine indirip kald\u0131rma.&#8221;<\/p>\n<p>Ba\u015f\u0131 \u00f6ne d\u00fc\u015ft\u00fc Bedrana&#8217;n\u0131n. Y\u00fcz\u00fc sarard\u0131. Korkudan y\u00fcre\u011fi p\u0131r p\u0131r etti.<\/p>\n<p>Naif tand\u0131rdan \u00e7\u0131kt\u0131. S\u0131ca\u011fa al\u0131\u015fm\u0131\u015f ayaklar\u0131 \u00fczerine dikilemedi hemencecik. Ke\u00e7ele\u015fmi\u015f bacaklar\u0131n\u0131 ovalad\u0131. Bedrana&#8217;n\u0131n ba\u015f\u0131 dikilmi\u015fti \u015fimdi. Kocas\u0131n\u0131 izlerken, bedeni bir pen\u00e7e korkuyla kar\u0131lm\u0131\u015ft\u0131 nedense. \u0130lk gece bile b\u00f6yle olmam\u0131\u015ft\u0131 oysa. Kocas\u0131n\u0131n yumu\u015fak davran\u0131\u015f\u0131 umutland\u0131rm\u0131\u015ft\u0131 belki de onu. &#8220;H\u0131\u0131,&#8221; demi\u015fti Naif. &#8220;Zorla olduysa, aceleye gelmesin bu i\u015f. \u015eehir kanunlar\u0131n\u0131 belledik hele.&#8221;<\/p>\n<p style=\"text-align: justify;\">\u00a0<\/p>\n<p style=\"text-align: justify;\">Naif odan\u0131n kap\u0131s\u0131n\u0131 a\u00e7t\u0131. Geceyi kar \u0131\u015f\u0131kland\u0131rm\u0131\u015ft\u0131. Bir hafta \u00f6nce jandarmaya sald\u0131klar\u0131 adam\u0131n gitti\u011fi y\u00f6ne do\u011fru bakt\u0131. Kurtlar uluyordu. D\u00fcn geceye g\u00f6re, daha beriye gelmi\u015flerdi.<\/p>\n<p>Kar\u0131n ak rengi kara oldu ans\u0131z\u0131n. Di\u015flerini s\u0131kt\u0131 Naif. T\u00fcm umutlar\u0131n y\u00fcz\u00fcne kapat\u0131rcas\u0131na, kap\u0131y\u0131 \u00e7arpt\u0131.<\/p>\n<p>E\u015fiklikten bir par\u00e7a tezek al\u0131p tand\u0131ra vard\u0131. Y\u0131k\u0131lm\u0131\u015f ate\u015f yava\u015f yava\u015f aya\u011fa kalk\u0131yordu \u015fimdi.<\/p>\n<p>Naif tand\u0131ra sokuldu\u011funda, Bedrana&#8217;n\u0131n uykudan ar\u0131nm\u0131\u015f g\u00f6zleri \u00fczerindeydi. Bir s\u00fcre bak\u0131\u015ft\u0131lar. Yel, odan\u0131n duvarlar\u0131n\u0131 kudurgan deniz dalgalar\u0131 gibi h\u0131rpalamam\u0131\u015f olsayd\u0131, belki de nefeslerini bile duyacaklard\u0131 birbirlerinin.<\/p>\n<p>&#8220;G\u00f6zlerin niye falta\u015f\u0131 gibi ayr\u0131ld\u0131?&#8221; diye sordu Naif ans\u0131z\u0131n.<\/p>\n<p>Bedrana&#8217;n\u0131n ba\u015f\u0131, kollar\u0131yla kucaklad\u0131\u011f\u0131 ayaklar\u0131 \u00fczerine d\u00fc\u015ft\u00fc. Tand\u0131rdan s\u0131cak nefesi, yorgan\u0131n bir tutam\u0131na yay\u0131ld\u0131.<\/p>\n<p>&#8220;Senden korkmaya ba\u015flam\u0131\u015fam,&#8221; dedi. &#8220;G\u00f6zlerin benden bir \u015fey alacakm\u0131\u015f gibisine.&#8221;<\/p>\n<p>&#8220;He&#8230;&#8221; dedi Naif. &#8220;\u00d6lmelisen gayri. G\u00fcnler var ki evden d\u0131\u015far\u0131 \u00e7\u0131kamaz olmu\u015fam. Herkesin kula\u011f\u0131 bizde. Ha patlad\u0131, ha patlayacak. Sald\u0131\u011f\u0131m\u0131z adam da gelmedi. Besbelli yollar kapand\u0131.&#8221;<\/p>\n<p>&#8220;Sabah olsun kurban oldu\u011fum. Bakars\u0131n H\u0131z\u0131r gibi \u00e7\u0131k\u0131p geliverir. Hemin de iki candarmaylan.&#8221;<\/p>\n<p>Naif y\u00fcz\u00fcn\u00fc buru\u015fturdu.<\/p>\n<p>&#8220;G\u00fcnlerin ard\u0131 yitti,&#8221; dedi. &#8220;Bu karda, k\u0131\u015fta h\u00f6k\u00fcmat adam\u0131 k\u0131p\u0131rdamaz yerinden. Belkim de haberci ula\u015famam\u0131\u015ft\u0131r \u015fehre. Kurtlar, ku\u015flar ne g\u00fcne&#8230;&#8221;<\/p>\n<p>&#8220;Su\u00e7 ben de mi, a\u011fam? Zorla oldu. Obada bilmeyen var m\u0131 i\u015fin esas\u0131n\u0131&#8230;&#8221;<\/p>\n<p>Naif ku\u015fa\u011f\u0131nda sokulu olan tabancas\u0131n\u0131 \u00e7\u0131kar\u0131p tand\u0131r\u0131n \u00fczerine koydu. Bedrana \u00e7\u0131kt\u0131 tand\u0131rdan. Odan\u0131n bir k\u00f6\u015fesine gidip sindi.<\/p>\n<p>&#8220;Kokma ulan,&#8221; dedi Naif g\u00fcvenilir bir sesle. &#8220;Vurmayaca\u011f\u0131m seni. S\u00f6z olsun. Kadolar\u0131n \u015eahin&#8217;i de\u011filim ben, onun ba\u015f\u0131na gelenleri unutmam\u0131\u015fam. Seherde hakhukuk var deyilerdi, o\u011flan\u0131 att\u0131lar i\u00e7eri.&#8221;<\/p>\n<p>Bedrana bir umut \u0131\u015f\u0131\u011f\u0131 sezinlemi\u015f\u00e7esine at\u0131ld\u0131 hemen.<\/p>\n<p>&#8220;Eyi ya,&#8221; dedi. &#8220;Zorla oldu\u011funa g\u00f6re, ben a\u00e7\u0131\u011fa \u00e7\u0131karam, o al\u00e7a\u011f\u0131 i\u00e7eri atarlar. Daha ne?&#8221;<\/p>\n<p>Naif ba\u011f\u0131rd\u0131 ans\u0131z\u0131n.<\/p>\n<p>&#8220;Hah! Nerde h\u00f6k\u00fcmet?&#8221;<\/p>\n<p>Bedrana emekleyerek biraz beri geldi. Yalvar\u0131yordu.<\/p>\n<p>&#8220;Bakars\u0131n geliverir kurban oldu\u011fum. G\u00fcn \u0131\u015f\u0131\u011f\u0131s\u0131n hele&#8230;&#8221;<\/p>\n<p>&#8220;Allan\u0131n g\u00fcn\u00fc \u00e7ok, g\u00f6z\u00fc yass\u0131. Hem atalar\u0131m h\u00f6k\u00fcmat g\u00fcn\u00fc m\u00fc saym\u0131\u015f? Ulan, Kadolar\u0131n \u015eahin&#8217;i, h\u00f6k\u00fcmat eline d\u00fc\u015ft\u00fcn de akl\u0131m\u0131z\u0131 \u00e7eldin. Eski usul\u00fcn g\u00f6z\u00fcne kurban, eyiyle k\u00f6t\u00fc karda\u015f m\u0131 olurmu\u015f? K\u00f6t\u00fcn\u00fcn can\u0131, seher kanunlar\u0131ylan yola m\u0131 gelirmi\u015f?&#8221;<\/p>\n<p>Sustular bir s\u00fcre. Birbirlerine bakm\u0131yorlard\u0131 \u015fimdi. Bedrana boynunu b\u00fckm\u00fc\u015f, g\u00f6zleri dal\u0131p dal\u0131p gidiyordu.<\/p>\n<p>Naif kolunun birini uzatt\u0131 yava\u015f\u00e7a. Tand\u0131r\u0131n \u00fczerindeki tabancaya koydu elini. Ald\u0131 oradan. Bedrana tabancal\u0131 eli g\u00f6r\u00fcnce hoplad\u0131 yerinden.<\/p>\n<p>Naif&#8217;in akl\u0131na yeni bir d\u00fc\u015f\u00fcnce d\u00fc\u015ft\u00fc o s\u0131ra. Tabancay\u0131 tekrar koydu yerine. Y\u00fcz\u00fc bir yumu\u015fad\u0131, bir iyilikten yana oldu ki, Bedrana tuttu\u011fu nefesini rahatlay\u0131p bo\u015falt\u0131verdi.<\/p>\n<p>Odan\u0131n tavan\u0131na bakt\u0131 Naif. Tavana, \u00f6nce kavak a\u011fac\u0131ndan kesilmi\u015f mertekler s\u0131ralanm\u0131\u015f, sonra has\u0131r ve toprakla \u00f6rt\u00fclm\u00fc\u015ft\u00fc. Merteklerin birinde, kal\u0131nca bir halka vard\u0131. Naif&#8217;in g\u00f6zleri bu halkaya tak\u0131ld\u0131 uzunca bir s\u00fcre.<\/p>\n<p>Bedrana da halkay\u0131 g\u00f6rd\u00fc. O biliyordu bu halkay\u0131 zaten. Karn\u0131nda birka\u00e7 ay \u00f6nce olu\u015fan \u00e7ocu\u011fu i\u00e7in, g\u00f6nl\u00fcn\u00fcn bir yerini ay\u0131rm\u0131\u015ft\u0131 ona.<\/p>\n<p>Naif pamuktan yumu\u015fak bir sesle Bedrana&#8217;ya sordu.<\/p>\n<p>&#8220;\u0130ster misen,&#8221; dedi. &#8220;Bu i\u015ften, burnumuz kanamadan kurtulak?&#8221;<\/p>\n<p>Bedrana kocas\u0131na bir daha yana\u015ft\u0131.<\/p>\n<p>&#8220;Bu da sorulur mu a\u011falar\u0131n pa\u015fas\u0131,&#8221; dedi. &#8220;G\u00f6z\u00fcne kurban oldu\u011fum di, kans\u0131z \u00e7\u0131k\u0131\u015f yolunu s\u00f6yle yi\u011fidim.&#8221;<\/p>\n<p>Naif g\u00f6z\u00fcn\u00fcn birini k\u0131st\u0131. Bir s\u00fcre d\u00fc\u015f\u00fcnd\u00fc.<\/p>\n<p>&#8220;Bak, avrat,&#8221; dedi. &#8220;Ben i\u011fnenin deli\u011finden Hindistan&#8217;\u0131 g\u00f6rm\u00fc\u015fem. Ya\u015f\u0131m yi\u011fit emme, akl\u0131m \u015faht\u0131r. Hemin h\u00f6k\u00fcmata, nemin de obaya, \u00f6yle bir oyun oynayaca\u011f\u0131m ki, \u015fa\u015farsan. Heyyoof, demelisen, akl\u0131na, c\u00fcmle \u00e2lem kurban olsun demelisen.&#8221;<\/p>\n<p>&#8220;Off&#8230; Zemzemlerin Kameri de \u00e7atlas\u0131n i\u015fte&#8230; Eeee?..&#8221;<\/p>\n<p>&#8220;As\u0131lacaksan.&#8221;<\/p>\n<p>D\u0131\u015farda ya\u011fan kar, sanki Bedrana&#8217;n\u0131n y\u00fcre\u011fine ya\u011fd\u0131 ans\u0131z\u0131n.<\/p>\n<p>&#8220;Bu da \u00f6lmek,&#8221; dedi. &#8220;Sevinmek niye?&#8221;<\/p>\n<p>Naif ba\u015f\u0131n\u0131 iki yana sallad\u0131 umut verircesine.<\/p>\n<p>&#8220;Yalandan k\u0131z,&#8221; dedi.&#8221; Yalandan asacaksan sen seni.&#8221;<\/p>\n<p>&#8220;S\u00f6z\u00fcn\u00fcn \u00f6n\u00fc, ard\u0131ndan g\u00fcr gele kurban\u0131m, demek yalandan sallanaca\u011fam.&#8221;<\/p>\n<p>&#8220;He&#8230; Bize g\u00f6z \u0131\u015f\u0131\u011f\u0131 vermediler gevvatlar. \u00d6mr\u00fcm\u00fcz, kapaks\u0131z tencerede pi\u015fmi\u015f tuzsuz a\u015f gibi tats\u0131zd\u0131r avrad\u0131m. Kad\u0131n dar bir pabu\u00e7tur, s\u0131k\u0131nca at\u0131l\u0131r, emme, i\u015fin i\u00e7ine namussuzluk kar\u0131\u015f\u0131nca, atamazs\u0131n, vurmak d\u00fc\u015fer er k\u0131sm\u0131na. Seni ben ba\u011f\u0131\u015flasam baban, kardas\u0131n s\u0131rada. Bakal\u0131m onlar ba\u011f\u0131\u015flar m\u0131? G\u00fcnlerden beri, \u015fu bir g\u00f6z dama tepilip kald\u0131k. Oba kan ister benden.&#8221;<\/p>\n<p>Bedrana can kula\u011f\u0131yla dinliyordu kocas\u0131n\u0131. O susunca nefeslendi. Ama g\u00f6zlerini \u00e7evirmedi hi\u00e7bir yana. Naif yeni bir \u015feyler d\u00fc\u015f\u00fcnd\u00fc bir s\u00fcre daha. Sonra tabancas\u0131n\u0131 tand\u0131r\u0131n \u00fczerinden al\u0131p ku\u015fa\u011f\u0131na yerle\u015ftirdi.<\/p>\n<p>&#8220;Bak Bedraney,&#8221; dedi. &#8220;Obam\u0131zda \u015fehre benzeyen he\u00e7bir \u015feyimiz yoktur. Kara da\u011flar yol vermez ki, ne gelinsin, ne gidilsin. Okur yazar\u0131m\u0131z yok ki, h\u00f6k\u00fcmat kap\u0131s\u0131ndan i\u00e7eri als\u0131nlar. Oban\u0131n sesi, solu\u011fu ancak, birisi \u00f6ld\u00fc\u011f\u00fcnde duyulur. Kadolar\u0131n \u015eahin&#8217;ine ne demi\u015f ye\u015fil yakal\u0131 adam: Yeni kanunda \u00f6ld\u00fcrmek kalkt\u0131 demi\u015f. G\u00f6n\u00fcld\u00fcr, sever de sevmez de. Kar\u0131n, madem ki ba\u015fkas\u0131yla yatm\u0131\u015f, he\u00e7 sesini \u00e7\u0131karmayacakt\u0131n. Kar\u0131n dostuyla bir olunca gelip haber verecektin. Biz de gidip basard\u0131k onlar\u0131, olur biter&#8230; Ne bi\u00e7im ye\u015fil yakal\u0131 vatanda\u015ft\u0131r o, da\u011flar\u0131 hesap etmemi\u015f, candarma gelinceye dek, g\u00fcnler, haftalar, aylar ge\u00e7er, he\u00e7 bilememi\u015f. Bunlar ne demeye getirmi\u015fler i\u015fi, Bedraney, anlam\u0131\u015fam ben?&#8221;<\/p>\n<p>Naif sustu. Yerinden kalkt\u0131. \u00c7engelin tak\u0131l\u0131 oldu\u011fu merte\u011fin alt\u0131na gelip durdu.<\/p>\n<p>&#8220;Kal\u0131n urgan\u0131m\u0131z var m\u0131?&#8221; diye sordu.<\/p>\n<p>Bedrana da kalkt\u0131. Kocas\u0131n\u0131n yan\u0131na ula\u015famadan bir titreme sard\u0131 bedenini. Yalandan da olsa as\u0131lmaktan korkmu\u015ftu.<\/p>\n<p>&#8220;Var,&#8221; dedi lif lif olmu\u015f bir sesle. &#8220;E\u015fe\u011fimize ge\u00e7en g\u00fcz alm\u0131\u015ft\u0131n ya bolcana&#8230;&#8221;<\/p>\n<p>&#8220;Getir,&#8221; dedi Naif. &#8220;Endeze d\u00fczmenin gere\u011fi yok gayri. Vakit epeyce oldu. Yar\u0131na haz\u0131rlanmal\u0131. K\u00fc\u00e7\u00fck ku\u015flukta asacaksan sen seni. Yalandan&#8230; \u015eimdi bir sefer s\u0131nayal\u0131m hele&#8230;&#8221;<\/p>\n<p>Bedrana ans\u0131z\u0131n kocas\u0131n\u0131n bacaklar\u0131na kapand\u0131. A\u011fl\u0131yordu da.<\/p>\n<p>&#8220;Yalandan da olsa korkmu\u015fam,&#8221; dedi. &#8220;Ba\u015fka bir m\u00fcmk\u00fcn\u00fc yok mudur? Biliysen ki, zorla yapm\u0131\u015ft\u0131r gevvat. Benim hi\u00e7bir su\u00e7um yok. Yedi cihan bunu b\u00f6yle bilsin &#8230;&#8221;<\/p>\n<p>Naif bacaklar\u0131na sar\u0131l\u0131 kollar\u0131 \u00e7\u00f6zd\u00fc.<\/p>\n<p>&#8220;Biliyem,&#8221; dedi. &#8220;Zorla olmu\u015ftur. Yoksa o saat kur\u015funlard\u0131m seni. Emme haberin olsun, zorlamorla baban, kardas\u0131n yine de raz\u0131 de\u011fil ya\u015famana. Birka\u00e7 g\u00fcn \u00f6nce haber salm\u0131\u015ft\u0131r. Oba homurdanmadaym\u0131\u015f. \u0130lk s\u0131ra bende olmasa, \u00e7oktan \u00f6lm\u00fc\u015ft\u00fcn. Ve de Kadolar\u0131n \u015eahin&#8217;i h\u00f6k\u00fcmat kanunlar\u0131n\u0131n h\u0131\u015fm\u0131na u\u011framasayd\u0131, \u015fimdiye dek ben de sani \u00f6ld\u00fcrm\u00fc\u015f olacakt\u0131m, bal gibi. Ye\u015fil yakal\u0131 adam, sizin usuller tarihe kar\u0131\u015ft\u0131 demi\u015f. Kadolar\u0131n \u015eahin, kanunlardan hi\u00e7 haberimiz olmad\u0131, obam\u0131zda okur yazar yoktur. Yoktur emme bir arac\u0131yla gelip obada tellal bile dola\u015ft\u0131rmad\u0131n\u0131z, ye\u015fil yakal\u0131 a\u011fam, demi\u015f.&#8221;<\/p>\n<p>Bedrana sab\u0131rs\u0131zland\u0131. Yarg\u0131c\u0131n tutumunda, bir umut \u0131\u015f\u0131\u011f\u0131 arad\u0131.<\/p>\n<p>&#8220;Ye\u015fil yakal\u0131 a\u011fa, nas\u0131l cevaplam\u0131\u015f?&#8221; diye sordu.<\/p>\n<p>&#8220;Bilmemek \u00f6z\u00fcr de\u011fil demi\u015f.&#8221;<\/p>\n<p>&#8220;Sonra, a\u011fama kurban?&#8221;<\/p>\n<p>&#8220;Babas\u0131 hesaplad\u0131, ihtiyarlay\u0131nca sal\u0131vereceklermi\u015f garibi.&#8221;<\/p>\n<p>&#8220;Eee?..&#8221;<\/p>\n<p>&#8220;Ne esi?&#8221;<\/p>\n<p>&#8220;He\u00e7&#8230; Yani&#8230; G\u00fcnah de\u011fil mi diyem bana, sana, karda\u015f\u0131ma, babama&#8230; Eyisi mi yalandan as beni. Yere girsin seher. Kanunlar\u0131 bize g\u00f6re de\u011filmi\u015f. As emme, yalandan olunca, elimize ne ge\u00e7ecek yi\u011fidim?&#8221;<\/p>\n<p>Naif s\u00f6zc\u00fckleri d\u0131\u015far\u0131ya vermedi. Uzun bir s\u00fcre akl\u0131nda tuttu.<\/p>\n<p>Kurtlar pek yak\u0131ndayd\u0131 \u015fimdi. Kap\u0131 a\u00e7\u0131lsa ulumalar\u0131yla birlikte i\u00e7eriye girivereceklerdi sanki. Ve so\u011fu\u011fa g\u00fc\u00e7 yetiremeyen tand\u0131r, ihtiyarlamaya y\u00fcz tutmu\u015f gecenin i\u00e7inde Naifin ve Bedrana&#8217;n\u0131n g\u00f6nl\u00fcnden \u00e7oktan silinmi\u015fti.<\/p>\n<p>Bedrana bak\u0131\u015flar\u0131n\u0131 kocas\u0131n\u0131n dudaklar\u0131ndan silmeden bir kez daha sordu.<\/p>\n<p>&#8220;Yalandan olunca, elimize ne ge\u00e7ecek yi\u011fidim?&#8221;<\/p>\n<p>Naif akl\u0131ndan ge\u00e7enleri toparlam\u0131\u015ft\u0131.<\/p>\n<p>&#8220;Bak Bedraney,&#8221; dedi. &#8220;Bu \u00e7ifte bir oyundur. Hem ye\u015fil yakal\u0131 adam\u0131 ald\u00e2tacaam, hem de a\u015firetimizin \u00fczerine \u00e7\u00f6ken kara belay\u0131 silip s\u00fcp\u00fcreca\u011fam. Nas\u0131l m\u0131? K\u00fc\u00e7\u00fck ku\u015flukta, sen kendini asm\u0131\u015f gibi yapaca\u011fsan. Ben ko\u015fup geleca\u011fam. Heyva\u011f, Bedrana asm\u0131\u015f kendisini diyeca\u011fam. Ve de seni kucaklay\u0131p a\u015fa\u011f\u0131ya alaca\u011fam. Sen zaten yalandan boynuna ge\u00e7irmi\u015f olaca\u011fsan urgan\u0131. Yerde, usul usul k\u0131p\u0131rday\u0131p s\u00f6zde yeniden dirileceksen. Bunu g\u00f6ren duyan obal\u0131, yi\u011fit kad\u0131nm\u0131\u015f, kendini ast\u0131 emme, H\u00fbda riza g\u00f6stermedi diyecek. Sonunda atalar\u0131m\u0131z\u0131n koydu\u011fu \u00f6l\u00fcm ferman\u0131 da, kendili\u011finden bozulacak. Ye\u015fil yakal\u0131 adama gelince&#8230;&#8221;<\/p>\n<p>Naif sustu. Bedrana sab\u0131rs\u0131zland\u0131 ama.<\/p>\n<p>&#8220;Eeee,&#8221; dedi. &#8220;Ya ye\u015fil yakal\u0131 a\u011fa?&#8221;<\/p>\n<p>&#8220;Onu da anlat\u0131ram. Sen urgan\u0131 getir. Bir sefer s\u0131n\u0131yal\u0131m hele.&#8221;<\/p>\n<p>Bedrana duruyordu. Nedense \u00e7\u00f6z\u00fclmek istemiyordu yerinden. Naif omzuna c\u00eebkundu yumu\u015fac\u0131k.<\/p>\n<p>&#8220;Yalandan \u00f6lmeye bile nazlanisan,&#8221; dedi. &#8220;Deveden d\u00fc\u015fm\u00fc\u015fsen, hop hopu arama. Alt taraf\u0131 yalandan, Bedranay. Di, nazlanma ha&#8230;&#8221;<\/p>\n<p>&#8220;Karayaz\u0131m,&#8221; dedi Bedrana duyulur duyulmaz bir sesle. Sonra gidip urgan\u0131 getirdi.<\/p>\n<p>Naif her \u015feyi daha \u00f6nce planlam\u0131\u015f gibi g\u00f6zle ka\u015f aras\u0131, halkan\u0131n alt hizas\u0131na ne kadar minder varsa y\u0131\u011fd\u0131.<\/p>\n<p>&#8220;Hadi, Bedranay,&#8221; dedi. &#8220;Kancaya ge\u00e7ir. \u00d6nce urgan\u0131n bir ucunu, boyuna g\u00f6re halkala emme.&#8221;<\/p>\n<p>Bedrana&#8217;n\u0131n ellerine bir titreme doldu. Y\u00fcre\u011fi parpazland\u0131. O bunun bir oyun oldu\u011funu bildi\u011fi halde bedeninin b\u00f6ylesine, s\u00fct gibi kesilmesine \u015fa\u015ft\u0131 kald\u0131.<\/p>\n<p>&#8220;Can \u015firinmi\u015f,&#8221; dedi. &#8220;Yalandan da olsa korkmu\u015fam&#8230; D\u00fc\u011f\u00fcm\u00fc sen at. \u00c7angala ge\u00e7ir.&#8221;<\/p>\n<p>&#8220;Olmaz,&#8221; dedi Naif bilmi\u015f\u00e7esine. &#8220;Her bir \u015feyi kendi elinden ve de g\u00f6n\u00fclden yapmal\u0131san. Oyunumuzun h\u00fcneri b\u00fcrda&#8230;&#8221;<\/p>\n<p>Bedrana urgan\u0131 bir ucundan halkalad\u0131 g\u00fc\u00e7l\u00fckle. Sonra ba\u015f\u0131n\u0131 \u00e7engele do\u011fru dikti. Bu s\u0131ra Naif kar\u0131s\u0131n\u0131n taze bedeninin orta yerine kollar\u0131n\u0131 dolay\u0131p minderlerin \u00fczerine hoplatt\u0131 onu. Bedrana g\u00f6n\u00fcls\u00fcz kalkan sa\u011f kolunu uzat\u0131p urgan\u0131n bir ucunu halkaya ge\u00e7irdi. Sonra yere inmek istedi.<\/p>\n<p>&#8220;Olmaz,&#8221; dedi Naif. &#8220;Daha i\u015fin bitmedi. Urgana d\u00fc\u011f\u00fcm vurmal\u0131san.&#8221;<\/p>\n<p>Naif bacaklar\u0131ndan kavray\u0131p yukar\u0131ya verdi onu. Bedrana bunu da ba\u015farm\u0131\u015ft\u0131. \u015eimdi odan\u0131n ortas\u0131na yak\u0131n bir yerde, urgan sallan\u0131yordu.<\/p>\n<p>&#8220;iyi,&#8221; dedi Bedrana yumu\u015fak bir sesle. &#8220;Sabah olsun, takar\u0131m boynuma. Yalandan olduktan sonra&#8230;&#8221;<\/p>\n<p>Naif engel oldu kar\u0131s\u0131na. \u015eimdi titreme s\u0131ras\u0131 ona s\u0131\u00e7ram\u0131\u015ft\u0131 nedense. Ama Bedrana sezmedi kocas\u0131ndaki bu de\u011fi\u015fikli\u011fi.<\/p>\n<p>&#8220;Sabah olanda as\u0131lacakt\u0131m, hani ya?&#8221; dedi Bedrana tekrardan.<\/p>\n<p>Naif s\u00f6zc\u00fckleri tez tez s\u0131ralad\u0131.<\/p>\n<p>&#8220;Do\u011fru s\u00f6yl\u00fcsen, Bedraney,&#8221; dedi. &#8220;Do\u011fru s\u00f6yliysen emme, bir sefer s\u0131n\u0131yal\u0131m. Oyunumuzu peki\u015ftirmek gerek ceylan g\u00f6zl\u00fcm&#8230;&#8221;<\/p>\n<p>Ger\u00e7ekten ceylan\u0131n s\u00fcrmeli g\u00f6zlerine benziyordu bu g\u00f6zler. Ve \u00f6mr\u00fcn\u00fcn yar\u0131s\u0131na bile bakamam\u0131\u015ft\u0131 bu karaak \u0131\u015f\u0131klar hen\u00fcz.<\/p>\n<p>Bedrana halkay\u0131 \u00e7enesinin alt\u0131na getirdi.<\/p>\n<p>&#8220;B\u00f6yle mi olacak a\u011fam?&#8221; dedi.<\/p>\n<p>&#8220;Biraz daha kayd\u0131r,&#8221; dedi Naif \u00e7apakl\u0131 bir sesle. &#8220;Boynuna iyice yap\u0131\u015fs\u0131n. Ha \u015f\u00f6yle&#8230;&#8221;<\/p>\n<p>Bedrana halkay\u0131 boynuna iyice yerle\u015ftirdi. Kara g\u00f6zleri a\u015fa\u011f\u0131ya d\u00f6nm\u00fc\u015ft\u00fc. Naif&#8217;in bak\u0131\u015flar\u0131yla bulu\u015ftular.<\/p>\n<p>Bu s\u0131ra kurtlar, ulumalar\u0131n\u0131 uzaklara ta\u015f\u0131yorlard\u0131 k\u00fc\u00e7\u00fcc\u00fck ad\u0131mlar\u0131yla. Naif de g\u00fcn horozlar\u0131n a\u011fz\u0131na d\u00fc\u015fmeden, uzun bir s\u00fcreden beri kurdu\u011fu ve bu gece olu\u015fturdu\u011fu i\u015fini bitirmek istedi. Kar\u0131s\u0131n\u0131n ayaklar\u0131 alt\u0131ndaki yast\u0131klara bir tekme att\u0131. Ard\u0131ndan Bedrana&#8217;n\u0131n \u00e7\u0131rp\u0131n\u0131\u015flar\u0131na dayanamay\u0131p gaz lambas\u0131n\u0131 s\u00f6nd\u00fcrd\u00fc.<\/p>\n<p> <strong>Bekir y\u0131ld\u0131z Kimdir ?<\/strong><\/p>\n<p>1933&#8217;te \u015eanl\u0131urfa&#8217;da do\u011fan Y\u0131ld\u0131z, \u0130stanbul Erkek Sanat Enstit\u00fcs\u00fc&#8217;n\u00fc (1950) ve \u0130stanbul Matbaac\u0131l\u0131k Okulu&#8217;nu (1954) bitirdikten sonra dizgi operat\u00f6rl\u00fc\u011f\u00fc ve \u00f6\u011fretmenlik yapt\u0131. Almanya&#8217;ya giderek Heidelberg Matbaa Makineleri Fabrikas\u0131&#8217;n\u0131n montaj b\u00f6l\u00fcm\u00fcnde \u00e7al\u0131\u015ft\u0131 (1962-1966). Yurda d\u00f6nd\u00fckten sonra \u0130stanbul&#8217;da kurdu\u011fu Asya Matbaas\u0131&#8217;n\u0131 i\u015fletti (196-1981).<\/p>\n<p style=\"text-align: justify;\">\u0130lk \u00f6yk\u00fcs\u00fc 1951&#8217;de Tomurcuk adl\u0131 \u00e7ocuk dergisinde yay\u0131mlanan Y\u0131ld\u0131z daha sonra Yeditepe, May, Halk\u0131n Dostlar\u0131, Yeni a, Yazko Edebiyat gibi edebiyat dergilerinde yazd\u0131.<\/p>\n<p style=\"text-align: justify;\">Konular\u0131n\u0131 Urfa ve y\u00f6resinden alan \u00f6yk\u00fclerin yer ald\u0131\u011f\u0131 Re\u015fo A\u011fa adl\u0131 kitab\u0131yla tan\u0131nd\u0131. \u00d6yk\u00fclerinde G\u00fcneydo\u011fu Anadolu insan\u0131n\u0131n ya\u015fam\u0131n\u0131, b\u00f6lgenin t\u00f6re ve geleneklerini, a\u011fa-k\u00f6yl\u00fc ili\u015fkisini, y\u00f6rede yayg\u0131n olan ka\u00e7ak\u00e7\u0131l\u0131k ve kan davas\u0131 gibi konular\u0131 i\u015fledi.<\/p>\n<p style=\"text-align: justify;\">Almanya&#8217;daki T\u00fcrklerin toplumla uyumsuzlu\u011funu i\u00e7 \u00e7at\u0131\u015fmalar\u0131n\u0131 konu edindi\u011fi T\u00fcrkler Almanya&#8217;da adl\u0131 roman\u0131 \u00e7arp\u0131c\u0131 g\u00f6zlemlere ve ele\u015ftirel bir yakla\u015f\u0131ma sahip olmas\u0131 bak\u0131m\u0131ndan dikkat \u00e7ekti.<\/p>\n<p style=\"text-align: justify;\">S\u00fcreyya Duru onun kimi \u00f6yk\u00fclerinden yola \u00e7\u0131karak &#8220;Bedrana&#8221; (1974) ve &#8220;Kara \u00c7ar\u015fafl\u0131 Gelin&#8221; (1975); \u00dcmit Efakan, Halkal\u0131 K\u00f6le adl\u0131 roman\u0131ndan &#8220;Halkal\u0131 K\u00f6le&#8221; adl\u0131 filmleri yapt\u0131.<\/p>\n<p style=\"text-align: justify;\">\u00dcnl\u00fc \u00f6yk\u00fc ve roman yazar\u0131 Bekir Y\u0131ld\u0131z 8 A\u011fustos 1998&#8217;da \u0130stanbul&#8217;da \u00f6ld\u00fc.<\/p>\n","protected":false},"excerpt":{"rendered":"<p>\u0130lkin kara bir yel esti g\u00fcnlerce. Hafifi \u00f6n\u00fcne katt\u0131, g\u00fc\u00e7s\u00fcz\u00fc yere y\u0131kt\u0131. Ard\u0131ndan ince, sonra kal\u0131n yollar\u0131 sildi kar, bir bir. Karada\u011f&#8217;\u0131n sivri doru\u011fu d\u00fczle\u015fince de, kurtlara yol g\u00f6r\u00fcnd\u00fc, Me\u00e7menbahir k\u00f6y\u00fcne do\u011fru&#8230; Bedrana dizlerini \u00f6rten yorgan\u0131 kald\u0131rd\u0131. Tand\u0131r ate\u015fini e\u015feledi. Yorgundu ate\u015f. &#8220;Ben yataca\u011f\u0131m,&#8221; dedi. Naif ba\u015f\u0131n\u0131 kald\u0131rd\u0131. Bir s\u00fcre bakt\u0131 kar\u0131s\u0131na. Konu\u015ftu\u011funda dudaklar\u0131 titredi [&hellip;]<\/p>\n","protected":false},"author":1,"featured_media":0,"comment_status":"open","ping_status":"open","sticky":false,"template":"","format":"standard","meta":{"footnotes":""},"categories":[114],"tags":[],"class_list":{"0":"post-1382","1":"post","2":"type-post","3":"status-publish","4":"format-standard","6":"category-turkiye-den-oykuler"},"yoast_head":"<!-- This site is optimized with the Yoast SEO Premium plugin v24.9 (Yoast SEO v24.9) - https:\/\/yoast.com\/wordpress\/plugins\/seo\/ -->\n<title>Geceyi kar \u0131\u015f\u0131kland\u0131rm\u0131\u015ft\u0131,ama yine de geceydi anlat\u0131lan | Bedrana - Bekir Y\u0131ld\u0131z - narteks.net<\/title>\n<meta name=\"robots\" content=\"index, follow, max-snippet:-1, max-image-preview:large, max-video-preview:-1\" \/>\n<link rel=\"canonical\" href=\"https:\/\/narteks.net\/index.php\/2010\/01\/13\/geceyi-kar-isiklandirmistiama-yine-de-geceydi-anlatilan-bedrana-bekir-yildiz\/\" \/>\n<meta property=\"og:locale\" content=\"tr_TR\" \/>\n<meta property=\"og:type\" content=\"article\" \/>\n<meta property=\"og:title\" content=\"Geceyi kar \u0131\u015f\u0131kland\u0131rm\u0131\u015ft\u0131,ama yine de geceydi anlat\u0131lan | Bedrana - Bekir Y\u0131ld\u0131z\" \/>\n<meta property=\"og:description\" content=\"\u0130lkin kara bir yel esti g\u00fcnlerce. Hafifi \u00f6n\u00fcne katt\u0131, g\u00fc\u00e7s\u00fcz\u00fc yere y\u0131kt\u0131. Ard\u0131ndan ince, sonra kal\u0131n yollar\u0131 sildi kar, bir bir. Karada\u011f&#8217;\u0131n sivri doru\u011fu d\u00fczle\u015fince de, kurtlara yol g\u00f6r\u00fcnd\u00fc, Me\u00e7menbahir k\u00f6y\u00fcne do\u011fru&#8230; Bedrana dizlerini \u00f6rten yorgan\u0131 kald\u0131rd\u0131. Tand\u0131r ate\u015fini e\u015feledi. Yorgundu ate\u015f. &#8220;Ben yataca\u011f\u0131m,&#8221; dedi. Naif ba\u015f\u0131n\u0131 kald\u0131rd\u0131. Bir s\u00fcre bakt\u0131 kar\u0131s\u0131na. Konu\u015ftu\u011funda dudaklar\u0131 titredi [&hellip;]\" \/>\n<meta property=\"og:url\" content=\"https:\/\/narteks.net\/index.php\/2010\/01\/13\/geceyi-kar-isiklandirmistiama-yine-de-geceydi-anlatilan-bedrana-bekir-yildiz\/\" \/>\n<meta property=\"og:site_name\" content=\"narteks.net\" \/>\n<meta property=\"article:published_time\" content=\"2010-01-12T22:00:00+00:00\" \/>\n<meta property=\"og:image\" content=\"http:\/\/www.biyografim.net\/images\/person\/orjinal\/Bekir_Yildiz_4_yasamoykusu.jpg\" \/>\n<meta name=\"author\" content=\"Tar\u0131k\" \/>\n<meta name=\"twitter:card\" content=\"summary_large_image\" \/>\n<meta name=\"twitter:creator\" content=\"@narteks\" \/>\n<meta name=\"twitter:site\" content=\"@narteks\" \/>\n<meta name=\"twitter:label1\" content=\"Yazan:\" \/>\n\t<meta name=\"twitter:data1\" content=\"Tar\u0131k\" \/>\n\t<meta name=\"twitter:label2\" content=\"Tahmini okuma s\u00fcresi\" \/>\n\t<meta name=\"twitter:data2\" content=\"13 dakika\" \/>\n<script type=\"application\/ld+json\" class=\"yoast-schema-graph\">{\"@context\":\"https:\/\/schema.org\",\"@graph\":[{\"@type\":\"Article\",\"@id\":\"https:\/\/narteks.net\/index.php\/2010\/01\/13\/geceyi-kar-isiklandirmistiama-yine-de-geceydi-anlatilan-bedrana-bekir-yildiz\/#article\",\"isPartOf\":{\"@id\":\"https:\/\/narteks.net\/index.php\/2010\/01\/13\/geceyi-kar-isiklandirmistiama-yine-de-geceydi-anlatilan-bedrana-bekir-yildiz\/\"},\"author\":{\"name\":\"Tar\u0131k\",\"@id\":\"https:\/\/narteks.net\/#\/schema\/person\/61f37d9834294b72d31d274e7ed79bca\"},\"headline\":\"Geceyi kar \u0131\u015f\u0131kland\u0131rm\u0131\u015ft\u0131,ama yine de geceydi anlat\u0131lan | Bedrana &#8211; Bekir Y\u0131ld\u0131z\",\"datePublished\":\"2010-01-12T22:00:00+00:00\",\"mainEntityOfPage\":{\"@id\":\"https:\/\/narteks.net\/index.php\/2010\/01\/13\/geceyi-kar-isiklandirmistiama-yine-de-geceydi-anlatilan-bedrana-bekir-yildiz\/\"},\"wordCount\":2541,\"commentCount\":0,\"publisher\":{\"@id\":\"https:\/\/narteks.net\/#organization\"},\"image\":{\"@id\":\"https:\/\/narteks.net\/index.php\/2010\/01\/13\/geceyi-kar-isiklandirmistiama-yine-de-geceydi-anlatilan-bedrana-bekir-yildiz\/#primaryimage\"},\"thumbnailUrl\":\"http:\/\/www.biyografim.net\/images\/person\/orjinal\/Bekir_Yildiz_4_yasamoykusu.jpg\",\"articleSection\":[\"T\u00fcrkiye'den \u00d6yk\u00fcler\"],\"inLanguage\":\"tr\",\"potentialAction\":[{\"@type\":\"CommentAction\",\"name\":\"Comment\",\"target\":[\"https:\/\/narteks.net\/index.php\/2010\/01\/13\/geceyi-kar-isiklandirmistiama-yine-de-geceydi-anlatilan-bedrana-bekir-yildiz\/#respond\"]}]},{\"@type\":\"WebPage\",\"@id\":\"https:\/\/narteks.net\/index.php\/2010\/01\/13\/geceyi-kar-isiklandirmistiama-yine-de-geceydi-anlatilan-bedrana-bekir-yildiz\/\",\"url\":\"https:\/\/narteks.net\/index.php\/2010\/01\/13\/geceyi-kar-isiklandirmistiama-yine-de-geceydi-anlatilan-bedrana-bekir-yildiz\/\",\"name\":\"Geceyi kar \u0131\u015f\u0131kland\u0131rm\u0131\u015ft\u0131,ama yine de geceydi anlat\u0131lan | Bedrana - Bekir Y\u0131ld\u0131z - narteks.net\",\"isPartOf\":{\"@id\":\"https:\/\/narteks.net\/#website\"},\"primaryImageOfPage\":{\"@id\":\"https:\/\/narteks.net\/index.php\/2010\/01\/13\/geceyi-kar-isiklandirmistiama-yine-de-geceydi-anlatilan-bedrana-bekir-yildiz\/#primaryimage\"},\"image\":{\"@id\":\"https:\/\/narteks.net\/index.php\/2010\/01\/13\/geceyi-kar-isiklandirmistiama-yine-de-geceydi-anlatilan-bedrana-bekir-yildiz\/#primaryimage\"},\"thumbnailUrl\":\"http:\/\/www.biyografim.net\/images\/person\/orjinal\/Bekir_Yildiz_4_yasamoykusu.jpg\",\"datePublished\":\"2010-01-12T22:00:00+00:00\",\"breadcrumb\":{\"@id\":\"https:\/\/narteks.net\/index.php\/2010\/01\/13\/geceyi-kar-isiklandirmistiama-yine-de-geceydi-anlatilan-bedrana-bekir-yildiz\/#breadcrumb\"},\"inLanguage\":\"tr\",\"potentialAction\":[{\"@type\":\"ReadAction\",\"target\":[\"https:\/\/narteks.net\/index.php\/2010\/01\/13\/geceyi-kar-isiklandirmistiama-yine-de-geceydi-anlatilan-bedrana-bekir-yildiz\/\"]}]},{\"@type\":\"ImageObject\",\"inLanguage\":\"tr\",\"@id\":\"https:\/\/narteks.net\/index.php\/2010\/01\/13\/geceyi-kar-isiklandirmistiama-yine-de-geceydi-anlatilan-bedrana-bekir-yildiz\/#primaryimage\",\"url\":\"http:\/\/www.biyografim.net\/images\/person\/orjinal\/Bekir_Yildiz_4_yasamoykusu.jpg\",\"contentUrl\":\"http:\/\/www.biyografim.net\/images\/person\/orjinal\/Bekir_Yildiz_4_yasamoykusu.jpg\"},{\"@type\":\"BreadcrumbList\",\"@id\":\"https:\/\/narteks.net\/index.php\/2010\/01\/13\/geceyi-kar-isiklandirmistiama-yine-de-geceydi-anlatilan-bedrana-bekir-yildiz\/#breadcrumb\",\"itemListElement\":[{\"@type\":\"ListItem\",\"position\":1,\"name\":\"Anasayfa\",\"item\":\"https:\/\/narteks.net\/\"},{\"@type\":\"ListItem\",\"position\":2,\"name\":\"Geceyi kar \u0131\u015f\u0131kland\u0131rm\u0131\u015ft\u0131,ama yine de geceydi anlat\u0131lan | Bedrana &#8211; Bekir Y\u0131ld\u0131z\"}]},{\"@type\":\"WebSite\",\"@id\":\"https:\/\/narteks.net\/#website\",\"url\":\"https:\/\/narteks.net\/\",\"name\":\"narteks.net\",\"description\":\"K\u00fclt\u00fcr Sanat Edebiyat Felsefe\",\"publisher\":{\"@id\":\"https:\/\/narteks.net\/#organization\"},\"alternateName\":\"K\u00fclt\u00fcr Sanat Edebiyat Felsefe\",\"potentialAction\":[{\"@type\":\"SearchAction\",\"target\":{\"@type\":\"EntryPoint\",\"urlTemplate\":\"https:\/\/narteks.net\/?s={search_term_string}\"},\"query-input\":{\"@type\":\"PropertyValueSpecification\",\"valueRequired\":true,\"valueName\":\"search_term_string\"}}],\"inLanguage\":\"tr\"},{\"@type\":\"Organization\",\"@id\":\"https:\/\/narteks.net\/#organization\",\"name\":\"narteks.net\",\"url\":\"https:\/\/narteks.net\/\",\"logo\":{\"@type\":\"ImageObject\",\"inLanguage\":\"tr\",\"@id\":\"https:\/\/narteks.net\/#\/schema\/logo\/image\/\",\"url\":\"https:\/\/narteks.net\/wp-content\/uploads\/narteks.png\",\"contentUrl\":\"https:\/\/narteks.net\/wp-content\/uploads\/narteks.png\",\"width\":300,\"height\":90,\"caption\":\"narteks.net\"},\"image\":{\"@id\":\"https:\/\/narteks.net\/#\/schema\/logo\/image\/\"},\"sameAs\":[\"https:\/\/x.com\/narteks\",\"https:\/\/instagram.com\/narteksnet\"]},{\"@type\":\"Person\",\"@id\":\"https:\/\/narteks.net\/#\/schema\/person\/61f37d9834294b72d31d274e7ed79bca\",\"name\":\"Tar\u0131k\",\"image\":{\"@type\":\"ImageObject\",\"inLanguage\":\"tr\",\"@id\":\"https:\/\/narteks.net\/#\/schema\/person\/image\/\",\"url\":\"https:\/\/secure.gravatar.com\/avatar\/50865afb55632c4ae467e0af0930f6510aa2297d8014be502a55b14f3b7550cf?s=96&d=mm&r=g\",\"contentUrl\":\"https:\/\/secure.gravatar.com\/avatar\/50865afb55632c4ae467e0af0930f6510aa2297d8014be502a55b14f3b7550cf?s=96&d=mm&r=g\",\"caption\":\"Tar\u0131k\"},\"sameAs\":[\"http:\/\/narteks.net\"],\"url\":\"https:\/\/narteks.net\/index.php\/author\/narbak\/\"}]}<\/script>\n<!-- \/ Yoast SEO Premium plugin. -->","yoast_head_json":{"title":"Geceyi kar \u0131\u015f\u0131kland\u0131rm\u0131\u015ft\u0131,ama yine de geceydi anlat\u0131lan | Bedrana - Bekir Y\u0131ld\u0131z - narteks.net","robots":{"index":"index","follow":"follow","max-snippet":"max-snippet:-1","max-image-preview":"max-image-preview:large","max-video-preview":"max-video-preview:-1"},"canonical":"https:\/\/narteks.net\/index.php\/2010\/01\/13\/geceyi-kar-isiklandirmistiama-yine-de-geceydi-anlatilan-bedrana-bekir-yildiz\/","og_locale":"tr_TR","og_type":"article","og_title":"Geceyi kar \u0131\u015f\u0131kland\u0131rm\u0131\u015ft\u0131,ama yine de geceydi anlat\u0131lan | Bedrana - Bekir Y\u0131ld\u0131z","og_description":"\u0130lkin kara bir yel esti g\u00fcnlerce. Hafifi \u00f6n\u00fcne katt\u0131, g\u00fc\u00e7s\u00fcz\u00fc yere y\u0131kt\u0131. Ard\u0131ndan ince, sonra kal\u0131n yollar\u0131 sildi kar, bir bir. Karada\u011f&#8217;\u0131n sivri doru\u011fu d\u00fczle\u015fince de, kurtlara yol g\u00f6r\u00fcnd\u00fc, Me\u00e7menbahir k\u00f6y\u00fcne do\u011fru&#8230; Bedrana dizlerini \u00f6rten yorgan\u0131 kald\u0131rd\u0131. Tand\u0131r ate\u015fini e\u015feledi. Yorgundu ate\u015f. &#8220;Ben yataca\u011f\u0131m,&#8221; dedi. Naif ba\u015f\u0131n\u0131 kald\u0131rd\u0131. Bir s\u00fcre bakt\u0131 kar\u0131s\u0131na. Konu\u015ftu\u011funda dudaklar\u0131 titredi [&hellip;]","og_url":"https:\/\/narteks.net\/index.php\/2010\/01\/13\/geceyi-kar-isiklandirmistiama-yine-de-geceydi-anlatilan-bedrana-bekir-yildiz\/","og_site_name":"narteks.net","article_published_time":"2010-01-12T22:00:00+00:00","og_image":[{"url":"http:\/\/www.biyografim.net\/images\/person\/orjinal\/Bekir_Yildiz_4_yasamoykusu.jpg","type":"","width":"","height":""}],"author":"Tar\u0131k","twitter_card":"summary_large_image","twitter_creator":"@narteks","twitter_site":"@narteks","twitter_misc":{"Yazan:":"Tar\u0131k","Tahmini okuma s\u00fcresi":"13 dakika"},"schema":{"@context":"https:\/\/schema.org","@graph":[{"@type":"Article","@id":"https:\/\/narteks.net\/index.php\/2010\/01\/13\/geceyi-kar-isiklandirmistiama-yine-de-geceydi-anlatilan-bedrana-bekir-yildiz\/#article","isPartOf":{"@id":"https:\/\/narteks.net\/index.php\/2010\/01\/13\/geceyi-kar-isiklandirmistiama-yine-de-geceydi-anlatilan-bedrana-bekir-yildiz\/"},"author":{"name":"Tar\u0131k","@id":"https:\/\/narteks.net\/#\/schema\/person\/61f37d9834294b72d31d274e7ed79bca"},"headline":"Geceyi kar \u0131\u015f\u0131kland\u0131rm\u0131\u015ft\u0131,ama yine de geceydi anlat\u0131lan | Bedrana &#8211; Bekir Y\u0131ld\u0131z","datePublished":"2010-01-12T22:00:00+00:00","mainEntityOfPage":{"@id":"https:\/\/narteks.net\/index.php\/2010\/01\/13\/geceyi-kar-isiklandirmistiama-yine-de-geceydi-anlatilan-bedrana-bekir-yildiz\/"},"wordCount":2541,"commentCount":0,"publisher":{"@id":"https:\/\/narteks.net\/#organization"},"image":{"@id":"https:\/\/narteks.net\/index.php\/2010\/01\/13\/geceyi-kar-isiklandirmistiama-yine-de-geceydi-anlatilan-bedrana-bekir-yildiz\/#primaryimage"},"thumbnailUrl":"http:\/\/www.biyografim.net\/images\/person\/orjinal\/Bekir_Yildiz_4_yasamoykusu.jpg","articleSection":["T\u00fcrkiye'den \u00d6yk\u00fcler"],"inLanguage":"tr","potentialAction":[{"@type":"CommentAction","name":"Comment","target":["https:\/\/narteks.net\/index.php\/2010\/01\/13\/geceyi-kar-isiklandirmistiama-yine-de-geceydi-anlatilan-bedrana-bekir-yildiz\/#respond"]}]},{"@type":"WebPage","@id":"https:\/\/narteks.net\/index.php\/2010\/01\/13\/geceyi-kar-isiklandirmistiama-yine-de-geceydi-anlatilan-bedrana-bekir-yildiz\/","url":"https:\/\/narteks.net\/index.php\/2010\/01\/13\/geceyi-kar-isiklandirmistiama-yine-de-geceydi-anlatilan-bedrana-bekir-yildiz\/","name":"Geceyi kar \u0131\u015f\u0131kland\u0131rm\u0131\u015ft\u0131,ama yine de geceydi anlat\u0131lan | Bedrana - Bekir Y\u0131ld\u0131z - narteks.net","isPartOf":{"@id":"https:\/\/narteks.net\/#website"},"primaryImageOfPage":{"@id":"https:\/\/narteks.net\/index.php\/2010\/01\/13\/geceyi-kar-isiklandirmistiama-yine-de-geceydi-anlatilan-bedrana-bekir-yildiz\/#primaryimage"},"image":{"@id":"https:\/\/narteks.net\/index.php\/2010\/01\/13\/geceyi-kar-isiklandirmistiama-yine-de-geceydi-anlatilan-bedrana-bekir-yildiz\/#primaryimage"},"thumbnailUrl":"http:\/\/www.biyografim.net\/images\/person\/orjinal\/Bekir_Yildiz_4_yasamoykusu.jpg","datePublished":"2010-01-12T22:00:00+00:00","breadcrumb":{"@id":"https:\/\/narteks.net\/index.php\/2010\/01\/13\/geceyi-kar-isiklandirmistiama-yine-de-geceydi-anlatilan-bedrana-bekir-yildiz\/#breadcrumb"},"inLanguage":"tr","potentialAction":[{"@type":"ReadAction","target":["https:\/\/narteks.net\/index.php\/2010\/01\/13\/geceyi-kar-isiklandirmistiama-yine-de-geceydi-anlatilan-bedrana-bekir-yildiz\/"]}]},{"@type":"ImageObject","inLanguage":"tr","@id":"https:\/\/narteks.net\/index.php\/2010\/01\/13\/geceyi-kar-isiklandirmistiama-yine-de-geceydi-anlatilan-bedrana-bekir-yildiz\/#primaryimage","url":"http:\/\/www.biyografim.net\/images\/person\/orjinal\/Bekir_Yildiz_4_yasamoykusu.jpg","contentUrl":"http:\/\/www.biyografim.net\/images\/person\/orjinal\/Bekir_Yildiz_4_yasamoykusu.jpg"},{"@type":"BreadcrumbList","@id":"https:\/\/narteks.net\/index.php\/2010\/01\/13\/geceyi-kar-isiklandirmistiama-yine-de-geceydi-anlatilan-bedrana-bekir-yildiz\/#breadcrumb","itemListElement":[{"@type":"ListItem","position":1,"name":"Anasayfa","item":"https:\/\/narteks.net\/"},{"@type":"ListItem","position":2,"name":"Geceyi kar \u0131\u015f\u0131kland\u0131rm\u0131\u015ft\u0131,ama yine de geceydi anlat\u0131lan | Bedrana &#8211; Bekir Y\u0131ld\u0131z"}]},{"@type":"WebSite","@id":"https:\/\/narteks.net\/#website","url":"https:\/\/narteks.net\/","name":"narteks.net","description":"K\u00fclt\u00fcr Sanat Edebiyat Felsefe","publisher":{"@id":"https:\/\/narteks.net\/#organization"},"alternateName":"K\u00fclt\u00fcr Sanat Edebiyat Felsefe","potentialAction":[{"@type":"SearchAction","target":{"@type":"EntryPoint","urlTemplate":"https:\/\/narteks.net\/?s={search_term_string}"},"query-input":{"@type":"PropertyValueSpecification","valueRequired":true,"valueName":"search_term_string"}}],"inLanguage":"tr"},{"@type":"Organization","@id":"https:\/\/narteks.net\/#organization","name":"narteks.net","url":"https:\/\/narteks.net\/","logo":{"@type":"ImageObject","inLanguage":"tr","@id":"https:\/\/narteks.net\/#\/schema\/logo\/image\/","url":"https:\/\/narteks.net\/wp-content\/uploads\/narteks.png","contentUrl":"https:\/\/narteks.net\/wp-content\/uploads\/narteks.png","width":300,"height":90,"caption":"narteks.net"},"image":{"@id":"https:\/\/narteks.net\/#\/schema\/logo\/image\/"},"sameAs":["https:\/\/x.com\/narteks","https:\/\/instagram.com\/narteksnet"]},{"@type":"Person","@id":"https:\/\/narteks.net\/#\/schema\/person\/61f37d9834294b72d31d274e7ed79bca","name":"Tar\u0131k","image":{"@type":"ImageObject","inLanguage":"tr","@id":"https:\/\/narteks.net\/#\/schema\/person\/image\/","url":"https:\/\/secure.gravatar.com\/avatar\/50865afb55632c4ae467e0af0930f6510aa2297d8014be502a55b14f3b7550cf?s=96&d=mm&r=g","contentUrl":"https:\/\/secure.gravatar.com\/avatar\/50865afb55632c4ae467e0af0930f6510aa2297d8014be502a55b14f3b7550cf?s=96&d=mm&r=g","caption":"Tar\u0131k"},"sameAs":["http:\/\/narteks.net"],"url":"https:\/\/narteks.net\/index.php\/author\/narbak\/"}]}},"_links":{"self":[{"href":"https:\/\/narteks.net\/index.php\/wp-json\/wp\/v2\/posts\/1382","targetHints":{"allow":["GET"]}}],"collection":[{"href":"https:\/\/narteks.net\/index.php\/wp-json\/wp\/v2\/posts"}],"about":[{"href":"https:\/\/narteks.net\/index.php\/wp-json\/wp\/v2\/types\/post"}],"author":[{"embeddable":true,"href":"https:\/\/narteks.net\/index.php\/wp-json\/wp\/v2\/users\/1"}],"replies":[{"embeddable":true,"href":"https:\/\/narteks.net\/index.php\/wp-json\/wp\/v2\/comments?post=1382"}],"version-history":[{"count":0,"href":"https:\/\/narteks.net\/index.php\/wp-json\/wp\/v2\/posts\/1382\/revisions"}],"wp:attachment":[{"href":"https:\/\/narteks.net\/index.php\/wp-json\/wp\/v2\/media?parent=1382"}],"wp:term":[{"taxonomy":"category","embeddable":true,"href":"https:\/\/narteks.net\/index.php\/wp-json\/wp\/v2\/categories?post=1382"},{"taxonomy":"post_tag","embeddable":true,"href":"https:\/\/narteks.net\/index.php\/wp-json\/wp\/v2\/tags?post=1382"}],"curies":[{"name":"wp","href":"https:\/\/api.w.org\/{rel}","templated":true}]}}