{"id":1388,"date":"2010-01-12T01:00:00","date_gmt":"2010-01-11T22:00:00","guid":{"rendered":"http:\/\/localhost\/wordpress\/2010\/01\/12\/benim-o-uursuz-korkunc-kaba-dediim-yeryuezue-bu-yeryuezue-hayatyd-antonin-artaud\/"},"modified":"2010-01-12T01:00:00","modified_gmt":"2010-01-11T22:00:00","slug":"benim-o-uursuz-korkunc-kaba-dediim-yeryuezue-bu-yeryuezue-hayatyd-antonin-artaud","status":"publish","type":"post","link":"https:\/\/narteks.net\/index.php\/2010\/01\/12\/benim-o-uursuz-korkunc-kaba-dediim-yeryuezue-bu-yeryuezue-hayatyd-antonin-artaud\/","title":{"rendered":"Benim o u\u011fursuz, korkun\u00e7, kaba dedi\u011fim yery\u00fcz\u00fc, bu yery\u00fcz\u00fc hayat\u0131yd\u0131 | Antonin Artaud"},"content":{"rendered":"<div class=\"post hentry uncustomized-post-template\" style=\"text-align: left;\">\n<p style=\"text-align: justify;\"><img loading=\"lazy\" decoding=\"async\" style=\"border: 0pt none; float: left;\" src=\"http:\/\/4.bp.blogspot.com\/_gd_jiuBawqM\/SpWlCoiaJ9I\/AAAAAAAABpY\/dQ75iiC3778\/s320\/antonin_artaud.jpg\" width=\"155\" height=\"203\" border=\"0\" \/>Ben yaz\u0131 yazmaya hi\u00e7bir \u015fey yazamayaca\u011f\u0131m\u0131 anlatmak i\u00e7in birtak\u0131m betikler yazarak ba\u015flad\u0131m; diyecek, ya da yazacak bir \u015feyim oldu\u011fu vakit, en \u00e7ok bu benim i\u00e7in imkans\u0131z oluyordu. Hi\u00e7bir zaman bir d\u00fc\u015f\u00fcncem olmad\u0131 benim. Yetmi\u015fer sayfal\u0131k iki k\u00fc\u00e7\u00fck beti\u011fim hep o her t\u00fcrl\u00fc d\u00fc\u015f\u00fcnceden uzak, o b\u00fcy\u00fck, o yerle\u015fmi\u015f, o y\u00f6resel yokluk, hi\u00e7bir \u015feysizlik etraf\u0131nda d\u00f6ner durur. Ombilic des Limbes ile Le pese-neris&#8217;dir bunlar.<\/p>\n<\/div>\n<p style=\"text-align: justify;\">Hep b\u00f6yle kopuk, d\u00fczensiz, korkun\u00e7 bir duyguyla yaz\u0131p \u00e7izdim ben: Evet ile hay\u0131r, kara ile ak, do\u011fru ile yanl\u0131\u015f. Diyece\u011fim: Bu birbirine kar\u015f\u0131 \u015feyler benim gibi bir adam\u0131n, zavall\u0131 Bay Antonin Artaud&#8217;nun o garip anlat\u0131m\u0131 i\u00e7inde birle\u015ftiler.<\/p>\n<p>Kimli\u011fimde yaz\u0131l\u0131 oldu\u011fu gibi, ben, 1896&#8217;da, 3 ile 4 Eyl\u00fcl gecesi Marsilya&#8217;da d\u00fcnyaya geldi\u011fimi hi\u00e7 hat\u0131rlam\u0131yorum, ama buna kar\u015f\u0131l\u0131k bamba\u015fka bir yerde, bir uzayla hi\u00e7bir zaman olmam\u0131\u015f korkun\u00e7 yaman bir d\u00fcnya aras\u0131nda, \u00f6yle bir yerde \u00e7etin bir soruyu tart\u0131\u015f\u0131rken d\u00fcnyaya geldi\u011fimi hat\u0131rl\u0131yorum.<\/p>\n<p style=\"text-align: justify;\">Benim o u\u011fursuz, korkun\u00e7, kaba dedi\u011fim yery\u00fcz\u00fc, bu yery\u00fcz\u00fc hayat\u0131yd\u0131<\/p>\n<p>Gelip ge\u00e7ici bir\u015fey de\u011fildir \u00f6l\u00fcm. Hi\u00e7bir zaman varolmam\u0131\u015f bir \u015feydir o. Ya\u015famak zorsa, \u00f6l\u00fcm\u00fcn gittik\u00e7e imkans\u0131z, etkisiz olmas\u0131ndand\u0131r. Yery\u00fcz\u00fcndeki hayat\u0131m\u0131 d\u00fc\u015f\u00fcnd\u00fc\u011f\u00fcm zaman, en az\u0131ndan d\u00f6rt kez ger\u00e7ekten, bedenen \u00f6ld\u00fc\u011f\u00fcm\u00fc hat\u0131rl\u0131yorum: Birinde Meksika&#8217;da, en son olarak da elektrik \u015foku korkular\u0131 alt\u0131nda Rodez t\u0131marhanesinde.<\/p>\n<p>Her seferinde v\u00fccudumdan koptu\u011fumu, uzayda dola\u015ft\u0131\u011f\u0131m\u0131 duydum; ama as\u0131l v\u00fccudumun \u00f6yle \u00e7ok uzaklar\u0131nda da de\u011fildim. \u0130nsan \u00f6yle kolay kolay tam kopam\u0131yor. Sonra, ger\u00e7ekten, insan v\u00fccudunu b\u0131rakam\u0131yor da.<\/p>\n<p>K\u00f6t\u00fc bir taraftan \u00f6l\u00fcn\u00fcyor hem, \u00f6l\u00fcmde tutulacak bir yol de\u011fil bu.<\/p>\n<p>Ben, yaln\u0131z ya\u015farken tutulacak yola inan\u0131yorum. \u00d6l\u00fclerin de salt buna inand\u0131klar\u0131n\u0131 san\u0131yorum. \u00d6te yandan hem onlar bunu art\u0131k hi\u00e7bir zaman tart\u0131\u015famayacaklar da. Ki\u015fi, \u015funu ya da bunu sezinleyebildik\u00e7e, ger\u00e7ekten, \u00f6lm\u00fcyor da.<\/p>\n<p>Ben Antonin Artaud, art\u0131k hi\u00e7bir \u015fey d\u00fc\u015f\u00fcnmedi\u011fim zaman yazmak istiyorum.<\/p>\n<p><span style=\"font-style: italic;\">(Artaud&#8217;nun 27 Haziran 1946&#8217;da sanat anlay\u0131\u015f\u0131n\u0131 anlatmak i\u00e7in Peter Watson&#8217;a yazd\u0131\u011f\u0131 bu mektubu \u0130lhan Berk T\u00fcrk\u00e7e&#8217;ye \u00e7evirmi\u015f, daha sonra da defterlerinin bas\u0131lmas\u0131yla ortaya \u00e7\u0131kan K\u00fclt Kitap&#8217;\u0131na koymu\u015f. Berk, Artaud&#8217;nun anlams\u0131zl\u0131\u011f\u0131 y\u00f6ntemli bir delilik diye tan\u0131mlad\u0131\u011f\u0131n\u0131 ekliyor yaz\u0131s\u0131na. -K\u00fclt Kitap, \u0130lhan Berk, YKY, \u0130stanbul. sayfa:39,40)<\/span><\/p>\n<p>\u00a0<\/p>\n<p>\u00a0<\/p>\n","protected":false},"excerpt":{"rendered":"<p>Ben yaz\u0131 yazmaya hi\u00e7bir \u015fey yazamayaca\u011f\u0131m\u0131 anlatmak i\u00e7in birtak\u0131m betikler yazarak ba\u015flad\u0131m; diyecek, ya da yazacak bir \u015feyim oldu\u011fu vakit, en \u00e7ok bu benim i\u00e7in imkans\u0131z oluyordu. Hi\u00e7bir zaman bir d\u00fc\u015f\u00fcncem olmad\u0131 benim. Yetmi\u015fer sayfal\u0131k iki k\u00fc\u00e7\u00fck beti\u011fim hep o her t\u00fcrl\u00fc d\u00fc\u015f\u00fcnceden uzak, o b\u00fcy\u00fck, o yerle\u015fmi\u015f, o y\u00f6resel yokluk, hi\u00e7bir \u015feysizlik etraf\u0131nda d\u00f6ner [&hellip;]<\/p>\n","protected":false},"author":1,"featured_media":0,"comment_status":"open","ping_status":"open","sticky":false,"template":"","format":"standard","meta":{"footnotes":""},"categories":[64],"tags":[],"class_list":{"0":"post-1388","1":"post","2":"type-post","3":"status-publish","4":"format-standard","6":"category-tiyatro-uzerine"},"yoast_head":"<!-- This site is optimized with the Yoast SEO Premium plugin v24.9 (Yoast SEO v24.9) - https:\/\/yoast.com\/wordpress\/plugins\/seo\/ -->\n<title>Benim o u\u011fursuz, korkun\u00e7, kaba dedi\u011fim yery\u00fcz\u00fc, bu yery\u00fcz\u00fc hayat\u0131yd\u0131 | Antonin Artaud - narteks.net<\/title>\n<meta name=\"robots\" content=\"index, follow, max-snippet:-1, max-image-preview:large, max-video-preview:-1\" \/>\n<link rel=\"canonical\" href=\"https:\/\/narteks.net\/index.php\/2010\/01\/12\/benim-o-uursuz-korkunc-kaba-dediim-yeryuezue-bu-yeryuezue-hayatyd-antonin-artaud\/\" \/>\n<meta property=\"og:locale\" content=\"tr_TR\" \/>\n<meta property=\"og:type\" content=\"article\" \/>\n<meta property=\"og:title\" content=\"Benim o u\u011fursuz, korkun\u00e7, kaba dedi\u011fim yery\u00fcz\u00fc, bu yery\u00fcz\u00fc hayat\u0131yd\u0131 | Antonin Artaud\" \/>\n<meta property=\"og:description\" content=\"Ben yaz\u0131 yazmaya hi\u00e7bir \u015fey yazamayaca\u011f\u0131m\u0131 anlatmak i\u00e7in birtak\u0131m betikler yazarak ba\u015flad\u0131m; diyecek, ya da yazacak bir \u015feyim oldu\u011fu vakit, en \u00e7ok bu benim i\u00e7in imkans\u0131z oluyordu. Hi\u00e7bir zaman bir d\u00fc\u015f\u00fcncem olmad\u0131 benim. Yetmi\u015fer sayfal\u0131k iki k\u00fc\u00e7\u00fck beti\u011fim hep o her t\u00fcrl\u00fc d\u00fc\u015f\u00fcnceden uzak, o b\u00fcy\u00fck, o yerle\u015fmi\u015f, o y\u00f6resel yokluk, hi\u00e7bir \u015feysizlik etraf\u0131nda d\u00f6ner [&hellip;]\" \/>\n<meta property=\"og:url\" content=\"https:\/\/narteks.net\/index.php\/2010\/01\/12\/benim-o-uursuz-korkunc-kaba-dediim-yeryuezue-bu-yeryuezue-hayatyd-antonin-artaud\/\" \/>\n<meta property=\"og:site_name\" content=\"narteks.net\" \/>\n<meta property=\"article:published_time\" content=\"2010-01-11T22:00:00+00:00\" \/>\n<meta property=\"og:image\" content=\"http:\/\/4.bp.blogspot.com\/_gd_jiuBawqM\/SpWlCoiaJ9I\/AAAAAAAABpY\/dQ75iiC3778\/s320\/antonin_artaud.jpg\" \/>\n<meta name=\"author\" content=\"Tar\u0131k\" \/>\n<meta name=\"twitter:card\" content=\"summary_large_image\" \/>\n<meta name=\"twitter:creator\" content=\"@narteks\" \/>\n<meta name=\"twitter:site\" content=\"@narteks\" \/>\n<meta name=\"twitter:label1\" content=\"Yazan:\" \/>\n\t<meta name=\"twitter:data1\" content=\"Tar\u0131k\" \/>\n\t<meta name=\"twitter:label2\" content=\"Tahmini okuma s\u00fcresi\" \/>\n\t<meta name=\"twitter:data2\" content=\"2 dakika\" \/>\n<script type=\"application\/ld+json\" class=\"yoast-schema-graph\">{\"@context\":\"https:\/\/schema.org\",\"@graph\":[{\"@type\":\"Article\",\"@id\":\"https:\/\/narteks.net\/index.php\/2010\/01\/12\/benim-o-uursuz-korkunc-kaba-dediim-yeryuezue-bu-yeryuezue-hayatyd-antonin-artaud\/#article\",\"isPartOf\":{\"@id\":\"https:\/\/narteks.net\/index.php\/2010\/01\/12\/benim-o-uursuz-korkunc-kaba-dediim-yeryuezue-bu-yeryuezue-hayatyd-antonin-artaud\/\"},\"author\":{\"name\":\"Tar\u0131k\",\"@id\":\"https:\/\/narteks.net\/#\/schema\/person\/61f37d9834294b72d31d274e7ed79bca\"},\"headline\":\"Benim o u\u011fursuz, korkun\u00e7, kaba dedi\u011fim yery\u00fcz\u00fc, bu yery\u00fcz\u00fc hayat\u0131yd\u0131 | Antonin Artaud\",\"datePublished\":\"2010-01-11T22:00:00+00:00\",\"mainEntityOfPage\":{\"@id\":\"https:\/\/narteks.net\/index.php\/2010\/01\/12\/benim-o-uursuz-korkunc-kaba-dediim-yeryuezue-bu-yeryuezue-hayatyd-antonin-artaud\/\"},\"wordCount\":465,\"commentCount\":0,\"publisher\":{\"@id\":\"https:\/\/narteks.net\/#organization\"},\"image\":{\"@id\":\"https:\/\/narteks.net\/index.php\/2010\/01\/12\/benim-o-uursuz-korkunc-kaba-dediim-yeryuezue-bu-yeryuezue-hayatyd-antonin-artaud\/#primaryimage\"},\"thumbnailUrl\":\"http:\/\/4.bp.blogspot.com\/_gd_jiuBawqM\/SpWlCoiaJ9I\/AAAAAAAABpY\/dQ75iiC3778\/s320\/antonin_artaud.jpg\",\"articleSection\":[\"Tiyatro \u00dczerine\"],\"inLanguage\":\"tr\",\"potentialAction\":[{\"@type\":\"CommentAction\",\"name\":\"Comment\",\"target\":[\"https:\/\/narteks.net\/index.php\/2010\/01\/12\/benim-o-uursuz-korkunc-kaba-dediim-yeryuezue-bu-yeryuezue-hayatyd-antonin-artaud\/#respond\"]}]},{\"@type\":\"WebPage\",\"@id\":\"https:\/\/narteks.net\/index.php\/2010\/01\/12\/benim-o-uursuz-korkunc-kaba-dediim-yeryuezue-bu-yeryuezue-hayatyd-antonin-artaud\/\",\"url\":\"https:\/\/narteks.net\/index.php\/2010\/01\/12\/benim-o-uursuz-korkunc-kaba-dediim-yeryuezue-bu-yeryuezue-hayatyd-antonin-artaud\/\",\"name\":\"Benim o u\u011fursuz, korkun\u00e7, kaba dedi\u011fim yery\u00fcz\u00fc, bu yery\u00fcz\u00fc hayat\u0131yd\u0131 | Antonin Artaud - narteks.net\",\"isPartOf\":{\"@id\":\"https:\/\/narteks.net\/#website\"},\"primaryImageOfPage\":{\"@id\":\"https:\/\/narteks.net\/index.php\/2010\/01\/12\/benim-o-uursuz-korkunc-kaba-dediim-yeryuezue-bu-yeryuezue-hayatyd-antonin-artaud\/#primaryimage\"},\"image\":{\"@id\":\"https:\/\/narteks.net\/index.php\/2010\/01\/12\/benim-o-uursuz-korkunc-kaba-dediim-yeryuezue-bu-yeryuezue-hayatyd-antonin-artaud\/#primaryimage\"},\"thumbnailUrl\":\"http:\/\/4.bp.blogspot.com\/_gd_jiuBawqM\/SpWlCoiaJ9I\/AAAAAAAABpY\/dQ75iiC3778\/s320\/antonin_artaud.jpg\",\"datePublished\":\"2010-01-11T22:00:00+00:00\",\"breadcrumb\":{\"@id\":\"https:\/\/narteks.net\/index.php\/2010\/01\/12\/benim-o-uursuz-korkunc-kaba-dediim-yeryuezue-bu-yeryuezue-hayatyd-antonin-artaud\/#breadcrumb\"},\"inLanguage\":\"tr\",\"potentialAction\":[{\"@type\":\"ReadAction\",\"target\":[\"https:\/\/narteks.net\/index.php\/2010\/01\/12\/benim-o-uursuz-korkunc-kaba-dediim-yeryuezue-bu-yeryuezue-hayatyd-antonin-artaud\/\"]}]},{\"@type\":\"ImageObject\",\"inLanguage\":\"tr\",\"@id\":\"https:\/\/narteks.net\/index.php\/2010\/01\/12\/benim-o-uursuz-korkunc-kaba-dediim-yeryuezue-bu-yeryuezue-hayatyd-antonin-artaud\/#primaryimage\",\"url\":\"http:\/\/4.bp.blogspot.com\/_gd_jiuBawqM\/SpWlCoiaJ9I\/AAAAAAAABpY\/dQ75iiC3778\/s320\/antonin_artaud.jpg\",\"contentUrl\":\"http:\/\/4.bp.blogspot.com\/_gd_jiuBawqM\/SpWlCoiaJ9I\/AAAAAAAABpY\/dQ75iiC3778\/s320\/antonin_artaud.jpg\"},{\"@type\":\"BreadcrumbList\",\"@id\":\"https:\/\/narteks.net\/index.php\/2010\/01\/12\/benim-o-uursuz-korkunc-kaba-dediim-yeryuezue-bu-yeryuezue-hayatyd-antonin-artaud\/#breadcrumb\",\"itemListElement\":[{\"@type\":\"ListItem\",\"position\":1,\"name\":\"Anasayfa\",\"item\":\"https:\/\/narteks.net\/\"},{\"@type\":\"ListItem\",\"position\":2,\"name\":\"Benim o u\u011fursuz, korkun\u00e7, kaba dedi\u011fim yery\u00fcz\u00fc, bu yery\u00fcz\u00fc hayat\u0131yd\u0131 | Antonin Artaud\"}]},{\"@type\":\"WebSite\",\"@id\":\"https:\/\/narteks.net\/#website\",\"url\":\"https:\/\/narteks.net\/\",\"name\":\"narteks.net\",\"description\":\"K\u00fclt\u00fcr Sanat Edebiyat Felsefe\",\"publisher\":{\"@id\":\"https:\/\/narteks.net\/#organization\"},\"alternateName\":\"K\u00fclt\u00fcr Sanat Edebiyat Felsefe\",\"potentialAction\":[{\"@type\":\"SearchAction\",\"target\":{\"@type\":\"EntryPoint\",\"urlTemplate\":\"https:\/\/narteks.net\/?s={search_term_string}\"},\"query-input\":{\"@type\":\"PropertyValueSpecification\",\"valueRequired\":true,\"valueName\":\"search_term_string\"}}],\"inLanguage\":\"tr\"},{\"@type\":\"Organization\",\"@id\":\"https:\/\/narteks.net\/#organization\",\"name\":\"narteks.net\",\"url\":\"https:\/\/narteks.net\/\",\"logo\":{\"@type\":\"ImageObject\",\"inLanguage\":\"tr\",\"@id\":\"https:\/\/narteks.net\/#\/schema\/logo\/image\/\",\"url\":\"https:\/\/narteks.net\/wp-content\/uploads\/narteks.png\",\"contentUrl\":\"https:\/\/narteks.net\/wp-content\/uploads\/narteks.png\",\"width\":300,\"height\":90,\"caption\":\"narteks.net\"},\"image\":{\"@id\":\"https:\/\/narteks.net\/#\/schema\/logo\/image\/\"},\"sameAs\":[\"https:\/\/x.com\/narteks\",\"https:\/\/instagram.com\/narteksnet\"]},{\"@type\":\"Person\",\"@id\":\"https:\/\/narteks.net\/#\/schema\/person\/61f37d9834294b72d31d274e7ed79bca\",\"name\":\"Tar\u0131k\",\"image\":{\"@type\":\"ImageObject\",\"inLanguage\":\"tr\",\"@id\":\"https:\/\/narteks.net\/#\/schema\/person\/image\/\",\"url\":\"https:\/\/secure.gravatar.com\/avatar\/50865afb55632c4ae467e0af0930f6510aa2297d8014be502a55b14f3b7550cf?s=96&d=mm&r=g\",\"contentUrl\":\"https:\/\/secure.gravatar.com\/avatar\/50865afb55632c4ae467e0af0930f6510aa2297d8014be502a55b14f3b7550cf?s=96&d=mm&r=g\",\"caption\":\"Tar\u0131k\"},\"sameAs\":[\"http:\/\/narteks.net\"],\"url\":\"https:\/\/narteks.net\/index.php\/author\/narbak\/\"}]}<\/script>\n<!-- \/ Yoast SEO Premium plugin. -->","yoast_head_json":{"title":"Benim o u\u011fursuz, korkun\u00e7, kaba dedi\u011fim yery\u00fcz\u00fc, bu yery\u00fcz\u00fc hayat\u0131yd\u0131 | Antonin Artaud - narteks.net","robots":{"index":"index","follow":"follow","max-snippet":"max-snippet:-1","max-image-preview":"max-image-preview:large","max-video-preview":"max-video-preview:-1"},"canonical":"https:\/\/narteks.net\/index.php\/2010\/01\/12\/benim-o-uursuz-korkunc-kaba-dediim-yeryuezue-bu-yeryuezue-hayatyd-antonin-artaud\/","og_locale":"tr_TR","og_type":"article","og_title":"Benim o u\u011fursuz, korkun\u00e7, kaba dedi\u011fim yery\u00fcz\u00fc, bu yery\u00fcz\u00fc hayat\u0131yd\u0131 | Antonin Artaud","og_description":"Ben yaz\u0131 yazmaya hi\u00e7bir \u015fey yazamayaca\u011f\u0131m\u0131 anlatmak i\u00e7in birtak\u0131m betikler yazarak ba\u015flad\u0131m; diyecek, ya da yazacak bir \u015feyim oldu\u011fu vakit, en \u00e7ok bu benim i\u00e7in imkans\u0131z oluyordu. Hi\u00e7bir zaman bir d\u00fc\u015f\u00fcncem olmad\u0131 benim. Yetmi\u015fer sayfal\u0131k iki k\u00fc\u00e7\u00fck beti\u011fim hep o her t\u00fcrl\u00fc d\u00fc\u015f\u00fcnceden uzak, o b\u00fcy\u00fck, o yerle\u015fmi\u015f, o y\u00f6resel yokluk, hi\u00e7bir \u015feysizlik etraf\u0131nda d\u00f6ner [&hellip;]","og_url":"https:\/\/narteks.net\/index.php\/2010\/01\/12\/benim-o-uursuz-korkunc-kaba-dediim-yeryuezue-bu-yeryuezue-hayatyd-antonin-artaud\/","og_site_name":"narteks.net","article_published_time":"2010-01-11T22:00:00+00:00","og_image":[{"url":"http:\/\/4.bp.blogspot.com\/_gd_jiuBawqM\/SpWlCoiaJ9I\/AAAAAAAABpY\/dQ75iiC3778\/s320\/antonin_artaud.jpg","type":"","width":"","height":""}],"author":"Tar\u0131k","twitter_card":"summary_large_image","twitter_creator":"@narteks","twitter_site":"@narteks","twitter_misc":{"Yazan:":"Tar\u0131k","Tahmini okuma s\u00fcresi":"2 dakika"},"schema":{"@context":"https:\/\/schema.org","@graph":[{"@type":"Article","@id":"https:\/\/narteks.net\/index.php\/2010\/01\/12\/benim-o-uursuz-korkunc-kaba-dediim-yeryuezue-bu-yeryuezue-hayatyd-antonin-artaud\/#article","isPartOf":{"@id":"https:\/\/narteks.net\/index.php\/2010\/01\/12\/benim-o-uursuz-korkunc-kaba-dediim-yeryuezue-bu-yeryuezue-hayatyd-antonin-artaud\/"},"author":{"name":"Tar\u0131k","@id":"https:\/\/narteks.net\/#\/schema\/person\/61f37d9834294b72d31d274e7ed79bca"},"headline":"Benim o u\u011fursuz, korkun\u00e7, kaba dedi\u011fim yery\u00fcz\u00fc, bu yery\u00fcz\u00fc hayat\u0131yd\u0131 | Antonin Artaud","datePublished":"2010-01-11T22:00:00+00:00","mainEntityOfPage":{"@id":"https:\/\/narteks.net\/index.php\/2010\/01\/12\/benim-o-uursuz-korkunc-kaba-dediim-yeryuezue-bu-yeryuezue-hayatyd-antonin-artaud\/"},"wordCount":465,"commentCount":0,"publisher":{"@id":"https:\/\/narteks.net\/#organization"},"image":{"@id":"https:\/\/narteks.net\/index.php\/2010\/01\/12\/benim-o-uursuz-korkunc-kaba-dediim-yeryuezue-bu-yeryuezue-hayatyd-antonin-artaud\/#primaryimage"},"thumbnailUrl":"http:\/\/4.bp.blogspot.com\/_gd_jiuBawqM\/SpWlCoiaJ9I\/AAAAAAAABpY\/dQ75iiC3778\/s320\/antonin_artaud.jpg","articleSection":["Tiyatro \u00dczerine"],"inLanguage":"tr","potentialAction":[{"@type":"CommentAction","name":"Comment","target":["https:\/\/narteks.net\/index.php\/2010\/01\/12\/benim-o-uursuz-korkunc-kaba-dediim-yeryuezue-bu-yeryuezue-hayatyd-antonin-artaud\/#respond"]}]},{"@type":"WebPage","@id":"https:\/\/narteks.net\/index.php\/2010\/01\/12\/benim-o-uursuz-korkunc-kaba-dediim-yeryuezue-bu-yeryuezue-hayatyd-antonin-artaud\/","url":"https:\/\/narteks.net\/index.php\/2010\/01\/12\/benim-o-uursuz-korkunc-kaba-dediim-yeryuezue-bu-yeryuezue-hayatyd-antonin-artaud\/","name":"Benim o u\u011fursuz, korkun\u00e7, kaba dedi\u011fim yery\u00fcz\u00fc, bu yery\u00fcz\u00fc hayat\u0131yd\u0131 | Antonin Artaud - narteks.net","isPartOf":{"@id":"https:\/\/narteks.net\/#website"},"primaryImageOfPage":{"@id":"https:\/\/narteks.net\/index.php\/2010\/01\/12\/benim-o-uursuz-korkunc-kaba-dediim-yeryuezue-bu-yeryuezue-hayatyd-antonin-artaud\/#primaryimage"},"image":{"@id":"https:\/\/narteks.net\/index.php\/2010\/01\/12\/benim-o-uursuz-korkunc-kaba-dediim-yeryuezue-bu-yeryuezue-hayatyd-antonin-artaud\/#primaryimage"},"thumbnailUrl":"http:\/\/4.bp.blogspot.com\/_gd_jiuBawqM\/SpWlCoiaJ9I\/AAAAAAAABpY\/dQ75iiC3778\/s320\/antonin_artaud.jpg","datePublished":"2010-01-11T22:00:00+00:00","breadcrumb":{"@id":"https:\/\/narteks.net\/index.php\/2010\/01\/12\/benim-o-uursuz-korkunc-kaba-dediim-yeryuezue-bu-yeryuezue-hayatyd-antonin-artaud\/#breadcrumb"},"inLanguage":"tr","potentialAction":[{"@type":"ReadAction","target":["https:\/\/narteks.net\/index.php\/2010\/01\/12\/benim-o-uursuz-korkunc-kaba-dediim-yeryuezue-bu-yeryuezue-hayatyd-antonin-artaud\/"]}]},{"@type":"ImageObject","inLanguage":"tr","@id":"https:\/\/narteks.net\/index.php\/2010\/01\/12\/benim-o-uursuz-korkunc-kaba-dediim-yeryuezue-bu-yeryuezue-hayatyd-antonin-artaud\/#primaryimage","url":"http:\/\/4.bp.blogspot.com\/_gd_jiuBawqM\/SpWlCoiaJ9I\/AAAAAAAABpY\/dQ75iiC3778\/s320\/antonin_artaud.jpg","contentUrl":"http:\/\/4.bp.blogspot.com\/_gd_jiuBawqM\/SpWlCoiaJ9I\/AAAAAAAABpY\/dQ75iiC3778\/s320\/antonin_artaud.jpg"},{"@type":"BreadcrumbList","@id":"https:\/\/narteks.net\/index.php\/2010\/01\/12\/benim-o-uursuz-korkunc-kaba-dediim-yeryuezue-bu-yeryuezue-hayatyd-antonin-artaud\/#breadcrumb","itemListElement":[{"@type":"ListItem","position":1,"name":"Anasayfa","item":"https:\/\/narteks.net\/"},{"@type":"ListItem","position":2,"name":"Benim o u\u011fursuz, korkun\u00e7, kaba dedi\u011fim yery\u00fcz\u00fc, bu yery\u00fcz\u00fc hayat\u0131yd\u0131 | Antonin Artaud"}]},{"@type":"WebSite","@id":"https:\/\/narteks.net\/#website","url":"https:\/\/narteks.net\/","name":"narteks.net","description":"K\u00fclt\u00fcr Sanat Edebiyat Felsefe","publisher":{"@id":"https:\/\/narteks.net\/#organization"},"alternateName":"K\u00fclt\u00fcr Sanat Edebiyat Felsefe","potentialAction":[{"@type":"SearchAction","target":{"@type":"EntryPoint","urlTemplate":"https:\/\/narteks.net\/?s={search_term_string}"},"query-input":{"@type":"PropertyValueSpecification","valueRequired":true,"valueName":"search_term_string"}}],"inLanguage":"tr"},{"@type":"Organization","@id":"https:\/\/narteks.net\/#organization","name":"narteks.net","url":"https:\/\/narteks.net\/","logo":{"@type":"ImageObject","inLanguage":"tr","@id":"https:\/\/narteks.net\/#\/schema\/logo\/image\/","url":"https:\/\/narteks.net\/wp-content\/uploads\/narteks.png","contentUrl":"https:\/\/narteks.net\/wp-content\/uploads\/narteks.png","width":300,"height":90,"caption":"narteks.net"},"image":{"@id":"https:\/\/narteks.net\/#\/schema\/logo\/image\/"},"sameAs":["https:\/\/x.com\/narteks","https:\/\/instagram.com\/narteksnet"]},{"@type":"Person","@id":"https:\/\/narteks.net\/#\/schema\/person\/61f37d9834294b72d31d274e7ed79bca","name":"Tar\u0131k","image":{"@type":"ImageObject","inLanguage":"tr","@id":"https:\/\/narteks.net\/#\/schema\/person\/image\/","url":"https:\/\/secure.gravatar.com\/avatar\/50865afb55632c4ae467e0af0930f6510aa2297d8014be502a55b14f3b7550cf?s=96&d=mm&r=g","contentUrl":"https:\/\/secure.gravatar.com\/avatar\/50865afb55632c4ae467e0af0930f6510aa2297d8014be502a55b14f3b7550cf?s=96&d=mm&r=g","caption":"Tar\u0131k"},"sameAs":["http:\/\/narteks.net"],"url":"https:\/\/narteks.net\/index.php\/author\/narbak\/"}]}},"_links":{"self":[{"href":"https:\/\/narteks.net\/index.php\/wp-json\/wp\/v2\/posts\/1388","targetHints":{"allow":["GET"]}}],"collection":[{"href":"https:\/\/narteks.net\/index.php\/wp-json\/wp\/v2\/posts"}],"about":[{"href":"https:\/\/narteks.net\/index.php\/wp-json\/wp\/v2\/types\/post"}],"author":[{"embeddable":true,"href":"https:\/\/narteks.net\/index.php\/wp-json\/wp\/v2\/users\/1"}],"replies":[{"embeddable":true,"href":"https:\/\/narteks.net\/index.php\/wp-json\/wp\/v2\/comments?post=1388"}],"version-history":[{"count":0,"href":"https:\/\/narteks.net\/index.php\/wp-json\/wp\/v2\/posts\/1388\/revisions"}],"wp:attachment":[{"href":"https:\/\/narteks.net\/index.php\/wp-json\/wp\/v2\/media?parent=1388"}],"wp:term":[{"taxonomy":"category","embeddable":true,"href":"https:\/\/narteks.net\/index.php\/wp-json\/wp\/v2\/categories?post=1388"},{"taxonomy":"post_tag","embeddable":true,"href":"https:\/\/narteks.net\/index.php\/wp-json\/wp\/v2\/tags?post=1388"}],"curies":[{"name":"wp","href":"https:\/\/api.w.org\/{rel}","templated":true}]}}