{"id":1389,"date":"2009-11-13T14:40:30","date_gmt":"2009-11-13T11:40:30","guid":{"rendered":"http:\/\/localhost\/wordpress\/2009\/11\/13\/dadalolu-biyografisi-ve-eserleri\/"},"modified":"2009-11-13T14:40:30","modified_gmt":"2009-11-13T11:40:30","slug":"dadalolu-biyografisi-ve-eserleri","status":"publish","type":"post","link":"https:\/\/narteks.net\/index.php\/2009\/11\/13\/dadalolu-biyografisi-ve-eserleri\/","title":{"rendered":"Dadalo\u011flu Biyografisi ve Eserleri"},"content":{"rendered":"<p><img loading=\"lazy\" decoding=\"async\" src=\"http:\/\/www.turkmensitesi.com\/uploads\/pics\/dadaloglu.jpg\" border=\"0\" width=\"155\" height=\"205\" style=\"float: left;\" \/>Dadalo\u011flum yar\u0131n kavga kurulur<br \/>\u00d6ter t\u00fcfek davlumbazlar vurulur<br \/>Nice ko\u00e7 yi\u011fitler yere serilir<br \/>\u00d6len \u00f6l\u00fcr kalan sa\u011flar bizimdir<\/p>\n<p>Dadalo\u011flu<\/p>\n<p style=\"text-align: justify;\">19. y\u00fczy\u0131lda ya\u015fam\u0131\u015f g\u00fcney illerinin b\u00fcy\u00fck \u015fairi Dadalo\u011flu hakk\u0131nda kesin bir bilgiye sahip de\u011filiz. Bu durum hemen b\u00fct\u00fcn halk \u015fairleri i\u00e7in b\u00f6yledir. Bunun sebebi saz \u015fairlerinin \u00e7o\u011funun \u00fcmmi olu\u015fu ve ayd\u0131n z\u00fcmrenin onlara \u00f6nem vermemi\u015f olmas\u0131d\u0131r. Bu y\u00fczden yaz\u0131l\u0131 belge bulmak \u00e7ok g\u00fc\u00e7t\u00fcr. Hele divan \u015fairlerinden bahseden tezkerelerde halk \u015fairlerinin adlar\u0131na rastlamak m\u00fcmk\u00fcn de\u011fildir. Bunun i\u00e7in ya\u015fad\u0131klar\u0131 zamanda hayatlar\u0131na dair bilgi vermeyen halk \u015fairlerini incelemek zorla\u015fmaktad\u0131r. Bu durumda rivayetler ve \u015fiirleri ile yetinmek zorunday\u0131z.<\/p>\n<p>Dadalo\u011flu i\u00e7inde durum ayn\u0131d\u0131r. Her b\u00fcy\u00fck \u015fair i\u00e7in oldu\u011fu gibi g\u00fcneyde her b\u00f6lge onu kendine\u00a0\u00a0\u00a0 mal etmeye \u00e7al\u0131\u015fm\u0131\u015ft\u0131r. Rivayetler birbirini tutmaz olur.<\/p>\n<p>Dadalo\u011flu toros da\u011flar\u0131nda dola\u015fan g\u00f6\u00e7ebe T\u00fcrkmen a\u015firetlerinin Av\u015far boyundand\u0131r. \u015eiirlerinde ;<\/p>\n<p>Kalkt\u0131 g\u00f6\u00e7 eyledi Av\u015far elleri<br \/>A\u011f\u0131r a\u011f\u0131r giden iller bizimdir<\/p>\n<p>Gibi m\u0131sralara rastlanmaktad\u0131r.<\/p>\n<p>Bu a\u015firetin gezdi\u011fi yerle Toroslar\u0131n Erzin, Payas, Adana, Kozan \u00e7evreleridir. T\u00fcrk\u00fclerinde onun hayalini g\u00f6r\u00fcr gibi oluruz. Bir elinde saz\u0131 bir elinde t\u00fcfe\u011fi tepeden tepeye ko\u015farak a\u015firet erlerini sava\u015fa te\u015fvik ederek Osmanl\u0131ya h\u0131nc\u0131n\u0131 hayk\u0131r\u0131r.<\/p>\n<p>Kaypak Osmanl\u0131lar size aman m\u0131<br \/>Biraz sonra :<\/p>\n<p>\u015eahdan ferman t\u00fcrkmen ili g\u00f6\u00e7\u00fcnce<br \/>Daha da hey Osmanl\u0131ya aman m\u0131<\/p>\n<p>der. Top g\u00fcr\u00fclt\u00fclerine kar\u0131\u015fan saz\u0131n\u0131n tellerine dokunur. Padi\u015faha meydan okur.<\/p>\n<p>Hakk\u0131m\u0131zda devlet etmi\u015f ferman\u0131<br \/>Ferman padi\u015fah\u0131n da\u011flar bizimdir<\/p>\n<p>Diye hayk\u0131r\u0131r. Bunun gibi tarihi olaylarla ilgili t\u00fcrk\u00fcleri \u00e7oktur.<\/p>\n<p>Dadalo\u011flu kavga olmad\u0131\u011f\u0131 zamanlar bir tabiat ve a\u015fk \u015fairidir. Her t\u00fcrl\u00fc g\u00fczelli\u011fe vurgundur.<br \/>Fakat as\u0131l \u00f6zelli\u011fi ve kudreti cenkler i\u00e7in yapt\u0131\u011f\u0131 t\u00fcrk\u00fclerinde g\u00f6r\u00fcl\u00fcr. Ya\u015fad\u0131\u011f\u0131 \u00e7evrenin tarihi olaylar\u0131 onu bir cenk \u015fairi yapm\u0131\u015ft\u0131r. belki de en g\u00fczel eserleri da\u011flarda d\u00f6v\u00fc\u015fler aras\u0131nda kaybolup gitmi\u015ftir.<\/p>\n<p>Dadalo\u011flu b\u00fcy\u00fck bir halk \u015fairidir. \u015eiirlerinde kudretli bir sanat ifadesi g\u00f6r\u00fcl\u00fcr. \u0130lgilendi\u011fi olaylar dolay\u0131s\u0131yla hem bir devrin tarihini hem de bir toplumun duyu\u015f ve d\u00fc\u015f\u00fcncelerini ya\u015fatm\u0131\u015ft\u0131r. Bu bak\u0131mdan Dadalo\u011flu edebiyat\u0131m\u0131z\u0131n dikkatle \u00fczerinde durulmaya de\u011fer \u015fairlerinden biridir. en \u00e7ok bilinen \u015fiirlerinden bir tanesi av\u015far elleridir.\u00a0 <\/p>\n<p>Av\u015far Elleri<\/p>\n<p>Kalkt\u0131 g\u00f6\u00e7 eyledi av\u015far elleri<br \/>A\u011f\u0131r a\u011f\u0131r giden eller bizimdir<br \/>Arap atlar yak\u0131n eyler \u0131ra\u011f\u0131<br \/>Y\u00fcce da\u011fdan a\u015fan yollar bizimdir<\/p>\n<p>Belimizde k\u0131l\u0131c\u0131m\u0131z kirmani<br \/>Ta\u015f\u0131 deler m\u0131zra\u011f\u0131m\u0131n temreni<br \/>Hakk\u0131m\u0131zda Devlet Vermi\u015f Ferman\u0131<br \/>Ferman padi\u015fah\u0131n da\u011flar bizimdir<\/p>\n<p>Dadalo\u011flum yar\u0131n kavga kurulur<br \/>\u00d6ter t\u00fcfek davlumbazlar vurulur<br \/>Nice ko\u00e7 yi\u011fitler yere serilir<br \/>\u00d6len \u00f6l\u00fcr kalan sa\u011flar bizimdir<br \/> \u00d6l\u00fcr\u00fcz De K\u00f6m\u00fcr G\u00f6zl\u00fcm \u00d6l\u00fcr\u00fcz<\/p>\n<p>\u00d6l\u00fcr\u00fcz De K\u00f6m\u00fcr G\u00f6zl\u00fcm \u00d6l\u00fcr\u00fcz<br \/>Dost A\u011flas\u0131n Zalim Felek Utans\u0131n<br \/>K\u0131yamette Kavu\u015fmak Var Biliriz<br \/>Dost A\u011flas\u0131n Kahpe Felek Utans\u0131n<\/p>\n<p>Bir \u00c7\u0131kmaza Girdi Bug\u00fcn Yolumuz<br \/>Ge\u00e7it Vermez Sa\u011f\u0131m\u0131zla Solumuz<br \/>Kal\u0131r Gayri Bizim Burda Olumuz <br \/>Mert A\u011flas\u0131n Namert Olan Utans\u0131n<\/p>\n<p>Av\u015far \u0130li Yaylas\u0131na G\u00f6\u00e7medik<br \/>A\u015f\u0131n Yeyip Sular\u0131n\u0131 \u0130\u00e7medik <br \/>Tenhalarda Kendimizden Ge\u00e7medik<br \/>Can A\u011flas\u0131n Hain Felek Utans\u0131n<\/p>\n<p>Dadalo\u011fluyum Yine Co\u015ftu \u00c7a\u011flad\u0131<br \/>Ak \u00dcst\u00fcne Karalar\u0131 Ba\u011flad\u0131<br \/>F\u0131rkat Odu Y\u00fcreci\u011fim Da\u011flad\u0131<br \/>Ben \u00d6lende \u00c7apano\u011flu Utans\u0131n<\/p>\n","protected":false},"excerpt":{"rendered":"<p>Dadalo\u011flum yar\u0131n kavga kurulur\u00d6ter t\u00fcfek davlumbazlar vurulurNice ko\u00e7 yi\u011fitler yere serilir\u00d6len \u00f6l\u00fcr kalan sa\u011flar bizimdir Dadalo\u011flu 19. y\u00fczy\u0131lda ya\u015fam\u0131\u015f g\u00fcney illerinin b\u00fcy\u00fck \u015fairi Dadalo\u011flu hakk\u0131nda kesin bir bilgiye sahip de\u011filiz. Bu durum hemen b\u00fct\u00fcn halk \u015fairleri i\u00e7in b\u00f6yledir. Bunun sebebi saz \u015fairlerinin \u00e7o\u011funun \u00fcmmi olu\u015fu ve ayd\u0131n z\u00fcmrenin onlara \u00f6nem vermemi\u015f olmas\u0131d\u0131r. Bu y\u00fczden yaz\u0131l\u0131 [&hellip;]<\/p>\n","protected":false},"author":1,"featured_media":0,"comment_status":"open","ping_status":"open","sticky":false,"template":"","format":"standard","meta":{"footnotes":""},"categories":[172],"tags":[],"class_list":{"0":"post-1389","1":"post","2":"type-post","3":"status-publish","4":"format-standard","6":"category-ozanlar-ve-eserleri"},"yoast_head":"<!-- This site is optimized with the Yoast SEO Premium plugin v24.9 (Yoast SEO v24.9) - https:\/\/yoast.com\/wordpress\/plugins\/seo\/ -->\n<title>Dadalo\u011flu Biyografisi ve Eserleri - narteks.net<\/title>\n<meta name=\"robots\" content=\"index, follow, max-snippet:-1, max-image-preview:large, max-video-preview:-1\" \/>\n<link rel=\"canonical\" href=\"https:\/\/narteks.net\/index.php\/2009\/11\/13\/dadalolu-biyografisi-ve-eserleri\/\" \/>\n<meta property=\"og:locale\" content=\"tr_TR\" \/>\n<meta property=\"og:type\" content=\"article\" \/>\n<meta property=\"og:title\" content=\"Dadalo\u011flu Biyografisi ve Eserleri\" \/>\n<meta property=\"og:description\" content=\"Dadalo\u011flum yar\u0131n kavga kurulur\u00d6ter t\u00fcfek davlumbazlar vurulurNice ko\u00e7 yi\u011fitler yere serilir\u00d6len \u00f6l\u00fcr kalan sa\u011flar bizimdir Dadalo\u011flu 19. y\u00fczy\u0131lda ya\u015fam\u0131\u015f g\u00fcney illerinin b\u00fcy\u00fck \u015fairi Dadalo\u011flu hakk\u0131nda kesin bir bilgiye sahip de\u011filiz. Bu durum hemen b\u00fct\u00fcn halk \u015fairleri i\u00e7in b\u00f6yledir. Bunun sebebi saz \u015fairlerinin \u00e7o\u011funun \u00fcmmi olu\u015fu ve ayd\u0131n z\u00fcmrenin onlara \u00f6nem vermemi\u015f olmas\u0131d\u0131r. Bu y\u00fczden yaz\u0131l\u0131 [&hellip;]\" \/>\n<meta property=\"og:url\" content=\"https:\/\/narteks.net\/index.php\/2009\/11\/13\/dadalolu-biyografisi-ve-eserleri\/\" \/>\n<meta property=\"og:site_name\" content=\"narteks.net\" \/>\n<meta property=\"article:published_time\" content=\"2009-11-13T11:40:30+00:00\" \/>\n<meta property=\"og:image\" content=\"http:\/\/www.turkmensitesi.com\/uploads\/pics\/dadaloglu.jpg\" \/>\n<meta name=\"author\" content=\"Tar\u0131k\" \/>\n<meta name=\"twitter:card\" content=\"summary_large_image\" \/>\n<meta name=\"twitter:creator\" content=\"@narteks\" \/>\n<meta name=\"twitter:site\" content=\"@narteks\" \/>\n<meta name=\"twitter:label1\" content=\"Yazan:\" \/>\n\t<meta name=\"twitter:data1\" content=\"Tar\u0131k\" \/>\n\t<meta name=\"twitter:label2\" content=\"Tahmini okuma s\u00fcresi\" \/>\n\t<meta name=\"twitter:data2\" content=\"3 dakika\" \/>\n<script type=\"application\/ld+json\" class=\"yoast-schema-graph\">{\"@context\":\"https:\/\/schema.org\",\"@graph\":[{\"@type\":\"Article\",\"@id\":\"https:\/\/narteks.net\/index.php\/2009\/11\/13\/dadalolu-biyografisi-ve-eserleri\/#article\",\"isPartOf\":{\"@id\":\"https:\/\/narteks.net\/index.php\/2009\/11\/13\/dadalolu-biyografisi-ve-eserleri\/\"},\"author\":{\"name\":\"Tar\u0131k\",\"@id\":\"https:\/\/narteks.net\/#\/schema\/person\/61f37d9834294b72d31d274e7ed79bca\"},\"headline\":\"Dadalo\u011flu Biyografisi ve Eserleri\",\"datePublished\":\"2009-11-13T11:40:30+00:00\",\"mainEntityOfPage\":{\"@id\":\"https:\/\/narteks.net\/index.php\/2009\/11\/13\/dadalolu-biyografisi-ve-eserleri\/\"},\"wordCount\":647,\"commentCount\":0,\"publisher\":{\"@id\":\"https:\/\/narteks.net\/#organization\"},\"image\":{\"@id\":\"https:\/\/narteks.net\/index.php\/2009\/11\/13\/dadalolu-biyografisi-ve-eserleri\/#primaryimage\"},\"thumbnailUrl\":\"http:\/\/www.turkmensitesi.com\/uploads\/pics\/dadaloglu.jpg\",\"articleSection\":[\"Ozanlar ve Eserleri\"],\"inLanguage\":\"tr\",\"potentialAction\":[{\"@type\":\"CommentAction\",\"name\":\"Comment\",\"target\":[\"https:\/\/narteks.net\/index.php\/2009\/11\/13\/dadalolu-biyografisi-ve-eserleri\/#respond\"]}]},{\"@type\":\"WebPage\",\"@id\":\"https:\/\/narteks.net\/index.php\/2009\/11\/13\/dadalolu-biyografisi-ve-eserleri\/\",\"url\":\"https:\/\/narteks.net\/index.php\/2009\/11\/13\/dadalolu-biyografisi-ve-eserleri\/\",\"name\":\"Dadalo\u011flu Biyografisi ve Eserleri - narteks.net\",\"isPartOf\":{\"@id\":\"https:\/\/narteks.net\/#website\"},\"primaryImageOfPage\":{\"@id\":\"https:\/\/narteks.net\/index.php\/2009\/11\/13\/dadalolu-biyografisi-ve-eserleri\/#primaryimage\"},\"image\":{\"@id\":\"https:\/\/narteks.net\/index.php\/2009\/11\/13\/dadalolu-biyografisi-ve-eserleri\/#primaryimage\"},\"thumbnailUrl\":\"http:\/\/www.turkmensitesi.com\/uploads\/pics\/dadaloglu.jpg\",\"datePublished\":\"2009-11-13T11:40:30+00:00\",\"breadcrumb\":{\"@id\":\"https:\/\/narteks.net\/index.php\/2009\/11\/13\/dadalolu-biyografisi-ve-eserleri\/#breadcrumb\"},\"inLanguage\":\"tr\",\"potentialAction\":[{\"@type\":\"ReadAction\",\"target\":[\"https:\/\/narteks.net\/index.php\/2009\/11\/13\/dadalolu-biyografisi-ve-eserleri\/\"]}]},{\"@type\":\"ImageObject\",\"inLanguage\":\"tr\",\"@id\":\"https:\/\/narteks.net\/index.php\/2009\/11\/13\/dadalolu-biyografisi-ve-eserleri\/#primaryimage\",\"url\":\"http:\/\/www.turkmensitesi.com\/uploads\/pics\/dadaloglu.jpg\",\"contentUrl\":\"http:\/\/www.turkmensitesi.com\/uploads\/pics\/dadaloglu.jpg\"},{\"@type\":\"BreadcrumbList\",\"@id\":\"https:\/\/narteks.net\/index.php\/2009\/11\/13\/dadalolu-biyografisi-ve-eserleri\/#breadcrumb\",\"itemListElement\":[{\"@type\":\"ListItem\",\"position\":1,\"name\":\"Anasayfa\",\"item\":\"https:\/\/narteks.net\/\"},{\"@type\":\"ListItem\",\"position\":2,\"name\":\"Dadalo\u011flu Biyografisi ve Eserleri\"}]},{\"@type\":\"WebSite\",\"@id\":\"https:\/\/narteks.net\/#website\",\"url\":\"https:\/\/narteks.net\/\",\"name\":\"narteks.net\",\"description\":\"K\u00fclt\u00fcr Sanat Edebiyat Felsefe\",\"publisher\":{\"@id\":\"https:\/\/narteks.net\/#organization\"},\"alternateName\":\"K\u00fclt\u00fcr Sanat Edebiyat Felsefe\",\"potentialAction\":[{\"@type\":\"SearchAction\",\"target\":{\"@type\":\"EntryPoint\",\"urlTemplate\":\"https:\/\/narteks.net\/?s={search_term_string}\"},\"query-input\":{\"@type\":\"PropertyValueSpecification\",\"valueRequired\":true,\"valueName\":\"search_term_string\"}}],\"inLanguage\":\"tr\"},{\"@type\":\"Organization\",\"@id\":\"https:\/\/narteks.net\/#organization\",\"name\":\"narteks.net\",\"url\":\"https:\/\/narteks.net\/\",\"logo\":{\"@type\":\"ImageObject\",\"inLanguage\":\"tr\",\"@id\":\"https:\/\/narteks.net\/#\/schema\/logo\/image\/\",\"url\":\"https:\/\/narteks.net\/wp-content\/uploads\/narteks.png\",\"contentUrl\":\"https:\/\/narteks.net\/wp-content\/uploads\/narteks.png\",\"width\":300,\"height\":90,\"caption\":\"narteks.net\"},\"image\":{\"@id\":\"https:\/\/narteks.net\/#\/schema\/logo\/image\/\"},\"sameAs\":[\"https:\/\/x.com\/narteks\",\"https:\/\/instagram.com\/narteksnet\"]},{\"@type\":\"Person\",\"@id\":\"https:\/\/narteks.net\/#\/schema\/person\/61f37d9834294b72d31d274e7ed79bca\",\"name\":\"Tar\u0131k\",\"image\":{\"@type\":\"ImageObject\",\"inLanguage\":\"tr\",\"@id\":\"https:\/\/narteks.net\/#\/schema\/person\/image\/\",\"url\":\"https:\/\/secure.gravatar.com\/avatar\/50865afb55632c4ae467e0af0930f6510aa2297d8014be502a55b14f3b7550cf?s=96&d=mm&r=g\",\"contentUrl\":\"https:\/\/secure.gravatar.com\/avatar\/50865afb55632c4ae467e0af0930f6510aa2297d8014be502a55b14f3b7550cf?s=96&d=mm&r=g\",\"caption\":\"Tar\u0131k\"},\"sameAs\":[\"http:\/\/narteks.net\"],\"url\":\"https:\/\/narteks.net\/index.php\/author\/narbak\/\"}]}<\/script>\n<!-- \/ Yoast SEO Premium plugin. -->","yoast_head_json":{"title":"Dadalo\u011flu Biyografisi ve Eserleri - narteks.net","robots":{"index":"index","follow":"follow","max-snippet":"max-snippet:-1","max-image-preview":"max-image-preview:large","max-video-preview":"max-video-preview:-1"},"canonical":"https:\/\/narteks.net\/index.php\/2009\/11\/13\/dadalolu-biyografisi-ve-eserleri\/","og_locale":"tr_TR","og_type":"article","og_title":"Dadalo\u011flu Biyografisi ve Eserleri","og_description":"Dadalo\u011flum yar\u0131n kavga kurulur\u00d6ter t\u00fcfek davlumbazlar vurulurNice ko\u00e7 yi\u011fitler yere serilir\u00d6len \u00f6l\u00fcr kalan sa\u011flar bizimdir Dadalo\u011flu 19. y\u00fczy\u0131lda ya\u015fam\u0131\u015f g\u00fcney illerinin b\u00fcy\u00fck \u015fairi Dadalo\u011flu hakk\u0131nda kesin bir bilgiye sahip de\u011filiz. Bu durum hemen b\u00fct\u00fcn halk \u015fairleri i\u00e7in b\u00f6yledir. Bunun sebebi saz \u015fairlerinin \u00e7o\u011funun \u00fcmmi olu\u015fu ve ayd\u0131n z\u00fcmrenin onlara \u00f6nem vermemi\u015f olmas\u0131d\u0131r. Bu y\u00fczden yaz\u0131l\u0131 [&hellip;]","og_url":"https:\/\/narteks.net\/index.php\/2009\/11\/13\/dadalolu-biyografisi-ve-eserleri\/","og_site_name":"narteks.net","article_published_time":"2009-11-13T11:40:30+00:00","og_image":[{"url":"http:\/\/www.turkmensitesi.com\/uploads\/pics\/dadaloglu.jpg","type":"","width":"","height":""}],"author":"Tar\u0131k","twitter_card":"summary_large_image","twitter_creator":"@narteks","twitter_site":"@narteks","twitter_misc":{"Yazan:":"Tar\u0131k","Tahmini okuma s\u00fcresi":"3 dakika"},"schema":{"@context":"https:\/\/schema.org","@graph":[{"@type":"Article","@id":"https:\/\/narteks.net\/index.php\/2009\/11\/13\/dadalolu-biyografisi-ve-eserleri\/#article","isPartOf":{"@id":"https:\/\/narteks.net\/index.php\/2009\/11\/13\/dadalolu-biyografisi-ve-eserleri\/"},"author":{"name":"Tar\u0131k","@id":"https:\/\/narteks.net\/#\/schema\/person\/61f37d9834294b72d31d274e7ed79bca"},"headline":"Dadalo\u011flu Biyografisi ve Eserleri","datePublished":"2009-11-13T11:40:30+00:00","mainEntityOfPage":{"@id":"https:\/\/narteks.net\/index.php\/2009\/11\/13\/dadalolu-biyografisi-ve-eserleri\/"},"wordCount":647,"commentCount":0,"publisher":{"@id":"https:\/\/narteks.net\/#organization"},"image":{"@id":"https:\/\/narteks.net\/index.php\/2009\/11\/13\/dadalolu-biyografisi-ve-eserleri\/#primaryimage"},"thumbnailUrl":"http:\/\/www.turkmensitesi.com\/uploads\/pics\/dadaloglu.jpg","articleSection":["Ozanlar ve Eserleri"],"inLanguage":"tr","potentialAction":[{"@type":"CommentAction","name":"Comment","target":["https:\/\/narteks.net\/index.php\/2009\/11\/13\/dadalolu-biyografisi-ve-eserleri\/#respond"]}]},{"@type":"WebPage","@id":"https:\/\/narteks.net\/index.php\/2009\/11\/13\/dadalolu-biyografisi-ve-eserleri\/","url":"https:\/\/narteks.net\/index.php\/2009\/11\/13\/dadalolu-biyografisi-ve-eserleri\/","name":"Dadalo\u011flu Biyografisi ve Eserleri - narteks.net","isPartOf":{"@id":"https:\/\/narteks.net\/#website"},"primaryImageOfPage":{"@id":"https:\/\/narteks.net\/index.php\/2009\/11\/13\/dadalolu-biyografisi-ve-eserleri\/#primaryimage"},"image":{"@id":"https:\/\/narteks.net\/index.php\/2009\/11\/13\/dadalolu-biyografisi-ve-eserleri\/#primaryimage"},"thumbnailUrl":"http:\/\/www.turkmensitesi.com\/uploads\/pics\/dadaloglu.jpg","datePublished":"2009-11-13T11:40:30+00:00","breadcrumb":{"@id":"https:\/\/narteks.net\/index.php\/2009\/11\/13\/dadalolu-biyografisi-ve-eserleri\/#breadcrumb"},"inLanguage":"tr","potentialAction":[{"@type":"ReadAction","target":["https:\/\/narteks.net\/index.php\/2009\/11\/13\/dadalolu-biyografisi-ve-eserleri\/"]}]},{"@type":"ImageObject","inLanguage":"tr","@id":"https:\/\/narteks.net\/index.php\/2009\/11\/13\/dadalolu-biyografisi-ve-eserleri\/#primaryimage","url":"http:\/\/www.turkmensitesi.com\/uploads\/pics\/dadaloglu.jpg","contentUrl":"http:\/\/www.turkmensitesi.com\/uploads\/pics\/dadaloglu.jpg"},{"@type":"BreadcrumbList","@id":"https:\/\/narteks.net\/index.php\/2009\/11\/13\/dadalolu-biyografisi-ve-eserleri\/#breadcrumb","itemListElement":[{"@type":"ListItem","position":1,"name":"Anasayfa","item":"https:\/\/narteks.net\/"},{"@type":"ListItem","position":2,"name":"Dadalo\u011flu Biyografisi ve Eserleri"}]},{"@type":"WebSite","@id":"https:\/\/narteks.net\/#website","url":"https:\/\/narteks.net\/","name":"narteks.net","description":"K\u00fclt\u00fcr Sanat Edebiyat Felsefe","publisher":{"@id":"https:\/\/narteks.net\/#organization"},"alternateName":"K\u00fclt\u00fcr Sanat Edebiyat Felsefe","potentialAction":[{"@type":"SearchAction","target":{"@type":"EntryPoint","urlTemplate":"https:\/\/narteks.net\/?s={search_term_string}"},"query-input":{"@type":"PropertyValueSpecification","valueRequired":true,"valueName":"search_term_string"}}],"inLanguage":"tr"},{"@type":"Organization","@id":"https:\/\/narteks.net\/#organization","name":"narteks.net","url":"https:\/\/narteks.net\/","logo":{"@type":"ImageObject","inLanguage":"tr","@id":"https:\/\/narteks.net\/#\/schema\/logo\/image\/","url":"https:\/\/narteks.net\/wp-content\/uploads\/narteks.png","contentUrl":"https:\/\/narteks.net\/wp-content\/uploads\/narteks.png","width":300,"height":90,"caption":"narteks.net"},"image":{"@id":"https:\/\/narteks.net\/#\/schema\/logo\/image\/"},"sameAs":["https:\/\/x.com\/narteks","https:\/\/instagram.com\/narteksnet"]},{"@type":"Person","@id":"https:\/\/narteks.net\/#\/schema\/person\/61f37d9834294b72d31d274e7ed79bca","name":"Tar\u0131k","image":{"@type":"ImageObject","inLanguage":"tr","@id":"https:\/\/narteks.net\/#\/schema\/person\/image\/","url":"https:\/\/secure.gravatar.com\/avatar\/50865afb55632c4ae467e0af0930f6510aa2297d8014be502a55b14f3b7550cf?s=96&d=mm&r=g","contentUrl":"https:\/\/secure.gravatar.com\/avatar\/50865afb55632c4ae467e0af0930f6510aa2297d8014be502a55b14f3b7550cf?s=96&d=mm&r=g","caption":"Tar\u0131k"},"sameAs":["http:\/\/narteks.net"],"url":"https:\/\/narteks.net\/index.php\/author\/narbak\/"}]}},"_links":{"self":[{"href":"https:\/\/narteks.net\/index.php\/wp-json\/wp\/v2\/posts\/1389","targetHints":{"allow":["GET"]}}],"collection":[{"href":"https:\/\/narteks.net\/index.php\/wp-json\/wp\/v2\/posts"}],"about":[{"href":"https:\/\/narteks.net\/index.php\/wp-json\/wp\/v2\/types\/post"}],"author":[{"embeddable":true,"href":"https:\/\/narteks.net\/index.php\/wp-json\/wp\/v2\/users\/1"}],"replies":[{"embeddable":true,"href":"https:\/\/narteks.net\/index.php\/wp-json\/wp\/v2\/comments?post=1389"}],"version-history":[{"count":0,"href":"https:\/\/narteks.net\/index.php\/wp-json\/wp\/v2\/posts\/1389\/revisions"}],"wp:attachment":[{"href":"https:\/\/narteks.net\/index.php\/wp-json\/wp\/v2\/media?parent=1389"}],"wp:term":[{"taxonomy":"category","embeddable":true,"href":"https:\/\/narteks.net\/index.php\/wp-json\/wp\/v2\/categories?post=1389"},{"taxonomy":"post_tag","embeddable":true,"href":"https:\/\/narteks.net\/index.php\/wp-json\/wp\/v2\/tags?post=1389"}],"curies":[{"name":"wp","href":"https:\/\/api.w.org\/{rel}","templated":true}]}}