{"id":139,"date":"2009-02-27T15:59:07","date_gmt":"2009-02-27T12:59:07","guid":{"rendered":"http:\/\/localhost\/wordpress\/2009\/02\/27\/kalbim-unut-bu-siiri\/"},"modified":"2009-02-27T15:59:07","modified_gmt":"2009-02-27T12:59:07","slug":"kalbim-unut-bu-siiri","status":"publish","type":"post","link":"https:\/\/narteks.net\/index.php\/2009\/02\/27\/kalbim-unut-bu-siiri\/","title":{"rendered":"KALB\u0130M UNUT BU \u015e\u0130\u0130R\u0130"},"content":{"rendered":"<p>\u00a0<\/p>\n<p>U\u011fuldayan ve hep u\u011fuldayan <br \/>bir orman kadar \u00fc\u015f\u00fcyorum \u015fimdi <br \/>yanl\u0131\u015f r\u00fczgarlar esiyor dallar\u0131mda <br \/>yanl\u0131\u015f ve zehirli \u00e7i\u00e7ekler a\u00e7\u0131yor <br \/>Kan\u0131mda kocaman g\u00f6zleriyle bir \u00e7\u0131\u011fl\u0131k <\/p>\n<p>Su ve ses kadar bekledi\u011fim <br \/>ne kald\u0131 geride,bilmiyorum <br \/>uzan\u0131p uyumak istiyorum g\u00f6lgeme <br \/>ve sar\u0131nmak o kocaman g\u00f6zlerin <br \/>u\u011fuldayan r\u00fczgarlar\u0131na <\/p>\n<p>Bir ac\u0131y\u0131 ya\u015far\u0131m ben zehirden <br \/>\u00e7i\u00e7ekler \u00fcretirim k\u00f6m\u00fcr karas\u0131 <br \/>u\u00e7urum kadar bir yaln\u0131zl\u0131k <br \/>yarat\u0131r\u0131m kendime,atlar\u0131m <br \/>An\u0131s\u0131 yoktur k\u00fc\u00e7\u00fck r\u00fczgarlar\u0131n <\/p>\n<p>Yapraklar\u0131m yok art\u0131k ku\u015flar\u0131m yok <br \/>b\u00fcsb\u00fct\u00fcn viran oldu da\u011flar\u0131m <br \/>ezberimdeki t\u00fcrk\u00fcler de savrulup gitti <br \/>\u00f6mr\u00fcm\u00fcn kar\u015f\u0131l\u0131\u011f\u0131 kalmad\u0131 sesimde <br \/>sesimde yaln\u0131z ormanlar\u0131n g\u00fcmb\u00fcrt\u00fcs\u00fc <\/p>\n<p>Yanl\u0131\u015f.. daha ba\u015ftan yanl\u0131\u015f <br \/>bir \u015fiirdi bu, biliyorum <br \/>ve belki \u00f6mr\u00fcm\u00fcz\u00fcn yak\u0131n ge\u00e7mi\u015fi <br \/>bu kadar do\u011fruydu ancak, kimbilir <br \/>Kalbim unut bu \u015fiiri<\/p>\n<p>AHMET TELL\u0130<\/p>\n","protected":false},"excerpt":{"rendered":"<p>\u00a0 U\u011fuldayan ve hep u\u011fuldayan bir orman kadar \u00fc\u015f\u00fcyorum \u015fimdi yanl\u0131\u015f r\u00fczgarlar esiyor dallar\u0131mda yanl\u0131\u015f ve zehirli \u00e7i\u00e7ekler a\u00e7\u0131yor Kan\u0131mda kocaman g\u00f6zleriyle bir \u00e7\u0131\u011fl\u0131k Su ve ses kadar bekledi\u011fim ne kald\u0131 geride,bilmiyorum uzan\u0131p uyumak istiyorum g\u00f6lgeme ve sar\u0131nmak o kocaman g\u00f6zlerin u\u011fuldayan r\u00fczgarlar\u0131na Bir ac\u0131y\u0131 ya\u015far\u0131m ben zehirden \u00e7i\u00e7ekler \u00fcretirim k\u00f6m\u00fcr karas\u0131 u\u00e7urum kadar bir [&hellip;]<\/p>\n","protected":false},"author":1,"featured_media":0,"comment_status":"open","ping_status":"open","sticky":false,"template":"","format":"standard","meta":{"footnotes":""},"categories":[7],"tags":[],"class_list":{"0":"post-139","1":"post","2":"type-post","3":"status-publish","4":"format-standard","6":"category-ahmet-telli"},"yoast_head":"<!-- This site is optimized with the Yoast SEO Premium plugin v24.9 (Yoast SEO v24.9) - https:\/\/yoast.com\/wordpress\/plugins\/seo\/ -->\n<title>KALB\u0130M UNUT BU \u015e\u0130\u0130R\u0130 - narteks.net<\/title>\n<meta name=\"robots\" content=\"index, follow, max-snippet:-1, max-image-preview:large, max-video-preview:-1\" \/>\n<link rel=\"canonical\" href=\"https:\/\/narteks.net\/index.php\/2009\/02\/27\/kalbim-unut-bu-siiri\/\" \/>\n<meta property=\"og:locale\" content=\"tr_TR\" \/>\n<meta property=\"og:type\" content=\"article\" \/>\n<meta property=\"og:title\" content=\"KALB\u0130M UNUT BU \u015e\u0130\u0130R\u0130\" \/>\n<meta property=\"og:description\" content=\"\u00a0 U\u011fuldayan ve hep u\u011fuldayan bir orman kadar \u00fc\u015f\u00fcyorum \u015fimdi yanl\u0131\u015f r\u00fczgarlar esiyor dallar\u0131mda yanl\u0131\u015f ve zehirli \u00e7i\u00e7ekler a\u00e7\u0131yor Kan\u0131mda kocaman g\u00f6zleriyle bir \u00e7\u0131\u011fl\u0131k Su ve ses kadar bekledi\u011fim ne kald\u0131 geride,bilmiyorum uzan\u0131p uyumak istiyorum g\u00f6lgeme ve sar\u0131nmak o kocaman g\u00f6zlerin u\u011fuldayan r\u00fczgarlar\u0131na Bir ac\u0131y\u0131 ya\u015far\u0131m ben zehirden \u00e7i\u00e7ekler \u00fcretirim k\u00f6m\u00fcr karas\u0131 u\u00e7urum kadar bir [&hellip;]\" \/>\n<meta property=\"og:url\" content=\"https:\/\/narteks.net\/index.php\/2009\/02\/27\/kalbim-unut-bu-siiri\/\" \/>\n<meta property=\"og:site_name\" content=\"narteks.net\" \/>\n<meta property=\"article:published_time\" content=\"2009-02-27T12:59:07+00:00\" \/>\n<meta property=\"og:image\" content=\"https:\/\/narteks.net\/wp-content\/uploads\/narteks.png\" \/>\n\t<meta property=\"og:image:width\" content=\"300\" \/>\n\t<meta property=\"og:image:height\" content=\"90\" \/>\n\t<meta property=\"og:image:type\" content=\"image\/png\" \/>\n<meta name=\"author\" content=\"Tar\u0131k\" \/>\n<meta name=\"twitter:card\" content=\"summary_large_image\" \/>\n<meta name=\"twitter:creator\" content=\"@narteks\" \/>\n<meta name=\"twitter:site\" content=\"@narteks\" \/>\n<meta name=\"twitter:label1\" content=\"Yazan:\" \/>\n\t<meta name=\"twitter:data1\" content=\"Tar\u0131k\" \/>\n\t<meta name=\"twitter:label2\" content=\"Tahmini okuma s\u00fcresi\" \/>\n\t<meta name=\"twitter:data2\" content=\"1 dakika\" \/>\n<script type=\"application\/ld+json\" class=\"yoast-schema-graph\">{\"@context\":\"https:\/\/schema.org\",\"@graph\":[{\"@type\":\"Article\",\"@id\":\"https:\/\/narteks.net\/index.php\/2009\/02\/27\/kalbim-unut-bu-siiri\/#article\",\"isPartOf\":{\"@id\":\"https:\/\/narteks.net\/index.php\/2009\/02\/27\/kalbim-unut-bu-siiri\/\"},\"author\":{\"name\":\"Tar\u0131k\",\"@id\":\"https:\/\/narteks.net\/#\/schema\/person\/61f37d9834294b72d31d274e7ed79bca\"},\"headline\":\"KALB\u0130M UNUT BU \u015e\u0130\u0130R\u0130\",\"datePublished\":\"2009-02-27T12:59:07+00:00\",\"mainEntityOfPage\":{\"@id\":\"https:\/\/narteks.net\/index.php\/2009\/02\/27\/kalbim-unut-bu-siiri\/\"},\"wordCount\":174,\"commentCount\":0,\"publisher\":{\"@id\":\"https:\/\/narteks.net\/#organization\"},\"articleSection\":[\"Ahmet TELL\u0130\"],\"inLanguage\":\"tr\",\"potentialAction\":[{\"@type\":\"CommentAction\",\"name\":\"Comment\",\"target\":[\"https:\/\/narteks.net\/index.php\/2009\/02\/27\/kalbim-unut-bu-siiri\/#respond\"]}]},{\"@type\":\"WebPage\",\"@id\":\"https:\/\/narteks.net\/index.php\/2009\/02\/27\/kalbim-unut-bu-siiri\/\",\"url\":\"https:\/\/narteks.net\/index.php\/2009\/02\/27\/kalbim-unut-bu-siiri\/\",\"name\":\"KALB\u0130M UNUT BU \u015e\u0130\u0130R\u0130 - narteks.net\",\"isPartOf\":{\"@id\":\"https:\/\/narteks.net\/#website\"},\"datePublished\":\"2009-02-27T12:59:07+00:00\",\"breadcrumb\":{\"@id\":\"https:\/\/narteks.net\/index.php\/2009\/02\/27\/kalbim-unut-bu-siiri\/#breadcrumb\"},\"inLanguage\":\"tr\",\"potentialAction\":[{\"@type\":\"ReadAction\",\"target\":[\"https:\/\/narteks.net\/index.php\/2009\/02\/27\/kalbim-unut-bu-siiri\/\"]}]},{\"@type\":\"BreadcrumbList\",\"@id\":\"https:\/\/narteks.net\/index.php\/2009\/02\/27\/kalbim-unut-bu-siiri\/#breadcrumb\",\"itemListElement\":[{\"@type\":\"ListItem\",\"position\":1,\"name\":\"Anasayfa\",\"item\":\"https:\/\/narteks.net\/\"},{\"@type\":\"ListItem\",\"position\":2,\"name\":\"KALB\u0130M UNUT BU \u015e\u0130\u0130R\u0130\"}]},{\"@type\":\"WebSite\",\"@id\":\"https:\/\/narteks.net\/#website\",\"url\":\"https:\/\/narteks.net\/\",\"name\":\"narteks.net\",\"description\":\"K\u00fclt\u00fcr Sanat Edebiyat Felsefe\",\"publisher\":{\"@id\":\"https:\/\/narteks.net\/#organization\"},\"alternateName\":\"K\u00fclt\u00fcr Sanat Edebiyat Felsefe\",\"potentialAction\":[{\"@type\":\"SearchAction\",\"target\":{\"@type\":\"EntryPoint\",\"urlTemplate\":\"https:\/\/narteks.net\/?s={search_term_string}\"},\"query-input\":{\"@type\":\"PropertyValueSpecification\",\"valueRequired\":true,\"valueName\":\"search_term_string\"}}],\"inLanguage\":\"tr\"},{\"@type\":\"Organization\",\"@id\":\"https:\/\/narteks.net\/#organization\",\"name\":\"narteks.net\",\"url\":\"https:\/\/narteks.net\/\",\"logo\":{\"@type\":\"ImageObject\",\"inLanguage\":\"tr\",\"@id\":\"https:\/\/narteks.net\/#\/schema\/logo\/image\/\",\"url\":\"https:\/\/narteks.net\/wp-content\/uploads\/narteks.png\",\"contentUrl\":\"https:\/\/narteks.net\/wp-content\/uploads\/narteks.png\",\"width\":300,\"height\":90,\"caption\":\"narteks.net\"},\"image\":{\"@id\":\"https:\/\/narteks.net\/#\/schema\/logo\/image\/\"},\"sameAs\":[\"https:\/\/x.com\/narteks\",\"https:\/\/instagram.com\/narteksnet\"]},{\"@type\":\"Person\",\"@id\":\"https:\/\/narteks.net\/#\/schema\/person\/61f37d9834294b72d31d274e7ed79bca\",\"name\":\"Tar\u0131k\",\"image\":{\"@type\":\"ImageObject\",\"inLanguage\":\"tr\",\"@id\":\"https:\/\/narteks.net\/#\/schema\/person\/image\/\",\"url\":\"https:\/\/secure.gravatar.com\/avatar\/50865afb55632c4ae467e0af0930f6510aa2297d8014be502a55b14f3b7550cf?s=96&d=mm&r=g\",\"contentUrl\":\"https:\/\/secure.gravatar.com\/avatar\/50865afb55632c4ae467e0af0930f6510aa2297d8014be502a55b14f3b7550cf?s=96&d=mm&r=g\",\"caption\":\"Tar\u0131k\"},\"sameAs\":[\"http:\/\/narteks.net\"],\"url\":\"https:\/\/narteks.net\/index.php\/author\/narbak\/\"}]}<\/script>\n<!-- \/ Yoast SEO Premium plugin. -->","yoast_head_json":{"title":"KALB\u0130M UNUT BU \u015e\u0130\u0130R\u0130 - narteks.net","robots":{"index":"index","follow":"follow","max-snippet":"max-snippet:-1","max-image-preview":"max-image-preview:large","max-video-preview":"max-video-preview:-1"},"canonical":"https:\/\/narteks.net\/index.php\/2009\/02\/27\/kalbim-unut-bu-siiri\/","og_locale":"tr_TR","og_type":"article","og_title":"KALB\u0130M UNUT BU \u015e\u0130\u0130R\u0130","og_description":"\u00a0 U\u011fuldayan ve hep u\u011fuldayan bir orman kadar \u00fc\u015f\u00fcyorum \u015fimdi yanl\u0131\u015f r\u00fczgarlar esiyor dallar\u0131mda yanl\u0131\u015f ve zehirli \u00e7i\u00e7ekler a\u00e7\u0131yor Kan\u0131mda kocaman g\u00f6zleriyle bir \u00e7\u0131\u011fl\u0131k Su ve ses kadar bekledi\u011fim ne kald\u0131 geride,bilmiyorum uzan\u0131p uyumak istiyorum g\u00f6lgeme ve sar\u0131nmak o kocaman g\u00f6zlerin u\u011fuldayan r\u00fczgarlar\u0131na Bir ac\u0131y\u0131 ya\u015far\u0131m ben zehirden \u00e7i\u00e7ekler \u00fcretirim k\u00f6m\u00fcr karas\u0131 u\u00e7urum kadar bir [&hellip;]","og_url":"https:\/\/narteks.net\/index.php\/2009\/02\/27\/kalbim-unut-bu-siiri\/","og_site_name":"narteks.net","article_published_time":"2009-02-27T12:59:07+00:00","og_image":[{"width":300,"height":90,"url":"https:\/\/narteks.net\/wp-content\/uploads\/narteks.png","type":"image\/png"}],"author":"Tar\u0131k","twitter_card":"summary_large_image","twitter_creator":"@narteks","twitter_site":"@narteks","twitter_misc":{"Yazan:":"Tar\u0131k","Tahmini okuma s\u00fcresi":"1 dakika"},"schema":{"@context":"https:\/\/schema.org","@graph":[{"@type":"Article","@id":"https:\/\/narteks.net\/index.php\/2009\/02\/27\/kalbim-unut-bu-siiri\/#article","isPartOf":{"@id":"https:\/\/narteks.net\/index.php\/2009\/02\/27\/kalbim-unut-bu-siiri\/"},"author":{"name":"Tar\u0131k","@id":"https:\/\/narteks.net\/#\/schema\/person\/61f37d9834294b72d31d274e7ed79bca"},"headline":"KALB\u0130M UNUT BU \u015e\u0130\u0130R\u0130","datePublished":"2009-02-27T12:59:07+00:00","mainEntityOfPage":{"@id":"https:\/\/narteks.net\/index.php\/2009\/02\/27\/kalbim-unut-bu-siiri\/"},"wordCount":174,"commentCount":0,"publisher":{"@id":"https:\/\/narteks.net\/#organization"},"articleSection":["Ahmet TELL\u0130"],"inLanguage":"tr","potentialAction":[{"@type":"CommentAction","name":"Comment","target":["https:\/\/narteks.net\/index.php\/2009\/02\/27\/kalbim-unut-bu-siiri\/#respond"]}]},{"@type":"WebPage","@id":"https:\/\/narteks.net\/index.php\/2009\/02\/27\/kalbim-unut-bu-siiri\/","url":"https:\/\/narteks.net\/index.php\/2009\/02\/27\/kalbim-unut-bu-siiri\/","name":"KALB\u0130M UNUT BU \u015e\u0130\u0130R\u0130 - narteks.net","isPartOf":{"@id":"https:\/\/narteks.net\/#website"},"datePublished":"2009-02-27T12:59:07+00:00","breadcrumb":{"@id":"https:\/\/narteks.net\/index.php\/2009\/02\/27\/kalbim-unut-bu-siiri\/#breadcrumb"},"inLanguage":"tr","potentialAction":[{"@type":"ReadAction","target":["https:\/\/narteks.net\/index.php\/2009\/02\/27\/kalbim-unut-bu-siiri\/"]}]},{"@type":"BreadcrumbList","@id":"https:\/\/narteks.net\/index.php\/2009\/02\/27\/kalbim-unut-bu-siiri\/#breadcrumb","itemListElement":[{"@type":"ListItem","position":1,"name":"Anasayfa","item":"https:\/\/narteks.net\/"},{"@type":"ListItem","position":2,"name":"KALB\u0130M UNUT BU \u015e\u0130\u0130R\u0130"}]},{"@type":"WebSite","@id":"https:\/\/narteks.net\/#website","url":"https:\/\/narteks.net\/","name":"narteks.net","description":"K\u00fclt\u00fcr Sanat Edebiyat Felsefe","publisher":{"@id":"https:\/\/narteks.net\/#organization"},"alternateName":"K\u00fclt\u00fcr Sanat Edebiyat Felsefe","potentialAction":[{"@type":"SearchAction","target":{"@type":"EntryPoint","urlTemplate":"https:\/\/narteks.net\/?s={search_term_string}"},"query-input":{"@type":"PropertyValueSpecification","valueRequired":true,"valueName":"search_term_string"}}],"inLanguage":"tr"},{"@type":"Organization","@id":"https:\/\/narteks.net\/#organization","name":"narteks.net","url":"https:\/\/narteks.net\/","logo":{"@type":"ImageObject","inLanguage":"tr","@id":"https:\/\/narteks.net\/#\/schema\/logo\/image\/","url":"https:\/\/narteks.net\/wp-content\/uploads\/narteks.png","contentUrl":"https:\/\/narteks.net\/wp-content\/uploads\/narteks.png","width":300,"height":90,"caption":"narteks.net"},"image":{"@id":"https:\/\/narteks.net\/#\/schema\/logo\/image\/"},"sameAs":["https:\/\/x.com\/narteks","https:\/\/instagram.com\/narteksnet"]},{"@type":"Person","@id":"https:\/\/narteks.net\/#\/schema\/person\/61f37d9834294b72d31d274e7ed79bca","name":"Tar\u0131k","image":{"@type":"ImageObject","inLanguage":"tr","@id":"https:\/\/narteks.net\/#\/schema\/person\/image\/","url":"https:\/\/secure.gravatar.com\/avatar\/50865afb55632c4ae467e0af0930f6510aa2297d8014be502a55b14f3b7550cf?s=96&d=mm&r=g","contentUrl":"https:\/\/secure.gravatar.com\/avatar\/50865afb55632c4ae467e0af0930f6510aa2297d8014be502a55b14f3b7550cf?s=96&d=mm&r=g","caption":"Tar\u0131k"},"sameAs":["http:\/\/narteks.net"],"url":"https:\/\/narteks.net\/index.php\/author\/narbak\/"}]}},"_links":{"self":[{"href":"https:\/\/narteks.net\/index.php\/wp-json\/wp\/v2\/posts\/139","targetHints":{"allow":["GET"]}}],"collection":[{"href":"https:\/\/narteks.net\/index.php\/wp-json\/wp\/v2\/posts"}],"about":[{"href":"https:\/\/narteks.net\/index.php\/wp-json\/wp\/v2\/types\/post"}],"author":[{"embeddable":true,"href":"https:\/\/narteks.net\/index.php\/wp-json\/wp\/v2\/users\/1"}],"replies":[{"embeddable":true,"href":"https:\/\/narteks.net\/index.php\/wp-json\/wp\/v2\/comments?post=139"}],"version-history":[{"count":0,"href":"https:\/\/narteks.net\/index.php\/wp-json\/wp\/v2\/posts\/139\/revisions"}],"wp:attachment":[{"href":"https:\/\/narteks.net\/index.php\/wp-json\/wp\/v2\/media?parent=139"}],"wp:term":[{"taxonomy":"category","embeddable":true,"href":"https:\/\/narteks.net\/index.php\/wp-json\/wp\/v2\/categories?post=139"},{"taxonomy":"post_tag","embeddable":true,"href":"https:\/\/narteks.net\/index.php\/wp-json\/wp\/v2\/tags?post=139"}],"curies":[{"name":"wp","href":"https:\/\/api.w.org\/{rel}","templated":true}]}}