{"id":1390,"date":"2009-11-13T14:42:50","date_gmt":"2009-11-13T11:42:50","guid":{"rendered":"http:\/\/localhost\/wordpress\/2009\/11\/13\/davut-sulari-biyografisi-ve-eserleri\/"},"modified":"2009-11-13T14:42:50","modified_gmt":"2009-11-13T11:42:50","slug":"davut-sulari-biyografisi-ve-eserleri","status":"publish","type":"post","link":"https:\/\/narteks.net\/index.php\/2009\/11\/13\/davut-sulari-biyografisi-ve-eserleri\/","title":{"rendered":"Davut Sulari Biyografisi ve Eserleri"},"content":{"rendered":"<p style=\"text-align: justify;\"><img loading=\"lazy\" decoding=\"async\" src=\"http:\/\/img.blogcu.com\/uploads\/havari_davut_sulari.jpg\" border=\"0\" width=\"155\" height=\"205\" style=\"float: left;\" \/>Vard\u0131m K\u0131rklar Kap\u0131s\u0131na<br \/> Bakt\u0131m Cennet Yap\u0131s\u0131na<br \/> Tapm\u0131\u015fam Hak Kap\u0131s\u0131na<br \/> Allah Ey Vallah Ey Vallah&#8230;<\/p>\n<p style=\"text-align: justify;\"><strong> <\/strong>Davut Sulari<\/p>\n<p> Davut SULAR\u0130 17 ya\u015f\u0131nda mana aleminde bade i\u00e7en g\u00fc\u00e7l\u00fc bir a\u015f\u0131k. 45 y\u0131l\u0131 a\u015fk\u0131n bir zaman a\u015f\u0131kl\u0131k gelene\u011fini saz\u0131yla s\u00f6z\u00fcyle ba\u015far\u0131yla y\u00fcr\u00fctm\u00fc\u015f, ad\u0131n\u0131 yurt i\u00e7inde ve yurt d\u0131\u015f\u0131nda duyurmu\u015f bir a\u015f\u0131k. Erzincan&#8217;\u0131n \u00c7ay\u0131rl\u0131 il\u00e7esinde 1926 y\u0131l\u0131nda do\u011fdu. B\u00fcy\u00fckannesinin \u00e7ocu\u011fu olmad\u0131\u011f\u0131 i\u00e7in babas\u0131 Veli \u00e7ocu\u011funu nenesine vermi\u015ftir. N\u00fcfus kayd\u0131 Rindi Han\u0131m&#8217;\u0131n \u00fczerine yap\u0131lm\u0131\u015ft\u0131r. Dedesi Kalt\u0131k Mehmet A\u011fa tasavvuf \u015fairiydi. Dedesi gen\u00e7 Davut&#8217;a saz \u00e7alma \u015fiir s\u00f6yleme ve t\u00fcrk\u00fc yakma zevkini a\u015f\u0131lad\u0131.<\/p>\n<p> A\u015f\u0131kl\u0131k gelene\u011finin halk \u015fiirinin her t\u00fcr\u00fcnde ba\u015far\u0131l\u0131 \u00f6rnekler vermi\u015ftir. Davut Sulari&#8217;nin yakt\u0131\u011f\u0131 t\u00fcrk\u00fcler bug\u00fcn dahi usta halk t\u00fcrk\u00fcs\u00fc sanat\u00e7\u0131lar\u0131 taraf\u0131ndan TV de ve kasetlerde okunmaktad\u0131r. Ankara ve \u0130stanbul radyolar\u0131nda 4 y\u0131l usta b\u00f6lge sanat\u00e7\u0131s\u0131 olarak \u00e7al\u0131\u015ft\u0131. Davut Sulari 1955 y\u0131l\u0131ndan itibaren Konya&#8217;ya gelir \u00f6zel \u015fiirli t\u00fcrk\u00fcl\u00fc programlar sunard\u0131.<\/p>\n<p> A\u015f\u0131klar bayram\u0131n\u0131n Konya&#8217;da yap\u0131lmas\u0131nda eme\u011fi ge\u00e7mi\u015ftir. Usta a\u015f\u0131k t\u00fcrk\u00fc at\u0131\u015fma g\u00fczelleme dallar\u0131nda b\u00fcy\u00fck bir yetenek sahibiydi. Do\u011fu Anadolu da as\u0131rlardan beri dilden dile anlat\u0131lan efsaneleri menk\u0131beleri \u015fiirle\u015ftirir saz\u0131yla etkili bir makam ve deyi\u015fle dost meclislerinde sunard\u0131. B\u00fct\u00fcn \u00f6mr\u00fcn\u00fc a\u015f\u0131kl\u0131k gelene\u011fine sad\u0131k kalarak s\u00fcrd\u00fcrd\u00fc. Sulari yi saz\u0131ndan saz\u0131n\u0131 Sulari den hi\u00e7bir zaman ayr\u0131 d\u00fc\u015f\u00fcnmek m\u00fcmk\u00fcn de\u011fildi. 17 Ocak 1985 tarihinde Davut Sulari bir a\u015f\u0131klar meclisinde Erzurum&#8217;da yan\u0131k yan\u0131k t\u00fcrk\u00fc yakarken bu d\u00fcnyadan g\u00f6\u00e7t\u00fc.<\/p>\n<p>Eserlerinden baz\u0131lar\u0131:<\/p>\n<p>Yeter<\/p>\n<p>\u015eu havay\u0131 g\u00f6n\u00fcl payedar\u0131ndan<br \/>Yarana elveda edelim yeter<br \/>Yedi nar sunanlar yand\u0131 nar\u0131ndan<br \/>Cehennemde \u00e7\u0131k\u0131p gidelim yeter<\/p>\n<p>&#8230;&#8230;&#8230;&#8230;&#8230;&#8230;&#8230;&#8230;&#8230;&#8230;&#8230;&#8230;&#8230;&#8230;<\/p>\n<p>Ben dervi\u015fem ho\u015f\u00e7a kervan d\u00fczm\u00fc\u015fem,<br \/>G\u00f6nl\u00fcm bahar yeli gibi sezmi\u015fem<br \/>Dalg\u0131c\u0131m a\u015fk deryas\u0131nda y\u00fczm\u00fc\u015fem<br \/>Naz etme ey b\u00fclb\u00fcl sedal\u0131m yeter<\/p>\n<p>Davut Sulari&#8217;yim mana-y\u0131 nat\u0131k,<br \/>Biz araf ehline uymu\u015fuz art\u0131k<br \/>\u0130lm-i cavidandan m\u00fccevher satt\u0131k<br \/>G\u00f6n\u00fcl kervan\u0131n\u0131 g\u00fcdelim yeter<\/p>\n<p>Siyah Per\u00e7emlerin<\/p>\n<p>Siyah Per\u00e7emini Yar Yar D\u00f6km\u00fc\u015f Y\u00fcz\u00fcne,<br \/>Sal\u0131narak Gelen H\u00fcmaya Bak\u0131n.<br \/>Kimden S\u00f6z \u0130\u015fitmi\u015f Yar Yar D\u00fc\u015fm\u00fc\u015f H\u00fcz\u00fcne,<br \/>Kader Yak\u0131\u015fmayan Simaya Bakin.<br \/>Yar Yar Yar Eylemem Men.<br \/> Yakt\u0131n Yand\u0131rd\u0131n Beni,<br \/> Zal\u0131m Aldatt\u0131n Beni.<br \/> Ne Dedim De Dar\u0131ld\u0131n,<br \/> Bir Pula Satt\u0131n Beni.<\/p>\n<p>A G\u00f6ks\u00fcn \u00dcst\u00fcne Yar Yar Bir Ba\u011f Dikilmi\u015f,<br \/>Bin bir \u00c7e\u015fit \u00c7i\u00e7eklerden Ekilmi\u015f.<br \/>D\u00fcn U\u011frad\u0131m Bir \u00dccraya \u00c7ekilmi\u015f,<br \/>Bulut Mu Gaplam\u0131\u015f \u015fu Aya Bak\u0131n.<br \/>Yar Yar Yar Eylemem Men.<\/p>\n<p>Elin Sitemini Yar Yar A\u011flarken G\u00f6rd\u00fcm,<br \/>G\u00fcl Dibinde K\u00e2h g\u00fcl Sararken G\u00f6rd\u00fcm,<br \/>Bir Seher Ak\u015fam\u0131 \u00c7a\u011flarken G\u00f6rd\u00fcm,<br \/>Davut Sulari&#8217;deki Sevdaya Bakin.<\/p>\n<p>Vard\u0131m K\u0131rklar Kap\u0131s\u0131na<\/p>\n<p>Vard\u0131m K\u0131rklar Kap\u0131s\u0131na<br \/>Bakt\u0131m Cennet Yap\u0131s\u0131na<br \/>Tapm\u0131\u015fam Hak Kap\u0131s\u0131na<br \/>Allah Ey Vallah Ey Vallah\u00a0 <\/p>\n<p>Evvel Allah Ahir Allah<br \/>D\u00f6nemem Esta\u011ffurullah<br \/>Bendeyim Allah Eyvallah<br \/>\u0130man\u0131m Ament\u00fc Billah<\/p>\n<p>Eridi Da\u011flar\u0131n Ta\u015f\u0131<br \/>Ak\u0131tt\u0131m G\u00f6z\u00fcmden Ya\u015f\u0131<br \/>Ali&#8217;dir \u0130mamlar Ba\u015f\u0131<br \/>Allah Eyvallah Eyvallah<\/p>\n<p>Pir Elinden \u0130\u00e7tim Dolu<br \/>\u00d6\u011frendim Erk\u00e2n\u0131 Yolu<br \/>Emniyette M\u00fcmin Kulu<br \/>Allah Ey Vallah Ey Vallah<\/p>\n<p>Davut Sul\u00e2r Canlar Can\u0131<br \/>Mevlana Mahmud Hayran\u0131<br \/>Pirimdir Veysel Karani<br \/>Allah Eyvallah Eyvallah<\/p>\n<p>\u00c7ek Katar\u0131<\/p>\n<p>\u00c7ek Katar\u0131 Ben Gelirim Pe\u015fine<br \/>Ali Meydan\u0131na Varal\u0131m Hele<br \/>Merhametin Yok Mu G\u00f6z\u00fcm Ya\u015f\u0131na<br \/>Pire Ba\u011fl\u0131 Olup Dural\u0131m Hele<\/p>\n<p>Ey M\u00fcminler Ger\u00e7ek Erler Merhaba<br \/>Ey Rehberler Ger\u00e7ek Pirler Merhaba<br \/>Haz\u0131r Dostlar Haz\u0131r Yerler Merhaba<br \/>Sakiler Sazlar\u0131 Kural\u0131m Hele<\/p>\n<p>Davut Sular\u0131&#8217;y\u0131m G\u00f6rd\u00fcm Didar\u0131<br \/>Muhabbeti Bald\u0131r Kendisi Ar\u0131<br \/>Hazreti Ali&#8217;nin S\u0131r Z\u00fclfikar\u0131<br \/>\u0130nkar\u0131n Boynuna Vural\u0131m Hele<\/p>\n<p>Gahmut Yaylas\u0131ndan A\u015farken Yolum<\/p>\n<p>Gahmut Yaylas\u0131ndan Asarken Yolum<br \/>G\u00f6rd\u00fcm Ki Yaral\u0131 A\u011flar Bir Ceyran<br \/>Avc\u0131 Vurmu\u015f Kanlar\u0131 Yere Akar<br \/>\u0130niler S\u0131z\u0131lar A\u011flar Bir Ceyran<\/p>\n<p>\u00c7ifte Kuzusu Var Da\u011flar Maral\u0131<br \/>Kuduretten Ka\u015f\u0131 G\u00f6z\u00fc Karal\u0131<br \/>Avc\u0131 Vurmu\u015f Analar\u0131 Yaral\u0131<br \/>\u0130niler S\u0131z\u0131lar A\u011flar Bir Ceyran<\/p>\n<p>Davut Sulari&#8217;yem Olmu\u015fam N\u00f6ker<br \/>Ceyran Avu\u00e7 Avu\u00e7 G\u00f6zya\u015f\u0131 D\u00f6ker<br \/>Bizim Yaylalarda S\u00fcr\u00fcler Yatar<br \/>\u0130niler S\u0131z\u0131lar A\u011flar Bir Ceyran<\/p>\n<p>Tercan Elleri<\/p>\n<p>Tercan Ellerinden Gelen Bir G\u00fczel<br \/>A\u00e7m\u0131\u015f A\u011f G\u00f6\u011fs\u00fcn\u00fc Yar Yar Sallan\u0131r Bir Ho\u015f<br \/>K\u0131nalanm\u0131\u015f Parmaklar\u0131n Ellerin<br \/>Oturdu Yan\u0131ma K\u0131z Anam Sallan\u0131r Bir Ho\u015f<\/p>\n<p>Davut Sulari Der Ba\u011fr\u0131ma Akar<br \/>Ate\u015fin Hicran\u0131n K\u0131z Anam \u00c7ok Canlar Yakar<br \/>Can Alici G\u00f6zle Y\u00fcz\u00fcme Bakar<br \/>Naz O Eda \u0130le K\u0131z Anam Sallan\u0131r Bir Ho\u015f<\/p>\n<p>\u0130ste Yetimlerin Yetimi<\/p>\n<p>\u0130ste Yetimlerin Yetimi Benem<br \/>\u00c7ok Cahd Ettim G\u00fclemedim Ne Yaz\u0131k<br \/>Bu D\u00fcnyaya Geldi\u011fimden Yoksulam<br \/>Ben Neyim Bilemedim Ne Yaz\u0131k<\/p>\n<p>Her Kimlere El Att\u0131msa Koptu Dal<br \/>Ne Takad\u0131m Kald\u0131 Ne De Mecal<br \/>Bir Yak\u0131n\u0131m Yok Ki Olam Hasbihal<br \/>Fesat Hille Olamad\u0131m Ne Yaz\u0131k<\/p>\n<p>Giden Gitme Mihnet B\u0131rakmaz Pe\u015fin<br \/>Gel Davut Sular\u0131 Yok Ahbap Esin<br \/>Yaren Akraba Tavlukat Karde\u015fin<br \/>Dedi\u011fimde Duramad\u0131m Ne Yaz\u0131k<\/p>\n<p>Efendiler Ba\u011f\u0131<\/p>\n<p>Efendiler ba\u011f\u0131 yar yar be\u015f g\u00fcl a\u011fac\u0131<br \/>\u00c7i\u011fdem bah\u00e7as\u0131nda yar yar diktik erenler<br \/>Pirim cemalin g\u00f6ren der hac\u0131<br \/>Hal bilmez elinden \u00e7ektik erenler<br \/>Benim cemal\u0131m<\/p>\n<p>A\u015f\u0131\u011f\u0131m diyen \u00e7ok kay\u0131t olmadan<br \/>Cemevine girsem zahit olmadan<br \/>Cebrail ademe yar yan \u015fahit olmadan<br \/>Kandili kudrette tektik erenler<br \/>Benim cemal\u0131m<\/p>\n<p>Davut Sulari dem bir ere tabi bir pire tabi<br \/>Mesti elest ettik a\u015fk\u0131n \u015farab\u0131<br \/>\u00c7e\u015fmeyi hikmetten doldurduk kab\u0131<br \/>Kaynaya kaynaya akt\u0131k erenler<br \/>Benim cemal\u0131m<\/p>\n<p>G\u0131z Senin Derdinden Derbeder Oldum<\/p>\n<p>G\u0131z Senin Derdinden Derbeder Oldum<br \/>Derdi Derunumu Sor Da \u00d6yle Git<br \/>Hasretinden Mecnun Misali Oldum<br \/>Ne Hale D\u00fc\u015fm\u00fc\u015f\u00fcm G\u00f6r De \u00d6yle Git<\/p>\n<p>M\u00e2\u015fuk Olan \u00c2\u015f\u0131\u011f\u0131n\u0131 Atar M\u0131?<br \/>G\u00fcl Yerinde Kara \u00c7al\u0131 Biter Mi?<br \/>Aslan Yata\u011f\u0131nda Tilki Yatar M\u0131?<br \/>G\u00f6zde On \u0130kiden Vur Da \u00d6yle Git.<\/p>\n<p>A\u011fr\u0131 G\u00f6l Da\u011f\u0131&#8217;ndan Gahmut Yaylas\u0131<br \/>Han G\u00fcn \u0130nersin Ho\u015ftur Havas\u0131<br \/>Gel Ey D\u00fcrg\u00fcn&#8217;\u00fcm Gel \u00c7ektirme Yas\u0131<br \/>Sulari Kuluna Erde Sonra Git.<\/p>\n<p><\/p>\n","protected":false},"excerpt":{"rendered":"<p>Vard\u0131m K\u0131rklar Kap\u0131s\u0131na Bakt\u0131m Cennet Yap\u0131s\u0131na Tapm\u0131\u015fam Hak Kap\u0131s\u0131na Allah Ey Vallah Ey Vallah&#8230; Davut Sulari Davut SULAR\u0130 17 ya\u015f\u0131nda mana aleminde bade i\u00e7en g\u00fc\u00e7l\u00fc bir a\u015f\u0131k. 45 y\u0131l\u0131 a\u015fk\u0131n bir zaman a\u015f\u0131kl\u0131k gelene\u011fini saz\u0131yla s\u00f6z\u00fcyle ba\u015far\u0131yla y\u00fcr\u00fctm\u00fc\u015f, ad\u0131n\u0131 yurt i\u00e7inde ve yurt d\u0131\u015f\u0131nda duyurmu\u015f bir a\u015f\u0131k. Erzincan&#8217;\u0131n \u00c7ay\u0131rl\u0131 il\u00e7esinde 1926 y\u0131l\u0131nda do\u011fdu. B\u00fcy\u00fckannesinin \u00e7ocu\u011fu [&hellip;]<\/p>\n","protected":false},"author":1,"featured_media":0,"comment_status":"open","ping_status":"open","sticky":false,"template":"","format":"standard","meta":{"footnotes":""},"categories":[172],"tags":[],"class_list":{"0":"post-1390","1":"post","2":"type-post","3":"status-publish","4":"format-standard","6":"category-ozanlar-ve-eserleri"},"yoast_head":"<!-- This site is optimized with the Yoast SEO Premium plugin v24.9 (Yoast SEO v24.9) - https:\/\/yoast.com\/wordpress\/plugins\/seo\/ -->\n<title>Davut Sulari Biyografisi ve Eserleri - narteks.net<\/title>\n<meta name=\"robots\" content=\"index, follow, max-snippet:-1, max-image-preview:large, max-video-preview:-1\" \/>\n<link rel=\"canonical\" href=\"https:\/\/narteks.net\/index.php\/2009\/11\/13\/davut-sulari-biyografisi-ve-eserleri\/\" \/>\n<meta property=\"og:locale\" content=\"tr_TR\" \/>\n<meta property=\"og:type\" content=\"article\" \/>\n<meta property=\"og:title\" content=\"Davut Sulari Biyografisi ve Eserleri\" \/>\n<meta property=\"og:description\" content=\"Vard\u0131m K\u0131rklar Kap\u0131s\u0131na Bakt\u0131m Cennet Yap\u0131s\u0131na Tapm\u0131\u015fam Hak Kap\u0131s\u0131na Allah Ey Vallah Ey Vallah&#8230; Davut Sulari Davut SULAR\u0130 17 ya\u015f\u0131nda mana aleminde bade i\u00e7en g\u00fc\u00e7l\u00fc bir a\u015f\u0131k. 45 y\u0131l\u0131 a\u015fk\u0131n bir zaman a\u015f\u0131kl\u0131k gelene\u011fini saz\u0131yla s\u00f6z\u00fcyle ba\u015far\u0131yla y\u00fcr\u00fctm\u00fc\u015f, ad\u0131n\u0131 yurt i\u00e7inde ve yurt d\u0131\u015f\u0131nda duyurmu\u015f bir a\u015f\u0131k. Erzincan&#8217;\u0131n \u00c7ay\u0131rl\u0131 il\u00e7esinde 1926 y\u0131l\u0131nda do\u011fdu. B\u00fcy\u00fckannesinin \u00e7ocu\u011fu [&hellip;]\" \/>\n<meta property=\"og:url\" content=\"https:\/\/narteks.net\/index.php\/2009\/11\/13\/davut-sulari-biyografisi-ve-eserleri\/\" \/>\n<meta property=\"og:site_name\" content=\"narteks.net\" \/>\n<meta property=\"article:published_time\" content=\"2009-11-13T11:42:50+00:00\" \/>\n<meta property=\"og:image\" content=\"http:\/\/img.blogcu.com\/uploads\/havari_davut_sulari.jpg\" \/>\n<meta name=\"author\" content=\"Tar\u0131k\" \/>\n<meta name=\"twitter:card\" content=\"summary_large_image\" \/>\n<meta name=\"twitter:creator\" content=\"@narteks\" \/>\n<meta name=\"twitter:site\" content=\"@narteks\" \/>\n<meta name=\"twitter:label1\" content=\"Yazan:\" \/>\n\t<meta name=\"twitter:data1\" content=\"Tar\u0131k\" \/>\n\t<meta name=\"twitter:label2\" content=\"Tahmini okuma s\u00fcresi\" \/>\n\t<meta name=\"twitter:data2\" content=\"5 dakika\" \/>\n<script type=\"application\/ld+json\" class=\"yoast-schema-graph\">{\"@context\":\"https:\/\/schema.org\",\"@graph\":[{\"@type\":\"Article\",\"@id\":\"https:\/\/narteks.net\/index.php\/2009\/11\/13\/davut-sulari-biyografisi-ve-eserleri\/#article\",\"isPartOf\":{\"@id\":\"https:\/\/narteks.net\/index.php\/2009\/11\/13\/davut-sulari-biyografisi-ve-eserleri\/\"},\"author\":{\"name\":\"Tar\u0131k\",\"@id\":\"https:\/\/narteks.net\/#\/schema\/person\/61f37d9834294b72d31d274e7ed79bca\"},\"headline\":\"Davut Sulari Biyografisi ve Eserleri\",\"datePublished\":\"2009-11-13T11:42:50+00:00\",\"mainEntityOfPage\":{\"@id\":\"https:\/\/narteks.net\/index.php\/2009\/11\/13\/davut-sulari-biyografisi-ve-eserleri\/\"},\"wordCount\":1085,\"commentCount\":0,\"publisher\":{\"@id\":\"https:\/\/narteks.net\/#organization\"},\"image\":{\"@id\":\"https:\/\/narteks.net\/index.php\/2009\/11\/13\/davut-sulari-biyografisi-ve-eserleri\/#primaryimage\"},\"thumbnailUrl\":\"http:\/\/img.blogcu.com\/uploads\/havari_davut_sulari.jpg\",\"articleSection\":[\"Ozanlar ve Eserleri\"],\"inLanguage\":\"tr\",\"potentialAction\":[{\"@type\":\"CommentAction\",\"name\":\"Comment\",\"target\":[\"https:\/\/narteks.net\/index.php\/2009\/11\/13\/davut-sulari-biyografisi-ve-eserleri\/#respond\"]}]},{\"@type\":\"WebPage\",\"@id\":\"https:\/\/narteks.net\/index.php\/2009\/11\/13\/davut-sulari-biyografisi-ve-eserleri\/\",\"url\":\"https:\/\/narteks.net\/index.php\/2009\/11\/13\/davut-sulari-biyografisi-ve-eserleri\/\",\"name\":\"Davut Sulari Biyografisi ve Eserleri - narteks.net\",\"isPartOf\":{\"@id\":\"https:\/\/narteks.net\/#website\"},\"primaryImageOfPage\":{\"@id\":\"https:\/\/narteks.net\/index.php\/2009\/11\/13\/davut-sulari-biyografisi-ve-eserleri\/#primaryimage\"},\"image\":{\"@id\":\"https:\/\/narteks.net\/index.php\/2009\/11\/13\/davut-sulari-biyografisi-ve-eserleri\/#primaryimage\"},\"thumbnailUrl\":\"http:\/\/img.blogcu.com\/uploads\/havari_davut_sulari.jpg\",\"datePublished\":\"2009-11-13T11:42:50+00:00\",\"breadcrumb\":{\"@id\":\"https:\/\/narteks.net\/index.php\/2009\/11\/13\/davut-sulari-biyografisi-ve-eserleri\/#breadcrumb\"},\"inLanguage\":\"tr\",\"potentialAction\":[{\"@type\":\"ReadAction\",\"target\":[\"https:\/\/narteks.net\/index.php\/2009\/11\/13\/davut-sulari-biyografisi-ve-eserleri\/\"]}]},{\"@type\":\"ImageObject\",\"inLanguage\":\"tr\",\"@id\":\"https:\/\/narteks.net\/index.php\/2009\/11\/13\/davut-sulari-biyografisi-ve-eserleri\/#primaryimage\",\"url\":\"http:\/\/img.blogcu.com\/uploads\/havari_davut_sulari.jpg\",\"contentUrl\":\"http:\/\/img.blogcu.com\/uploads\/havari_davut_sulari.jpg\"},{\"@type\":\"BreadcrumbList\",\"@id\":\"https:\/\/narteks.net\/index.php\/2009\/11\/13\/davut-sulari-biyografisi-ve-eserleri\/#breadcrumb\",\"itemListElement\":[{\"@type\":\"ListItem\",\"position\":1,\"name\":\"Anasayfa\",\"item\":\"https:\/\/narteks.net\/\"},{\"@type\":\"ListItem\",\"position\":2,\"name\":\"Davut Sulari Biyografisi ve Eserleri\"}]},{\"@type\":\"WebSite\",\"@id\":\"https:\/\/narteks.net\/#website\",\"url\":\"https:\/\/narteks.net\/\",\"name\":\"narteks.net\",\"description\":\"K\u00fclt\u00fcr Sanat Edebiyat Felsefe\",\"publisher\":{\"@id\":\"https:\/\/narteks.net\/#organization\"},\"alternateName\":\"K\u00fclt\u00fcr Sanat Edebiyat Felsefe\",\"potentialAction\":[{\"@type\":\"SearchAction\",\"target\":{\"@type\":\"EntryPoint\",\"urlTemplate\":\"https:\/\/narteks.net\/?s={search_term_string}\"},\"query-input\":{\"@type\":\"PropertyValueSpecification\",\"valueRequired\":true,\"valueName\":\"search_term_string\"}}],\"inLanguage\":\"tr\"},{\"@type\":\"Organization\",\"@id\":\"https:\/\/narteks.net\/#organization\",\"name\":\"narteks.net\",\"url\":\"https:\/\/narteks.net\/\",\"logo\":{\"@type\":\"ImageObject\",\"inLanguage\":\"tr\",\"@id\":\"https:\/\/narteks.net\/#\/schema\/logo\/image\/\",\"url\":\"https:\/\/narteks.net\/wp-content\/uploads\/narteks.png\",\"contentUrl\":\"https:\/\/narteks.net\/wp-content\/uploads\/narteks.png\",\"width\":300,\"height\":90,\"caption\":\"narteks.net\"},\"image\":{\"@id\":\"https:\/\/narteks.net\/#\/schema\/logo\/image\/\"},\"sameAs\":[\"https:\/\/x.com\/narteks\",\"https:\/\/instagram.com\/narteksnet\"]},{\"@type\":\"Person\",\"@id\":\"https:\/\/narteks.net\/#\/schema\/person\/61f37d9834294b72d31d274e7ed79bca\",\"name\":\"Tar\u0131k\",\"image\":{\"@type\":\"ImageObject\",\"inLanguage\":\"tr\",\"@id\":\"https:\/\/narteks.net\/#\/schema\/person\/image\/\",\"url\":\"https:\/\/secure.gravatar.com\/avatar\/50865afb55632c4ae467e0af0930f6510aa2297d8014be502a55b14f3b7550cf?s=96&d=mm&r=g\",\"contentUrl\":\"https:\/\/secure.gravatar.com\/avatar\/50865afb55632c4ae467e0af0930f6510aa2297d8014be502a55b14f3b7550cf?s=96&d=mm&r=g\",\"caption\":\"Tar\u0131k\"},\"sameAs\":[\"http:\/\/narteks.net\"],\"url\":\"https:\/\/narteks.net\/index.php\/author\/narbak\/\"}]}<\/script>\n<!-- \/ Yoast SEO Premium plugin. -->","yoast_head_json":{"title":"Davut Sulari Biyografisi ve Eserleri - narteks.net","robots":{"index":"index","follow":"follow","max-snippet":"max-snippet:-1","max-image-preview":"max-image-preview:large","max-video-preview":"max-video-preview:-1"},"canonical":"https:\/\/narteks.net\/index.php\/2009\/11\/13\/davut-sulari-biyografisi-ve-eserleri\/","og_locale":"tr_TR","og_type":"article","og_title":"Davut Sulari Biyografisi ve Eserleri","og_description":"Vard\u0131m K\u0131rklar Kap\u0131s\u0131na Bakt\u0131m Cennet Yap\u0131s\u0131na Tapm\u0131\u015fam Hak Kap\u0131s\u0131na Allah Ey Vallah Ey Vallah&#8230; Davut Sulari Davut SULAR\u0130 17 ya\u015f\u0131nda mana aleminde bade i\u00e7en g\u00fc\u00e7l\u00fc bir a\u015f\u0131k. 45 y\u0131l\u0131 a\u015fk\u0131n bir zaman a\u015f\u0131kl\u0131k gelene\u011fini saz\u0131yla s\u00f6z\u00fcyle ba\u015far\u0131yla y\u00fcr\u00fctm\u00fc\u015f, ad\u0131n\u0131 yurt i\u00e7inde ve yurt d\u0131\u015f\u0131nda duyurmu\u015f bir a\u015f\u0131k. Erzincan&#8217;\u0131n \u00c7ay\u0131rl\u0131 il\u00e7esinde 1926 y\u0131l\u0131nda do\u011fdu. B\u00fcy\u00fckannesinin \u00e7ocu\u011fu [&hellip;]","og_url":"https:\/\/narteks.net\/index.php\/2009\/11\/13\/davut-sulari-biyografisi-ve-eserleri\/","og_site_name":"narteks.net","article_published_time":"2009-11-13T11:42:50+00:00","og_image":[{"url":"http:\/\/img.blogcu.com\/uploads\/havari_davut_sulari.jpg","type":"","width":"","height":""}],"author":"Tar\u0131k","twitter_card":"summary_large_image","twitter_creator":"@narteks","twitter_site":"@narteks","twitter_misc":{"Yazan:":"Tar\u0131k","Tahmini okuma s\u00fcresi":"5 dakika"},"schema":{"@context":"https:\/\/schema.org","@graph":[{"@type":"Article","@id":"https:\/\/narteks.net\/index.php\/2009\/11\/13\/davut-sulari-biyografisi-ve-eserleri\/#article","isPartOf":{"@id":"https:\/\/narteks.net\/index.php\/2009\/11\/13\/davut-sulari-biyografisi-ve-eserleri\/"},"author":{"name":"Tar\u0131k","@id":"https:\/\/narteks.net\/#\/schema\/person\/61f37d9834294b72d31d274e7ed79bca"},"headline":"Davut Sulari Biyografisi ve Eserleri","datePublished":"2009-11-13T11:42:50+00:00","mainEntityOfPage":{"@id":"https:\/\/narteks.net\/index.php\/2009\/11\/13\/davut-sulari-biyografisi-ve-eserleri\/"},"wordCount":1085,"commentCount":0,"publisher":{"@id":"https:\/\/narteks.net\/#organization"},"image":{"@id":"https:\/\/narteks.net\/index.php\/2009\/11\/13\/davut-sulari-biyografisi-ve-eserleri\/#primaryimage"},"thumbnailUrl":"http:\/\/img.blogcu.com\/uploads\/havari_davut_sulari.jpg","articleSection":["Ozanlar ve Eserleri"],"inLanguage":"tr","potentialAction":[{"@type":"CommentAction","name":"Comment","target":["https:\/\/narteks.net\/index.php\/2009\/11\/13\/davut-sulari-biyografisi-ve-eserleri\/#respond"]}]},{"@type":"WebPage","@id":"https:\/\/narteks.net\/index.php\/2009\/11\/13\/davut-sulari-biyografisi-ve-eserleri\/","url":"https:\/\/narteks.net\/index.php\/2009\/11\/13\/davut-sulari-biyografisi-ve-eserleri\/","name":"Davut Sulari Biyografisi ve Eserleri - narteks.net","isPartOf":{"@id":"https:\/\/narteks.net\/#website"},"primaryImageOfPage":{"@id":"https:\/\/narteks.net\/index.php\/2009\/11\/13\/davut-sulari-biyografisi-ve-eserleri\/#primaryimage"},"image":{"@id":"https:\/\/narteks.net\/index.php\/2009\/11\/13\/davut-sulari-biyografisi-ve-eserleri\/#primaryimage"},"thumbnailUrl":"http:\/\/img.blogcu.com\/uploads\/havari_davut_sulari.jpg","datePublished":"2009-11-13T11:42:50+00:00","breadcrumb":{"@id":"https:\/\/narteks.net\/index.php\/2009\/11\/13\/davut-sulari-biyografisi-ve-eserleri\/#breadcrumb"},"inLanguage":"tr","potentialAction":[{"@type":"ReadAction","target":["https:\/\/narteks.net\/index.php\/2009\/11\/13\/davut-sulari-biyografisi-ve-eserleri\/"]}]},{"@type":"ImageObject","inLanguage":"tr","@id":"https:\/\/narteks.net\/index.php\/2009\/11\/13\/davut-sulari-biyografisi-ve-eserleri\/#primaryimage","url":"http:\/\/img.blogcu.com\/uploads\/havari_davut_sulari.jpg","contentUrl":"http:\/\/img.blogcu.com\/uploads\/havari_davut_sulari.jpg"},{"@type":"BreadcrumbList","@id":"https:\/\/narteks.net\/index.php\/2009\/11\/13\/davut-sulari-biyografisi-ve-eserleri\/#breadcrumb","itemListElement":[{"@type":"ListItem","position":1,"name":"Anasayfa","item":"https:\/\/narteks.net\/"},{"@type":"ListItem","position":2,"name":"Davut Sulari Biyografisi ve Eserleri"}]},{"@type":"WebSite","@id":"https:\/\/narteks.net\/#website","url":"https:\/\/narteks.net\/","name":"narteks.net","description":"K\u00fclt\u00fcr Sanat Edebiyat Felsefe","publisher":{"@id":"https:\/\/narteks.net\/#organization"},"alternateName":"K\u00fclt\u00fcr Sanat Edebiyat Felsefe","potentialAction":[{"@type":"SearchAction","target":{"@type":"EntryPoint","urlTemplate":"https:\/\/narteks.net\/?s={search_term_string}"},"query-input":{"@type":"PropertyValueSpecification","valueRequired":true,"valueName":"search_term_string"}}],"inLanguage":"tr"},{"@type":"Organization","@id":"https:\/\/narteks.net\/#organization","name":"narteks.net","url":"https:\/\/narteks.net\/","logo":{"@type":"ImageObject","inLanguage":"tr","@id":"https:\/\/narteks.net\/#\/schema\/logo\/image\/","url":"https:\/\/narteks.net\/wp-content\/uploads\/narteks.png","contentUrl":"https:\/\/narteks.net\/wp-content\/uploads\/narteks.png","width":300,"height":90,"caption":"narteks.net"},"image":{"@id":"https:\/\/narteks.net\/#\/schema\/logo\/image\/"},"sameAs":["https:\/\/x.com\/narteks","https:\/\/instagram.com\/narteksnet"]},{"@type":"Person","@id":"https:\/\/narteks.net\/#\/schema\/person\/61f37d9834294b72d31d274e7ed79bca","name":"Tar\u0131k","image":{"@type":"ImageObject","inLanguage":"tr","@id":"https:\/\/narteks.net\/#\/schema\/person\/image\/","url":"https:\/\/secure.gravatar.com\/avatar\/50865afb55632c4ae467e0af0930f6510aa2297d8014be502a55b14f3b7550cf?s=96&d=mm&r=g","contentUrl":"https:\/\/secure.gravatar.com\/avatar\/50865afb55632c4ae467e0af0930f6510aa2297d8014be502a55b14f3b7550cf?s=96&d=mm&r=g","caption":"Tar\u0131k"},"sameAs":["http:\/\/narteks.net"],"url":"https:\/\/narteks.net\/index.php\/author\/narbak\/"}]}},"_links":{"self":[{"href":"https:\/\/narteks.net\/index.php\/wp-json\/wp\/v2\/posts\/1390","targetHints":{"allow":["GET"]}}],"collection":[{"href":"https:\/\/narteks.net\/index.php\/wp-json\/wp\/v2\/posts"}],"about":[{"href":"https:\/\/narteks.net\/index.php\/wp-json\/wp\/v2\/types\/post"}],"author":[{"embeddable":true,"href":"https:\/\/narteks.net\/index.php\/wp-json\/wp\/v2\/users\/1"}],"replies":[{"embeddable":true,"href":"https:\/\/narteks.net\/index.php\/wp-json\/wp\/v2\/comments?post=1390"}],"version-history":[{"count":0,"href":"https:\/\/narteks.net\/index.php\/wp-json\/wp\/v2\/posts\/1390\/revisions"}],"wp:attachment":[{"href":"https:\/\/narteks.net\/index.php\/wp-json\/wp\/v2\/media?parent=1390"}],"wp:term":[{"taxonomy":"category","embeddable":true,"href":"https:\/\/narteks.net\/index.php\/wp-json\/wp\/v2\/categories?post=1390"},{"taxonomy":"post_tag","embeddable":true,"href":"https:\/\/narteks.net\/index.php\/wp-json\/wp\/v2\/tags?post=1390"}],"curies":[{"name":"wp","href":"https:\/\/api.w.org\/{rel}","templated":true}]}}