{"id":1391,"date":"2009-11-13T14:47:09","date_gmt":"2009-11-13T11:47:09","guid":{"rendered":"http:\/\/localhost\/wordpress\/2009\/11\/13\/ercili-emrah-biyografisi-ve-eserleri\/"},"modified":"2009-11-13T14:47:09","modified_gmt":"2009-11-13T11:47:09","slug":"ercili-emrah-biyografisi-ve-eserleri","status":"publish","type":"post","link":"https:\/\/narteks.net\/index.php\/2009\/11\/13\/ercili-emrah-biyografisi-ve-eserleri\/","title":{"rendered":"Erci\u015fli Emrah Biyografisi ve Eserleri"},"content":{"rendered":"<p style=\"text-align: justify;\"><strong> <\/strong><img loading=\"lazy\" decoding=\"async\" src=\"http:\/\/www.acilardenizi.com\/editorfiles\/ercisli%20emrah.jpg\" border=\"0\" width=\"155\" height=\"205\" style=\"float: left;\" \/>Seherde u\u011frad\u0131m ben bir g\u00fczele <br \/>Dedim sarho\u015f musun s\u00f6yledi yoh yoh <br \/>A\u011f elleri bo\u011fum bo\u011fum k\u0131nal\u0131 <br \/>Dedim bayram m\u0131d\u0131r s\u00f6yledi yoh yoh<\/p>\n<p>Dedim s\u0131rma nedir dedi telimdir\u00a0 <br \/>Dedim \u0130nce nedir dedi belimdir<br \/>Dedim Emrah nedir dedi kulumdur <br \/>Dedim satar m\u0131san s\u00f6yledi yoh yoh<br \/><strong> <\/strong> Erci\u015fli Emrah<\/p>\n<p> Hayat\u0131 &#8216;bir masal\u0131n sisli, g\u00f6r\u00fcnt\u00fcleri aras\u0131nda g\u00f6m\u00fcl\u00fc kalan Erci\u015fli Emrah, Erzurumlu Emrah&#8217;la kar\u0131\u015ft\u0131r\u0131lm\u0131\u015ft\u0131r. XVII. Y\u00fczy\u0131l\u0131n ilk yar\u0131s\u0131nda ya\u015fad\u0131\u011f\u0131 san\u0131lan Erci\u015fli Emrah, Erci\u015f kafesine ba\u011fl\u0131 bir Karakoyunlu k\u00f6y\u00fc olan Egans&#8217;ta do\u011fmu\u015ftur. Erci\u015f kalesinin ba\u015fbu\u011fu Miro\u011flu&#8217;nun sazc\u0131s\u0131 A\u015f\u0131k Ahmet&#8217;in o\u011fludur.<\/p>\n<p>Gen\u00e7 ya\u015fta Miro\u011flu&#8217;nun k\u0131z\u0131 Selvihana a\u015f\u0131k olarak sevgilisinin ard\u0131ndan \u0130ran ve Azerbaycan&#8217;\u0131n bat\u0131 kesimlerini gezmi\u015f, g\u00f6rd\u00fcklerini duru bir T\u00fcrk\u00e7e ile anlatm\u0131\u015ft\u0131r.<\/p>\n<p>Emrah ile Selvihan hikayeleri Do\u011fu ve G\u00fcney Anadolu&#8217;da birbirinden farkl\u0131 be\u015f a\u011f\u0131zda s\u00f6ylenmektedir. Bu a\u011f\u0131zlar\u0131 kar\u015f\u0131la\u015ft\u0131ran Ali Sara\u00e7o\u011flu a\u015fa\u011f\u0131daki belirlemeleri yapmaktad\u0131r:<\/p>\n<p> Emrah ile Selvihan hikayesinin Erzurum a\u011fz\u0131 yedi, Erci\u015f a\u011fz\u0131 Emrah ile Selvihan hikayesi ise ba\u015fl\u0131ca on par\u00e7aya b\u00f6l\u00fcnebilir.<\/p>\n<p>A\u015fk, her iki a\u011f\u0131zda da bir nevruz sabah\u0131 ba\u015flar. Emrah, \u00c7elebiba\u011f\u0131 (Erci\u015fin 5 kilometre bat\u0131s\u0131nda, Van g\u00f6l\u00fc sahiline kurulmu\u015f tarihi bir k\u00f6y) y\u00f6resinde \u015eeker bula\u011f\u0131n\u0131n \u00fcst\u00fcnde, uyurken pir elinden pir dolusu bade i\u00e7erek Selvihana a\u015f\u0131k olur.<\/p>\n<p> Erzurum anlat\u0131\u015f\u0131nda sevenler Emrah, \u015eah Abbas, Tiflis hakimi Ku\u011fu Han&#8217;\u0131n o\u011flu Mirze Ali, Sevilen: Selvi, Aldat\u0131c\u0131 Ku\u011fuhan ve Selvi&#8217;nin karde\u015fleri, Yard\u0131mc\u0131: Ya\u011f\u0131p Han, Selvi&#8217;nin tayas\u0131 Nazl\u0131, Emrah&#8217;\u0131n babas\u0131 A\u015f\u0131k Ahmet&#8217;tir.<\/p>\n<p> Erci\u015f anlat\u0131\u015f\u0131nda Selvi&#8217;nin karde\u015fleri yoktur.<\/p>\n<p>Gaziantep anlat\u0131\u015f\u0131nda (Ali R\u0131za Yalg\u0131n derlemesi) A\u015f\u0131k Ahmet Erci\u015f&#8217;e hari\u00e7ten gelir. Selvi \u0130ran padi\u015fah\u0131n\u0131n k\u0131z\u0131d\u0131r. Emrah, Erci\u015f&#8217;te bade i\u00e7erek \u0130ran&#8217;a Selvi&#8217;yi aramaya gider. Hikayenin kahramanlar\u0131 Emrah, Selvi, A\u015f\u0131k Ahmet, Server\u015fah, Acem\u015fah, Haramiler ba\u015f\u0131 Ahmet Turan&#8217;d\u0131r.<\/p>\n<p>Erci\u015f anlat\u0131\u015f\u0131 ile Gaziantep anlat\u0131\u015f\u0131n\u0131n birlik motifi, Emrah&#8217;\u0131n esirli\u011fidir. Gaziantep anlat\u0131\u015f\u0131nda Emrah Haramiler ba\u015f\u0131 Ahmet Turan&#8217;\u0131n, Erci\u015f anlat\u0131\u015f\u0131nda ise A\u011fr\u0131 da\u011f\u0131nda bir ma\u011farada Kurtlar\u0131n\u0131n ba\u015f\u0131n\u0131n elinde uzun zaman esir olarak kal\u0131r.<\/p>\n<p>Erci\u015f anlat\u0131\u015f\u0131nda &#8220;Selvi&#8221; ad\u0131 &#8220;Selbihan&#8221; olarak ge\u00e7er.<\/p>\n<p>Erci\u015f ve Erzurum anlat\u0131\u015flar\u0131n\u0131n birle\u015fik motifi \u00f6nceleri Selbihan-Selvihan&#8217;\u0131n a\u015f\u0131k olan \u015eah Abbas&#8217;\u0131n, sonradan Emrah&#8217;\u0131n ve sevgilisinin koruyucu ve kurtar\u0131c\u0131lar\u0131 olu\u015fudur. Yedi, par\u00e7aya b\u00f6l\u00fcnebilen Erzurum anlat\u0131\u015f\u0131n\u0131n ikince ve \u00fc\u00e7\u00fcnc\u00fc k\u0131s\u0131mlar\u0131nda Emrah \u00fc\u00e7 defa has\u0131m a\u015f\u0131klarla meydanla\u015f\u0131r.<\/p>\n<p>1- Erci\u015f&#8217;te Miro\u011flu&#8217;nun saray\u0131nda babas\u0131 A\u015f\u0131k Ahmet&#8217;le<\/p>\n<p>2- Horasan&#8217;da Hasan Han&#8217;\u0131n divan\u0131nda Lezgi Ahmet&#8217;le<br \/>3-\u0130sfahan&#8217;da \u015eah Abbas&#8217;\u0131n huzurunda A\u015f\u0131k Abbas&#8217;la. Emrah, bu \u00fc\u00e7 meydanla\u015fmada da has\u0131mlar\u0131n\u0131 mat ederek sazlar\u0131n\u0131 almaktad\u0131r.<\/p>\n<p> Ali R\u0131za Yalg\u0131n derlemesinde Emrah, Koca A\u015f\u0131k ve Servar\u015fah ile meydanla\u015fmakta, her ikisini de mat etmektedir.<\/p>\n<p>Bu iki hikayede ve \u015fiirlerinde Divan tesiri yok denecek kadar azd\u0131r. Emrah ile Selbihan hikayesinin Erci\u015f a\u011fz\u0131:<\/p>\n<p>1- Emrah&#8217;\u0131n \u00e7ocuklu\u011fu,<\/p>\n<p>2-Babas\u0131 ile Miro\u011flu&#8217;nun divan\u0131nda meydanla\u015fmas\u0131,<\/p>\n<p>3- \u015eah Abbas&#8217;\u0131n veziri \u015eah Budak&#8217;\u0131n Van kalesini muhasaras\u0131,<\/p>\n<p>4- \u015eah Budak&#8217;\u0131n adamlar\u0131n\u0131n Erci\u015f&#8217;te, Hayvan bah\u00e7esinde Selbihan&#8217;\u0131 ka\u00e7\u0131rarak \u0130ran&#8217;a g\u00f6t\u00fcrmeleri,\u00a0 <\/p>\n<p>5- Emrah&#8217;\u0131n Selbihan&#8217;\u0131 aramaya \u00e7\u0131kmas\u0131 ve \u015eah Abbas&#8217;\u0131n yan\u0131nda bulmas\u0131,<\/p>\n<p>6- Emrah&#8217;\u0131n \u015eah Abbas&#8217;\u0131n a\u015f\u0131klar\u0131 ile meydanla\u015fmas\u0131,<\/p>\n<p>7- Erci\u015f&#8217;e d\u00f6n\u00fc\u015f,<\/p>\n<p>8- Ku\u011fuhan&#8217;\u0131n o\u011flunun Selbihan&#8217;\u0131 ka\u00e7\u0131rmas\u0131,<br \/>9. Emrah, Ku\u011fuhan&#8217;\u0131n y\u00fcz\u00fcnde ve i\u015fkencede,<\/p>\n<p>10- Ya\u011f\u0131p Han&#8217;\u0131n yard\u0131m\u0131 ile Emrah&#8217;\u0131n zindandan kurtulu\u015fu, ikinci d\u00f6n\u00fc\u015f ve son par\u00e7alar\u0131na b\u00f6l\u00fcnm\u00fc\u015ft\u00fcr.<\/p>\n<p>Her \u00fc\u00e7 anlat\u0131\u015fta da adlar\u0131n\u0131n de\u011fi\u015fik olmas\u0131na kar\u015f\u0131l\u0131k baz\u0131 kahramanlar ayn\u0131 hareketlerde bulunmakta, ayn\u0131 olaylara sebep olmaktad\u0131rlar. Bunlardan ba\u015fka adlar\u0131 ve sebep olduklar\u0131 olaylar ayn\u0131 olan ki\u015filer \u00fc\u00e7 hikayede de esas kahramanlard\u0131r. Hikayede s\u00f6z\u00fc edilen Van ku\u015fatmas\u0131 1605&#8217;te ba\u015flam\u0131\u015f ve Kuyucu Murat Pa\u015fa&#8217;n\u0131n sadrazam oldu\u011fu 1610 tarihine kadar s\u00fcrm\u00fc\u015ft\u00fcr; Erci\u015fli Emrah&#8217;\u0131n o y\u0131llarda a\u015fka tutuldu\u011fu ve a\u015fa\u011f\u0131-yukar\u0131 18-20 ya\u015flar\u0131nda oldu\u011fu d\u00fc\u015f\u00fcn\u00fcl\u00fcrse, do\u011fum tarihinin 1585 oldu\u011fu s\u00f6ylenebilir.<\/p>\n<p>Eserlerinden baz\u0131lar\u0131:<\/p>\n<p>1<br \/>A\u011falar gurbetten geldim <br \/>Geldim ki nazan\u0131m gitmi\u015f <br \/>S\u0131lam bana hor g\u00f6r\u00fcnd\u00fc <br \/>Sal\u0131n\u0131p gezenim gitmi\u015f\u00a0 <\/p>\n<p>\u0130\u00e7mi\u015fim ezel \u015farab\u0131\u00a0 <br \/>Yine kavu\u015ftur yarabbi <br \/>Destinde a\u015fk\u0131n kitab\u0131 <br \/>Okuyup yazan\u0131m gitmi\u015f<br \/>Hasret i\u00e7tim elde bade<br \/>Oldu efgan\u0131m ziyade<br \/>\u00d6rdek u\u00e7tu kald\u0131 ada <br \/>G\u00f6llerde y\u00fczenim gitmi\u015f<\/p>\n<p>Bir dahi saz almam ele <br \/>Mailim ben tatl\u0131 dile\u00a0 <br \/>Top z\u00fclf\u00fcn\u00fc ince bele <br \/>Taray\u0131p d\u00fczenim gitmi\u015f\u00a0 <\/p>\n<p>Bir dahi i\u00e7meyem bade <br \/>Kuzum seni vermem yade <br \/>S\u00fct beyaz \u00fcst\u00fcne sade <br \/>Giyinip tozan\u0131m gitmi\u015f\u00a0 <\/p>\n<p>\u0130stemem bah\u00e7eyi ba\u011f\u0131 <br \/>\u0130\u00e7irdiler bana a\u011f\u0131\u00a0 <br \/>Beyaz fese penhe ba\u011f\u0131 <br \/>Ba\u011flay\u0131p gezenim gitmi\u015f\u00a0 <\/p>\n<p>Bu d\u00fcnya b\u00f6yle kal\u0131rsa <br \/>K\u00fcffardan \u00f6\u00e7 al\u0131n\u0131rsa<br \/>Va&#8217;de gel\u00fcben \u00f6l\u00fcrsem <br \/>Mezar\u0131m kazan\u0131m gitmi\u015f\u00a0 <\/p>\n<p>D\u00fcn gece g\u00f6rd\u00fcm d\u00fc\u015f\u00fcmde <br \/>Civan duruyor kar\u015f\u0131mda <br \/>Tarihim mezar ta\u015f\u0131mda <br \/>Okuyup yazan\u0131m gitmi\u015f\u00a0 <\/p>\n<p>Emrah eder nedir bela<br \/>Baba d\u00fc\u015ft\u00fcm gurbet ele\u00a0 <br \/>Yine saz alay\u0131m ele<br \/>Eyveh ki nazan\u0131m gitmi\u015f\u00a0 <\/p>\n<p>(Emrah der ki hele hele<br \/>Baba kalk gidelim yola<br \/>Bir daha saz almam ele<br \/>Saz\u0131m\u0131 d\u00fczenim gitmi\u015f)<\/p>\n<p>2<\/p>\n<p>Bir (y)i\u011fit gurbete \u00e7\u0131ksa<br \/>G\u00f6r ba\u015f\u0131na neler gelir<br \/>S\u0131las\u0131 fikrine d\u00fc\u015fer<br \/>Ya\u015f g\u00f6z\u00fcne dolar gelir<\/p>\n<p>Kalemnen \u00e7ekilmi\u015f ka\u015flar<br \/>G\u00f6z\u00fcmden ak\u0131tt\u0131m ya\u015flar<br \/>Yuvas\u0131n terk eden ku\u015flar<br \/>Yuvam diyer d\u00f6ner gelir<\/p>\n<p>Emrah diyer servi boyun<br \/>H\u00fcr\u00fc melem midir soyun<br \/>S\u00fcr\u00fcden ayr\u0131lan koyun<br \/>Kuzum diyer meler gelir <\/p>\n<p>3<br \/>Seherde u\u011frad\u0131m ben bir g\u00fczele <br \/>Dedim sarho\u015f musun s\u00f6yledi yoh yoh <br \/>A\u011f elleri bo\u011fum bo\u011fum k\u0131nal\u0131 <br \/>Dedim bayram m\u0131d\u0131r s\u00f6yledi yoh yoh<\/p>\n<p>Dedim ala nedin dedi g\u00f6z\u00fcmd\u00fcr <br \/>Dedim \u015feker nedir dedi s\u00f6z\u00fcmd\u00fcr <br \/>Dedim alma nedir dedi (y)\u00fcz\u00fcmd\u00fcr<br \/>Dedim \u00f6peyim mi s\u00f6yledi yoh yoh<\/p>\n<p>Dedim \u0130nci nedir dedi di\u015fimdir<br \/>Dedim kalem nedir dedi ka\u015f\u0131md\u0131r <br \/>Dedim onbe\u015f nedir dedi ya\u015f\u0131md\u0131r <br \/>Dedim daha var m\u0131 s\u00f6yledi yoh yoh<\/p>\n<p>Dedim \u00f6l\u00fcm nedir dedi ayn\u0131mda <br \/>Dedim zulum nedir dedi boynumda <br \/>Dedim turun\u00e7 ned\u0130r dedi koynumda <br \/>Dedim ver a\u011fz\u0131ma s\u00f6yledi yoh yoh\u00a0 <\/p>\n<p>Dedim s\u0131rma nedir dedi telimdir\u00a0 <br \/>Dedim \u0130nce nedir dedi belimdir<br \/>Dedim Emrah nedir dedi kulumdur <br \/>Dedim satar m\u0131san s\u00f6yledi yoh yoh<\/p>\n<p>3<br \/>Tutam yar elinden tutam<br \/>\u00c7\u0131kam da\u011flara da\u011flara<br \/>Olam bir yareli b\u00fclb\u00fcl<br \/>\u0130nem ba\u011flara ba\u011flara<\/p>\n<p>Birin bilir binin bilmez<br \/>Bu d\u00fcnya kimseye kalmaz<br \/>Yar ismini desem gelmez<br \/>D\u00fc\u015fer dillere dillere <\/p>\n<p>Emrah der ki bu g\u00fcn\u00fcmd\u00fcr<br \/>Ar\u015fa \u00e7\u0131kan t\u00fct\u00fcn\u00fcmd\u00fcr<br \/>Yare gidecek g\u00fcn\u00fcmd\u00fcr<br \/>D\u00fc\u015fsem yollara yollara<\/p>\n<p>4<br \/>Uca da\u011flar\u0131n ba\u015f\u0131ndan<br \/>Perim g\u00fcle g\u00fcle gelir<br \/>Ond\u00f6rt onbe\u015f nazeninnen<br \/>Elin vermi\u015f ele gelir<\/p>\n<p>Yeriyip terliyip izi<br \/>Humarlan\u0131p ala g\u00f6zi<br \/>Deriptir deste nergizi<br \/>Terin sile sile gelir\u00a0 <\/p>\n<p>Emrah diyer \u00fc\u00e7-ce bayram<br \/>Olam g\u00f6zlerine hayran<br \/>Ya marald\u0131r ya da ceyran<br \/>D\u00fc\u015f\u00fcp \u00e7\u00f6lden \u00e7\u00f6le gelir<\/p>\n","protected":false},"excerpt":{"rendered":"<p>Seherde u\u011frad\u0131m ben bir g\u00fczele Dedim sarho\u015f musun s\u00f6yledi yoh yoh A\u011f elleri bo\u011fum bo\u011fum k\u0131nal\u0131 Dedim bayram m\u0131d\u0131r s\u00f6yledi yoh yoh Dedim s\u0131rma nedir dedi telimdir\u00a0 Dedim \u0130nce nedir dedi belimdirDedim Emrah nedir dedi kulumdur Dedim satar m\u0131san s\u00f6yledi yoh yoh Erci\u015fli Emrah Hayat\u0131 &#8216;bir masal\u0131n sisli, g\u00f6r\u00fcnt\u00fcleri aras\u0131nda g\u00f6m\u00fcl\u00fc kalan Erci\u015fli Emrah, Erzurumlu [&hellip;]<\/p>\n","protected":false},"author":1,"featured_media":0,"comment_status":"open","ping_status":"open","sticky":false,"template":"","format":"standard","meta":{"footnotes":""},"categories":[172],"tags":[],"class_list":{"0":"post-1391","1":"post","2":"type-post","3":"status-publish","4":"format-standard","6":"category-ozanlar-ve-eserleri"},"yoast_head":"<!-- This site is optimized with the Yoast SEO Premium plugin v24.9 (Yoast SEO v24.9) - https:\/\/yoast.com\/wordpress\/plugins\/seo\/ -->\n<title>Erci\u015fli Emrah Biyografisi ve Eserleri - narteks.net<\/title>\n<meta name=\"robots\" content=\"index, follow, max-snippet:-1, max-image-preview:large, max-video-preview:-1\" \/>\n<link rel=\"canonical\" href=\"https:\/\/narteks.net\/index.php\/2009\/11\/13\/ercili-emrah-biyografisi-ve-eserleri\/\" \/>\n<meta property=\"og:locale\" content=\"tr_TR\" \/>\n<meta property=\"og:type\" content=\"article\" \/>\n<meta property=\"og:title\" content=\"Erci\u015fli Emrah Biyografisi ve Eserleri\" \/>\n<meta property=\"og:description\" content=\"Seherde u\u011frad\u0131m ben bir g\u00fczele Dedim sarho\u015f musun s\u00f6yledi yoh yoh A\u011f elleri bo\u011fum bo\u011fum k\u0131nal\u0131 Dedim bayram m\u0131d\u0131r s\u00f6yledi yoh yoh Dedim s\u0131rma nedir dedi telimdir\u00a0 Dedim \u0130nce nedir dedi belimdirDedim Emrah nedir dedi kulumdur Dedim satar m\u0131san s\u00f6yledi yoh yoh Erci\u015fli Emrah Hayat\u0131 &#8216;bir masal\u0131n sisli, g\u00f6r\u00fcnt\u00fcleri aras\u0131nda g\u00f6m\u00fcl\u00fc kalan Erci\u015fli Emrah, Erzurumlu [&hellip;]\" \/>\n<meta property=\"og:url\" content=\"https:\/\/narteks.net\/index.php\/2009\/11\/13\/ercili-emrah-biyografisi-ve-eserleri\/\" \/>\n<meta property=\"og:site_name\" content=\"narteks.net\" \/>\n<meta property=\"article:published_time\" content=\"2009-11-13T11:47:09+00:00\" \/>\n<meta property=\"og:image\" content=\"http:\/\/www.acilardenizi.com\/editorfiles\/ercisli%20emrah.jpg\" \/>\n<meta name=\"author\" content=\"Tar\u0131k\" \/>\n<meta name=\"twitter:card\" content=\"summary_large_image\" \/>\n<meta name=\"twitter:creator\" content=\"@narteks\" \/>\n<meta name=\"twitter:site\" content=\"@narteks\" \/>\n<meta name=\"twitter:label1\" content=\"Yazan:\" \/>\n\t<meta name=\"twitter:data1\" content=\"Tar\u0131k\" \/>\n\t<meta name=\"twitter:label2\" content=\"Tahmini okuma s\u00fcresi\" \/>\n\t<meta name=\"twitter:data2\" content=\"6 dakika\" \/>\n<script type=\"application\/ld+json\" class=\"yoast-schema-graph\">{\"@context\":\"https:\/\/schema.org\",\"@graph\":[{\"@type\":\"Article\",\"@id\":\"https:\/\/narteks.net\/index.php\/2009\/11\/13\/ercili-emrah-biyografisi-ve-eserleri\/#article\",\"isPartOf\":{\"@id\":\"https:\/\/narteks.net\/index.php\/2009\/11\/13\/ercili-emrah-biyografisi-ve-eserleri\/\"},\"author\":{\"name\":\"Tar\u0131k\",\"@id\":\"https:\/\/narteks.net\/#\/schema\/person\/61f37d9834294b72d31d274e7ed79bca\"},\"headline\":\"Erci\u015fli Emrah Biyografisi ve Eserleri\",\"datePublished\":\"2009-11-13T11:47:09+00:00\",\"mainEntityOfPage\":{\"@id\":\"https:\/\/narteks.net\/index.php\/2009\/11\/13\/ercili-emrah-biyografisi-ve-eserleri\/\"},\"wordCount\":1270,\"commentCount\":0,\"publisher\":{\"@id\":\"https:\/\/narteks.net\/#organization\"},\"image\":{\"@id\":\"https:\/\/narteks.net\/index.php\/2009\/11\/13\/ercili-emrah-biyografisi-ve-eserleri\/#primaryimage\"},\"thumbnailUrl\":\"http:\/\/www.acilardenizi.com\/editorfiles\/ercisli%20emrah.jpg\",\"articleSection\":[\"Ozanlar ve Eserleri\"],\"inLanguage\":\"tr\",\"potentialAction\":[{\"@type\":\"CommentAction\",\"name\":\"Comment\",\"target\":[\"https:\/\/narteks.net\/index.php\/2009\/11\/13\/ercili-emrah-biyografisi-ve-eserleri\/#respond\"]}]},{\"@type\":\"WebPage\",\"@id\":\"https:\/\/narteks.net\/index.php\/2009\/11\/13\/ercili-emrah-biyografisi-ve-eserleri\/\",\"url\":\"https:\/\/narteks.net\/index.php\/2009\/11\/13\/ercili-emrah-biyografisi-ve-eserleri\/\",\"name\":\"Erci\u015fli Emrah Biyografisi ve Eserleri - narteks.net\",\"isPartOf\":{\"@id\":\"https:\/\/narteks.net\/#website\"},\"primaryImageOfPage\":{\"@id\":\"https:\/\/narteks.net\/index.php\/2009\/11\/13\/ercili-emrah-biyografisi-ve-eserleri\/#primaryimage\"},\"image\":{\"@id\":\"https:\/\/narteks.net\/index.php\/2009\/11\/13\/ercili-emrah-biyografisi-ve-eserleri\/#primaryimage\"},\"thumbnailUrl\":\"http:\/\/www.acilardenizi.com\/editorfiles\/ercisli%20emrah.jpg\",\"datePublished\":\"2009-11-13T11:47:09+00:00\",\"breadcrumb\":{\"@id\":\"https:\/\/narteks.net\/index.php\/2009\/11\/13\/ercili-emrah-biyografisi-ve-eserleri\/#breadcrumb\"},\"inLanguage\":\"tr\",\"potentialAction\":[{\"@type\":\"ReadAction\",\"target\":[\"https:\/\/narteks.net\/index.php\/2009\/11\/13\/ercili-emrah-biyografisi-ve-eserleri\/\"]}]},{\"@type\":\"ImageObject\",\"inLanguage\":\"tr\",\"@id\":\"https:\/\/narteks.net\/index.php\/2009\/11\/13\/ercili-emrah-biyografisi-ve-eserleri\/#primaryimage\",\"url\":\"http:\/\/www.acilardenizi.com\/editorfiles\/ercisli%20emrah.jpg\",\"contentUrl\":\"http:\/\/www.acilardenizi.com\/editorfiles\/ercisli%20emrah.jpg\"},{\"@type\":\"BreadcrumbList\",\"@id\":\"https:\/\/narteks.net\/index.php\/2009\/11\/13\/ercili-emrah-biyografisi-ve-eserleri\/#breadcrumb\",\"itemListElement\":[{\"@type\":\"ListItem\",\"position\":1,\"name\":\"Anasayfa\",\"item\":\"https:\/\/narteks.net\/\"},{\"@type\":\"ListItem\",\"position\":2,\"name\":\"Erci\u015fli Emrah Biyografisi ve Eserleri\"}]},{\"@type\":\"WebSite\",\"@id\":\"https:\/\/narteks.net\/#website\",\"url\":\"https:\/\/narteks.net\/\",\"name\":\"narteks.net\",\"description\":\"K\u00fclt\u00fcr Sanat Edebiyat Felsefe\",\"publisher\":{\"@id\":\"https:\/\/narteks.net\/#organization\"},\"alternateName\":\"K\u00fclt\u00fcr Sanat Edebiyat Felsefe\",\"potentialAction\":[{\"@type\":\"SearchAction\",\"target\":{\"@type\":\"EntryPoint\",\"urlTemplate\":\"https:\/\/narteks.net\/?s={search_term_string}\"},\"query-input\":{\"@type\":\"PropertyValueSpecification\",\"valueRequired\":true,\"valueName\":\"search_term_string\"}}],\"inLanguage\":\"tr\"},{\"@type\":\"Organization\",\"@id\":\"https:\/\/narteks.net\/#organization\",\"name\":\"narteks.net\",\"url\":\"https:\/\/narteks.net\/\",\"logo\":{\"@type\":\"ImageObject\",\"inLanguage\":\"tr\",\"@id\":\"https:\/\/narteks.net\/#\/schema\/logo\/image\/\",\"url\":\"https:\/\/narteks.net\/wp-content\/uploads\/narteks.png\",\"contentUrl\":\"https:\/\/narteks.net\/wp-content\/uploads\/narteks.png\",\"width\":300,\"height\":90,\"caption\":\"narteks.net\"},\"image\":{\"@id\":\"https:\/\/narteks.net\/#\/schema\/logo\/image\/\"},\"sameAs\":[\"https:\/\/x.com\/narteks\",\"https:\/\/instagram.com\/narteksnet\"]},{\"@type\":\"Person\",\"@id\":\"https:\/\/narteks.net\/#\/schema\/person\/61f37d9834294b72d31d274e7ed79bca\",\"name\":\"Tar\u0131k\",\"image\":{\"@type\":\"ImageObject\",\"inLanguage\":\"tr\",\"@id\":\"https:\/\/narteks.net\/#\/schema\/person\/image\/\",\"url\":\"https:\/\/secure.gravatar.com\/avatar\/50865afb55632c4ae467e0af0930f6510aa2297d8014be502a55b14f3b7550cf?s=96&d=mm&r=g\",\"contentUrl\":\"https:\/\/secure.gravatar.com\/avatar\/50865afb55632c4ae467e0af0930f6510aa2297d8014be502a55b14f3b7550cf?s=96&d=mm&r=g\",\"caption\":\"Tar\u0131k\"},\"sameAs\":[\"http:\/\/narteks.net\"],\"url\":\"https:\/\/narteks.net\/index.php\/author\/narbak\/\"}]}<\/script>\n<!-- \/ Yoast SEO Premium plugin. -->","yoast_head_json":{"title":"Erci\u015fli Emrah Biyografisi ve Eserleri - narteks.net","robots":{"index":"index","follow":"follow","max-snippet":"max-snippet:-1","max-image-preview":"max-image-preview:large","max-video-preview":"max-video-preview:-1"},"canonical":"https:\/\/narteks.net\/index.php\/2009\/11\/13\/ercili-emrah-biyografisi-ve-eserleri\/","og_locale":"tr_TR","og_type":"article","og_title":"Erci\u015fli Emrah Biyografisi ve Eserleri","og_description":"Seherde u\u011frad\u0131m ben bir g\u00fczele Dedim sarho\u015f musun s\u00f6yledi yoh yoh A\u011f elleri bo\u011fum bo\u011fum k\u0131nal\u0131 Dedim bayram m\u0131d\u0131r s\u00f6yledi yoh yoh Dedim s\u0131rma nedir dedi telimdir\u00a0 Dedim \u0130nce nedir dedi belimdirDedim Emrah nedir dedi kulumdur Dedim satar m\u0131san s\u00f6yledi yoh yoh Erci\u015fli Emrah Hayat\u0131 &#8216;bir masal\u0131n sisli, g\u00f6r\u00fcnt\u00fcleri aras\u0131nda g\u00f6m\u00fcl\u00fc kalan Erci\u015fli Emrah, Erzurumlu [&hellip;]","og_url":"https:\/\/narteks.net\/index.php\/2009\/11\/13\/ercili-emrah-biyografisi-ve-eserleri\/","og_site_name":"narteks.net","article_published_time":"2009-11-13T11:47:09+00:00","og_image":[{"url":"http:\/\/www.acilardenizi.com\/editorfiles\/ercisli%20emrah.jpg","type":"","width":"","height":""}],"author":"Tar\u0131k","twitter_card":"summary_large_image","twitter_creator":"@narteks","twitter_site":"@narteks","twitter_misc":{"Yazan:":"Tar\u0131k","Tahmini okuma s\u00fcresi":"6 dakika"},"schema":{"@context":"https:\/\/schema.org","@graph":[{"@type":"Article","@id":"https:\/\/narteks.net\/index.php\/2009\/11\/13\/ercili-emrah-biyografisi-ve-eserleri\/#article","isPartOf":{"@id":"https:\/\/narteks.net\/index.php\/2009\/11\/13\/ercili-emrah-biyografisi-ve-eserleri\/"},"author":{"name":"Tar\u0131k","@id":"https:\/\/narteks.net\/#\/schema\/person\/61f37d9834294b72d31d274e7ed79bca"},"headline":"Erci\u015fli Emrah Biyografisi ve Eserleri","datePublished":"2009-11-13T11:47:09+00:00","mainEntityOfPage":{"@id":"https:\/\/narteks.net\/index.php\/2009\/11\/13\/ercili-emrah-biyografisi-ve-eserleri\/"},"wordCount":1270,"commentCount":0,"publisher":{"@id":"https:\/\/narteks.net\/#organization"},"image":{"@id":"https:\/\/narteks.net\/index.php\/2009\/11\/13\/ercili-emrah-biyografisi-ve-eserleri\/#primaryimage"},"thumbnailUrl":"http:\/\/www.acilardenizi.com\/editorfiles\/ercisli%20emrah.jpg","articleSection":["Ozanlar ve Eserleri"],"inLanguage":"tr","potentialAction":[{"@type":"CommentAction","name":"Comment","target":["https:\/\/narteks.net\/index.php\/2009\/11\/13\/ercili-emrah-biyografisi-ve-eserleri\/#respond"]}]},{"@type":"WebPage","@id":"https:\/\/narteks.net\/index.php\/2009\/11\/13\/ercili-emrah-biyografisi-ve-eserleri\/","url":"https:\/\/narteks.net\/index.php\/2009\/11\/13\/ercili-emrah-biyografisi-ve-eserleri\/","name":"Erci\u015fli Emrah Biyografisi ve Eserleri - narteks.net","isPartOf":{"@id":"https:\/\/narteks.net\/#website"},"primaryImageOfPage":{"@id":"https:\/\/narteks.net\/index.php\/2009\/11\/13\/ercili-emrah-biyografisi-ve-eserleri\/#primaryimage"},"image":{"@id":"https:\/\/narteks.net\/index.php\/2009\/11\/13\/ercili-emrah-biyografisi-ve-eserleri\/#primaryimage"},"thumbnailUrl":"http:\/\/www.acilardenizi.com\/editorfiles\/ercisli%20emrah.jpg","datePublished":"2009-11-13T11:47:09+00:00","breadcrumb":{"@id":"https:\/\/narteks.net\/index.php\/2009\/11\/13\/ercili-emrah-biyografisi-ve-eserleri\/#breadcrumb"},"inLanguage":"tr","potentialAction":[{"@type":"ReadAction","target":["https:\/\/narteks.net\/index.php\/2009\/11\/13\/ercili-emrah-biyografisi-ve-eserleri\/"]}]},{"@type":"ImageObject","inLanguage":"tr","@id":"https:\/\/narteks.net\/index.php\/2009\/11\/13\/ercili-emrah-biyografisi-ve-eserleri\/#primaryimage","url":"http:\/\/www.acilardenizi.com\/editorfiles\/ercisli%20emrah.jpg","contentUrl":"http:\/\/www.acilardenizi.com\/editorfiles\/ercisli%20emrah.jpg"},{"@type":"BreadcrumbList","@id":"https:\/\/narteks.net\/index.php\/2009\/11\/13\/ercili-emrah-biyografisi-ve-eserleri\/#breadcrumb","itemListElement":[{"@type":"ListItem","position":1,"name":"Anasayfa","item":"https:\/\/narteks.net\/"},{"@type":"ListItem","position":2,"name":"Erci\u015fli Emrah Biyografisi ve Eserleri"}]},{"@type":"WebSite","@id":"https:\/\/narteks.net\/#website","url":"https:\/\/narteks.net\/","name":"narteks.net","description":"K\u00fclt\u00fcr Sanat Edebiyat Felsefe","publisher":{"@id":"https:\/\/narteks.net\/#organization"},"alternateName":"K\u00fclt\u00fcr Sanat Edebiyat Felsefe","potentialAction":[{"@type":"SearchAction","target":{"@type":"EntryPoint","urlTemplate":"https:\/\/narteks.net\/?s={search_term_string}"},"query-input":{"@type":"PropertyValueSpecification","valueRequired":true,"valueName":"search_term_string"}}],"inLanguage":"tr"},{"@type":"Organization","@id":"https:\/\/narteks.net\/#organization","name":"narteks.net","url":"https:\/\/narteks.net\/","logo":{"@type":"ImageObject","inLanguage":"tr","@id":"https:\/\/narteks.net\/#\/schema\/logo\/image\/","url":"https:\/\/narteks.net\/wp-content\/uploads\/narteks.png","contentUrl":"https:\/\/narteks.net\/wp-content\/uploads\/narteks.png","width":300,"height":90,"caption":"narteks.net"},"image":{"@id":"https:\/\/narteks.net\/#\/schema\/logo\/image\/"},"sameAs":["https:\/\/x.com\/narteks","https:\/\/instagram.com\/narteksnet"]},{"@type":"Person","@id":"https:\/\/narteks.net\/#\/schema\/person\/61f37d9834294b72d31d274e7ed79bca","name":"Tar\u0131k","image":{"@type":"ImageObject","inLanguage":"tr","@id":"https:\/\/narteks.net\/#\/schema\/person\/image\/","url":"https:\/\/secure.gravatar.com\/avatar\/50865afb55632c4ae467e0af0930f6510aa2297d8014be502a55b14f3b7550cf?s=96&d=mm&r=g","contentUrl":"https:\/\/secure.gravatar.com\/avatar\/50865afb55632c4ae467e0af0930f6510aa2297d8014be502a55b14f3b7550cf?s=96&d=mm&r=g","caption":"Tar\u0131k"},"sameAs":["http:\/\/narteks.net"],"url":"https:\/\/narteks.net\/index.php\/author\/narbak\/"}]}},"_links":{"self":[{"href":"https:\/\/narteks.net\/index.php\/wp-json\/wp\/v2\/posts\/1391","targetHints":{"allow":["GET"]}}],"collection":[{"href":"https:\/\/narteks.net\/index.php\/wp-json\/wp\/v2\/posts"}],"about":[{"href":"https:\/\/narteks.net\/index.php\/wp-json\/wp\/v2\/types\/post"}],"author":[{"embeddable":true,"href":"https:\/\/narteks.net\/index.php\/wp-json\/wp\/v2\/users\/1"}],"replies":[{"embeddable":true,"href":"https:\/\/narteks.net\/index.php\/wp-json\/wp\/v2\/comments?post=1391"}],"version-history":[{"count":0,"href":"https:\/\/narteks.net\/index.php\/wp-json\/wp\/v2\/posts\/1391\/revisions"}],"wp:attachment":[{"href":"https:\/\/narteks.net\/index.php\/wp-json\/wp\/v2\/media?parent=1391"}],"wp:term":[{"taxonomy":"category","embeddable":true,"href":"https:\/\/narteks.net\/index.php\/wp-json\/wp\/v2\/categories?post=1391"},{"taxonomy":"post_tag","embeddable":true,"href":"https:\/\/narteks.net\/index.php\/wp-json\/wp\/v2\/tags?post=1391"}],"curies":[{"name":"wp","href":"https:\/\/api.w.org\/{rel}","templated":true}]}}