{"id":1392,"date":"2009-11-13T14:49:11","date_gmt":"2009-11-13T11:49:11","guid":{"rendered":"http:\/\/localhost\/wordpress\/2009\/11\/13\/gevheri-biyografisi-ve-eserleri\/"},"modified":"2009-11-13T14:49:11","modified_gmt":"2009-11-13T11:49:11","slug":"gevheri-biyografisi-ve-eserleri","status":"publish","type":"post","link":"https:\/\/narteks.net\/index.php\/2009\/11\/13\/gevheri-biyografisi-ve-eserleri\/","title":{"rendered":"Gevheri Biyografisi ve Eserleri"},"content":{"rendered":"<p><strong> <\/strong><img loading=\"lazy\" decoding=\"async\" src=\"http:\/\/www.zerennet.com\/resim\/asik-gevheri.jpg\" border=\"0\" width=\"155\" height=\"205\" style=\"float: left;\" \/>Ela g\u00f6zl\u00fc nazl\u0131 dilber<br \/> Seni kandan sak\u0131nurum<br \/> Kandan de\u011fil hey efendim<br \/> Seni candan sak\u0131nurum<\/p>\n<p>Gevheri der ben bir merdim <br \/>Y\u00fcre\u011fimden \u00e7\u0131kmaz derdim <br \/>Sen bir kuzu ben bir kurdum <br \/>Seni benden sak\u0131nurum<\/p>\n<p><strong> <\/strong>Gevheri<\/p>\n<p style=\"text-align: justify;\"><strong><\/strong><br \/> Ad\u0131 Mehmed&#8217;dir. Do\u011fumu, de\u011fi\u015fik yerlere ba\u011flanmakla birlikte, kuvvetli bir ihtimalle \u0130stanbulludur. Y\u00fczy\u0131l\u0131n ortalar\u0131ndaki mecmualarda \u015fiirlerinin g\u00f6r\u00fclmesinden yola \u00e7\u0131kan ara\u015ft\u0131rmac\u0131lar do\u011fum tarihi olarak y\u00fczy\u0131l\u0131n ilk \u00e7eyre\u011finden biraz sonras\u0131n\u0131 ileri s\u00fcrmektedirler.<\/p>\n<p>Onun, \u0130stanbul ve Bursa&#8217;daki divan katipliklerini, imparatorlu\u011fun di\u011fer b\u00fcy\u00fck memleketlerinde de k\u0131sa aral\u0131klarla y\u00fcr\u00fctt\u00fc\u011f\u00fcne bak\u0131l\u0131rsa medrese tahsili g\u00f6rd\u00fc\u011f\u00fc anla\u015f\u0131lmaktad\u0131r. Aruz ile yazd\u0131\u011f\u0131 \u015fiirlerindeki s\u00f6yleyi\u015f de bunun ba\u015fka bir delildir. \u00d6l\u00fcm\u00fc 1127\/1715 &#8216;ten sonrad\u0131r.<\/p>\n<p>\u015e\u00fckr\u00fc El\u00e7in, baz\u0131 \u015fiirlerinde ge\u00e7en Hac\u0131 Bekta\u015f ad\u0131n\u0131, onun Hac\u0131 Bekta\u015f Veli&#8217;ye intisab\u0131ndan \u00e7ok bir Bekta\u015fi muhibbi olmas\u0131n\u0131n i\u015fareti olarak kabul eder.<\/p>\n<p>Tame\u015fvarl\u0131 \u0130brahim Naimeddin&#8217;in Hadikat\u00fc&#8217;\u015f \u015e\u00fcheda ve M\u00fcstakimzade&#8217;nin Tuhfe-i Hattatin adl\u0131 eserinde ad\u0131 ge\u00e7mektedir. Musiki ile de ilgilenmi\u015f olan Gevheri&#8217;nin kendi ad\u0131n\u0131 ta\u015f\u0131yan bir de hava vard\u0131r.<\/p>\n<p>Aruz ile yazd\u0131\u011f\u0131 \u015fiirlerinde ba\u015fta Fuzuli olmak \u00fczere klasik \u015fairlerimizin tesiri g\u00f6r\u00fcl\u00fcr. Y\u00fczy\u0131l\u0131n ba\u015fl\u0131ca adlar\u0131ndan biri olmas\u0131nda, belki de, aruz veznini hece vezni kadar ba\u015far\u0131l\u0131 bir \u015fekilde kullanan ender \u015fairlerden biri olmas\u0131n\u0131 da rol\u00fc vard\u0131r.<\/p>\n<p>Usta bir a\u015f\u0131k olmas\u0131, onun sevilip \u00f6rnek al\u0131nmas\u0131na vesile olmu\u015ftur. Pek az a\u015f\u0131\u011fa nasip olan bir husus da, sadece onun \u015fiirlerine yer veren bir mecmuan\u0131n bulunmas\u0131d\u0131r.<\/p>\n<p>\u015eiirleri aras\u0131nda \u00e7e\u015fitli tarihi olaylara yer verenler de vard\u0131r. Avusturya&#8217;ya kar\u015f\u0131 a\u00e7\u0131lan 1663 ve 1689 seferleri i\u00e7in s\u00f6yledi\u011fi \u015fiirlerini bu arada sayabiliriz.<\/p>\n<p>\u015eairname&#8217;lerden sadece Gubari&#8217;de ad\u0131 ge\u00e7mektedir; Sun&#8217;i ve H\u0131zri&#8217;de ise Cevheri ad\u0131yla kay\u0131tl\u0131 olan \u015fairin Gevheri olmas\u0131 muhakkakt\u0131r.<\/p>\n<p>Eserlerinden baz\u0131lar\u0131:<\/p>\n<p>1<br \/>Ela g\u00f6zl\u00fc nazl\u0131 dilber<br \/>Seni kandan sak\u0131nurum<br \/>Kandan de\u011fil hey efendim<br \/>Seni candan sak\u0131nurum<\/p>\n<p>O yana bu yana bakma <br \/>Beni ate\u015flere yakma <br \/>Elini koynuna sokma <br \/>Seni senden sak\u0131nurum<\/p>\n<p>Gevheri der ben bir merdim <br \/>Y\u00fcre\u011fimden \u00e7\u0131kmaz derdim <br \/>Sen bir kuzu ben bir kurdum <br \/>Seni benden sak\u0131nurum<\/p>\n<p>2<br \/>Dost ba\u011f\u0131n\u0131n meyveleri eri\u015fti<br \/>Ayva benim alma benim nar benim <br \/>\u00c7e\u015fmim ya\u015f\u0131 ummanlara kar\u0131\u015ft\u0131 <br \/>Cefakar\u0131m sitemkar\u0131m var benim<\/p>\n<p>Yedi derya boz-bulan\u0131k selinden <br \/>Halk-\u0131 alem aciz kald\u0131 dilimden<br \/>Ben b\u00fclb\u00fcl\u00fcm ayr\u0131 d\u00fc\u015ft\u00fcm g\u00fcl\u00fcmden <br \/>Efgan benim matem benim zar benim<\/p>\n<p>Mail oldum kisvesine tac\u0131na<br \/>Bend olmu\u015fum siyah z\u00fclf\u00fc ucuna <br \/>Mansur gibi as\u0131l\u0131r\u0131m sa\u00e7\u0131na<br \/>Kak\u00fcl benim, per\u00e7em benim dar benim<\/p>\n<p>Gevheri der kime g\u00f6n\u00fcl katay\u0131m <br \/>Gevherimi nadanlara satay\u0131m<br \/>Dost ba\u011f\u0131nda b\u00fclb\u00fcl gibi \u00f6teyim <br \/>G\u00fcl\u015fen benim g\u00fcller benim har benim<\/p>\n<p>3<br \/>\u015eunda bir g\u00fczele g\u00f6n\u00fcl d\u00fc\u015f\u00fcrd\u00fcm <br \/>\u00d6pmeli kocmal\u0131 de\u011fmeli de\u011fil<br \/>A\u015fk\u0131n deryas\u0131n\u0131 boydan a\u015f\u0131rd\u0131m <br \/>Karad\u0131r g\u00f6zleri s\u00fcrmeli de\u011fil<\/p>\n<p>Dilber senin ile yiy\u00fcp i\u00e7medim<br \/>Yiy\u00fcp i\u00e7\u00fcp ak g\u00f6\u011fs\u00fcn\u00fc a\u00e7mad\u0131m<br \/>F\u0131rsat elde iken bel in ko\u00e7mad\u0131m <br \/>Beni \u00f6ld\u00fcrmeli d\u00f6\u011fmeli de\u011fil<\/p>\n<p>Dilber haram olup yola durmu\u015fsun <br \/>CeIlad olup cana ba\u015fa k\u0131ym\u0131\u015fs\u0131n <br \/>Kuzum bu g\u00fcn al hareler giymi\u015fsin <br \/>G\u00f6\u011fs\u00fc s\u0131ra s\u0131ra d\u00fc\u011fmeli de\u011fil<\/p>\n<p>Gevheri der yola durur var\u0131rlar <br \/>Adam \u00f6ld\u00fcr\u00fcrler kana girerler<br \/>\u00c7ok g\u00fczeller g\u00f6rd\u00fcm zekat verirler <br \/>Zekats\u0131z dilberi sevmeli de\u011fil<br \/> 4<br \/>Bu g\u00fcn ben bir ba\u011fa girdim <br \/>Ne ba\u011f duydu ne ba\u011fbanc\u0131 <br \/>G\u00fcl\u00fcn \u015feftalisin derdim<br \/>Ne ba\u011f duydu ne ba\u011fbanc\u0131<\/p>\n<p>Ba\u011f\u0131n duvar\u0131ndan a\u015ft\u0131m<br \/>K\u0131rm\u0131z\u0131 g\u00fcl\u00fcne ko\u015ftum<br \/>\u00d6pt\u00fcm sard\u0131m helalla\u015ft\u0131m<br \/>Ne ba\u011f duydu ne ba\u011fbanc\u0131<\/p>\n<p>Ba\u011f\u0131n kapusunu a\u00e7t\u0131m<br \/>Sanas\u0131n cennete d\u00fc\u015ft\u00fcm <br \/>Doldurdum badesin i\u00e7tim<br \/>Ne ba\u011f duydu ne ba\u011fbanc\u0131<\/p>\n<p>Seherin tan yeri att\u0131<br \/>B\u00fclb\u00fcl elvan elvan att\u0131<br \/>Gevheri y\u00fck\u00fcn\u00fc tuttu<br \/>Ne ba\u011f duydu ne ba\u011fbanc\u0131<\/p>\n<p>5<br \/>Ah elinden z\u00fclf-i kemendim benim <br \/>M\u00fcjen urdu sinem yaraland\u0131 gel <br \/>G\u00fczel ba\u015f\u0131n i\u00e7\u00fcn a\u011flatma beni <br \/>Dilber gam ba\u015f\u0131mdan araland\u0131 gel<\/p>\n<p>Gamdan hasar oldu mekan\u0131m yurdum <br \/>\u0130\u015fid\u00fcp avaz\u0131m dinlemez virdim<br \/>Bir de\u011fil be\u015f de\u011fil on de\u011fil derdim <br \/>Yaralar ba\u015f verdi s\u0131raland\u0131 gel<\/p>\n<p>Aceb gafil midir gel\u00fcr m\u00fc Leyla <br \/>Bu gam bu kasavet kalur mu b\u00f6yle <br \/>\u00c7ok tuz ekmek yedik gel helal eyle <br \/>Bu garibin g\u00f6nl\u00fc zarelendi gel<\/p>\n<p>Gevheri yar gel\u00fcr haftada ayda <br \/>Sev\u00fcp ayr\u0131lmas\u0131 vermeyor fayda <br \/>Ba\u015f\u0131m yast\u0131ktad\u0131r g\u00f6zlerim yolda <br \/>G\u00f6z\u00fcm\u00fcn beyaz\u0131 karaland\u0131 gel<\/p>\n","protected":false},"excerpt":{"rendered":"<p>Ela g\u00f6zl\u00fc nazl\u0131 dilber Seni kandan sak\u0131nurum Kandan de\u011fil hey efendim Seni candan sak\u0131nurum Gevheri der ben bir merdim Y\u00fcre\u011fimden \u00e7\u0131kmaz derdim Sen bir kuzu ben bir kurdum Seni benden sak\u0131nurum Gevheri Ad\u0131 Mehmed&#8217;dir. Do\u011fumu, de\u011fi\u015fik yerlere ba\u011flanmakla birlikte, kuvvetli bir ihtimalle \u0130stanbulludur. Y\u00fczy\u0131l\u0131n ortalar\u0131ndaki mecmualarda \u015fiirlerinin g\u00f6r\u00fclmesinden yola \u00e7\u0131kan ara\u015ft\u0131rmac\u0131lar do\u011fum tarihi olarak y\u00fczy\u0131l\u0131n [&hellip;]<\/p>\n","protected":false},"author":1,"featured_media":0,"comment_status":"open","ping_status":"open","sticky":false,"template":"","format":"standard","meta":{"footnotes":""},"categories":[172],"tags":[],"class_list":{"0":"post-1392","1":"post","2":"type-post","3":"status-publish","4":"format-standard","6":"category-ozanlar-ve-eserleri"},"yoast_head":"<!-- This site is optimized with the Yoast SEO Premium plugin v24.9 (Yoast SEO v24.9) - https:\/\/yoast.com\/wordpress\/plugins\/seo\/ -->\n<title>Gevheri Biyografisi ve Eserleri - narteks.net<\/title>\n<meta name=\"robots\" content=\"index, follow, max-snippet:-1, max-image-preview:large, max-video-preview:-1\" \/>\n<link rel=\"canonical\" href=\"https:\/\/narteks.net\/index.php\/2009\/11\/13\/gevheri-biyografisi-ve-eserleri\/\" \/>\n<meta property=\"og:locale\" content=\"tr_TR\" \/>\n<meta property=\"og:type\" content=\"article\" \/>\n<meta property=\"og:title\" content=\"Gevheri Biyografisi ve Eserleri\" \/>\n<meta property=\"og:description\" content=\"Ela g\u00f6zl\u00fc nazl\u0131 dilber Seni kandan sak\u0131nurum Kandan de\u011fil hey efendim Seni candan sak\u0131nurum Gevheri der ben bir merdim Y\u00fcre\u011fimden \u00e7\u0131kmaz derdim Sen bir kuzu ben bir kurdum Seni benden sak\u0131nurum Gevheri Ad\u0131 Mehmed&#8217;dir. Do\u011fumu, de\u011fi\u015fik yerlere ba\u011flanmakla birlikte, kuvvetli bir ihtimalle \u0130stanbulludur. Y\u00fczy\u0131l\u0131n ortalar\u0131ndaki mecmualarda \u015fiirlerinin g\u00f6r\u00fclmesinden yola \u00e7\u0131kan ara\u015ft\u0131rmac\u0131lar do\u011fum tarihi olarak y\u00fczy\u0131l\u0131n [&hellip;]\" \/>\n<meta property=\"og:url\" content=\"https:\/\/narteks.net\/index.php\/2009\/11\/13\/gevheri-biyografisi-ve-eserleri\/\" \/>\n<meta property=\"og:site_name\" content=\"narteks.net\" \/>\n<meta property=\"article:published_time\" content=\"2009-11-13T11:49:11+00:00\" \/>\n<meta property=\"og:image\" content=\"http:\/\/www.zerennet.com\/resim\/asik-gevheri.jpg\" \/>\n<meta name=\"author\" content=\"Tar\u0131k\" \/>\n<meta name=\"twitter:card\" content=\"summary_large_image\" \/>\n<meta name=\"twitter:creator\" content=\"@narteks\" \/>\n<meta name=\"twitter:site\" content=\"@narteks\" \/>\n<meta name=\"twitter:label1\" content=\"Yazan:\" \/>\n\t<meta name=\"twitter:data1\" content=\"Tar\u0131k\" \/>\n\t<meta name=\"twitter:label2\" content=\"Tahmini okuma s\u00fcresi\" \/>\n\t<meta name=\"twitter:data2\" content=\"4 dakika\" \/>\n<script type=\"application\/ld+json\" class=\"yoast-schema-graph\">{\"@context\":\"https:\/\/schema.org\",\"@graph\":[{\"@type\":\"Article\",\"@id\":\"https:\/\/narteks.net\/index.php\/2009\/11\/13\/gevheri-biyografisi-ve-eserleri\/#article\",\"isPartOf\":{\"@id\":\"https:\/\/narteks.net\/index.php\/2009\/11\/13\/gevheri-biyografisi-ve-eserleri\/\"},\"author\":{\"name\":\"Tar\u0131k\",\"@id\":\"https:\/\/narteks.net\/#\/schema\/person\/61f37d9834294b72d31d274e7ed79bca\"},\"headline\":\"Gevheri Biyografisi ve Eserleri\",\"datePublished\":\"2009-11-13T11:49:11+00:00\",\"mainEntityOfPage\":{\"@id\":\"https:\/\/narteks.net\/index.php\/2009\/11\/13\/gevheri-biyografisi-ve-eserleri\/\"},\"wordCount\":819,\"commentCount\":0,\"publisher\":{\"@id\":\"https:\/\/narteks.net\/#organization\"},\"image\":{\"@id\":\"https:\/\/narteks.net\/index.php\/2009\/11\/13\/gevheri-biyografisi-ve-eserleri\/#primaryimage\"},\"thumbnailUrl\":\"http:\/\/www.zerennet.com\/resim\/asik-gevheri.jpg\",\"articleSection\":[\"Ozanlar ve Eserleri\"],\"inLanguage\":\"tr\",\"potentialAction\":[{\"@type\":\"CommentAction\",\"name\":\"Comment\",\"target\":[\"https:\/\/narteks.net\/index.php\/2009\/11\/13\/gevheri-biyografisi-ve-eserleri\/#respond\"]}]},{\"@type\":\"WebPage\",\"@id\":\"https:\/\/narteks.net\/index.php\/2009\/11\/13\/gevheri-biyografisi-ve-eserleri\/\",\"url\":\"https:\/\/narteks.net\/index.php\/2009\/11\/13\/gevheri-biyografisi-ve-eserleri\/\",\"name\":\"Gevheri Biyografisi ve Eserleri - narteks.net\",\"isPartOf\":{\"@id\":\"https:\/\/narteks.net\/#website\"},\"primaryImageOfPage\":{\"@id\":\"https:\/\/narteks.net\/index.php\/2009\/11\/13\/gevheri-biyografisi-ve-eserleri\/#primaryimage\"},\"image\":{\"@id\":\"https:\/\/narteks.net\/index.php\/2009\/11\/13\/gevheri-biyografisi-ve-eserleri\/#primaryimage\"},\"thumbnailUrl\":\"http:\/\/www.zerennet.com\/resim\/asik-gevheri.jpg\",\"datePublished\":\"2009-11-13T11:49:11+00:00\",\"breadcrumb\":{\"@id\":\"https:\/\/narteks.net\/index.php\/2009\/11\/13\/gevheri-biyografisi-ve-eserleri\/#breadcrumb\"},\"inLanguage\":\"tr\",\"potentialAction\":[{\"@type\":\"ReadAction\",\"target\":[\"https:\/\/narteks.net\/index.php\/2009\/11\/13\/gevheri-biyografisi-ve-eserleri\/\"]}]},{\"@type\":\"ImageObject\",\"inLanguage\":\"tr\",\"@id\":\"https:\/\/narteks.net\/index.php\/2009\/11\/13\/gevheri-biyografisi-ve-eserleri\/#primaryimage\",\"url\":\"http:\/\/www.zerennet.com\/resim\/asik-gevheri.jpg\",\"contentUrl\":\"http:\/\/www.zerennet.com\/resim\/asik-gevheri.jpg\"},{\"@type\":\"BreadcrumbList\",\"@id\":\"https:\/\/narteks.net\/index.php\/2009\/11\/13\/gevheri-biyografisi-ve-eserleri\/#breadcrumb\",\"itemListElement\":[{\"@type\":\"ListItem\",\"position\":1,\"name\":\"Anasayfa\",\"item\":\"https:\/\/narteks.net\/\"},{\"@type\":\"ListItem\",\"position\":2,\"name\":\"Gevheri Biyografisi ve Eserleri\"}]},{\"@type\":\"WebSite\",\"@id\":\"https:\/\/narteks.net\/#website\",\"url\":\"https:\/\/narteks.net\/\",\"name\":\"narteks.net\",\"description\":\"K\u00fclt\u00fcr Sanat Edebiyat Felsefe\",\"publisher\":{\"@id\":\"https:\/\/narteks.net\/#organization\"},\"alternateName\":\"K\u00fclt\u00fcr Sanat Edebiyat Felsefe\",\"potentialAction\":[{\"@type\":\"SearchAction\",\"target\":{\"@type\":\"EntryPoint\",\"urlTemplate\":\"https:\/\/narteks.net\/?s={search_term_string}\"},\"query-input\":{\"@type\":\"PropertyValueSpecification\",\"valueRequired\":true,\"valueName\":\"search_term_string\"}}],\"inLanguage\":\"tr\"},{\"@type\":\"Organization\",\"@id\":\"https:\/\/narteks.net\/#organization\",\"name\":\"narteks.net\",\"url\":\"https:\/\/narteks.net\/\",\"logo\":{\"@type\":\"ImageObject\",\"inLanguage\":\"tr\",\"@id\":\"https:\/\/narteks.net\/#\/schema\/logo\/image\/\",\"url\":\"https:\/\/narteks.net\/wp-content\/uploads\/narteks.png\",\"contentUrl\":\"https:\/\/narteks.net\/wp-content\/uploads\/narteks.png\",\"width\":300,\"height\":90,\"caption\":\"narteks.net\"},\"image\":{\"@id\":\"https:\/\/narteks.net\/#\/schema\/logo\/image\/\"},\"sameAs\":[\"https:\/\/x.com\/narteks\",\"https:\/\/instagram.com\/narteksnet\"]},{\"@type\":\"Person\",\"@id\":\"https:\/\/narteks.net\/#\/schema\/person\/61f37d9834294b72d31d274e7ed79bca\",\"name\":\"Tar\u0131k\",\"image\":{\"@type\":\"ImageObject\",\"inLanguage\":\"tr\",\"@id\":\"https:\/\/narteks.net\/#\/schema\/person\/image\/\",\"url\":\"https:\/\/secure.gravatar.com\/avatar\/50865afb55632c4ae467e0af0930f6510aa2297d8014be502a55b14f3b7550cf?s=96&d=mm&r=g\",\"contentUrl\":\"https:\/\/secure.gravatar.com\/avatar\/50865afb55632c4ae467e0af0930f6510aa2297d8014be502a55b14f3b7550cf?s=96&d=mm&r=g\",\"caption\":\"Tar\u0131k\"},\"sameAs\":[\"http:\/\/narteks.net\"],\"url\":\"https:\/\/narteks.net\/index.php\/author\/narbak\/\"}]}<\/script>\n<!-- \/ Yoast SEO Premium plugin. -->","yoast_head_json":{"title":"Gevheri Biyografisi ve Eserleri - narteks.net","robots":{"index":"index","follow":"follow","max-snippet":"max-snippet:-1","max-image-preview":"max-image-preview:large","max-video-preview":"max-video-preview:-1"},"canonical":"https:\/\/narteks.net\/index.php\/2009\/11\/13\/gevheri-biyografisi-ve-eserleri\/","og_locale":"tr_TR","og_type":"article","og_title":"Gevheri Biyografisi ve Eserleri","og_description":"Ela g\u00f6zl\u00fc nazl\u0131 dilber Seni kandan sak\u0131nurum Kandan de\u011fil hey efendim Seni candan sak\u0131nurum Gevheri der ben bir merdim Y\u00fcre\u011fimden \u00e7\u0131kmaz derdim Sen bir kuzu ben bir kurdum Seni benden sak\u0131nurum Gevheri Ad\u0131 Mehmed&#8217;dir. Do\u011fumu, de\u011fi\u015fik yerlere ba\u011flanmakla birlikte, kuvvetli bir ihtimalle \u0130stanbulludur. Y\u00fczy\u0131l\u0131n ortalar\u0131ndaki mecmualarda \u015fiirlerinin g\u00f6r\u00fclmesinden yola \u00e7\u0131kan ara\u015ft\u0131rmac\u0131lar do\u011fum tarihi olarak y\u00fczy\u0131l\u0131n [&hellip;]","og_url":"https:\/\/narteks.net\/index.php\/2009\/11\/13\/gevheri-biyografisi-ve-eserleri\/","og_site_name":"narteks.net","article_published_time":"2009-11-13T11:49:11+00:00","og_image":[{"url":"http:\/\/www.zerennet.com\/resim\/asik-gevheri.jpg","type":"","width":"","height":""}],"author":"Tar\u0131k","twitter_card":"summary_large_image","twitter_creator":"@narteks","twitter_site":"@narteks","twitter_misc":{"Yazan:":"Tar\u0131k","Tahmini okuma s\u00fcresi":"4 dakika"},"schema":{"@context":"https:\/\/schema.org","@graph":[{"@type":"Article","@id":"https:\/\/narteks.net\/index.php\/2009\/11\/13\/gevheri-biyografisi-ve-eserleri\/#article","isPartOf":{"@id":"https:\/\/narteks.net\/index.php\/2009\/11\/13\/gevheri-biyografisi-ve-eserleri\/"},"author":{"name":"Tar\u0131k","@id":"https:\/\/narteks.net\/#\/schema\/person\/61f37d9834294b72d31d274e7ed79bca"},"headline":"Gevheri Biyografisi ve Eserleri","datePublished":"2009-11-13T11:49:11+00:00","mainEntityOfPage":{"@id":"https:\/\/narteks.net\/index.php\/2009\/11\/13\/gevheri-biyografisi-ve-eserleri\/"},"wordCount":819,"commentCount":0,"publisher":{"@id":"https:\/\/narteks.net\/#organization"},"image":{"@id":"https:\/\/narteks.net\/index.php\/2009\/11\/13\/gevheri-biyografisi-ve-eserleri\/#primaryimage"},"thumbnailUrl":"http:\/\/www.zerennet.com\/resim\/asik-gevheri.jpg","articleSection":["Ozanlar ve Eserleri"],"inLanguage":"tr","potentialAction":[{"@type":"CommentAction","name":"Comment","target":["https:\/\/narteks.net\/index.php\/2009\/11\/13\/gevheri-biyografisi-ve-eserleri\/#respond"]}]},{"@type":"WebPage","@id":"https:\/\/narteks.net\/index.php\/2009\/11\/13\/gevheri-biyografisi-ve-eserleri\/","url":"https:\/\/narteks.net\/index.php\/2009\/11\/13\/gevheri-biyografisi-ve-eserleri\/","name":"Gevheri Biyografisi ve Eserleri - narteks.net","isPartOf":{"@id":"https:\/\/narteks.net\/#website"},"primaryImageOfPage":{"@id":"https:\/\/narteks.net\/index.php\/2009\/11\/13\/gevheri-biyografisi-ve-eserleri\/#primaryimage"},"image":{"@id":"https:\/\/narteks.net\/index.php\/2009\/11\/13\/gevheri-biyografisi-ve-eserleri\/#primaryimage"},"thumbnailUrl":"http:\/\/www.zerennet.com\/resim\/asik-gevheri.jpg","datePublished":"2009-11-13T11:49:11+00:00","breadcrumb":{"@id":"https:\/\/narteks.net\/index.php\/2009\/11\/13\/gevheri-biyografisi-ve-eserleri\/#breadcrumb"},"inLanguage":"tr","potentialAction":[{"@type":"ReadAction","target":["https:\/\/narteks.net\/index.php\/2009\/11\/13\/gevheri-biyografisi-ve-eserleri\/"]}]},{"@type":"ImageObject","inLanguage":"tr","@id":"https:\/\/narteks.net\/index.php\/2009\/11\/13\/gevheri-biyografisi-ve-eserleri\/#primaryimage","url":"http:\/\/www.zerennet.com\/resim\/asik-gevheri.jpg","contentUrl":"http:\/\/www.zerennet.com\/resim\/asik-gevheri.jpg"},{"@type":"BreadcrumbList","@id":"https:\/\/narteks.net\/index.php\/2009\/11\/13\/gevheri-biyografisi-ve-eserleri\/#breadcrumb","itemListElement":[{"@type":"ListItem","position":1,"name":"Anasayfa","item":"https:\/\/narteks.net\/"},{"@type":"ListItem","position":2,"name":"Gevheri Biyografisi ve Eserleri"}]},{"@type":"WebSite","@id":"https:\/\/narteks.net\/#website","url":"https:\/\/narteks.net\/","name":"narteks.net","description":"K\u00fclt\u00fcr Sanat Edebiyat Felsefe","publisher":{"@id":"https:\/\/narteks.net\/#organization"},"alternateName":"K\u00fclt\u00fcr Sanat Edebiyat Felsefe","potentialAction":[{"@type":"SearchAction","target":{"@type":"EntryPoint","urlTemplate":"https:\/\/narteks.net\/?s={search_term_string}"},"query-input":{"@type":"PropertyValueSpecification","valueRequired":true,"valueName":"search_term_string"}}],"inLanguage":"tr"},{"@type":"Organization","@id":"https:\/\/narteks.net\/#organization","name":"narteks.net","url":"https:\/\/narteks.net\/","logo":{"@type":"ImageObject","inLanguage":"tr","@id":"https:\/\/narteks.net\/#\/schema\/logo\/image\/","url":"https:\/\/narteks.net\/wp-content\/uploads\/narteks.png","contentUrl":"https:\/\/narteks.net\/wp-content\/uploads\/narteks.png","width":300,"height":90,"caption":"narteks.net"},"image":{"@id":"https:\/\/narteks.net\/#\/schema\/logo\/image\/"},"sameAs":["https:\/\/x.com\/narteks","https:\/\/instagram.com\/narteksnet"]},{"@type":"Person","@id":"https:\/\/narteks.net\/#\/schema\/person\/61f37d9834294b72d31d274e7ed79bca","name":"Tar\u0131k","image":{"@type":"ImageObject","inLanguage":"tr","@id":"https:\/\/narteks.net\/#\/schema\/person\/image\/","url":"https:\/\/secure.gravatar.com\/avatar\/50865afb55632c4ae467e0af0930f6510aa2297d8014be502a55b14f3b7550cf?s=96&d=mm&r=g","contentUrl":"https:\/\/secure.gravatar.com\/avatar\/50865afb55632c4ae467e0af0930f6510aa2297d8014be502a55b14f3b7550cf?s=96&d=mm&r=g","caption":"Tar\u0131k"},"sameAs":["http:\/\/narteks.net"],"url":"https:\/\/narteks.net\/index.php\/author\/narbak\/"}]}},"_links":{"self":[{"href":"https:\/\/narteks.net\/index.php\/wp-json\/wp\/v2\/posts\/1392","targetHints":{"allow":["GET"]}}],"collection":[{"href":"https:\/\/narteks.net\/index.php\/wp-json\/wp\/v2\/posts"}],"about":[{"href":"https:\/\/narteks.net\/index.php\/wp-json\/wp\/v2\/types\/post"}],"author":[{"embeddable":true,"href":"https:\/\/narteks.net\/index.php\/wp-json\/wp\/v2\/users\/1"}],"replies":[{"embeddable":true,"href":"https:\/\/narteks.net\/index.php\/wp-json\/wp\/v2\/comments?post=1392"}],"version-history":[{"count":0,"href":"https:\/\/narteks.net\/index.php\/wp-json\/wp\/v2\/posts\/1392\/revisions"}],"wp:attachment":[{"href":"https:\/\/narteks.net\/index.php\/wp-json\/wp\/v2\/media?parent=1392"}],"wp:term":[{"taxonomy":"category","embeddable":true,"href":"https:\/\/narteks.net\/index.php\/wp-json\/wp\/v2\/categories?post=1392"},{"taxonomy":"post_tag","embeddable":true,"href":"https:\/\/narteks.net\/index.php\/wp-json\/wp\/v2\/tags?post=1392"}],"curies":[{"name":"wp","href":"https:\/\/api.w.org\/{rel}","templated":true}]}}