{"id":1393,"date":"2009-11-13T14:50:39","date_gmt":"2009-11-13T11:50:39","guid":{"rendered":"http:\/\/localhost\/wordpress\/2009\/11\/13\/karacaolan-biyografisi-ve-eserleri\/"},"modified":"2009-11-13T14:50:39","modified_gmt":"2009-11-13T11:50:39","slug":"karacaolan-biyografisi-ve-eserleri","status":"publish","type":"post","link":"https:\/\/narteks.net\/index.php\/2009\/11\/13\/karacaolan-biyografisi-ve-eserleri\/","title":{"rendered":"Karacao\u011flan Biyografisi ve Eserleri"},"content":{"rendered":"<p style=\"text-align: justify;\"><strong> <\/strong><img loading=\"lazy\" decoding=\"async\" src=\"http:\/\/www.ulkumturan.com\/karacaoglan.jpg\" border=\"0\" width=\"155\" height=\"205\" style=\"float: left;\" \/>Vara vara vard\u0131m ol kara ta\u015fa<br \/> Hasret ettin beni kavim karda\u015fa<br \/> Sebep ne g\u00f6zden akan kanl\u0131 ya\u015fa<br \/> Bir ayr\u0131l\u0131k bir yoksulluk bir \u00f6l\u00fcm<\/p>\n<p> Karac&#8217;o\u011flan der ki kondum g\u00f6\u00e7\u00fclmez<br \/> Ac\u0131d\u0131r ecel \u015ferbeti i\u00e7ilmez<br \/> \u00dc\u00e7 derdim var birbirinden se\u00e7ilmez<br \/> Bir ayr\u0131l\u0131k bir yoksulluk bir \u00f6l\u00fcm<br \/><strong> <\/strong>Karacao\u011flan<\/p>\n<p> T\u00fcrk halk \u015fairi. Etkileyici bir dil ve duygu evreni kurdu\u011fu \u015fiirleriyle T\u00fcrk halk \u015fiiri gelene\u011finde \u00e7\u0131\u011f\u0131r a\u00e7m\u0131\u015ft\u0131r.<\/p>\n<p> 1606&#8242; do\u011fdu\u011fu, 1679&#8217;da ya da 1689&#8217;da \u00f6ld\u00fc\u011f\u00fc san\u0131lmaktad\u0131r. Ya\u015fam\u0131 \u00fcst\u00fcne kesin bilgi yoktur. Bug\u00fcne de\u011fin yap\u0131lan inceleme ve ara\u015ft\u0131rmalara g\u00f6re 17.yy&#8217;da ya\u015fam\u0131\u015ft\u0131r. Nereli oldu\u011fu \u00fcst\u00fcne de\u011fi\u015fik g\u00f6r\u00fc\u015fler \u00f6ne s\u00fcr\u00fclm\u00fc\u015ft\u00fcr. Baz\u0131lar\u0131 Kozan Da\u011f\u0131 yak\u0131n\u0131ndaki Bah\u00e7e il\u00e7esinin Varsak (Farsak) k\u00f6y\u00fcnde do\u011fdu\u011funu s\u00f6ylerler. Baz\u0131lar\u0131 da Osmaniye ili D\u00fczi\u00e7i\u00a0 il\u00e7esinin Farsak k\u00f6y\u00fcnde do\u011fdu\u011funu s\u00f6ylerler*.\u00a0 Gaziantep&#8217;in Barak T\u00fcrkmenleri de, Kilis&#8217;in Musabeyli buca\u011f\u0131nda ya\u015fayan \u00c7avu\u015flu T\u00fcrkmenleri de onu kendi a\u015firetlerinden sayarlar. Bir ba\u015fka s\u00f6ylentiye g\u00f6re Kozan&#8217;a ba\u011fl\u0131 Feke il\u00e7esinin G\u00f6k\u00e7e k\u00f6y\u00fcndendir. Bat\u0131 Anadolu&#8217;da ya\u015fayan Karake\u00e7ili a\u015fireti onu kendinden sayar. Mersin&#8217;in Silifke, Mut, G\u00fclnar il\u00e7elerinin k\u00f6ylerinde, o y\u00f6reden oldu\u011fu ileri s\u00fcr\u00fcl\u00fcr. Bir menk\u0131beye g\u00f6re de Belgradl\u0131 oldu\u011fu s\u00f6ylenir. Bu kaynaklardan ve \u015fiirlerinden edinilen bilgilerden \u00e7\u0131kar\u0131lan, onun \u00c7ukurova&#8217;da do\u011fup, y\u00f6renin T\u00fcrkmen a\u015firetleri aras\u0131nda ya\u015fad\u0131\u011f\u0131d\u0131r.<\/p>\n<p> Ad\u0131 baz\u0131 kaynaklarda Simayil, kendi \u015fiirlerinden baz\u0131s\u0131nda ise Halil ve Hasan olarak ge\u00e7er. Ak\u015fehirli Hoca Hamdi Efendi&#8217;nin an\u0131lar\u0131na g\u00f6re Karacao\u011flan yetim b\u00fcy\u00fcd\u00fc. \u00c7irkin bir k\u0131zla evlendirilmek, babas\u0131 gibi \u00f6m\u00fcr boyu askere al\u0131nmak korkusu ve o s\u0131ralarda \u00c7ukurova&#8217;da derebeyi olan Kazano\u011fullar\u0131 ile aras\u0131n\u0131n a\u00e7\u0131lmas\u0131 sonucu gen\u00e7 ya\u015fta gurbete \u00e7\u0131kt\u0131. \u0130ki k\u0131z karde\u015fini de yan\u0131nda g\u00f6t\u00fcrd\u00fc\u011f\u00fcn\u00fc, Bursa&#8217;ya, hatta \u0130stanbul&#8217;a gitti\u011fini belirten \u015fiirleri vard\u0131r. Yine bu \u015fiirlerinden anla\u015f\u0131ld\u0131\u011f\u0131na g\u00f6re, Bursa&#8217;da ev bark sahibi oldu, evlat ac\u0131s\u0131 g\u00f6rd\u00fc. Anadolu&#8217;nun \u00e7e\u015fitli illerini gezdi\u011fi, Rumeli&#8217;ye ge\u00e7ti\u011fi, M\u0131s\u0131r ve Trablus&#8217;a gitti\u011fi de san\u0131l\u0131yor. Ya\u015fam\u0131n\u0131n b\u00fcy\u00fck bir b\u00f6l\u00fcm\u00fcn\u00fc \u00c7ukurova, Mara\u015f, Gaziantep y\u00f6relerinde ge\u00e7irdi.<\/p>\n<p> Do\u011fum yeri gibi, \u00f6l\u00fcm yeri de kesin olarak bilinmemektedir. \u015eiirlerinden, \u00e7ok uzun ya\u015fad\u0131\u011f\u0131 anla\u015f\u0131lmaktad\u0131r. Hoca Hamdi Efendi&#8217;nin an\u0131lar\u0131na g\u00f6re Mara\u015f&#8217;taki Cezel Yaylas\u0131&#8217;nda doksan alt\u0131 ya\u015f\u0131nda \u00f6lm\u00fc\u015ft\u00fcr. En son bulgulara g\u00f6re ise mezar\u0131n\u0131n \u0130\u00e7el&#8217;in Mut il\u00e7esinin \u00c7ukur k\u00f6y\u00fcndeki Karacao\u011flan Tepesi denilen yerde oldu\u011fu san\u0131lmaktad\u0131r.<\/p>\n<p> Karacao\u011flan Osmanl\u0131 Devleti&#8217;nin iktisadi bunal\u0131mlar ve i\u00e7 kar\u0131\u015f\u0131kl\u0131klar i\u00e7inde bulundu\u011fu bir \u00e7a\u011fda ya\u015fam\u0131\u015ft\u0131r. \u015eiirinin kayna\u011f\u0131n\u0131, do\u011fup b\u00fcy\u00fcd\u00fc\u011f\u00fc g\u00f6\u00e7ebe toplumunun gelenekleri ve i\u00e7inde ya\u015fad\u0131\u011f\u0131, yurt edindi\u011fi do\u011fa olu\u015fturur. G\u00fcneydo\u011fu Anadolu, \u00c7ukurova, Toroslar ve Gavurda\u011flar\u0131 y\u00f6relerinde ya\u015fayan T\u00fcrkmen a\u015firetlerinin ya\u015fay\u0131\u015f, duyu\u015f ve d\u00fc\u015f\u00fcn\u00fc\u015f \u00f6zellikleri, onun ki\u015fili\u011fi ile birle\u015ferek \u00e2\u015f\u0131k edebiyat\u0131na yepyeni bir s\u00f6yleyi\u015f getirir. Anadolu halk\u0131n\u0131n 17.yy&#8217;da \u00e7ekti\u011fi ac\u0131lar, g\u00f6\u00e7ebe ya\u015fant\u0131s\u0131n\u0131n yokluklar\u0131, \u00e7ileleri, \u00e7aresizlikleri, \u015fiirinde yer almaz.<\/p>\n<p> \u015eiirlerindeki insana d\u00f6n\u00fckl\u00fc\u011f\u00fcn\u00fcn \u00f6z\u00fcnde belirgin olan tema do\u011fa ve a\u015fkt\u0131r. Ayr\u0131l\u0131k, gurbet, s\u0131la \u00f6zlemi, \u00f6l\u00fcm ise \u015fiirinin bu b\u00fct\u00fcnselli\u011fi i\u00e7inde beliren ba\u015fka temalard\u0131r. Duygulan\u0131\u015flar\u0131n\u0131 ger\u00e7ek\u00e7i bi\u00e7imde dile getirir. D\u00fc\u015f\u00fcnd\u00fcklerini a\u00e7\u0131k, anla\u015f\u0131l\u0131r bir dille ortaya koyar. Ac\u0131, ayr\u0131l\u0131k, \u00f6l\u00fcm temalar\u0131n\u0131 i\u015fledi\u011fi \u015fiirlerinde de bu \u00f6zelli\u011fi g\u00f6ze \u00e7arpar. D\u00fc\u015ften \u00e7ok ger\u00e7e\u011fe yaslan\u0131r. \u00c7\u0131k\u0131\u015f noktas\u0131 ya\u015fanm\u0131\u015fl\u0131kt\u0131r. Ona g\u00f6re, ki\u015fi ya\u015fad\u0131\u011f\u0131 s\u00fcrece ya\u015famdan alabileceklerini almal\u0131, g\u00f6nl\u00fcn\u00fc diledi\u011fince e\u011flendirmelidir. Ya\u015fama sevincinin kayna\u011f\u0131 g\u00fczele, sevgiliye ve do\u011faya olan tutkunlu\u011fudur. G\u00fczelleri, yi\u011fitleri \u00f6ver, dert orta\u011f\u0131 bildi\u011fi da\u011flara seslenir. Lirik s\u00f6yleyi\u015finin \u00f6z\u00fcnde, halk\u0131n\u0131n duyu\u015f ve d\u00fc\u015f\u00fcn\u00fc\u015f \u00f6zellikleri g\u00f6r\u00fcl\u00fcr.<\/p>\n<p> G\u00f6\u00e7ebe ya\u015fam\u0131n\u0131n vazge\u00e7ilmez bir par\u00e7as\u0131 olan do\u011fa, onun \u015firinin ba\u015fl\u0131ca temalar\u0131ndan biridir. Ya\u015fad\u0131\u011f\u0131, gezip g\u00f6rd\u00fc\u011f\u00fc y\u00f6relerin do\u011fas\u0131n\u0131 g\u00f6rkemli bir bi\u00e7imde dile getirir. Dost, karde\u015f bildi\u011fi, sevgilisiyle e\u015f g\u00f6rd\u00fc\u011f\u00fc, i\u00e7 i\u00e7e ya\u015fad\u0131\u011f\u0131 bu do\u011fa, onun i\u00e7in sadece bir mekan olmaktan \u00f6tedir. \u015eiirinin ba\u015fka \u00f6nemli bir temas\u0131 olan a\u015fk\u0131n varolu\u015fu, do\u011fadaki benzetmelerle g\u00fczelle\u015fir. Onunla ya\u015fanan sevin\u00e7, onun getirdi\u011fi ac\u0131 do\u011fa ile payla\u015f\u0131l\u0131r. Sevgili, \u015fiirinde do\u011fan\u0131n ayr\u0131lmaz bir par\u00e7as\u0131d\u0131r.<\/p>\n<p> \u015eiirlerinde yer yer s\u0131la \u00f6zlemi ve \u00f6l\u00fcm temas\u0131na da rastlan\u0131r. Sevdi\u011finden, ilinden, obas\u0131ndan ayr\u0131 d\u00fc\u015f\u00fc\u015f\u00fc \u00f6zlemle dile getirir, yak\u0131n\u0131r. \u00d6l\u00fcm de, ayr\u0131l\u0131k ve yoksullukla e\u015f tuttu\u011fu bir derttir.<\/p>\n<p> Do\u011fa temas\u0131n\u0131n yan\u0131 s\u0131ra \u015firinin as\u0131l odak noktas\u0131n\u0131 olu\u015fturan a\u015fk\/sevgili kavram\u0131n\u0131, \u00e2\u015f\u0131k \u015fiirinin geleneksel kal\u0131plar\u0131 d\u0131\u015f\u0131nda bir s\u00f6yleyi\u015fle ele al\u0131r. Onun i\u00e7in sevgili, d\u00fc\u015flenen, bin bir hayal ile var edilen, ula\u015f\u0131lmazl\u0131\u011f\u0131n umutsuzlu\u011fuyla ad\u0131na t\u00fcrk\u00fcler yak\u0131lan bir varl\u0131k de\u011fildir; do\u011fa ve insan ili\u015fkileri i\u00e7indedir. Onu, ya\u015famdan ve bu ili\u015fkilerden soyutlamadan verir.<\/p>\n<p> \u0130lk kez onun \u015fiirinde sevgililerin adlar\u0131 s\u00f6ylenir: Elif, An\u015fa, Zeynep, H\u00fcr\u00fc, D\u00f6nd\u00fc, D\u00f6ne, Esma, Emine, Hatice&#8230;Karacao\u011flan bunlar\u0131n kimine bir p\u0131nar ba\u015f\u0131nda su doldururken, kimine helkeleri omuzunda suya giderken, kimine de yay\u0131k yay\u0131p hal\u0131 dokurken g\u00f6r\u00fcp vurulmu\u015ftur. G\u00f6nl\u00fc bir g\u00fczel ile eylenmez, bir ki\u015fiye ba\u011flanmaz. U\u00e7ar\u0131l\u0131k, onun duygu d\u00fcnyas\u0131n\u0131n \u015fiirsel s\u00f6yleyi\u015fine yans\u0131yan en belirgin yan\u0131d\u0131r. Erotizm, \u015fiirine sevmek ve sevi\u015fmek olgusuyla yans\u0131r. Kanl\u0131-canl\u0131 sevgili, cinsellik motifleriyle daha da belirginle\u015fir, \u015fiirinde etkileyici bir bi\u00e7imde yer eder. Onun sevgiye ve kad\u0131na bak\u0131\u015f a\u00e7\u0131s\u0131, \u00e2\u015f\u0131k \u015fiirine yenilik getirir ve bu gelenek i\u00e7inde etkileyici bir \u00f6zellik ta\u015f\u0131r. Tanr\u0131 kavram\u0131 ve din temas\u0131 \u015fiirinde \u00f6nemlice bir yer tutmasa bile, bu konudaki yakla\u015f\u0131m\u0131yla da kendi \u015fiir gelene\u011fine yine de\u011fi\u015fik bir bak\u0131\u015f a\u00e7\u0131s\u0131 getirmi\u015f ve sonraki ku\u015faklar \u00fczerinde etkileyici y\u00f6nlendirici olmu\u015ftur.<\/p>\n<p> Karacao\u011flan ya\u015fad\u0131\u011f\u0131 \u00e7a\u011fda yeti\u015fmi\u015f ba\u015fka saz \u015fairlerinin tersine, dil ve \u00f6l\u00e7\u00fc bak\u0131m\u0131ndan Divan Edebiyat\u0131&#8217;n\u0131n etkisinden uzak kalm\u0131\u015ft\u0131r. G\u00fcneydo\u011fu Anadolu insan\u0131n\u0131n o \u00e7a\u011fdaki g\u00fcnl\u00fck konu\u015fma diliyle yazm\u0131\u015ft\u0131r. Kulland\u0131\u011f\u0131 Arap\u00e7a ve Fars\u00e7a s\u00f6zc\u00fcklerin say\u0131s\u0131 azd\u0131r. Y\u00f6resel s\u00f6zc\u00fckleri ise yo\u011fun bir bi\u00e7imde kullan\u0131r. Deyimler ve benzetmelerle halk \u015fiirinde kendine \u00f6zg\u00fc bir \u015fiir evreni kurmu\u015ftur. Bu da onun \u015fiirine ayr\u0131 bir renk katar. Bu s\u00f6zc\u00fcklerin bir \u00e7o\u011funu halk dilinde ya\u015fayan bi\u00e7imiyle, s\u00f6yleni\u015flerini bozarak ya da anlamlar\u0131n\u0131 de\u011fi\u015ftirerek kullan\u0131r.<\/p>\n<p> Karacao\u011flan, halk \u015fiirinin geleneksel yar\u0131m uyak d\u00fczenini ve yer yer de redifi kullanm\u0131\u015ft\u0131r. Hece \u00f6l\u00e7\u00fcs\u00fcn\u00fcn 11&#8217;li (6+5) ve 8&#8217;li (4+4) kal\u0131plar\u0131yla yazm\u0131\u015ft\u0131r. Baz\u0131 \u015fiirlerinde \u00f6l\u00e7\u00fc uygunlu\u011funu sa\u011flamak i\u00e7in hece d\u00fc\u015fmelerine ba\u015fvurdu\u011fu da g\u00f6r\u00fcl\u00fcr. Mecaz ve mazm\u00fbnlara \u00e7okca ba\u015fvurmas\u0131, s\u00f6yleyi\u015fini etkili k\u0131lan \u00f6nemli \u00f6\u011felerdir.<\/p>\n<p> \u015eiirsel s\u00f6yleyi\u015finin \u00f6nemli bir \u00f6zelli\u011fi de, halk \u015fiiri t\u00fcr\u00fc olan mani s\u00f6ylemeye yak\u0131n olu\u015fudur. Ko\u015fmalar, semailer, varsa\u011f\u0131lar ve t\u00fcrk\u00fcler \u015fiirleri aras\u0131nda \u00f6nemlice yer tutar. Bunlar\u0131n her birinde a\u00e7\u0131k, anla\u015f\u0131l\u0131r bir bi\u00e7imde, i\u00e7li ve \u00f6zl\u00fc bir s\u00f6yleyi\u015f birli\u011fi kurmu\u015ftur.<\/p>\n<p> Pir Sultan Abdal, \u00c2\u015f\u0131k Garip, K\u00f6ro\u011flu, \u00d6ks\u00fcz Dede, Kul Mehmet&#8217;ten etkilenmi\u015f, \u015fiirleriyle \u00c2\u015f\u0131k \u00d6mer, \u00c2\u015f\u0131k Hasan, \u00c2\u015f\u0131k \u0130smail, Katib\u00ee, Kulo\u011flu, Gevheri gibi \u00e7a\u011fda\u015f\u0131 \u015fairleri oldu\u011fu kadar 18.yy ve \u015fairlerinden Dadalo\u011flu, G\u00fcnde\u015flio\u011flu, Beyo\u011flu, Deliboran&#8217;\u0131, 19.yy \u015fairlerinden de Bayburtlu Zihni, Dertli, Seyran\u00ee, Zileli Talib\u00ee, Ruhsat\u00ee, \u015eem&#8217;\u00ee ve Ye\u015filabdal&#8217;\u0131 etkilemi\u015ftir. Daha sonra da gerek Me\u015frutiyet, gerek Cumhuriyet d\u00f6nemlerinde, halk edebiyat\u0131 gelene\u011finden yararlanan \u015fairlerden R.T. B\u00f6l\u00fckba\u015f\u0131, F.N. \u00c7aml\u0131bel, K.B. \u00c7a\u011flar, A.K. Tecer ve C. K\u00fclebi, Karacao\u011flan&#8217;dan esinlenmi\u015flerdir.<\/p>\n<p>\u015eiirleri 1920&#8217;den beri ara\u015ft\u0131r\u0131lan, derlenip yay\u0131mlanan Karacao\u011flan&#8217;\u0131n bug\u00fcne de\u011fin, yaz\u0131l\u0131 kaynaklara be\u015f y\u00fcz\u00fcn \u00fczerinde \u015fiiri ge\u00e7mi\u015ftir.<\/p>\n<p>Eserlerinden baz\u0131lar\u0131:<\/p>\n<p>1<br \/>Vara vara vard\u0131m ol kara ta\u015fa<br \/>Hasret ettin beni kavim karda\u015fa<br \/>Sebep ne g\u00f6zden akan kanl\u0131 ya\u015fa<br \/>Bir ayr\u0131l\u0131k bir yoksulluk bir \u00f6l\u00fcm<\/p>\n<p>Nice sultanlar\u0131 tahttan indirdi<br \/>Nicesinin g\u00fcl benzini soldurdu<br \/>Nicelerin gelmez yola g\u00f6nderdi<br \/>Bir ayr\u0131l\u0131k bir yoksulluk bir \u00f6l\u00fcm<\/p>\n<p>Karac&#8217;o\u011flan der ki kondum g\u00f6\u00e7\u00fclmez<br \/>Ac\u0131d\u0131r ecel \u015ferbeti i\u00e7ilmez<br \/>\u00dc\u00e7 derdim var birbirinden se\u00e7ilmez<br \/>Bir ayr\u0131l\u0131k bir yoksulluk bir \u00f6l\u00fcm<\/p>\n<p>2<br \/>Sunay\u0131 da deli g\u00f6n\u00fcl sunay\u0131<br \/>Ben yoluna terk eyledim s\u0131lay\u0131<br \/>Arma\u011fan g\u00f6nderdim telli turnay\u0131<br \/>\u0130ner gider bir g\u00f6zleri s\u00fcrmeli<\/p>\n<p>Sabahtan u\u011frad\u0131m yarin yurduna<br \/>Dayan\u0131lmaz firkatine derdine<br \/>Y\u0131k\u0131las\u0131 karl\u0131 da\u011f\u0131n ard\u0131na<br \/>A\u015far gider bir g\u00f6zleri s\u00fcrmeli<\/p>\n<p>Ate\u015f yanmay\u0131nca duman m\u0131 t\u00fcter<br \/>Ak gerdan \u00fcst\u00fcnde \u00e7imen mi biter<br \/>Vakti gelmeyince b\u00fclb\u00fcl m\u00fc \u00f6ter<br \/>\u00d6ter gider bir g\u00f6zleri s\u00fcrmeli<\/p>\n<p>Karacao\u011flan kap\u0131n\u0131za kul gibi<br \/>G\u00f6n\u00fcl k\u00fcs\u00fcverse ince k\u0131l gibi<br \/>Seherde a\u00e7\u0131lm\u0131\u015f gonca g\u00fcl gibi<br \/>Kokar gider bir g\u00f6zleri s\u00fcrmeli<\/p>\n<p>3<br \/>Be felek senin elinden<br \/>Hem yanar\u0131m hem a\u011flar\u0131m<br \/>Gece g\u00fcnd\u00fcz a\u011flar g\u00f6z\u00fcm<br \/>Ba\u015f\u0131m\u0131 d\u00f6\u011fer a\u011flar\u0131m<br \/>\u00c7a\u011f\u0131r\u0131r\u0131m gani deyi<br \/>Gel a\u011flatma beni deyi<br \/>Kimi g\u00f6rsem seni deyi<br \/>Y\u00fcz\u00fcne sakar a\u011flar\u0131m <\/p>\n<p>Lutfeyle beyim urand\u0131r<br \/>G\u00f6z\u00fcm\u00fcn ya\u015f\u0131 barand\u0131r<br \/>Kayg\u0131l\u0131 g\u00f6nl\u00fcm virand\u0131r<br \/>Hicrimi \u00e7eker a\u011flar\u0131m<br \/>Karacao\u011flan d\u00fc\u015ft\u00fc derde<br \/>Gece g\u00fcnd\u00fcz yanar narda<br \/>Hak kad\u0131 oldu\u011fu yerde<br \/>Kabrimden \u00e7\u0131kar a\u011flar\u0131m<\/p>\n<p>4<br \/>G\u00fczel Ne G\u00fczel Olmu\u015fsun,<br \/>G\u00f6r\u00fclmeyi G\u00f6r\u00fclmeyi,<br \/>Siyah Z\u00fclf\u00fcn Halkalanm\u0131\u015f&#8230;Aman Aman<br \/>\u00d6r\u00fclmeyi \u00d6r\u00fclmeyi. <\/p>\n<p>Mendilim Yu\u011fdum Ar\u0131tt\u0131m, <br \/>G\u00fcl\u00fcn Dal\u0131nda Kuruttum,<br \/>Adin Ne \u0130di Unuttum&#8230;Aman Aman<br \/>Sorulmay\u0131 Sorulmay\u0131..<\/p>\n<p>Se\u011firttim Ard\u0131ndan Yettim, <br \/>E\u011fildim Y\u00fcz\u00fcnden \u00d6pt\u00fcm, <br \/>Ad\u0131n Bilirdim Unuttum&#8230;Aman Aman <br \/>\u00c7a\u011f\u0131rmay\u0131 \u00c7a\u011f\u0131rmay\u0131.<\/p>\n<p>Benim Yarim Bana K\u00fcsm\u00fc\u015f, <br \/>Z\u00fclf\u00fcn\u00fc Gerdana D\u00f6km\u00fc\u015f, <br \/>Muhabbeti Benden Kesmi\u015f&#8230;Aman Aman <br \/>Sevilmeyi Sevilmeyi.<\/p>\n<p>\u00c7a\u011f\u0131r Karacao\u011flan \u00c7a\u011f\u0131r,<br \/>Ta\u015f D\u00fc\u015ft\u00fc\u011f\u00fc Yerde A\u011f\u0131r, <br \/>Yi\u011fit Sevdi\u011finden So\u011fur&#8230;Aman Aman <br \/>Sar\u0131lmay\u0131 Sar\u0131lmay\u0131.<\/p>\n<p>5<br \/>Gine Dertli Dertli \u0130niliyorsun,<br \/>Sar\u0131 Durnam Sinem Yaraland\u0131 M\u0131. <br \/>Hi\u00e7 El De\u011fmeden De \u0130niliyorsun. <br \/>Sari Durnam Sinem Yaraland\u0131 M\u0131,<br \/>Yoksa Ci\u011ferlerin Parelendi Mi. <\/p>\n<p>Yoksa Sana Ya D\u00fczen Mi D\u00fczd\u00fcler,<br \/>Perdelerin Tel Tel Edip \u00dczd\u00fcler.<br \/>Tellerini S\u0131rmadan Mi S\u00fczd\u00fcler.<br \/>All\u0131 Da Durnam,Telli De Durnam, <br \/>Sinem De Yarelendi Mi. <br \/>Yoksa Ci\u011ferlerin Parelendi Mi. <\/p>\n<p>Havay\u0131 Ey Deli G\u00f6n\u00fcl Havay\u0131<br \/>Ay Do\u011fmadan \u015eavk\u0131 Dutmu\u015f Ovay\u0131<br \/>T\u00fcrkmen K\u0131z\u0131 Gater Etmi\u015f Mayay\u0131 <br \/>\u00c7ekip Gider Bir G\u00f6zleri S\u00fcrmeli<\/p>\n<p>Kuru K\u00fct\u00fck Yanmay\u0131nca T\u00fctermi<br \/>Ak Gerdanda \u00c7ifte Benler Bitermi<br \/>Vakti Gelmeyince B\u00fclb\u00fcl \u00d6termi<br \/>\u00d6t\u00fcp Gider Bir G\u00f6zleri S\u00fcrmeli<\/p>\n<p>Dere Kenar\u0131nda Yerler Hurmay\u0131<br \/>K\u0131lavuz Ederler Telli Durnay\u0131<br \/>Ak G\u00f6\u011fs\u00fcn \u00dcst\u00fcnde \u0130lik D\u00fc\u011fmeyi<br \/>\u00c7\u00f6z\u00fcp Gider Bir G\u00f6zleri S\u00fcrmeli. <br \/>Karaco\u011flan Der Ki Ge\u00e7ti Ne Fayda,<br \/>Bir Vefa Kalmad\u0131 Ok \u0130le Yayda. <\/p>\n<p>6<br \/>Bug\u00fcn \u00e7ay buland\u0131 yar\u0131n durulmaz<br \/>Yol ver da\u011flar ben s\u0131lama varay\u0131m<br \/>Karl\u0131 da\u011flar varay\u0131m<br \/>Zal\u0131m da\u011flar varay\u0131m<br \/>Muhabbetli yardan g\u00f6n\u00fcl ayr\u0131lmaz<br \/>Yol ver da\u011flar ben s\u0131lama varay\u0131m<br \/>Karl\u0131 da\u011flar varay\u0131m<br \/>Zal\u0131m da\u011flar varay\u0131m<\/p>\n<p>Gurbet elde efkar\u0131m var zar\u0131m var<br \/>S\u0131lada bekleyen nazl\u0131 yarim var<br \/>Bizi ay\u0131rana intizar\u0131m var<br \/>Karl\u0131 da\u011flar yaz gele<br \/>Zal\u0131m da\u011flar tez gele<br \/>Bizi ay\u0131rana intizar\u0131m var <\/p>\n<p>Oy da\u011flar<br \/>Yol ver da\u011flar ben s\u0131lama gideyim<br \/>Karl\u0131 da\u011flar gideyim<br \/>Zal\u0131m da\u011flar gideyim <\/p>\n<p>Ezeli de Karacao\u011flan ezeli<br \/>D\u00f6k\u00fcld\u00fc ba\u011flar\u0131n g\u00fcl\u00fc gazeli<br \/>Gurbet elde ben nideyim g\u00fczeli<br \/>Karl\u0131 da\u011flar g\u00fczeli<br \/>Zal\u0131m da\u011flar g\u00fczeli<br \/>Gurbet elde ben neyleyim g\u00fczeli <\/p>\n<p>Oy da\u011flar<br \/>Yol ver da\u011flar ben s\u0131lama gideyim<br \/>Karl\u0131 da\u011flar gideyim<br \/>Zal\u0131m da\u011flar gideyim<br \/> 7<br \/>Beni Kara Diye Yerme,<br \/>Mevlam Yaratm\u0131\u015f Hor G\u00f6rme,<br \/>Ela G\u00f6ze Siyah S\u00fcrme,<br \/>\u00c7ekilir Kara De\u011fil Mi?<\/p>\n<p>Her Yoldan Gelir Ge\u00e7erler,<br \/>Aktan Karay\u0131 Se\u00e7erler,<br \/>A\u011falar Beyler \u0130\u00e7erler,<br \/>Kahve De Kara De\u011fil Mi?<\/p>\n<p>Karac\u2019o\u011flan Der Ma\u015fallah,<br \/>Birg\u00fcn G\u00f6r\u00fcn\u00fcr \u0130n\u015fallah,<br \/>Kara Donludur Beytullah,<br \/>\u00d6rt\u00fcs\u00fc Kara De\u011fil Mi?<\/p>\n<p>8<br \/>Ela G\u00f6zl\u00fcm Ben Bu Elden Gidersem, <br \/>Z\u00fclf\u00fc Peri\u015fan\u0131m Kal Mel\u00fcl Mel\u00fcl.<br \/>Kerem Et, Akl\u0131ndan \u00c7\u0131karma Beni,<br \/>A\u011fla G\u00f6z Ya\u015f\u0131n\u0131, Sil Mel\u00fcl Mel\u00fcl.<\/p>\n<p>Elvan \u00c7i\u00e7ekleri Takma Ba\u015f\u0131na,<br \/>Kudret Kalemini \u00c7ekme Ka\u015f\u0131na,<br \/>Beni A\u011flat\u0131rsan Doyma Ya\u015f\u0131na, <br \/>A\u011fla G\u00f6z Yasini, Sil Mel\u00fcl Mel\u00fcl <\/p>\n<p>Yeter Ey Sevdi\u011fim Sen Seni D\u00fczet<br \/>Karalar\u0131 Ba\u011fla,Beyaz\u0131 \u00c7\u00f6z At<br \/>O Nazik Ellerin Bir Daha Uzat<br \/>Ayr\u0131l\u0131k \u015eerbetin Ver Mel\u00fcl Mel\u00fcl<\/p>\n<p>Karac\u2019o\u011flan Der Ki \u00d6l\u00fcp \u00d6l\u00fcnce<br \/>Bende G\u00fczel Sevdim Kendi Halimce<br \/>Var\u0131p Gurbet Ele Vas\u0131l Olunca<br \/>Dostlardan Haberim Al Mel\u00fcl Mel\u00fcl<\/p>\n<p>9<br \/>\u00dcryan geldim gene \u00fcryan giderim<br \/>\u00d6lmemeye elde ferman\u0131m m\u0131 var<br \/>Azrail gelmi\u015f de can talep eyler<br \/>Benim can vermeye derman\u0131m m\u0131 var<\/p>\n<p>Dirilirler dirilirler gelirler<br \/>Huzur-\u0131 mah\u015ferde divan dururlar<br \/>Harami var diye korku verirler<br \/>Benim ipek y\u00fckl\u00fc kervan\u0131m m\u0131 var<\/p>\n<p>Er isen erli\u011fin meydana getir<br \/>Kadir Mevl\u00e2&#8217;m noksan\u0131m\u0131 sen yetir<br \/>Bana derler gam y\u00fck\u00fcn\u00fc sen g\u00f6t\u00fcr<br \/>Benim y\u00fck g\u00f6t\u00fcr\u00fcr derman\u0131m m\u0131 var<\/p>\n<p>Karac&#8217;o\u011flan der ki ismim \u00f6\u011ferler<br \/>A\u011f\u0131 oldu yedi\u011fimiz \u015fekerler<br \/>G\u00fczel sever diye isnad ederler<br \/>Benim Hakk&#8217;dan \u00f6zge sevdi\u011fim mi var<\/p>\n<p>10<br \/>El\u00e2 G\u00f6zlerini Sevdi\u011fim Dilber,<br \/>G\u00f6ster Cemalini G\u00f6rmeye Geldim,<br \/>\u015eeftalini Derde Derman Dediler,<br \/>Ger\u00e7ek Mi Sevdi\u011fim Sormaya Geldim.<\/p>\n<p>G\u00fcnd\u00fcz Hayallerim, Gece D\u00fc\u015flerim,<br \/>Uyand\u0131k\u00e7a A\u011flamaya Ba\u015flar\u0131m, <br \/>Sevdi\u011fim, \u00dcst\u00fcnde U\u00e7an Ku\u015flar\u0131n,<br \/>Tutup Kanatlar\u0131ndan K\u0131rmaya Geldim.<\/p>\n<p>Senin A\u015f\u0131klar\u0131n G\u00fclmez Dediler, <br \/>A\u011flay\u0131p Ya\u015f\u0131n\u0131 Silmez Dediler ,<br \/>Seni Biraz Saran \u00d6lmez Dediler, <br \/>Ger\u00e7ek Mi Sevdi\u011fim Sorma\u011fa Geldim.<\/p>\n<p>Mail Oldum Senin \u0130nce Beline, <br \/>Canim Kurban Olsun Tatl\u0131 Diline,<br \/>A\u015f\u0131k Olup Senin H\u00fcsn\u00fc Ba\u011f\u0131na, <br \/>K\u0131rm\u0131z\u0131 G\u00fclleri Dermeye Geldim.<\/p>\n<p>Karac&#8217;o\u011flan Der Ki G\u00f6n\u00fcl Do\u011frusu,<br \/>G\u00f6kte Melek, Yerde Huma Yavrusu,<br \/>Ben Sana S\u00f6yledim, S\u00f6z\u00fcn Do\u011frusu,<br \/>Soyunup Koynuna Girme\u011fe Geldim.<\/p>\n<p>11<br \/>Madem Dilber Meylin Yo\u011fidi Bende,<br \/>Ezelinden \u0130krar Vermeye-Yidin.<br \/>Muhabbettir G\u00fczelli\u011fin Ni\u015fan\u0131,<br \/>U\u011frun U\u011frun Bak\u0131p G\u00fclmeye-Yidin.<\/p>\n<p>Siyah Sa\u00e7lar\u0131n\u0131 Eylersin Perde, <br \/>Beni Sen U\u011fratt\u0131n Bu Zalim Derde, <br \/>Ben Kendi Halimde Gezdi\u011fim Yerde,<br \/>\u00c7a\u011f\u0131r\u0131p Yadig\u00e2r Vermeye-Yidin.<\/p>\n<p>Karacao\u011flan Der Ki Ey Mah\u0131 Mestim, <br \/>Kasla G\u00f6z Eylersin Bana Mi Kastin.<br \/>Severler G\u00fczeli Dar\u0131lma Dostum,<br \/>Dar\u0131ld\u0131ysan G\u00fczel Olmaya-Yidin.<\/p>\n<p>12<br \/>Nedendir de suna boylum nedendir<br \/>Bu geceki benim uyumad\u0131\u011f\u0131m uyumad\u0131\u011f\u0131m<br \/>Yaman derler ayr\u0131l\u0131\u011f\u0131n derdine<br \/>Ayr\u0131l\u0131k derdine doyamad\u0131\u011f\u0131m doyamad\u0131\u011f\u0131m<\/p>\n<p>Dostun bah\u00e7as\u0131na bir hoyrat girmi\u015f<br \/>G\u00fcl\u00fcn\u00fc dererken dal\u0131n\u0131 k\u0131rm\u0131\u015f<br \/>\u015eurda bir k\u00f6t\u00fcn\u00fcn koluna girmi\u015f<br \/>\u015eu benim \u00f6pmeye k\u0131yamad\u0131\u011f\u0131m <\/p>\n<p>K\u00f6m\u00fcr g\u00f6zl\u00fcm der ki sevdim sak\u0131nd\u0131m<br \/>\u0130ndim has bah\u00e7eye g\u00fcller sokundum<br \/>Bilmiyorum nerelerine dokundum<br \/>Belli bir haberin alamad\u0131\u011f\u0131m <\/p>\n<p>Karacao\u011flan der ki yand\u0131m ben \u00f6ld\u00fcm<br \/>Her delili\u011fi ben kendimde buldum<br \/>Dolan\u0131p da kavil yerine geldim<br \/>Kavil yerlerinde bulamad\u0131\u011f\u0131m<\/p>\n<p>13<br \/>G\u00fczel Ne G\u00fczel Olmu\u015fsun,<br \/>G\u00f6r\u00fclmeyi G\u00f6r\u00fclmeyi,<br \/>Siyah Z\u00fclf\u00fcn Halkalanm\u0131\u015f<br \/>\u00d6r\u00fclmeyi \u00d6r\u00fclmeyi. <\/p>\n<p>Mendilim Yu\u011fdum Ar\u0131tt\u0131m, <br \/>G\u00fcl\u00fcn Dal\u0131nda Kuruttum,<br \/>Adin Ne \u0130di Unuttum.<br \/>Sorulmay\u0131 Sorulmay\u0131.<\/p>\n<p>Se\u011firttim Ard\u0131ndan Yettim, <br \/>E\u011fildim Y\u00fcz\u00fcnden \u00d6pt\u00fcm, <br \/>Ad\u0131n Bilirdim Unuttum.<br \/>\u00c7a\u011f\u0131rmay\u0131 \u00c7a\u011f\u0131rmay\u0131.<\/p>\n<p>Benim Yarim Bana K\u00fcsm\u00fc\u015f, <br \/>Z\u00fclf\u00fcn\u00fc Gerdana D\u00f6km\u00fc\u015f, <br \/>Muhabbeti Benden Kesmi\u015f.<br \/>Sevilmeyi Sevilmeyi.<\/p>\n<p>\u00c7a\u011f\u0131r Karacao\u011flan \u00c7a\u011f\u0131r,<br \/>Ta\u015f D\u00fc\u015ft\u00fc\u011f\u00fc Yerde A\u011f\u0131r, <br \/>Yi\u011fit Sevdi\u011finden So\u011fur.<br \/>Sar\u0131lmay\u0131 Sar\u0131lmay\u0131.<\/p>\n","protected":false},"excerpt":{"rendered":"<p>Vara vara vard\u0131m ol kara ta\u015fa Hasret ettin beni kavim karda\u015fa Sebep ne g\u00f6zden akan kanl\u0131 ya\u015fa Bir ayr\u0131l\u0131k bir yoksulluk bir \u00f6l\u00fcm Karac&#8217;o\u011flan der ki kondum g\u00f6\u00e7\u00fclmez Ac\u0131d\u0131r ecel \u015ferbeti i\u00e7ilmez \u00dc\u00e7 derdim var birbirinden se\u00e7ilmez Bir ayr\u0131l\u0131k bir yoksulluk bir \u00f6l\u00fcm Karacao\u011flan T\u00fcrk halk \u015fairi. Etkileyici bir dil ve duygu evreni kurdu\u011fu \u015fiirleriyle [&hellip;]<\/p>\n","protected":false},"author":1,"featured_media":0,"comment_status":"open","ping_status":"open","sticky":false,"template":"","format":"standard","meta":{"footnotes":""},"categories":[172],"tags":[],"class_list":{"0":"post-1393","1":"post","2":"type-post","3":"status-publish","4":"format-standard","6":"category-ozanlar-ve-eserleri"},"yoast_head":"<!-- This site is optimized with the Yoast SEO Premium plugin v24.9 (Yoast SEO v24.9) - https:\/\/yoast.com\/wordpress\/plugins\/seo\/ -->\n<title>Karacao\u011flan Biyografisi ve Eserleri - narteks.net<\/title>\n<meta name=\"robots\" content=\"index, follow, max-snippet:-1, max-image-preview:large, max-video-preview:-1\" \/>\n<link rel=\"canonical\" href=\"https:\/\/narteks.net\/index.php\/2009\/11\/13\/karacaolan-biyografisi-ve-eserleri\/\" \/>\n<meta property=\"og:locale\" content=\"tr_TR\" \/>\n<meta property=\"og:type\" content=\"article\" \/>\n<meta property=\"og:title\" content=\"Karacao\u011flan Biyografisi ve Eserleri\" \/>\n<meta property=\"og:description\" content=\"Vara vara vard\u0131m ol kara ta\u015fa Hasret ettin beni kavim karda\u015fa Sebep ne g\u00f6zden akan kanl\u0131 ya\u015fa Bir ayr\u0131l\u0131k bir yoksulluk bir \u00f6l\u00fcm Karac&#8217;o\u011flan der ki kondum g\u00f6\u00e7\u00fclmez Ac\u0131d\u0131r ecel \u015ferbeti i\u00e7ilmez \u00dc\u00e7 derdim var birbirinden se\u00e7ilmez Bir ayr\u0131l\u0131k bir yoksulluk bir \u00f6l\u00fcm Karacao\u011flan T\u00fcrk halk \u015fairi. Etkileyici bir dil ve duygu evreni kurdu\u011fu \u015fiirleriyle [&hellip;]\" \/>\n<meta property=\"og:url\" content=\"https:\/\/narteks.net\/index.php\/2009\/11\/13\/karacaolan-biyografisi-ve-eserleri\/\" \/>\n<meta property=\"og:site_name\" content=\"narteks.net\" \/>\n<meta property=\"article:published_time\" content=\"2009-11-13T11:50:39+00:00\" \/>\n<meta property=\"og:image\" content=\"http:\/\/www.ulkumturan.com\/karacaoglan.jpg\" \/>\n<meta name=\"author\" content=\"Tar\u0131k\" \/>\n<meta name=\"twitter:card\" content=\"summary_large_image\" \/>\n<meta name=\"twitter:creator\" content=\"@narteks\" \/>\n<meta name=\"twitter:site\" content=\"@narteks\" \/>\n<meta name=\"twitter:label1\" content=\"Yazan:\" \/>\n\t<meta name=\"twitter:data1\" content=\"Tar\u0131k\" \/>\n\t<meta name=\"twitter:label2\" content=\"Tahmini okuma s\u00fcresi\" \/>\n\t<meta name=\"twitter:data2\" content=\"14 dakika\" \/>\n<script type=\"application\/ld+json\" class=\"yoast-schema-graph\">{\"@context\":\"https:\/\/schema.org\",\"@graph\":[{\"@type\":\"Article\",\"@id\":\"https:\/\/narteks.net\/index.php\/2009\/11\/13\/karacaolan-biyografisi-ve-eserleri\/#article\",\"isPartOf\":{\"@id\":\"https:\/\/narteks.net\/index.php\/2009\/11\/13\/karacaolan-biyografisi-ve-eserleri\/\"},\"author\":{\"name\":\"Tar\u0131k\",\"@id\":\"https:\/\/narteks.net\/#\/schema\/person\/61f37d9834294b72d31d274e7ed79bca\"},\"headline\":\"Karacao\u011flan Biyografisi ve Eserleri\",\"datePublished\":\"2009-11-13T11:50:39+00:00\",\"mainEntityOfPage\":{\"@id\":\"https:\/\/narteks.net\/index.php\/2009\/11\/13\/karacaolan-biyografisi-ve-eserleri\/\"},\"wordCount\":2885,\"commentCount\":0,\"publisher\":{\"@id\":\"https:\/\/narteks.net\/#organization\"},\"image\":{\"@id\":\"https:\/\/narteks.net\/index.php\/2009\/11\/13\/karacaolan-biyografisi-ve-eserleri\/#primaryimage\"},\"thumbnailUrl\":\"http:\/\/www.ulkumturan.com\/karacaoglan.jpg\",\"articleSection\":[\"Ozanlar ve Eserleri\"],\"inLanguage\":\"tr\",\"potentialAction\":[{\"@type\":\"CommentAction\",\"name\":\"Comment\",\"target\":[\"https:\/\/narteks.net\/index.php\/2009\/11\/13\/karacaolan-biyografisi-ve-eserleri\/#respond\"]}]},{\"@type\":\"WebPage\",\"@id\":\"https:\/\/narteks.net\/index.php\/2009\/11\/13\/karacaolan-biyografisi-ve-eserleri\/\",\"url\":\"https:\/\/narteks.net\/index.php\/2009\/11\/13\/karacaolan-biyografisi-ve-eserleri\/\",\"name\":\"Karacao\u011flan Biyografisi ve Eserleri - narteks.net\",\"isPartOf\":{\"@id\":\"https:\/\/narteks.net\/#website\"},\"primaryImageOfPage\":{\"@id\":\"https:\/\/narteks.net\/index.php\/2009\/11\/13\/karacaolan-biyografisi-ve-eserleri\/#primaryimage\"},\"image\":{\"@id\":\"https:\/\/narteks.net\/index.php\/2009\/11\/13\/karacaolan-biyografisi-ve-eserleri\/#primaryimage\"},\"thumbnailUrl\":\"http:\/\/www.ulkumturan.com\/karacaoglan.jpg\",\"datePublished\":\"2009-11-13T11:50:39+00:00\",\"breadcrumb\":{\"@id\":\"https:\/\/narteks.net\/index.php\/2009\/11\/13\/karacaolan-biyografisi-ve-eserleri\/#breadcrumb\"},\"inLanguage\":\"tr\",\"potentialAction\":[{\"@type\":\"ReadAction\",\"target\":[\"https:\/\/narteks.net\/index.php\/2009\/11\/13\/karacaolan-biyografisi-ve-eserleri\/\"]}]},{\"@type\":\"ImageObject\",\"inLanguage\":\"tr\",\"@id\":\"https:\/\/narteks.net\/index.php\/2009\/11\/13\/karacaolan-biyografisi-ve-eserleri\/#primaryimage\",\"url\":\"http:\/\/www.ulkumturan.com\/karacaoglan.jpg\",\"contentUrl\":\"http:\/\/www.ulkumturan.com\/karacaoglan.jpg\"},{\"@type\":\"BreadcrumbList\",\"@id\":\"https:\/\/narteks.net\/index.php\/2009\/11\/13\/karacaolan-biyografisi-ve-eserleri\/#breadcrumb\",\"itemListElement\":[{\"@type\":\"ListItem\",\"position\":1,\"name\":\"Anasayfa\",\"item\":\"https:\/\/narteks.net\/\"},{\"@type\":\"ListItem\",\"position\":2,\"name\":\"Karacao\u011flan Biyografisi ve Eserleri\"}]},{\"@type\":\"WebSite\",\"@id\":\"https:\/\/narteks.net\/#website\",\"url\":\"https:\/\/narteks.net\/\",\"name\":\"narteks.net\",\"description\":\"K\u00fclt\u00fcr Sanat Edebiyat Felsefe\",\"publisher\":{\"@id\":\"https:\/\/narteks.net\/#organization\"},\"alternateName\":\"K\u00fclt\u00fcr Sanat Edebiyat Felsefe\",\"potentialAction\":[{\"@type\":\"SearchAction\",\"target\":{\"@type\":\"EntryPoint\",\"urlTemplate\":\"https:\/\/narteks.net\/?s={search_term_string}\"},\"query-input\":{\"@type\":\"PropertyValueSpecification\",\"valueRequired\":true,\"valueName\":\"search_term_string\"}}],\"inLanguage\":\"tr\"},{\"@type\":\"Organization\",\"@id\":\"https:\/\/narteks.net\/#organization\",\"name\":\"narteks.net\",\"url\":\"https:\/\/narteks.net\/\",\"logo\":{\"@type\":\"ImageObject\",\"inLanguage\":\"tr\",\"@id\":\"https:\/\/narteks.net\/#\/schema\/logo\/image\/\",\"url\":\"https:\/\/narteks.net\/wp-content\/uploads\/narteks.png\",\"contentUrl\":\"https:\/\/narteks.net\/wp-content\/uploads\/narteks.png\",\"width\":300,\"height\":90,\"caption\":\"narteks.net\"},\"image\":{\"@id\":\"https:\/\/narteks.net\/#\/schema\/logo\/image\/\"},\"sameAs\":[\"https:\/\/x.com\/narteks\",\"https:\/\/instagram.com\/narteksnet\"]},{\"@type\":\"Person\",\"@id\":\"https:\/\/narteks.net\/#\/schema\/person\/61f37d9834294b72d31d274e7ed79bca\",\"name\":\"Tar\u0131k\",\"image\":{\"@type\":\"ImageObject\",\"inLanguage\":\"tr\",\"@id\":\"https:\/\/narteks.net\/#\/schema\/person\/image\/\",\"url\":\"https:\/\/secure.gravatar.com\/avatar\/50865afb55632c4ae467e0af0930f6510aa2297d8014be502a55b14f3b7550cf?s=96&d=mm&r=g\",\"contentUrl\":\"https:\/\/secure.gravatar.com\/avatar\/50865afb55632c4ae467e0af0930f6510aa2297d8014be502a55b14f3b7550cf?s=96&d=mm&r=g\",\"caption\":\"Tar\u0131k\"},\"sameAs\":[\"http:\/\/narteks.net\"],\"url\":\"https:\/\/narteks.net\/index.php\/author\/narbak\/\"}]}<\/script>\n<!-- \/ Yoast SEO Premium plugin. -->","yoast_head_json":{"title":"Karacao\u011flan Biyografisi ve Eserleri - narteks.net","robots":{"index":"index","follow":"follow","max-snippet":"max-snippet:-1","max-image-preview":"max-image-preview:large","max-video-preview":"max-video-preview:-1"},"canonical":"https:\/\/narteks.net\/index.php\/2009\/11\/13\/karacaolan-biyografisi-ve-eserleri\/","og_locale":"tr_TR","og_type":"article","og_title":"Karacao\u011flan Biyografisi ve Eserleri","og_description":"Vara vara vard\u0131m ol kara ta\u015fa Hasret ettin beni kavim karda\u015fa Sebep ne g\u00f6zden akan kanl\u0131 ya\u015fa Bir ayr\u0131l\u0131k bir yoksulluk bir \u00f6l\u00fcm Karac&#8217;o\u011flan der ki kondum g\u00f6\u00e7\u00fclmez Ac\u0131d\u0131r ecel \u015ferbeti i\u00e7ilmez \u00dc\u00e7 derdim var birbirinden se\u00e7ilmez Bir ayr\u0131l\u0131k bir yoksulluk bir \u00f6l\u00fcm Karacao\u011flan T\u00fcrk halk \u015fairi. Etkileyici bir dil ve duygu evreni kurdu\u011fu \u015fiirleriyle [&hellip;]","og_url":"https:\/\/narteks.net\/index.php\/2009\/11\/13\/karacaolan-biyografisi-ve-eserleri\/","og_site_name":"narteks.net","article_published_time":"2009-11-13T11:50:39+00:00","og_image":[{"url":"http:\/\/www.ulkumturan.com\/karacaoglan.jpg","type":"","width":"","height":""}],"author":"Tar\u0131k","twitter_card":"summary_large_image","twitter_creator":"@narteks","twitter_site":"@narteks","twitter_misc":{"Yazan:":"Tar\u0131k","Tahmini okuma s\u00fcresi":"14 dakika"},"schema":{"@context":"https:\/\/schema.org","@graph":[{"@type":"Article","@id":"https:\/\/narteks.net\/index.php\/2009\/11\/13\/karacaolan-biyografisi-ve-eserleri\/#article","isPartOf":{"@id":"https:\/\/narteks.net\/index.php\/2009\/11\/13\/karacaolan-biyografisi-ve-eserleri\/"},"author":{"name":"Tar\u0131k","@id":"https:\/\/narteks.net\/#\/schema\/person\/61f37d9834294b72d31d274e7ed79bca"},"headline":"Karacao\u011flan Biyografisi ve Eserleri","datePublished":"2009-11-13T11:50:39+00:00","mainEntityOfPage":{"@id":"https:\/\/narteks.net\/index.php\/2009\/11\/13\/karacaolan-biyografisi-ve-eserleri\/"},"wordCount":2885,"commentCount":0,"publisher":{"@id":"https:\/\/narteks.net\/#organization"},"image":{"@id":"https:\/\/narteks.net\/index.php\/2009\/11\/13\/karacaolan-biyografisi-ve-eserleri\/#primaryimage"},"thumbnailUrl":"http:\/\/www.ulkumturan.com\/karacaoglan.jpg","articleSection":["Ozanlar ve Eserleri"],"inLanguage":"tr","potentialAction":[{"@type":"CommentAction","name":"Comment","target":["https:\/\/narteks.net\/index.php\/2009\/11\/13\/karacaolan-biyografisi-ve-eserleri\/#respond"]}]},{"@type":"WebPage","@id":"https:\/\/narteks.net\/index.php\/2009\/11\/13\/karacaolan-biyografisi-ve-eserleri\/","url":"https:\/\/narteks.net\/index.php\/2009\/11\/13\/karacaolan-biyografisi-ve-eserleri\/","name":"Karacao\u011flan Biyografisi ve Eserleri - narteks.net","isPartOf":{"@id":"https:\/\/narteks.net\/#website"},"primaryImageOfPage":{"@id":"https:\/\/narteks.net\/index.php\/2009\/11\/13\/karacaolan-biyografisi-ve-eserleri\/#primaryimage"},"image":{"@id":"https:\/\/narteks.net\/index.php\/2009\/11\/13\/karacaolan-biyografisi-ve-eserleri\/#primaryimage"},"thumbnailUrl":"http:\/\/www.ulkumturan.com\/karacaoglan.jpg","datePublished":"2009-11-13T11:50:39+00:00","breadcrumb":{"@id":"https:\/\/narteks.net\/index.php\/2009\/11\/13\/karacaolan-biyografisi-ve-eserleri\/#breadcrumb"},"inLanguage":"tr","potentialAction":[{"@type":"ReadAction","target":["https:\/\/narteks.net\/index.php\/2009\/11\/13\/karacaolan-biyografisi-ve-eserleri\/"]}]},{"@type":"ImageObject","inLanguage":"tr","@id":"https:\/\/narteks.net\/index.php\/2009\/11\/13\/karacaolan-biyografisi-ve-eserleri\/#primaryimage","url":"http:\/\/www.ulkumturan.com\/karacaoglan.jpg","contentUrl":"http:\/\/www.ulkumturan.com\/karacaoglan.jpg"},{"@type":"BreadcrumbList","@id":"https:\/\/narteks.net\/index.php\/2009\/11\/13\/karacaolan-biyografisi-ve-eserleri\/#breadcrumb","itemListElement":[{"@type":"ListItem","position":1,"name":"Anasayfa","item":"https:\/\/narteks.net\/"},{"@type":"ListItem","position":2,"name":"Karacao\u011flan Biyografisi ve Eserleri"}]},{"@type":"WebSite","@id":"https:\/\/narteks.net\/#website","url":"https:\/\/narteks.net\/","name":"narteks.net","description":"K\u00fclt\u00fcr Sanat Edebiyat Felsefe","publisher":{"@id":"https:\/\/narteks.net\/#organization"},"alternateName":"K\u00fclt\u00fcr Sanat Edebiyat Felsefe","potentialAction":[{"@type":"SearchAction","target":{"@type":"EntryPoint","urlTemplate":"https:\/\/narteks.net\/?s={search_term_string}"},"query-input":{"@type":"PropertyValueSpecification","valueRequired":true,"valueName":"search_term_string"}}],"inLanguage":"tr"},{"@type":"Organization","@id":"https:\/\/narteks.net\/#organization","name":"narteks.net","url":"https:\/\/narteks.net\/","logo":{"@type":"ImageObject","inLanguage":"tr","@id":"https:\/\/narteks.net\/#\/schema\/logo\/image\/","url":"https:\/\/narteks.net\/wp-content\/uploads\/narteks.png","contentUrl":"https:\/\/narteks.net\/wp-content\/uploads\/narteks.png","width":300,"height":90,"caption":"narteks.net"},"image":{"@id":"https:\/\/narteks.net\/#\/schema\/logo\/image\/"},"sameAs":["https:\/\/x.com\/narteks","https:\/\/instagram.com\/narteksnet"]},{"@type":"Person","@id":"https:\/\/narteks.net\/#\/schema\/person\/61f37d9834294b72d31d274e7ed79bca","name":"Tar\u0131k","image":{"@type":"ImageObject","inLanguage":"tr","@id":"https:\/\/narteks.net\/#\/schema\/person\/image\/","url":"https:\/\/secure.gravatar.com\/avatar\/50865afb55632c4ae467e0af0930f6510aa2297d8014be502a55b14f3b7550cf?s=96&d=mm&r=g","contentUrl":"https:\/\/secure.gravatar.com\/avatar\/50865afb55632c4ae467e0af0930f6510aa2297d8014be502a55b14f3b7550cf?s=96&d=mm&r=g","caption":"Tar\u0131k"},"sameAs":["http:\/\/narteks.net"],"url":"https:\/\/narteks.net\/index.php\/author\/narbak\/"}]}},"_links":{"self":[{"href":"https:\/\/narteks.net\/index.php\/wp-json\/wp\/v2\/posts\/1393","targetHints":{"allow":["GET"]}}],"collection":[{"href":"https:\/\/narteks.net\/index.php\/wp-json\/wp\/v2\/posts"}],"about":[{"href":"https:\/\/narteks.net\/index.php\/wp-json\/wp\/v2\/types\/post"}],"author":[{"embeddable":true,"href":"https:\/\/narteks.net\/index.php\/wp-json\/wp\/v2\/users\/1"}],"replies":[{"embeddable":true,"href":"https:\/\/narteks.net\/index.php\/wp-json\/wp\/v2\/comments?post=1393"}],"version-history":[{"count":0,"href":"https:\/\/narteks.net\/index.php\/wp-json\/wp\/v2\/posts\/1393\/revisions"}],"wp:attachment":[{"href":"https:\/\/narteks.net\/index.php\/wp-json\/wp\/v2\/media?parent=1393"}],"wp:term":[{"taxonomy":"category","embeddable":true,"href":"https:\/\/narteks.net\/index.php\/wp-json\/wp\/v2\/categories?post=1393"},{"taxonomy":"post_tag","embeddable":true,"href":"https:\/\/narteks.net\/index.php\/wp-json\/wp\/v2\/tags?post=1393"}],"curies":[{"name":"wp","href":"https:\/\/api.w.org\/{rel}","templated":true}]}}