{"id":1394,"date":"2009-11-13T14:52:31","date_gmt":"2009-11-13T11:52:31","guid":{"rendered":"http:\/\/localhost\/wordpress\/2009\/11\/13\/kaygusuz-abdal-hayat-ve-eserleri\/"},"modified":"2009-11-13T14:52:31","modified_gmt":"2009-11-13T11:52:31","slug":"kaygusuz-abdal-hayat-ve-eserleri","status":"publish","type":"post","link":"https:\/\/narteks.net\/index.php\/2009\/11\/13\/kaygusuz-abdal-hayat-ve-eserleri\/","title":{"rendered":"Kaygusuz Abdal | Hayat\u0131 ve Eserleri"},"content":{"rendered":"<p>\u00a0<\/p>\n<p style=\"text-align: justify;\"><strong> Kaygusuz Abdal<\/strong><\/p>\n<p>I<br \/>A\u015fkile geldim cihana, meskenim da\u011flar menem<br \/>Terk edip c\u00fcmle s\u0131vay\u0131, mahremi tevhid menem<br \/>G\u00fc\u015f edince menaref esrar\u0131n\u0131, mest olan ehkar menem<br \/>\u015e\u00f6yle ikrar verdim ol dem Gaygusuz Abdal menem<\/p>\n<p>As\u0131l ad\u0131 Gaybi&#8217;dir. Kaygusuz Abdal&#8217;\u0131n hayat\u0131 hakk\u0131nda ki bilgilerin \u00e7o\u011fu Bekta\u015fi menk\u0131belerine dayan\u0131r. Bu menk\u0131belerin en tan\u0131nm\u0131\u015f\u0131 onun Abdal Musa&#8217;ya ba\u011flan\u0131\u015f\u0131n\u0131 anlatan hikayedir:<\/p>\n<p>Alaiye (Alanya) beyinin o\u011flu Gaybi, avlan\u0131rken att\u0131\u011f\u0131 okla bir geyi\u011fi koltu\u011fundan vurur. Yaral\u0131 geyik ka\u00e7ar, Gaybi arkas\u0131ndan ko\u015far. Geyik Abdal Musa&#8217;n\u0131n tekkesine girer, arkas\u0131ndan avc\u0131 da girer, dervi\u015flerden geyi\u011fi sorar. Dervi\u015fler g\u00f6rmediklerini s\u00f6ylerler. \u00c7eki\u015fme ba\u015flar. Olaya Abdal Musa. kar\u0131\u015f\u0131r ve koltu\u011fu alt\u0131ndan kanl\u0131 oku \u00e7\u0131kararak Gaybi&#8217;ye g\u00f6sterir. Gaybi okunu tan\u0131r ve Musa&#8217;ya ba\u011flan\u0131r. Alanya beyi o\u011flunu tekkeden kurtarmak ister ama Gaybi, Musa&#8217;dan ayr\u0131lmaz. Bey, Teke (Antalya) beyine ba\u015fvurarak o\u011flunun kurtar\u0131lmas\u0131n\u0131 ister. Teke beyinin g\u00f6nderdi\u011fi ordu Musa&#8217;ya yenilir, Gaybi tekkede kal\u0131r.<\/p>\n<p>K\u0131rk y\u0131l tekkede Abdal Musa &#8216;ya hizmet ettikten sonra \u015feyhi taraf\u0131ndan M\u0131s\u0131r&#8217;a g\u00f6nderilen Kaygusuz Abdal, orada bir tekke kurar. Bu tekke, \u0130slam d\u00fcnyas\u0131nda b\u00fcy\u00fck bir \u00fcn kazan\u0131r ve hastalarla ba\u015f\u0131 dara d\u00fc\u015fenlerin s\u0131\u011f\u0131na\u011f\u0131 olur. Kaygusuz M\u0131s\u0131r&#8217;da \u00f6l\u00fcr. T\u00fcrbesi, Kahire yak\u0131nlar\u0131nda bulunan bir ma\u011faradad\u0131r.<\/p>\n<p>Hece ve aruzla \u015fiirler s\u00f6yleyen Kaygusuz&#8217;un nesirle yaz\u0131lm\u0131\u015f eserleri de var. Aruzla yaz\u0131lm\u0131\u015f \u015fiirleri divan\u0131nda toplanm\u0131\u015ft\u0131r. Hece ile yazd\u0131klar\u0131na ise c\u00f6nklerde ve \u015fiir mecmualar\u0131nda rastlan\u0131yor. Nesir eserleri: Budala-name, Ma\u011flataname, Cefriyye-i Kaygusuz ve Esrar-\u0131 huruf adlar\u0131n\u0131 ta\u015f\u0131yan kitap\u00e7\u0131klard\u0131r. Cefriyye, gelecekte olup bitecek olaylar\u0131 anlatan bir fal kitab\u0131d\u0131r. \u00d6b\u00fcrleri tasavvufla ilgili konular\u0131 i\u015fler.<\/p>\n<p>\u015eiirlerinin bir \u00e7o\u011funda Kaygusuz takma ad\u0131n\u0131 kullanan ozan , baz\u0131 \u015fiirlerinde Serayi ad\u0131n\u0131 da kullan\u0131r. Kaygusuz ad\u0131n\u0131 ta\u015f\u0131yan ba\u015fka \u015fairlerin de bulunmas\u0131, eserlerinden baz\u0131lar\u0131n\u0131n ba\u015fka bir Kaygusuz&#8217;un olabilece\u011fi ku\u015fkusunu, do\u011furuyor.<\/p>\n<p>Kaygusuz Abdal, Bekta\u015filer aras\u0131nda b\u00fcy\u00fck sayg\u0131 ile an\u0131l\u0131r ve Bekta\u015fi ulular\u0131 aras\u0131na girer. Hemen b\u00fct\u00fcn Bekta\u015fi tekkelerinde bulunan ve Kaygusuz&#8217;a ait oldu\u011fu kabul edilen bir resimde, bir y\u0131lan, bir akrep ve bir arslan, ayaklar\u0131 bine yatarak ona boyun e\u011fmi\u015f g\u00f6r\u00fcn\u00fcrm\u00fc\u015f.<\/p>\n<p>XVIIL y\u00fczy\u0131l ressamlar\u0131ndan Levni&#8217;nin yapt\u0131\u011f\u0131 g\u00fczel bir Kaygusuz minyat\u00fcr\u00fc vard\u0131r. Kaygusuz, bir eserinde 1397-98 y\u0131llar\u0131nda do\u011fdu\u011funu s\u00f6yl\u00fcyor. Eserlerinden de anla\u015f\u0131ld\u0131\u011f\u0131na g\u00f6re XV .y\u00fczy\u0131lda ya\u015fam\u0131\u015f olan \u015fair, Anadolu ve Rumeli&#8217;nin bir\u00e7ok yerlerini gezmi\u015f ve iyi bir \u00f6\u011frenim g\u00f6rm\u00fc\u015ft\u00fcr. \u00d6zellikle hece ile yazd\u0131\u011f\u0131 \u015fiirlerde ve nesirlerinde g\u00fczel bir T\u00fcrk\u00e7e kullan\u0131r.<\/p>\n<p>Kaygusuz&#8217;un tasavvufla ilgili \u015fiirleri yan\u0131nda tekerlemeleri, \u015fathiyeleri (alayl\u0131, i\u011fneli ve simgeli \u015fiirler) de \u00f6nemli bir yer tutar. Yunus Emre yolunda y\u00fcr\u00fcyen \u015fair, bu t\u00fcr \u015fiirlerinde ona daha \u00e7ok yakla\u015f\u0131r. \u00d6l\u00fcm y\u0131l\u0131 bilinmiyor.<\/p>\n<p>NEFES<\/p>\n<p>Beylerimiz elvan g\u00fcl\u00fcn \u00fcst\u00fcne<br \/>A\u011flar gelir \u015fah\u0131m Abdal Musa&#8217;ya<br \/>Urm abdallar\u0131 postun e\u011fnine<br \/>Ba\u011flar gelir \u015fah\u0131m Abdal Musa&#8217;ya<\/p>\n<p>Urum abdallar\u0131 gelir dost dey\u00fc<br \/>H\u0131rka giyer aba dey\u00fc post dey\u00fc<br \/>Hastalar\u0131 gelir derman istey\u00fc<br \/>Sa\u011flar gelir bizim Abdal Musa&#8217;ya<\/p>\n<p>Hind&#8217;den bezirganlar gelir yay\u0131nur<br \/>A\u015f\u0131k olan bu meydanda soyunur<br \/>Pi\u015fer lokmalar\u0131 a\u00e7lar duyunur<br \/>Toklar gel\u00fcr pirim Abdal Musa&#8217;ya<\/p>\n<p>\u0130krar\u0131d\u0131r ko\u00e7 yi\u011fidin yular\u0131<br \/>Fakjhleri \u00e7eksem gelmez<br \/>\u0130leri Akp\u0131nar&#8217;\u0131n ye\u015fil g\u00fcll\u00fc sular\u0131<br \/>\u00c7a\u011flar gelir pirim Abdal Musa&#8217;ya<\/p>\n<p>Meydan\u0131nda dare durmu\u015f k\u00f6\u00e7ekler<br \/>\u00c7al\u0131n\u0131r ko\u00e7 kurbanlara b\u0131\u00e7aklar<br \/>D\u00f6\u011f\u00fcl\u00fcr kud\u00fcm a\u00e7\u0131l\u0131r sancaklar<br \/>Erler gelir pirim Abdal Musa&#8217;ya<\/p>\n<p>K\u0131l\u0131\u00e7 sallar Yezidlerin kasd\u0131na<br \/>Ali Z\u00fclfikar&#8217;\u0131n alm\u0131\u015f destine<br \/>T\u00fcmen t\u00fcmen gen\u00e7 Ali&#8217;nin \u00fcst\u00fcne<br \/>Erler gelir \u015fah\u0131m Abdal Musa&#8217;ya<\/p>\n<p>Her matem ay\u0131nda kanlar d\u00f6k\u00fcl\u00fcr<br \/>Demine H\u00fc dey\u00fc g\u00fclbank \u00e7ekilir<br \/>Uyand\u0131r\u0131p Hak \u00e7\u0131ra\u011f\u0131 yak\u0131l\u0131r<br \/>Erler gelir \u015fah\u0131m Abdal Musa&#8217;ya<\/p>\n<p>Benim bir iste\u011fim vard\u0131r Kerim&#8217;den <br \/>Yezit bilmez erenlerin s\u0131rr\u0131ndan <br \/>Kaygusuz&#8217;um c\u00fcda d\u00fc\u015ft\u00fcm pirimden <br \/>Erler gelir \u015fah\u0131m Abdal Musa&#8217;ya<\/p>\n","protected":false},"excerpt":{"rendered":"<p>\u00a0 Kaygusuz Abdal IA\u015fkile geldim cihana, meskenim da\u011flar menemTerk edip c\u00fcmle s\u0131vay\u0131, mahremi tevhid menemG\u00fc\u015f edince menaref esrar\u0131n\u0131, mest olan ehkar menem\u015e\u00f6yle ikrar verdim ol dem Gaygusuz Abdal menem As\u0131l ad\u0131 Gaybi&#8217;dir. Kaygusuz Abdal&#8217;\u0131n hayat\u0131 hakk\u0131nda ki bilgilerin \u00e7o\u011fu Bekta\u015fi menk\u0131belerine dayan\u0131r. Bu menk\u0131belerin en tan\u0131nm\u0131\u015f\u0131 onun Abdal Musa&#8217;ya ba\u011flan\u0131\u015f\u0131n\u0131 anlatan hikayedir: Alaiye (Alanya) beyinin [&hellip;]<\/p>\n","protected":false},"author":1,"featured_media":0,"comment_status":"open","ping_status":"open","sticky":false,"template":"","format":"standard","meta":{"footnotes":""},"categories":[172],"tags":[],"class_list":{"0":"post-1394","1":"post","2":"type-post","3":"status-publish","4":"format-standard","6":"category-ozanlar-ve-eserleri"},"yoast_head":"<!-- This site is optimized with the Yoast SEO Premium plugin v24.9 (Yoast SEO v24.9) - https:\/\/yoast.com\/wordpress\/plugins\/seo\/ -->\n<title>Kaygusuz Abdal | Hayat\u0131 ve Eserleri - narteks.net<\/title>\n<meta name=\"robots\" content=\"index, follow, max-snippet:-1, max-image-preview:large, max-video-preview:-1\" \/>\n<link rel=\"canonical\" href=\"https:\/\/narteks.net\/index.php\/2009\/11\/13\/kaygusuz-abdal-hayat-ve-eserleri\/\" \/>\n<meta property=\"og:locale\" content=\"tr_TR\" \/>\n<meta property=\"og:type\" content=\"article\" \/>\n<meta property=\"og:title\" content=\"Kaygusuz Abdal | Hayat\u0131 ve Eserleri\" \/>\n<meta property=\"og:description\" content=\"\u00a0 Kaygusuz Abdal IA\u015fkile geldim cihana, meskenim da\u011flar menemTerk edip c\u00fcmle s\u0131vay\u0131, mahremi tevhid menemG\u00fc\u015f edince menaref esrar\u0131n\u0131, mest olan ehkar menem\u015e\u00f6yle ikrar verdim ol dem Gaygusuz Abdal menem As\u0131l ad\u0131 Gaybi&#8217;dir. Kaygusuz Abdal&#8217;\u0131n hayat\u0131 hakk\u0131nda ki bilgilerin \u00e7o\u011fu Bekta\u015fi menk\u0131belerine dayan\u0131r. Bu menk\u0131belerin en tan\u0131nm\u0131\u015f\u0131 onun Abdal Musa&#8217;ya ba\u011flan\u0131\u015f\u0131n\u0131 anlatan hikayedir: Alaiye (Alanya) beyinin [&hellip;]\" \/>\n<meta property=\"og:url\" content=\"https:\/\/narteks.net\/index.php\/2009\/11\/13\/kaygusuz-abdal-hayat-ve-eserleri\/\" \/>\n<meta property=\"og:site_name\" content=\"narteks.net\" \/>\n<meta property=\"article:published_time\" content=\"2009-11-13T11:52:31+00:00\" \/>\n<meta property=\"og:image\" content=\"https:\/\/narteks.net\/wp-content\/uploads\/narteks.png\" \/>\n\t<meta property=\"og:image:width\" content=\"300\" \/>\n\t<meta property=\"og:image:height\" content=\"90\" \/>\n\t<meta property=\"og:image:type\" content=\"image\/png\" \/>\n<meta name=\"author\" content=\"Tar\u0131k\" \/>\n<meta name=\"twitter:card\" content=\"summary_large_image\" \/>\n<meta name=\"twitter:creator\" content=\"@narteks\" \/>\n<meta name=\"twitter:site\" content=\"@narteks\" \/>\n<meta name=\"twitter:label1\" content=\"Yazan:\" \/>\n\t<meta name=\"twitter:data1\" content=\"Tar\u0131k\" \/>\n\t<meta name=\"twitter:label2\" content=\"Tahmini okuma s\u00fcresi\" \/>\n\t<meta name=\"twitter:data2\" content=\"4 dakika\" \/>\n<script type=\"application\/ld+json\" class=\"yoast-schema-graph\">{\"@context\":\"https:\/\/schema.org\",\"@graph\":[{\"@type\":\"Article\",\"@id\":\"https:\/\/narteks.net\/index.php\/2009\/11\/13\/kaygusuz-abdal-hayat-ve-eserleri\/#article\",\"isPartOf\":{\"@id\":\"https:\/\/narteks.net\/index.php\/2009\/11\/13\/kaygusuz-abdal-hayat-ve-eserleri\/\"},\"author\":{\"name\":\"Tar\u0131k\",\"@id\":\"https:\/\/narteks.net\/#\/schema\/person\/61f37d9834294b72d31d274e7ed79bca\"},\"headline\":\"Kaygusuz Abdal | Hayat\u0131 ve Eserleri\",\"datePublished\":\"2009-11-13T11:52:31+00:00\",\"mainEntityOfPage\":{\"@id\":\"https:\/\/narteks.net\/index.php\/2009\/11\/13\/kaygusuz-abdal-hayat-ve-eserleri\/\"},\"wordCount\":725,\"commentCount\":0,\"publisher\":{\"@id\":\"https:\/\/narteks.net\/#organization\"},\"articleSection\":[\"Ozanlar ve Eserleri\"],\"inLanguage\":\"tr\",\"potentialAction\":[{\"@type\":\"CommentAction\",\"name\":\"Comment\",\"target\":[\"https:\/\/narteks.net\/index.php\/2009\/11\/13\/kaygusuz-abdal-hayat-ve-eserleri\/#respond\"]}]},{\"@type\":\"WebPage\",\"@id\":\"https:\/\/narteks.net\/index.php\/2009\/11\/13\/kaygusuz-abdal-hayat-ve-eserleri\/\",\"url\":\"https:\/\/narteks.net\/index.php\/2009\/11\/13\/kaygusuz-abdal-hayat-ve-eserleri\/\",\"name\":\"Kaygusuz Abdal | Hayat\u0131 ve Eserleri - narteks.net\",\"isPartOf\":{\"@id\":\"https:\/\/narteks.net\/#website\"},\"datePublished\":\"2009-11-13T11:52:31+00:00\",\"breadcrumb\":{\"@id\":\"https:\/\/narteks.net\/index.php\/2009\/11\/13\/kaygusuz-abdal-hayat-ve-eserleri\/#breadcrumb\"},\"inLanguage\":\"tr\",\"potentialAction\":[{\"@type\":\"ReadAction\",\"target\":[\"https:\/\/narteks.net\/index.php\/2009\/11\/13\/kaygusuz-abdal-hayat-ve-eserleri\/\"]}]},{\"@type\":\"BreadcrumbList\",\"@id\":\"https:\/\/narteks.net\/index.php\/2009\/11\/13\/kaygusuz-abdal-hayat-ve-eserleri\/#breadcrumb\",\"itemListElement\":[{\"@type\":\"ListItem\",\"position\":1,\"name\":\"Anasayfa\",\"item\":\"https:\/\/narteks.net\/\"},{\"@type\":\"ListItem\",\"position\":2,\"name\":\"Kaygusuz Abdal | Hayat\u0131 ve Eserleri\"}]},{\"@type\":\"WebSite\",\"@id\":\"https:\/\/narteks.net\/#website\",\"url\":\"https:\/\/narteks.net\/\",\"name\":\"narteks.net\",\"description\":\"K\u00fclt\u00fcr Sanat Edebiyat Felsefe\",\"publisher\":{\"@id\":\"https:\/\/narteks.net\/#organization\"},\"alternateName\":\"K\u00fclt\u00fcr Sanat Edebiyat Felsefe\",\"potentialAction\":[{\"@type\":\"SearchAction\",\"target\":{\"@type\":\"EntryPoint\",\"urlTemplate\":\"https:\/\/narteks.net\/?s={search_term_string}\"},\"query-input\":{\"@type\":\"PropertyValueSpecification\",\"valueRequired\":true,\"valueName\":\"search_term_string\"}}],\"inLanguage\":\"tr\"},{\"@type\":\"Organization\",\"@id\":\"https:\/\/narteks.net\/#organization\",\"name\":\"narteks.net\",\"url\":\"https:\/\/narteks.net\/\",\"logo\":{\"@type\":\"ImageObject\",\"inLanguage\":\"tr\",\"@id\":\"https:\/\/narteks.net\/#\/schema\/logo\/image\/\",\"url\":\"https:\/\/narteks.net\/wp-content\/uploads\/narteks.png\",\"contentUrl\":\"https:\/\/narteks.net\/wp-content\/uploads\/narteks.png\",\"width\":300,\"height\":90,\"caption\":\"narteks.net\"},\"image\":{\"@id\":\"https:\/\/narteks.net\/#\/schema\/logo\/image\/\"},\"sameAs\":[\"https:\/\/x.com\/narteks\",\"https:\/\/instagram.com\/narteksnet\"]},{\"@type\":\"Person\",\"@id\":\"https:\/\/narteks.net\/#\/schema\/person\/61f37d9834294b72d31d274e7ed79bca\",\"name\":\"Tar\u0131k\",\"image\":{\"@type\":\"ImageObject\",\"inLanguage\":\"tr\",\"@id\":\"https:\/\/narteks.net\/#\/schema\/person\/image\/\",\"url\":\"https:\/\/secure.gravatar.com\/avatar\/50865afb55632c4ae467e0af0930f6510aa2297d8014be502a55b14f3b7550cf?s=96&d=mm&r=g\",\"contentUrl\":\"https:\/\/secure.gravatar.com\/avatar\/50865afb55632c4ae467e0af0930f6510aa2297d8014be502a55b14f3b7550cf?s=96&d=mm&r=g\",\"caption\":\"Tar\u0131k\"},\"sameAs\":[\"http:\/\/narteks.net\"],\"url\":\"https:\/\/narteks.net\/index.php\/author\/narbak\/\"}]}<\/script>\n<!-- \/ Yoast SEO Premium plugin. -->","yoast_head_json":{"title":"Kaygusuz Abdal | Hayat\u0131 ve Eserleri - narteks.net","robots":{"index":"index","follow":"follow","max-snippet":"max-snippet:-1","max-image-preview":"max-image-preview:large","max-video-preview":"max-video-preview:-1"},"canonical":"https:\/\/narteks.net\/index.php\/2009\/11\/13\/kaygusuz-abdal-hayat-ve-eserleri\/","og_locale":"tr_TR","og_type":"article","og_title":"Kaygusuz Abdal | Hayat\u0131 ve Eserleri","og_description":"\u00a0 Kaygusuz Abdal IA\u015fkile geldim cihana, meskenim da\u011flar menemTerk edip c\u00fcmle s\u0131vay\u0131, mahremi tevhid menemG\u00fc\u015f edince menaref esrar\u0131n\u0131, mest olan ehkar menem\u015e\u00f6yle ikrar verdim ol dem Gaygusuz Abdal menem As\u0131l ad\u0131 Gaybi&#8217;dir. Kaygusuz Abdal&#8217;\u0131n hayat\u0131 hakk\u0131nda ki bilgilerin \u00e7o\u011fu Bekta\u015fi menk\u0131belerine dayan\u0131r. Bu menk\u0131belerin en tan\u0131nm\u0131\u015f\u0131 onun Abdal Musa&#8217;ya ba\u011flan\u0131\u015f\u0131n\u0131 anlatan hikayedir: Alaiye (Alanya) beyinin [&hellip;]","og_url":"https:\/\/narteks.net\/index.php\/2009\/11\/13\/kaygusuz-abdal-hayat-ve-eserleri\/","og_site_name":"narteks.net","article_published_time":"2009-11-13T11:52:31+00:00","og_image":[{"width":300,"height":90,"url":"https:\/\/narteks.net\/wp-content\/uploads\/narteks.png","type":"image\/png"}],"author":"Tar\u0131k","twitter_card":"summary_large_image","twitter_creator":"@narteks","twitter_site":"@narteks","twitter_misc":{"Yazan:":"Tar\u0131k","Tahmini okuma s\u00fcresi":"4 dakika"},"schema":{"@context":"https:\/\/schema.org","@graph":[{"@type":"Article","@id":"https:\/\/narteks.net\/index.php\/2009\/11\/13\/kaygusuz-abdal-hayat-ve-eserleri\/#article","isPartOf":{"@id":"https:\/\/narteks.net\/index.php\/2009\/11\/13\/kaygusuz-abdal-hayat-ve-eserleri\/"},"author":{"name":"Tar\u0131k","@id":"https:\/\/narteks.net\/#\/schema\/person\/61f37d9834294b72d31d274e7ed79bca"},"headline":"Kaygusuz Abdal | Hayat\u0131 ve Eserleri","datePublished":"2009-11-13T11:52:31+00:00","mainEntityOfPage":{"@id":"https:\/\/narteks.net\/index.php\/2009\/11\/13\/kaygusuz-abdal-hayat-ve-eserleri\/"},"wordCount":725,"commentCount":0,"publisher":{"@id":"https:\/\/narteks.net\/#organization"},"articleSection":["Ozanlar ve Eserleri"],"inLanguage":"tr","potentialAction":[{"@type":"CommentAction","name":"Comment","target":["https:\/\/narteks.net\/index.php\/2009\/11\/13\/kaygusuz-abdal-hayat-ve-eserleri\/#respond"]}]},{"@type":"WebPage","@id":"https:\/\/narteks.net\/index.php\/2009\/11\/13\/kaygusuz-abdal-hayat-ve-eserleri\/","url":"https:\/\/narteks.net\/index.php\/2009\/11\/13\/kaygusuz-abdal-hayat-ve-eserleri\/","name":"Kaygusuz Abdal | Hayat\u0131 ve Eserleri - narteks.net","isPartOf":{"@id":"https:\/\/narteks.net\/#website"},"datePublished":"2009-11-13T11:52:31+00:00","breadcrumb":{"@id":"https:\/\/narteks.net\/index.php\/2009\/11\/13\/kaygusuz-abdal-hayat-ve-eserleri\/#breadcrumb"},"inLanguage":"tr","potentialAction":[{"@type":"ReadAction","target":["https:\/\/narteks.net\/index.php\/2009\/11\/13\/kaygusuz-abdal-hayat-ve-eserleri\/"]}]},{"@type":"BreadcrumbList","@id":"https:\/\/narteks.net\/index.php\/2009\/11\/13\/kaygusuz-abdal-hayat-ve-eserleri\/#breadcrumb","itemListElement":[{"@type":"ListItem","position":1,"name":"Anasayfa","item":"https:\/\/narteks.net\/"},{"@type":"ListItem","position":2,"name":"Kaygusuz Abdal | Hayat\u0131 ve Eserleri"}]},{"@type":"WebSite","@id":"https:\/\/narteks.net\/#website","url":"https:\/\/narteks.net\/","name":"narteks.net","description":"K\u00fclt\u00fcr Sanat Edebiyat Felsefe","publisher":{"@id":"https:\/\/narteks.net\/#organization"},"alternateName":"K\u00fclt\u00fcr Sanat Edebiyat Felsefe","potentialAction":[{"@type":"SearchAction","target":{"@type":"EntryPoint","urlTemplate":"https:\/\/narteks.net\/?s={search_term_string}"},"query-input":{"@type":"PropertyValueSpecification","valueRequired":true,"valueName":"search_term_string"}}],"inLanguage":"tr"},{"@type":"Organization","@id":"https:\/\/narteks.net\/#organization","name":"narteks.net","url":"https:\/\/narteks.net\/","logo":{"@type":"ImageObject","inLanguage":"tr","@id":"https:\/\/narteks.net\/#\/schema\/logo\/image\/","url":"https:\/\/narteks.net\/wp-content\/uploads\/narteks.png","contentUrl":"https:\/\/narteks.net\/wp-content\/uploads\/narteks.png","width":300,"height":90,"caption":"narteks.net"},"image":{"@id":"https:\/\/narteks.net\/#\/schema\/logo\/image\/"},"sameAs":["https:\/\/x.com\/narteks","https:\/\/instagram.com\/narteksnet"]},{"@type":"Person","@id":"https:\/\/narteks.net\/#\/schema\/person\/61f37d9834294b72d31d274e7ed79bca","name":"Tar\u0131k","image":{"@type":"ImageObject","inLanguage":"tr","@id":"https:\/\/narteks.net\/#\/schema\/person\/image\/","url":"https:\/\/secure.gravatar.com\/avatar\/50865afb55632c4ae467e0af0930f6510aa2297d8014be502a55b14f3b7550cf?s=96&d=mm&r=g","contentUrl":"https:\/\/secure.gravatar.com\/avatar\/50865afb55632c4ae467e0af0930f6510aa2297d8014be502a55b14f3b7550cf?s=96&d=mm&r=g","caption":"Tar\u0131k"},"sameAs":["http:\/\/narteks.net"],"url":"https:\/\/narteks.net\/index.php\/author\/narbak\/"}]}},"_links":{"self":[{"href":"https:\/\/narteks.net\/index.php\/wp-json\/wp\/v2\/posts\/1394","targetHints":{"allow":["GET"]}}],"collection":[{"href":"https:\/\/narteks.net\/index.php\/wp-json\/wp\/v2\/posts"}],"about":[{"href":"https:\/\/narteks.net\/index.php\/wp-json\/wp\/v2\/types\/post"}],"author":[{"embeddable":true,"href":"https:\/\/narteks.net\/index.php\/wp-json\/wp\/v2\/users\/1"}],"replies":[{"embeddable":true,"href":"https:\/\/narteks.net\/index.php\/wp-json\/wp\/v2\/comments?post=1394"}],"version-history":[{"count":0,"href":"https:\/\/narteks.net\/index.php\/wp-json\/wp\/v2\/posts\/1394\/revisions"}],"wp:attachment":[{"href":"https:\/\/narteks.net\/index.php\/wp-json\/wp\/v2\/media?parent=1394"}],"wp:term":[{"taxonomy":"category","embeddable":true,"href":"https:\/\/narteks.net\/index.php\/wp-json\/wp\/v2\/categories?post=1394"},{"taxonomy":"post_tag","embeddable":true,"href":"https:\/\/narteks.net\/index.php\/wp-json\/wp\/v2\/tags?post=1394"}],"curies":[{"name":"wp","href":"https:\/\/api.w.org\/{rel}","templated":true}]}}