{"id":1395,"date":"2009-11-13T14:54:27","date_gmt":"2009-11-13T11:54:27","guid":{"rendered":"http:\/\/localhost\/wordpress\/2009\/11\/13\/kazak-abdal-hayat-ve-eserleri\/"},"modified":"2009-11-13T14:54:27","modified_gmt":"2009-11-13T11:54:27","slug":"kazak-abdal-hayat-ve-eserleri","status":"publish","type":"post","link":"https:\/\/narteks.net\/index.php\/2009\/11\/13\/kazak-abdal-hayat-ve-eserleri\/","title":{"rendered":"Kazak Abdal &#8211; Hayat\u0131 ve eserleri"},"content":{"rendered":"<p style=\"text-align: justify;\">E\u015fe\u011fi sald\u0131m \u00e7ay\u0131ra, <br \/>Otlaya karn\u0131n doyura <br \/>G\u00f6rd\u00fc\u011f\u00fc d\u00fc\u015f\u00fc hay\u0131ra. <br \/>Yoran\u0131n da &#8230;<\/p>\n<p>Kazak Abdal nutkeyledi, <br \/>C\u00fcmle halk\u0131 ta&#8217;neyledi <br \/>Sorarlarsa kim s\u00f6yledi, <br \/>Soran\u0131n da &#8230;<\/p>\n<p> Romanya T\u00fcrklerindendir. Onyedinci y\u00fczy\u0131lda ya\u015fad\u0131\u011f\u0131 san\u0131lan bir ozand\u0131r. \u015eiirlerinin bir k\u0131sm\u0131 hiciv \u00f6rnekleriyle doludur. Dili yal\u0131n ve sadedir. Rahat okunur. \u015eiirleri g\u00fcncelli\u011fini halen korumaktad\u0131r.<\/p>\n<p>Kazak Abdal&#8217;\u0131n, Bekta\u015fi gelenekleri i\u00e7inde, ya\u015fam \u00f6yk\u00fcs\u00fc ilgi \u00e7ekicidir. Bu \u00f6yk\u00fc Turgut Koca&#8217;n\u0131n Bekta\u015fi \u015eairleri ve Nefesleri kitab\u0131nda \u015f\u00f6yle anlat\u0131lmaktad\u0131r:<br \/>&#8221;Rus \u00c7ar\u0131&#8217;n\u0131n k\u0131z\u0131 bir \u00e7ocuk do\u011furur. Fakat bu \u00e7ocuk, annesinden s\u00fct emmez. Bu duruma ne hekimler, ne de papazlar \u00e7are bulamazlar. Sonunda Deliorman dergah\u0131ndan, Rusya&#8217;dan Tuz paras\u0131 almak \u00fczere gelen Demir Baba&#8217;ya: &#8221;Sen keramet ehli bir azizsin. Bu \u00e7ocu\u011fu tutuldu\u011fu hastal\u0131ktan kurtar.&#8221; diye yalvar\u0131rlar. Demir Baba da: &#8221;Bu \u00e7ocu\u011fun s\u00fct emmesini sa\u011flar isem, tekkeme nezreder misiniz?&#8221; der. Kabul ederler. Demir Baba \u00e7ocu\u011fa: &#8221;Em!&#8221; der. \u00c7ocuk, anas\u0131n\u0131n memesini emer. Delikanl\u0131l\u0131k \u00e7a\u011f\u0131na erince, Demir Baba dergah\u0131na g\u00f6nderirler. B\u00f6ylece Demir Baba, \u00e7ocu\u011fu evlat edinir. Ad\u0131n\u0131 Ahmed kor. Bu \u00e7ocuk daha sonralar\u0131 Bal\u0131m Sultan&#8217;a giderek, el al\u0131r ve ad\u0131 da &#8221;Kazak Abdal&#8221; olur&#8221;. s\u00f6ylence b\u00f6yle bitiyor.<\/p>\n<p>Kazak Abdal&#8217;\u0131n ucu tenteneli ve ta\u015flanm\u0131\u015f bir mendilinin, Demir Baba dergah\u0131nda bulundu\u011funu, Deliorman&#8217;dan gelen g\u00f6\u00e7menler s\u00f6ylemektedirler. Kazak Abdal, Denizli&#8217;deki dergah\u0131nda yatmaktad\u0131r.<\/p>\n<p>Elimizde bir ka\u00e7 \u015fiiri olan Kazak Abdal&#8217;\u0131n, kim oldu\u011fu, ne zaman ya\u015fad\u0131\u011f\u0131 kesin olarak bilinmiyor. Sadettin N\u00fczhet, XVII. y\u00fczy\u0131l ya\u015fam\u0131\u015f Bekta\u015fi \u015fairlerinden oldu\u011funu, \u015fiirlerine rastlanan yazma dergilerin bu y\u00fczy\u0131l sonlar\u0131nda yaz\u0131lm\u0131\u015f olmas\u0131na ba\u011fl\u0131yor. Bal\u0131m Sultan&#8217;a (\u00f6lm. 1516) \u00f6vg\u00fc olan \u015fiir onunsa daha \u00f6nce ya\u015fad\u0131\u011f\u0131 da ileri s\u00fcr\u00fclebilir. Ger\u00e7i Bekta\u015fili\u011fin ikinci piri say\u0131lan Bal\u0131m Sultan&#8217;\u0131n ayn\u0131 tarikat\u0131n dervi\u015flerinden birince \u00f6v\u00fclmesi do\u011fald\u0131r. Ama b\u00fct\u00fcn \u00f6zellikleriyle canl\u0131 bir bi\u00e7imde anlat\u0131l\u0131\u015f\u0131, hele y\u00fcr\u00fcy\u00fc\u015f\u00fcn\u00fc yans\u0131tan \u015fu d\u00f6rtl\u00fck,<\/p>\n<p>&#8220;Arslan gibi ap\u0131l ap\u0131l y\u00fcr\u00fcyen <br \/>Kendi \u00f6z\u00fcn hak s\u0131rr\u0131na b\u00fcr\u00fcyen<br \/>Kepene\u011fin yan\u0131 s\u0131ra y\u00fcr\u00fcyen<br \/>M\u00fcrsel baba o\u011flu Sultan Bal\u0131m&#8217;d\u0131r.&#8221;<\/p>\n<p>bir g\u00f6zlem sonucu olsa gerektir. Yine de, \u00fcnl\u00fc pirin s\u00f6ylencelerde ayr\u0131nt\u0131lar\u0131yla anlat\u0131lan ki\u015fili\u011finin \u015fairin hayaline y\u00f6n verdi\u011fi d\u00fc\u015f\u00fcn\u00fclebilir. Kazak Abdal&#8217;\u0131n Romanya T\u00fcrklerin-den oldu\u011fu s\u00f6ylenmektedir. Hayali bir resmi de yap\u0131lm\u0131\u015ft\u0131r. Bir \u015fiirinden ise as\u0131l ad\u0131n\u0131n Ahmet oldu\u011fu anla\u015f\u0131l\u0131yor. Kendine \u00f6zg\u00fc ve ger\u00e7ek\u00e7i bir bak\u0131\u015f\u0131 vard\u0131r. Ali sevgisi Ali&#8217;de Tanr\u0131&#8217;n\u0131n dile geldi\u011fi, g\u00f6r\u00fcn\u00fc\u015f alan\u0131na \u00e7\u0131kt\u0131\u011f\u0131, onun insan bi\u00e7iminde tanr\u0131 oldu\u011fu inan\u00e7la an\u0131l\u0131r, anlat\u0131l\u0131r.<\/p>\n<p>Kazak Abdal&#8217;\u0131n toplumsal kurumlar\u0131, yerle\u015fik inan\u00e7lar\u0131, gelenekleri yeren iki \u015fiiri g\u00fc-n\u00fcm\u00fczde de de\u011ferini korumaktad\u0131r. Belli bir toplumsal d\u00fczenin olu\u015fturdu\u011fu insan\u0131n alabildi\u011fine yerildi\u011fi bu \u015fiirler, yerginin \u00f6tesinde mizahi \u00f6\u011feler de ta\u015f\u0131r. Azmi&#8217;yi ve Kaygusuz Abdal&#8217;\u0131 an\u0131msat\u0131r. Ali de Tanr\u0131&#8217;n\u0131n dile geldi\u011fini g\u00f6r\u00fcn\u00fc\u015f alan\u0131na \u00e7\u0131kt\u0131\u011f\u0131n\u0131 s\u00f6yler. Tanr\u0131&#8217;y\u0131 insanla\u015ft\u0131r\u0131r.<\/p>\n<p>Yerici -alayc\u0131 tutumu, g\u00fcld\u00fcr\u00fcc\u00fc diliyle yobazlara, sofulara kulaktan dolma tutars\u0131z bilgilerle bilgin g\u00f6r\u00fcnmeye \u00e7al\u0131\u015fan cahillere ses kalabal\u0131\u011f\u0131 ile ba\u015fkalar\u0131n\u0131 susturmaya \u00e7al\u0131\u015fanlara \u015fiirlerinde sata\u015f\u0131r, onlar\u0131n olumsuz yanlar\u0131n\u0131 sergiler. Asl\u0131nda \u015fiirleri a\u00e7\u0131kt\u0131r, yoruma gerek duymaz. Yerginin i\u00e7inde ger\u00e7e\u011fi sunar. Kimlere \u00e7att\u0131\u011f\u0131n\u0131 a\u00e7\u0131k\u00e7a s\u00f6yler.<\/p>\n<p>Kazak Abdal, kendine \u00f6zg\u00fc s\u00f6yleyi\u015fi, bulu\u015fu olan, olaylara \u00e7ok alayc\u0131 yerici g\u00f6zle bakmas\u0131n\u0131 bilen, yaz\u0131n\u0131m\u0131za de\u011fi\u015fik bir ses getirmi\u015f ozan\u0131m\u0131zd\u0131r. Alayc\u0131l\u0131\u011f\u0131 ve yericili\u011fiyle 16. y\u00fczy\u0131lda ya\u015fam\u0131\u015f Azmi&#8217;yi an\u0131msat\u0131yor. K\u0131rsal kesimin ozanlar\u0131nca da \u00e7al\u0131nm\u0131\u015f s\u00f6ylenmi\u015ftir. Bu \u015fiir t\u00fcr\u00fcnde onun gibi ba\u015far\u0131l\u0131s\u0131 g\u00f6r\u00fclmemi\u015ftir. Hac\u0131 Bekta\u015f Veli&#8217;ye y\u00fcrekten ba\u011f\u0131l\u0131d\u0131r. \u00e7a\u011f\u0131n\u0131 a\u015fan tutumu ile k\u00f6kl\u00fc bir direni\u015f i\u00e7indedir, ger\u00e7ek\u00e7idir.<\/p>\n<p>Eserlerinden baz\u0131lar\u0131:<\/p>\n<p>1<br \/>Benim pirim Hac\u0131 Bekta\u015f Veli&#8217;dir <br \/>Pirim piri \u015eah\u0131merdan Ali&#8217;dir <br \/>Seyyit Ali Sultan\u0131n kendisidir <br \/>M\u00fcrsel Baba o\u011flu Sultan Bal\u0131md\u0131r<\/p>\n<p>Erenlerin lokmas\u0131ndan yer isen <br \/>Ger\u00e7ek imamlar\u0131n asl\u0131 der isen <br \/>Dinle pendi sana derim er isen<br \/>M\u00fcrsel Baba o\u011flu Sultan Bal\u0131md\u0131r<\/p>\n<p>Arslan gibi ap\u0131l ap\u0131l y\u00fcr\u00fcyen <br \/>Kendi \u00f6z\u00fcn Hak s\u0131rr\u0131na b\u00fcr\u00fcyen <br \/>Kepenegin yan\u0131 s\u0131ra y\u00fcr\u00fcyen <br \/>M\u00fcrsel Baba o\u011flu Sultan Bal\u0131md\u0131r<\/p>\n<p>M\u00fcmin olan lokmas\u0131n\u0131 yedirir <br \/>Her s\u00f6zleri rumuz ile bildirir <br \/>G\u00fcmans\u0131z bil an\u0131 ger\u00e7ek Velidir <br \/>M\u00fcrsel Baba o\u011flu Sultan Bal\u0131md\u0131r<\/p>\n<p>K\u0131z\u0131l Deli oca\u011f\u0131nda uyanan <br \/>Ba\u015ftan ba\u015fa ye\u015fillere boyanan <br \/>Var\u0131p pirin e\u015fi\u011fine dayanan <br \/>M\u00fcrsel Baba o\u011flu Sultan Bal\u0131md\u0131r<\/p>\n<p>Mekan tutmu\u015f Hanba\u011f\u0131nda buca\u011f\u0131n <br \/>Bulutlara a\u011f\u0131p tutan sanca\u011f\u0131n <br \/>Uyand\u0131rd\u0131 pirimizin oca\u011f\u0131n <br \/>M\u00fcrsel Baba o\u011flu Sultan Bal\u0131md\u0131r<\/p>\n<p>Kazak Abdal der rivayet eyledim<br \/>\u00dc\u00e7 y\u00fcz altm\u0131\u015f er ziyaret eyledim<br \/>Bu da s\u00f6z ba\u015f\u0131 bir hikayet eyledim<br \/>M\u00fcrsel Baba o\u011flu Sultan Bal\u0131md\u0131r<\/p>\n<p>2<br \/>E\u015fe\u011fi sald\u0131m \u00e7ay\u0131ra, <br \/>Otlaya karn\u0131n doyura <br \/>G\u00f6rd\u00fc\u011f\u00fc d\u00fc\u015f\u00fc hay\u0131ra. <br \/>Yoran\u0131n da anas\u0131n\u0131<\/p>\n<p>M\u00fcnkir m\u00fcnaf\u0131k\u0131n huyu, <br \/>Y\u0131kt\u0131 harap etti k\u00f6y\u00fc <br \/>Mezar\u0131na bir tas suyu, <br \/>D\u00f6kenin de anas\u0131n\u0131<\/p>\n<p>Da\u011fdan tahta indirenin, <br \/>Iskat\u0131na oturan\u0131n <br \/>Mezar\u0131na g\u00f6t\u00fcrenin, <br \/>\u0130mam\u0131n da anas\u0131n\u0131<\/p>\n<p>Derince kaz\u0131n kuyusun, <br \/>\u0130nim inim inlesin <br \/>Kefenin diken i\u011fnesin, <br \/>Dikenin de anas\u0131n\u0131<\/p>\n<p>M\u00fcfsidin bir de gammaz\u0131n, <br \/>Mal\u0131 vard\u0131r da yemezin <br \/>\u0130kisin meyit namaz\u0131n, <br \/>K\u0131lan\u0131n da anas\u0131n\u0131<\/p>\n<p>Kazak Abdal nutkeyledi, <br \/>C\u00fcmle halk\u0131 ta&#8217;neyledi <br \/>Sorarlarsa kim s\u00f6yledi, <br \/>Soran\u0131n da anas\u0131n\u0131 \u00a0\u00a0\u00a0 \u00a0 \u00a0\u00a0\u00a0 3<br \/>Ormanda b\u00fcy\u00fcyen adam azg\u0131n\u0131 <br \/>\u00c7ar\u015f\u0131da pazarda insan be\u011fenmez <br \/>Medrese ka\u00e7k\u0131n\u0131 softa bozgunu <br \/>Selam verme\u011fe dervi\u015fan be\u011fenmez<\/p>\n<p>Alemi taneder yan\u0131na varsan<br \/>Seni yan\u0131lt\u0131r mes&#8217;ele sorsan<br \/>Bir cim \u00e7\u0131kmaz e\u011fer kam\u0131n\u0131 yarsan <br \/>Camiye gelir de erkan be\u011fenmez<\/p>\n<p>Elin kapusunda kul karda\u015f olan <br \/>Burnu s\u00fcm\u00fckl\u00fc hem g\u00f6z\u00fc ya\u015f olan <br \/>Bayramdan bayrama bir tra\u015f olan <br \/>Berber d\u00fckkan\u0131nda o\u011flan be\u011fenmez<\/p>\n<p>Da\u011flarda bay\u0131rda gezen bir y\u00f6r\u00fck <br \/>Kimi timarl\u0131 sipahi kimi serb\u00f6l\u00fck <br \/>Bir elife dili d\u00f6nmiyen h\u00f6d\u00fck <br \/>\u015eehristana gelir ezan be\u011fenmez<\/p>\n<p>Bir \u00e7ubu\u011fu vard\u0131r gayet k\u00fc\u00e7\u00fccek <br \/>Zu&#8217;mu fasidince keyif s\u00fcrecek <br \/>K\u0131r\u0131k \u00e7ana\u011f\u0131 yok ayran i\u00e7ecek <br \/>Kahveye gelir de fincan be\u011fenmez<\/p>\n<p>Yaz olunca yayla yayla g\u00f6\u00e7enler <br \/>Topuz korkusundan \u015fardan ka\u00e7anlar <br \/>Me\u015fe yapra\u011f\u0131n\u0131 k\u0131y\u0131p i\u00e7enler <br \/>Rumeli Yenicesi duhan be\u011fenmez<\/p>\n<p>Asl\u0131nda, neslinde giymemi\u015f hare <br \/>\u0130\u015f gelmez elinden gitmez bir kare <br \/>Sand\u0131\u011f\u0131 g\u00f6mleksiz duran mekkare <br \/>Bedestana gelir kaftan be\u011fenmez<\/p>\n<p>Kazak Abdal s\u00f6yler bu t\u00fcrl\u00fc s\u00f6z\u00fc <br \/>Yo\u011furt ayran ile hallolmu\u015f \u00f6z\u00fc <br \/>K\u00f6yden \u015fehre gelse bir T\u00fcrk\u00fcn k\u0131z\u0131 <br \/>\u0130nci yakut ister mercan be\u011fenmez <\/p>\n<p><\/p>\n","protected":false},"excerpt":{"rendered":"<p>E\u015fe\u011fi sald\u0131m \u00e7ay\u0131ra, Otlaya karn\u0131n doyura G\u00f6rd\u00fc\u011f\u00fc d\u00fc\u015f\u00fc hay\u0131ra. Yoran\u0131n da &#8230; Kazak Abdal nutkeyledi, C\u00fcmle halk\u0131 ta&#8217;neyledi Sorarlarsa kim s\u00f6yledi, Soran\u0131n da &#8230; Romanya T\u00fcrklerindendir. Onyedinci y\u00fczy\u0131lda ya\u015fad\u0131\u011f\u0131 san\u0131lan bir ozand\u0131r. \u015eiirlerinin bir k\u0131sm\u0131 hiciv \u00f6rnekleriyle doludur. Dili yal\u0131n ve sadedir. Rahat okunur. \u015eiirleri g\u00fcncelli\u011fini halen korumaktad\u0131r. Kazak Abdal&#8217;\u0131n, Bekta\u015fi gelenekleri i\u00e7inde, ya\u015fam \u00f6yk\u00fcs\u00fc [&hellip;]<\/p>\n","protected":false},"author":1,"featured_media":0,"comment_status":"open","ping_status":"open","sticky":false,"template":"","format":"standard","meta":{"footnotes":""},"categories":[172],"tags":[],"class_list":{"0":"post-1395","1":"post","2":"type-post","3":"status-publish","4":"format-standard","6":"category-ozanlar-ve-eserleri"},"yoast_head":"<!-- This site is optimized with the Yoast SEO Premium plugin v24.9 (Yoast SEO v24.9) - https:\/\/yoast.com\/wordpress\/plugins\/seo\/ -->\n<title>Kazak Abdal - Hayat\u0131 ve eserleri - narteks.net<\/title>\n<meta name=\"robots\" content=\"index, follow, max-snippet:-1, max-image-preview:large, max-video-preview:-1\" \/>\n<link rel=\"canonical\" href=\"https:\/\/narteks.net\/index.php\/2009\/11\/13\/kazak-abdal-hayat-ve-eserleri\/\" \/>\n<meta property=\"og:locale\" content=\"tr_TR\" \/>\n<meta property=\"og:type\" content=\"article\" \/>\n<meta property=\"og:title\" content=\"Kazak Abdal - Hayat\u0131 ve eserleri\" \/>\n<meta property=\"og:description\" content=\"E\u015fe\u011fi sald\u0131m \u00e7ay\u0131ra, Otlaya karn\u0131n doyura G\u00f6rd\u00fc\u011f\u00fc d\u00fc\u015f\u00fc hay\u0131ra. Yoran\u0131n da &#8230; Kazak Abdal nutkeyledi, C\u00fcmle halk\u0131 ta&#8217;neyledi Sorarlarsa kim s\u00f6yledi, Soran\u0131n da &#8230; Romanya T\u00fcrklerindendir. Onyedinci y\u00fczy\u0131lda ya\u015fad\u0131\u011f\u0131 san\u0131lan bir ozand\u0131r. \u015eiirlerinin bir k\u0131sm\u0131 hiciv \u00f6rnekleriyle doludur. Dili yal\u0131n ve sadedir. Rahat okunur. \u015eiirleri g\u00fcncelli\u011fini halen korumaktad\u0131r. Kazak Abdal&#8217;\u0131n, Bekta\u015fi gelenekleri i\u00e7inde, ya\u015fam \u00f6yk\u00fcs\u00fc [&hellip;]\" \/>\n<meta property=\"og:url\" content=\"https:\/\/narteks.net\/index.php\/2009\/11\/13\/kazak-abdal-hayat-ve-eserleri\/\" \/>\n<meta property=\"og:site_name\" content=\"narteks.net\" \/>\n<meta property=\"article:published_time\" content=\"2009-11-13T11:54:27+00:00\" \/>\n<meta property=\"og:image\" content=\"https:\/\/narteks.net\/wp-content\/uploads\/narteks.png\" \/>\n\t<meta property=\"og:image:width\" content=\"300\" \/>\n\t<meta property=\"og:image:height\" content=\"90\" \/>\n\t<meta property=\"og:image:type\" content=\"image\/png\" \/>\n<meta name=\"author\" content=\"Tar\u0131k\" \/>\n<meta name=\"twitter:card\" content=\"summary_large_image\" \/>\n<meta name=\"twitter:creator\" content=\"@narteks\" \/>\n<meta name=\"twitter:site\" content=\"@narteks\" \/>\n<meta name=\"twitter:label1\" content=\"Yazan:\" \/>\n\t<meta name=\"twitter:data1\" content=\"Tar\u0131k\" \/>\n\t<meta name=\"twitter:label2\" content=\"Tahmini okuma s\u00fcresi\" \/>\n\t<meta name=\"twitter:data2\" content=\"6 dakika\" \/>\n<script type=\"application\/ld+json\" class=\"yoast-schema-graph\">{\"@context\":\"https:\/\/schema.org\",\"@graph\":[{\"@type\":\"Article\",\"@id\":\"https:\/\/narteks.net\/index.php\/2009\/11\/13\/kazak-abdal-hayat-ve-eserleri\/#article\",\"isPartOf\":{\"@id\":\"https:\/\/narteks.net\/index.php\/2009\/11\/13\/kazak-abdal-hayat-ve-eserleri\/\"},\"author\":{\"name\":\"Tar\u0131k\",\"@id\":\"https:\/\/narteks.net\/#\/schema\/person\/61f37d9834294b72d31d274e7ed79bca\"},\"headline\":\"Kazak Abdal &#8211; Hayat\u0131 ve eserleri\",\"datePublished\":\"2009-11-13T11:54:27+00:00\",\"mainEntityOfPage\":{\"@id\":\"https:\/\/narteks.net\/index.php\/2009\/11\/13\/kazak-abdal-hayat-ve-eserleri\/\"},\"wordCount\":1271,\"commentCount\":0,\"publisher\":{\"@id\":\"https:\/\/narteks.net\/#organization\"},\"articleSection\":[\"Ozanlar ve Eserleri\"],\"inLanguage\":\"tr\",\"potentialAction\":[{\"@type\":\"CommentAction\",\"name\":\"Comment\",\"target\":[\"https:\/\/narteks.net\/index.php\/2009\/11\/13\/kazak-abdal-hayat-ve-eserleri\/#respond\"]}]},{\"@type\":\"WebPage\",\"@id\":\"https:\/\/narteks.net\/index.php\/2009\/11\/13\/kazak-abdal-hayat-ve-eserleri\/\",\"url\":\"https:\/\/narteks.net\/index.php\/2009\/11\/13\/kazak-abdal-hayat-ve-eserleri\/\",\"name\":\"Kazak Abdal - Hayat\u0131 ve eserleri - narteks.net\",\"isPartOf\":{\"@id\":\"https:\/\/narteks.net\/#website\"},\"datePublished\":\"2009-11-13T11:54:27+00:00\",\"breadcrumb\":{\"@id\":\"https:\/\/narteks.net\/index.php\/2009\/11\/13\/kazak-abdal-hayat-ve-eserleri\/#breadcrumb\"},\"inLanguage\":\"tr\",\"potentialAction\":[{\"@type\":\"ReadAction\",\"target\":[\"https:\/\/narteks.net\/index.php\/2009\/11\/13\/kazak-abdal-hayat-ve-eserleri\/\"]}]},{\"@type\":\"BreadcrumbList\",\"@id\":\"https:\/\/narteks.net\/index.php\/2009\/11\/13\/kazak-abdal-hayat-ve-eserleri\/#breadcrumb\",\"itemListElement\":[{\"@type\":\"ListItem\",\"position\":1,\"name\":\"Anasayfa\",\"item\":\"https:\/\/narteks.net\/\"},{\"@type\":\"ListItem\",\"position\":2,\"name\":\"Kazak Abdal &#8211; Hayat\u0131 ve eserleri\"}]},{\"@type\":\"WebSite\",\"@id\":\"https:\/\/narteks.net\/#website\",\"url\":\"https:\/\/narteks.net\/\",\"name\":\"narteks.net\",\"description\":\"K\u00fclt\u00fcr Sanat Edebiyat Felsefe\",\"publisher\":{\"@id\":\"https:\/\/narteks.net\/#organization\"},\"alternateName\":\"K\u00fclt\u00fcr Sanat Edebiyat Felsefe\",\"potentialAction\":[{\"@type\":\"SearchAction\",\"target\":{\"@type\":\"EntryPoint\",\"urlTemplate\":\"https:\/\/narteks.net\/?s={search_term_string}\"},\"query-input\":{\"@type\":\"PropertyValueSpecification\",\"valueRequired\":true,\"valueName\":\"search_term_string\"}}],\"inLanguage\":\"tr\"},{\"@type\":\"Organization\",\"@id\":\"https:\/\/narteks.net\/#organization\",\"name\":\"narteks.net\",\"url\":\"https:\/\/narteks.net\/\",\"logo\":{\"@type\":\"ImageObject\",\"inLanguage\":\"tr\",\"@id\":\"https:\/\/narteks.net\/#\/schema\/logo\/image\/\",\"url\":\"https:\/\/narteks.net\/wp-content\/uploads\/narteks.png\",\"contentUrl\":\"https:\/\/narteks.net\/wp-content\/uploads\/narteks.png\",\"width\":300,\"height\":90,\"caption\":\"narteks.net\"},\"image\":{\"@id\":\"https:\/\/narteks.net\/#\/schema\/logo\/image\/\"},\"sameAs\":[\"https:\/\/x.com\/narteks\",\"https:\/\/instagram.com\/narteksnet\"]},{\"@type\":\"Person\",\"@id\":\"https:\/\/narteks.net\/#\/schema\/person\/61f37d9834294b72d31d274e7ed79bca\",\"name\":\"Tar\u0131k\",\"image\":{\"@type\":\"ImageObject\",\"inLanguage\":\"tr\",\"@id\":\"https:\/\/narteks.net\/#\/schema\/person\/image\/\",\"url\":\"https:\/\/secure.gravatar.com\/avatar\/50865afb55632c4ae467e0af0930f6510aa2297d8014be502a55b14f3b7550cf?s=96&d=mm&r=g\",\"contentUrl\":\"https:\/\/secure.gravatar.com\/avatar\/50865afb55632c4ae467e0af0930f6510aa2297d8014be502a55b14f3b7550cf?s=96&d=mm&r=g\",\"caption\":\"Tar\u0131k\"},\"sameAs\":[\"http:\/\/narteks.net\"],\"url\":\"https:\/\/narteks.net\/index.php\/author\/narbak\/\"}]}<\/script>\n<!-- \/ Yoast SEO Premium plugin. -->","yoast_head_json":{"title":"Kazak Abdal - Hayat\u0131 ve eserleri - narteks.net","robots":{"index":"index","follow":"follow","max-snippet":"max-snippet:-1","max-image-preview":"max-image-preview:large","max-video-preview":"max-video-preview:-1"},"canonical":"https:\/\/narteks.net\/index.php\/2009\/11\/13\/kazak-abdal-hayat-ve-eserleri\/","og_locale":"tr_TR","og_type":"article","og_title":"Kazak Abdal - Hayat\u0131 ve eserleri","og_description":"E\u015fe\u011fi sald\u0131m \u00e7ay\u0131ra, Otlaya karn\u0131n doyura G\u00f6rd\u00fc\u011f\u00fc d\u00fc\u015f\u00fc hay\u0131ra. Yoran\u0131n da &#8230; Kazak Abdal nutkeyledi, C\u00fcmle halk\u0131 ta&#8217;neyledi Sorarlarsa kim s\u00f6yledi, Soran\u0131n da &#8230; Romanya T\u00fcrklerindendir. Onyedinci y\u00fczy\u0131lda ya\u015fad\u0131\u011f\u0131 san\u0131lan bir ozand\u0131r. \u015eiirlerinin bir k\u0131sm\u0131 hiciv \u00f6rnekleriyle doludur. Dili yal\u0131n ve sadedir. Rahat okunur. \u015eiirleri g\u00fcncelli\u011fini halen korumaktad\u0131r. Kazak Abdal&#8217;\u0131n, Bekta\u015fi gelenekleri i\u00e7inde, ya\u015fam \u00f6yk\u00fcs\u00fc [&hellip;]","og_url":"https:\/\/narteks.net\/index.php\/2009\/11\/13\/kazak-abdal-hayat-ve-eserleri\/","og_site_name":"narteks.net","article_published_time":"2009-11-13T11:54:27+00:00","og_image":[{"width":300,"height":90,"url":"https:\/\/narteks.net\/wp-content\/uploads\/narteks.png","type":"image\/png"}],"author":"Tar\u0131k","twitter_card":"summary_large_image","twitter_creator":"@narteks","twitter_site":"@narteks","twitter_misc":{"Yazan:":"Tar\u0131k","Tahmini okuma s\u00fcresi":"6 dakika"},"schema":{"@context":"https:\/\/schema.org","@graph":[{"@type":"Article","@id":"https:\/\/narteks.net\/index.php\/2009\/11\/13\/kazak-abdal-hayat-ve-eserleri\/#article","isPartOf":{"@id":"https:\/\/narteks.net\/index.php\/2009\/11\/13\/kazak-abdal-hayat-ve-eserleri\/"},"author":{"name":"Tar\u0131k","@id":"https:\/\/narteks.net\/#\/schema\/person\/61f37d9834294b72d31d274e7ed79bca"},"headline":"Kazak Abdal &#8211; Hayat\u0131 ve eserleri","datePublished":"2009-11-13T11:54:27+00:00","mainEntityOfPage":{"@id":"https:\/\/narteks.net\/index.php\/2009\/11\/13\/kazak-abdal-hayat-ve-eserleri\/"},"wordCount":1271,"commentCount":0,"publisher":{"@id":"https:\/\/narteks.net\/#organization"},"articleSection":["Ozanlar ve Eserleri"],"inLanguage":"tr","potentialAction":[{"@type":"CommentAction","name":"Comment","target":["https:\/\/narteks.net\/index.php\/2009\/11\/13\/kazak-abdal-hayat-ve-eserleri\/#respond"]}]},{"@type":"WebPage","@id":"https:\/\/narteks.net\/index.php\/2009\/11\/13\/kazak-abdal-hayat-ve-eserleri\/","url":"https:\/\/narteks.net\/index.php\/2009\/11\/13\/kazak-abdal-hayat-ve-eserleri\/","name":"Kazak Abdal - Hayat\u0131 ve eserleri - narteks.net","isPartOf":{"@id":"https:\/\/narteks.net\/#website"},"datePublished":"2009-11-13T11:54:27+00:00","breadcrumb":{"@id":"https:\/\/narteks.net\/index.php\/2009\/11\/13\/kazak-abdal-hayat-ve-eserleri\/#breadcrumb"},"inLanguage":"tr","potentialAction":[{"@type":"ReadAction","target":["https:\/\/narteks.net\/index.php\/2009\/11\/13\/kazak-abdal-hayat-ve-eserleri\/"]}]},{"@type":"BreadcrumbList","@id":"https:\/\/narteks.net\/index.php\/2009\/11\/13\/kazak-abdal-hayat-ve-eserleri\/#breadcrumb","itemListElement":[{"@type":"ListItem","position":1,"name":"Anasayfa","item":"https:\/\/narteks.net\/"},{"@type":"ListItem","position":2,"name":"Kazak Abdal &#8211; Hayat\u0131 ve eserleri"}]},{"@type":"WebSite","@id":"https:\/\/narteks.net\/#website","url":"https:\/\/narteks.net\/","name":"narteks.net","description":"K\u00fclt\u00fcr Sanat Edebiyat Felsefe","publisher":{"@id":"https:\/\/narteks.net\/#organization"},"alternateName":"K\u00fclt\u00fcr Sanat Edebiyat Felsefe","potentialAction":[{"@type":"SearchAction","target":{"@type":"EntryPoint","urlTemplate":"https:\/\/narteks.net\/?s={search_term_string}"},"query-input":{"@type":"PropertyValueSpecification","valueRequired":true,"valueName":"search_term_string"}}],"inLanguage":"tr"},{"@type":"Organization","@id":"https:\/\/narteks.net\/#organization","name":"narteks.net","url":"https:\/\/narteks.net\/","logo":{"@type":"ImageObject","inLanguage":"tr","@id":"https:\/\/narteks.net\/#\/schema\/logo\/image\/","url":"https:\/\/narteks.net\/wp-content\/uploads\/narteks.png","contentUrl":"https:\/\/narteks.net\/wp-content\/uploads\/narteks.png","width":300,"height":90,"caption":"narteks.net"},"image":{"@id":"https:\/\/narteks.net\/#\/schema\/logo\/image\/"},"sameAs":["https:\/\/x.com\/narteks","https:\/\/instagram.com\/narteksnet"]},{"@type":"Person","@id":"https:\/\/narteks.net\/#\/schema\/person\/61f37d9834294b72d31d274e7ed79bca","name":"Tar\u0131k","image":{"@type":"ImageObject","inLanguage":"tr","@id":"https:\/\/narteks.net\/#\/schema\/person\/image\/","url":"https:\/\/secure.gravatar.com\/avatar\/50865afb55632c4ae467e0af0930f6510aa2297d8014be502a55b14f3b7550cf?s=96&d=mm&r=g","contentUrl":"https:\/\/secure.gravatar.com\/avatar\/50865afb55632c4ae467e0af0930f6510aa2297d8014be502a55b14f3b7550cf?s=96&d=mm&r=g","caption":"Tar\u0131k"},"sameAs":["http:\/\/narteks.net"],"url":"https:\/\/narteks.net\/index.php\/author\/narbak\/"}]}},"_links":{"self":[{"href":"https:\/\/narteks.net\/index.php\/wp-json\/wp\/v2\/posts\/1395","targetHints":{"allow":["GET"]}}],"collection":[{"href":"https:\/\/narteks.net\/index.php\/wp-json\/wp\/v2\/posts"}],"about":[{"href":"https:\/\/narteks.net\/index.php\/wp-json\/wp\/v2\/types\/post"}],"author":[{"embeddable":true,"href":"https:\/\/narteks.net\/index.php\/wp-json\/wp\/v2\/users\/1"}],"replies":[{"embeddable":true,"href":"https:\/\/narteks.net\/index.php\/wp-json\/wp\/v2\/comments?post=1395"}],"version-history":[{"count":0,"href":"https:\/\/narteks.net\/index.php\/wp-json\/wp\/v2\/posts\/1395\/revisions"}],"wp:attachment":[{"href":"https:\/\/narteks.net\/index.php\/wp-json\/wp\/v2\/media?parent=1395"}],"wp:term":[{"taxonomy":"category","embeddable":true,"href":"https:\/\/narteks.net\/index.php\/wp-json\/wp\/v2\/categories?post=1395"},{"taxonomy":"post_tag","embeddable":true,"href":"https:\/\/narteks.net\/index.php\/wp-json\/wp\/v2\/tags?post=1395"}],"curies":[{"name":"wp","href":"https:\/\/api.w.org\/{rel}","templated":true}]}}