{"id":14,"date":"2009-02-27T13:11:28","date_gmt":"2009-02-27T10:11:28","guid":{"rendered":""},"modified":"2009-02-27T13:11:28","modified_gmt":"2009-02-27T10:11:28","slug":"dortlerin-gecesi","status":"publish","type":"post","link":"https:\/\/narteks.net\/index.php\/2009\/02\/27\/dortlerin-gecesi\/","title":{"rendered":"D\u00d6RTLERIN GECESI"},"content":{"rendered":"<p>\u00a0<\/p>\n<p>(Ate\u015fin ve G\u00fcne\u015fin \u00c7ocuklar\u0131)<\/p>\n<p> (&#8230;)<br \/>\u00d6zlenen ate\u015f yak\u0131lm\u0131\u015ft\u0131 sonunda<br \/>Elden ele b\u00fct\u00fcn d\u00fcnyaya ta\u015f\u0131nm\u0131\u015ft\u0131<br \/>K\u0131v\u0131lc\u0131m dans\u0131yd\u0131 g\u00f6zlerdeki sevin\u00e7<br \/>Kavga da\u011flarda bilinci ku\u015fanm\u0131\u015f<br \/>Zindanlarda dirence sar\u0131lm\u0131\u015ft\u0131<br \/>Ve hayk\u0131ran dudaklar<br \/>Her ihanet vakti \u00e7\u00f6l \u00e7\u00f6l yar\u0131lm\u0131\u015ft\u0131<\/p>\n<p>&#8230;<\/p>\n<p>Bir a\u011f\u0131tt\u0131r belki A\u011fr\u0131&#8217;da Zilan deresi<br \/>Dersim&#8217;de Lac deresi bir kanl\u0131 \u015fiir<br \/>Oysa bir destand\u0131 Diyarbak\u0131r kalesi<br \/>Ve Diyarbak\u0131r zindan\u0131nda<br \/>Ate\u015fle sevi\u015fen &#8216;d\u00f6rtlerin gecesi&#8217;<\/p>\n<p>Ne ki zindan &#8211; ne ki tutsak olmak<br \/>Ne ki kavga &#8211; ne ki da\u011flarda vurulmak<br \/>Bir sehpada idam olmak ne ki<br \/>\u0130hanet utanc\u0131yla ya\u015famak var ya hani<br \/>Onursuzlu\u011fun la\u011f\u0131m \u00e7ukurunda yok olmak<br \/>\u00dcniformal\u0131 bir Dehak \u00f6n\u00fcnde durmak<br \/>Ve beyninin i\u00e7indekileri bir bir kusmak<br \/>Sonra bir et y\u0131\u011f\u0131n\u0131na d\u00f6n\u00fc\u015f\u00fcp kalmak<br \/>\u0130\u015fte buydu Diyarbak\u0131r zindan\u0131nda ya\u015famak<\/p>\n<p>Sesler ihanete d\u00f6n\u00fc\u015f\u00fcrd\u00fc her gece<br \/>Bir tas \u00e7orba &#8211; bir dilim ekmek u\u011fruna<br \/>\u0130hanetler ac\u0131lara d\u00f6n\u00fc\u015f\u00fcrd\u00fc kalle\u015f\u00e7e<br \/>Ac\u0131lar hep t\u00fcrk\u00fclere vururdu kendini<\/p>\n<p>Etten ve kemikten insan olur mu<br \/>Beyinsiz insan ayakta durur mu<br \/>Ayn\u0131 kavgaya g\u00f6nl\u00fcn\u00fc verenler<br \/>Dostunu ihanet ile vurur mu<\/p>\n<p>O zindan ki zincir sesidir \u015fark\u0131s\u0131<br \/>Her s\u00f6z\u00fcnde bir \u00e7\u0131\u011fl\u0131k y\u00fckselir<br \/>Her notas\u0131nda bin \u00f6fke<br \/>Her dizesinde bin isyan beslenir<br \/>\u0130syan \u015fiirlere<br \/>\u015eiirler y\u00fcreklere seslenir<br \/>O zindan ki her yemek vakti<br \/>Tutsak a\u011f\u0131zlar\u0131 kanla s\u00fcslenir<\/p>\n<p>Onur kaleleri y\u0131k\u0131l\u0131rken birer birer<br \/>Y\u00fcreklerde dal budak salar ihanetler<br \/>Ve d\u00fc\u015fman kasetinde \u00fc&#8221;\u00e7 \u00f6nder<br \/>Beyinlerini kusarak d\u00fc\u015fmana sergiler<br \/>Ayn\u0131 anda s\u0131radan bir nefer<br \/>Hi\u00e7 ald\u0131rmadan \u00f6nderlerinin sesine<br \/>Tutsakl\u0131k i\u00e7inde \u00f6zg\u00fcrl\u00fc\u011f\u00fc s\u00f6yler<\/p>\n<p>Sus dostum sus &#8211; s\u00f6z\u00fcn yar\u0131da kals\u0131n<br \/>\u00d6zg\u00fcrl\u00fck dilinde kilitli kals\u0131n<br \/>Ba\u015flar e\u011filse de a\u00e7\u0131ls\u0131n g\u00f6zler<br \/>Konu\u015fan \u00f6nderler geride kals\u0131n<\/p>\n<p>Ne zaman umutsuzluk \u00e7\u00f6kse direncin k\u0131y\u0131s\u0131na<br \/>Bir ac\u0131 saplan\u0131r y\u00fcre\u011fin tam ortas\u0131na<br \/>Ko\u011fu\u015flar susar<br \/>Parmakl\u0131klar durur<br \/>Ranzalarda k\u00fcllenen umutlar a\u011flar<br \/>Geriye do\u011fru at\u0131lan her ad\u0131m<br \/>Yak\u0131lan ate\u015f \u00fcst\u00fcne ya\u011fmur diye ya\u011far<\/p>\n<p>Anlat\u0131lmaz bir destand\u0131r ya\u015fanan<br \/>Ne s\u00f6ze gelir ne saza<br \/>K\u0131rba\u00e7lar sopalara ve zincirlere kar\u0131\u015f\u0131r<br \/>\u00d6l\u00fcler ayaklara dolan\u0131r geceleri<br \/>Kanl\u0131 battaniyelere sar\u0131l\u0131r<br \/>Her direni\u015fte tabutlarla \u00e7\u0131k\u0131l\u0131r d\u0131\u015far\u0131<br \/>G\u00f6zya\u015flar\u0131 z\u0131lg\u0131t seslerine kat\u0131l\u0131r<br \/>Elleri hep koynunda kal\u0131r k\u0131zlar\u0131n<br \/>Analar\u0131n g\u00f6zleri dikenli tellere tak\u0131l\u0131r<br \/>Bir ac\u0131l\u0131 sessizlik sarar y\u00fcrekleri<br \/>Dicle&#8217;nin sular\u0131 susuzlu\u011fa \u00e7ak\u0131l\u0131r<br \/>Kale bur\u00e7lar\u0131ndaki akbabalara<br \/>Ve \u00fcniformalar giyinmi\u015f yeni Dehak&#8217;lara<br \/>Yaln\u0131zca zindan\u0131n mazgallar\u0131ndan bak\u0131l\u0131r<\/p>\n<p>Bir adam \u00e7o\u011fal\u0131r bir ba\u015f\u0131na h\u00fccresinde<br \/>Y\u00fcre\u011fi Kawa&#8217;dad\u0131r g\u00f6zleri Babek&#8217;te<br \/>Ate\u015fler yanarken da\u011f doruklar\u0131nda<br \/>\u0130hanet zindan karanl\u0131\u011f\u0131nda kol gezmekte<br \/>Kawa&#8217;lara Babek&#8217;lere bir yanda\u015f gerek<br \/>Bu zindan karanl\u0131\u011f\u0131na bir ate\u015f gerek<br \/>\u00c7evrilen ihanet \u00e7ark\u0131n\u0131 k\u0131rmak i\u00e7in<br \/>\u00d6l\u00fcm\u00fc g\u00f6\u011f\u00fcsleyecek bir yolda\u015f gerek<\/p>\n<p>Bir anda y\u0131rt\u0131l\u0131r zindan karanl\u0131klar\u0131<br \/>Sessiz bir g\u00fcr\u00fclt\u00fcyle sars\u0131l\u0131r duvarlar<br \/>Patlar bir beyinde Newroz \u0131\u015f\u0131klar\u0131<\/p>\n<p>Ey ate\u015fin ve g\u00fcne\u015fin \u00e7ocuklar\u0131<br \/>Hani bilincin sesi y\u00fcreklerimizde<br \/>G\u00f6zlerimizde inanc\u0131n sancaklar\u0131 nerede<br \/>Bu gidi\u015fe dur demek gerekir bilirim<br \/>H\u00fccrede her saniyeyi bir y\u0131l eylerim<br \/>Bir ate\u015f yakt\u0131k s\u00f6nmesin diye hi\u00e7bir yerde<br \/>O ate\u015f s\u00f6nerse ya\u015famay\u0131 neylerim<br \/>Bu y\u00fczden \u00fc&#8221;\u00e7 kibrit ile Newroz g\u00fcn\u00fc<br \/>Y\u00fcre\u011fimi sizlere arma\u011fan eylerim<\/p>\n<p>\u00dc&#8221;\u00e7 kibriti bayrak diye devralan<br \/>Ki da\u011flar\u0131 delip dostlar\u0131na yol k\u0131lan<br \/>Hayk\u0131rd\u0131 \u00f6l\u00fcm haberini \u00f6nde gidenin<br \/>\u00d6zg\u00fcrl\u00fc\u011f\u00fc zindan karanl\u0131\u011f\u0131nda g\u00fcne\u015fleyenin<\/p>\n<p>Ey bu kavgaya g\u00f6n\u00fcl verenler<br \/>Ser yerine s\u0131r verenler<br \/>Serden ge\u00e7ip de s\u0131r vermeyenler<br \/>Bu zindan karanl\u0131\u011f\u0131 y\u0131rt\u0131ls\u0131n diye<br \/>Bu ihanet duvarlar\u0131 y\u0131k\u0131ls\u0131n diye<br \/>Newroz gecesi bir \u00f6nder<br \/>Ate\u015fi bedeniyle zindanlara ta\u015f\u0131m\u0131\u015ft\u0131r<br \/>\u00d6l\u00fcrken bile h\u00fccresinde<br \/>Bizlere k\u0131\u015ftan bahar\u0131 mu\u015ftulam\u0131\u015ft\u0131r<br \/>Ate\u015fi saraylara &#8211; k\u00f6m\u00fcrlerde de\u011fil<br \/>Bir \u0131\u015f\u0131k u\u011fruna y\u00fcre\u011finde yakm\u0131\u015ft\u0131r<\/p>\n<p>Silinmiyordu g\u00f6zlerden s\u00fcz\u00fclen ya\u015flar<br \/>Aks\u0131n diyordu herkes &#8211; aks\u0131n<br \/>A\u011flamay\u0131 unutmu\u015f g\u00f6zler a\u011flas\u0131n<br \/>G\u00f6zya\u015flar\u0131 alev alev harlans\u0131n<br \/>Dudaklarda tutu\u015fup dillerde \u015fahlans\u0131n<\/p>\n<p>\u00d6len art\u0131k y\u00fcreklerde bir bayrakt\u0131r<br \/>\u0130hanet yolunda durulan bir durakt\u0131r<br \/>Karanl\u0131kta bir \u00e7ingi ate\u015f<br \/>K\u00f6rlere yol g\u00f6steren bir \u0131\u015f\u0131kt\u0131r<br \/>At\u0131lan z\u0131lg\u0131tlar bir ba\u015fkad\u0131r o g\u00fcn<br \/>Bir bayram g\u00fcn\u00fc \u00f6l\u00fcm\u00fc sevmek<br \/>\u00d6l\u00fcms\u00fczl\u00fc\u011fe duyulan bir a\u015fkad\u0131r o g\u00fcn<\/p>\n<p>Dola\u015ft\u0131 \u00fc&#8221;\u00e7 kibrit elden ele sessizce<br \/>H\u00fccreden h\u00fccreye<br \/>Ko\u011fu\u015ftan ko\u011fu\u015fa gizlice<br \/>Konu\u015fuldu u\u011frun u\u011frun<br \/>Tart\u0131\u015f\u0131ld\u0131 geceler boyu ince ince<br \/>Zindandan da\u011flara vurdu \u015favk\u0131n\u0131<br \/>Da\u011flardan en kalabal\u0131k kentlere<br \/>Dallarda \u00e7i\u00e7eklere verdi rengini<br \/>Nehirlerde en co\u015fkulu k\u00f6p\u00fcklere<br \/>Dola\u015ft\u0131 yurdunu boydan boya<br \/>Sazda k\u0131r\u0131lmayan tel<br \/>Dilde susmayan s\u00f6z oldu t\u00fcrk\u00fclere<\/p>\n<p>Zindanda y\u00fcrekler yine bask\u0131da<br \/>Eller ba\u011fl\u0131 &#8211; g\u00f6vdeler ask\u0131da<br \/>\u00dc&#8221;\u00e7 kibritin ate\u015fi s\u00f6ns\u00fcn istenir<br \/>\u0130nan\u00e7lar ihanete d\u00f6ns\u00fcn istenir<br \/>D\u00fc\u015f\u00fcnceler zincire<br \/>Sevgiler prangaya vurulsun istenir<br \/>Y\u00fcreklerde \u00e7a\u011flayan \u00f6zg\u00fcrl\u00fck suyu<br \/>Bulana bulana durulsun istenir<br \/>\u00dcniformal\u0131 bir Dehak&#8217;\u0131n \u015fahs\u0131nda<br \/>Zalimin zulm\u00fc kurulsun istenir<\/p>\n<p>Bask\u0131lar yetmezse itirafta bulunmalara<br \/>Yap\u0131lan itiraflar dinletilir tutsaklara<br \/>\u0130\u015fte biri &#8211; biri daha &#8211; biri daha<br \/>Susard\u0131 b\u00fct\u00fcn ko\u011fu\u015flar<br \/>D\u00f6nerdi bir anda sessiz mezarlara<br \/>Ve \u00e7\u0131\u011fl\u0131k \u00e7\u0131\u011fl\u0131\u011fa o sessizlik<br \/>Binlerce \u00f6fkeyi<br \/>Binlerce isyan\u0131 doldururdu bak\u0131\u015flara<\/p>\n<p>\u00dc&#8221;\u00e7 kibriti d\u00f6rtlemek derdi bir ses<br \/>D\u00f6rt kibriti beslemek<br \/>Ve \u00f6l\u00fcm\u00fc isyan ate\u015fleriyle d\u00fc\u015flemek<\/p>\n<p>Bir ko\u011fu\u015f vard\u0131 ko\u011fu\u015flar i\u00e7inde<br \/>\u00dc&#8221;\u00e7 kibriti d\u00f6rtleyenler yatard\u0131 i\u00e7inde<br \/>D\u00f6rt y\u0131ld\u0131z gibiydiler y\u0131ld\u0131zlar i\u00e7inde<\/p>\n<p>Teslimiyete g\u00f6n\u00fcl verilirken \u00f6nlerinde<br \/>Ate\u015fi \u00e7o\u011faltarak yakmak gerek dediler<br \/>\u00d6l\u00fcme ya\u015famak diye bakmak gerek dediler<br \/>S\u00f6n\u00fcyorsa yak\u0131lan ate\u015fler birer birer<br \/>Ate\u015fi bedenlerde \u00e7o\u011faltmak gerek dediler<br \/>Oturdular her gece diz dize<br \/>\u00d6nce \u00f6l\u00fcm\u00fc sevmeyi \u00f6\u011frendiler<br \/>Ve \u00f6l\u00fcmde \u00f6l\u00fcms\u00fczl\u00fc\u011f\u00fcn rengini g\u00f6rd\u00fcler<br \/>Karardan \u00d6nce yurtlar\u0131nda kalanlar\u0131n\u0131<br \/>\u00c7i\u00e7eklerinde a\u00e7anlar\u0131n\u0131 sordular<br \/>D\u00fc\u015f de\u011fildi ya\u015fay\u0131p g\u00f6rd\u00fckleri<br \/>S\u00f6zlerini gelecek ad\u0131na bir d\u00fc\u015f diye<br \/>D\u00f6rd\u00fc bir a\u011f\u0131zdan hayra yordular<br \/>Binlerce tutsak i\u00e7inde<br \/>Ve en kanl\u0131 kudurmu\u015flu\u011funda vah\u015fetin<br \/>\u00d6l\u00fcm cehenneminde bir cennet kurdular<\/p>\n<p>Havas\u0131zl\u0131k i\u00e7inde veremler yarat\u0131l\u0131rken<br \/>Gardiyan hakimler ve savc\u0131 \u00e7avu\u015flarla<br \/>Her gece mahkemeler kurulurken<br \/>\u0130nsanlar soyundurulup makatlar aran\u0131rken<br \/>Hangi ku\u015f konard\u0131 zindan penceresine<br \/>Ve makatlara sigara tak\u0131l\u0131p yak\u0131l\u0131rken<br \/>\u0130nsanlar d\u00f6rt ayak ile y\u00fcr\u00fct\u00fcl\u00fcrken<br \/>Hangi bayrak \u00e7ekilirdi onur kalesine<\/p>\n<p>\u00dc&#8221;\u00e7 kibriti y\u00fcreklerinde d\u00f6rtleyenler<br \/>A\u00e7l\u0131\u011f\u0131n ve yoksullu\u011fun k\u00f6t\u00fcl\u00fc\u011f\u00fcn\u00fc g\u00f6rd\u00fcler<br \/>Ama hi\u00e7bir \u015feyin<br \/>Boyun e\u011fmekten daha k\u00f6t\u00fc olmad\u0131\u011f\u0131n\u0131<br \/>Ve boyun e\u011fenlerin<br \/>Yar\u0131nlara kalmad\u0131\u011f\u0131n\u0131 bildiler<br \/>Her k\u00f6t\u00fcl\u00fc\u011f\u00fcn daha k\u00f6t\u00fcs\u00fcn\u00fc tart\u0131\u015f\u0131p<br \/>G\u00f6zlerinde b\u00fct\u00fcn korkular\u0131 sildiler<br \/>Binlerce bask\u0131dan ve k\u00fcf\u00fcrden sonra<br \/>Newroz ate\u015fi yak\u0131p \u015fiirler s\u00f6ylediler<br \/>O g\u00fcn\u00fcn ad\u0131n\u0131 milat koyup<br \/>\u00dc&#8221;\u00e7 kibrit \u00f6ncesi<br \/>Ve \u00fc&#8221;\u00e7 kibrit sonras\u0131 dediler<\/p>\n<p>\u00d6ts\u00fcn diye kendi yuvas\u0131nda ku\u015f<br \/>A\u00e7s\u0131n diye kendi dal\u0131nda \u00e7i\u00e7ek<br \/>G\u00f6rd\u00fcler ki yepyeni kibritler gerek<br \/>Ate\u015f olup yanmaktaysa b\u00fct\u00fcn ger\u00e7ek<br \/>Yanarken t\u00fcrk\u00fc s\u00f6yleyen canlar gerek<br \/>Ate\u015fi kan\u0131yla tutu\u015fturanlar gerek<\/p>\n<p>Patlad\u0131 zindanlarda yepyeni bir isyan seli<br \/>\u00d6l\u00fcmd\u00fcr s\u0131nayan insan yi\u011fitli\u011fini<br \/>\u00d6l\u00fcm\u00fc bedenimizde bo\u011fmak gerek<br \/>\u00d6l\u00fcms\u00fczl\u00fc\u011fe var\u0131p \u00f6l\u00fcmlerde<br \/>Da\u011flarda k\u0131r \u00e7i\u00e7eklerince \u00e7o\u011falmak gerek<br \/>\u00d6l\u00fcm\u00fc gamzelerde \u00e7i\u00e7eklemek ve g\u00fclmek<br \/>G\u00fclmek ki ya\u015fama bilenmek demek<br \/>\u0130lle de insan s\u0131ca\u011f\u0131 kokarken ko\u011fu\u015flar<br \/>G\u00fclmek ki<br \/>Kurumu\u015f derelerde sellenmek demek<br \/>\u00c7ol kurakl\u0131\u011f\u0131nda g\u00fcllenmek demek<br \/>Var git dostum var git<br \/>Kendin al bu gece n\u00f6beti<br \/>Bu gece \u00f6lmek<br \/>Sonsuz bir \u00f6l\u00fcms\u00fczl\u00fc\u011fe y\u00fcr\u00fcmek demek<\/p>\n<p>Aylardan may\u0131s ki dallarda \u00e7i\u00e7ektir<br \/>Toprakta bereket ve do\u011fada renktir<br \/>\u0130nan\u00e7ta g\u00fczellik ve zamanda gelecektir<\/p>\n<p>D\u00f6rt yolda\u015f o g\u00fcn bahar\u0131n koynuna girdiler<br \/>\u00d6l\u00fcm\u00fcn al\u00e7ald\u0131\u011f\u0131n\u0131 g\u00f6zleriyle g\u00f6rd\u00fcler<br \/>G\u00f6mleklerini &#8211; kalemlerini ve saatlerini<br \/>An\u0131ls\u0131nlar diye sevdiklerine verdiler<br \/>Ve d\u00f6rt a\u011f\u0131zdan \u00fc&#8221;\u00e7 kibritin \u0131\u015f\u0131kl\u0131 sesini<br \/>G\u00f6k g\u00fcr\u00fclt\u00fcs\u00fcn\u00fc \u00e7\u0131ld\u0131rtarak g\u00fcrlediler<\/p>\n<p>Bu ihanet girdab\u0131nda bo\u011fulmadan<br \/>\u015eahs\u0131m\u0131zda davam\u0131z son bulmadan<br \/>Ve geriye d\u00f6n\u00fc\u015fler virus gibi \u00e7o\u011falmadan<br \/>Can\u0131m\u0131zla bu ihanet \u00e7ark\u0131na dur demeliyiz<br \/>Onur bayraklar\u0131n\u0131 g\u00f6\u011fs\u00fcm\u00fcze dikmeliyiz<br \/>Kawa&#8217;n\u0131n \u00f6rs\u00fcne koyup davam\u0131z\u0131<br \/>Y\u00fcreklerimizi k\u00f6r\u00fcklenen ate\u015flere s\u00fcrmeliyiz<br \/>Bu zindanda yolumuz ayd\u0131nl\u0131kt\u0131r art\u0131k<br \/>\u00dc&#8221;\u00e7 kibriti d\u00f6rtle \u00e7arp\u0131p bu gece<br \/>B\u00fct\u00fcn \u015fehitlere konuk gitmeliyiz<\/p>\n<p>Saat d\u00f6rtte d\u00f6rt can\u0131n etraf\u0131 d\u00f6rt duvar<br \/>Duvarlar\u0131n \u00f6tesi may\u0131s g\u00fclleri ve bahar<br \/>Analar ve bac\u0131lar a\u011flayacakm\u0131\u015f ne \u00e7\u0131kar<br \/>Bu gece &#8216;d\u00f6rtlerin gecesi&#8217;<br \/>D\u00f6rt g\u00f6\u011f\u00fcste yar diye yaln\u0131zca ate\u015f yanar<br \/>Biri n\u00f6bet tutar &#8211; biri bildiri yazar<br \/>Di\u011ferleri d\u00f6rt ki\u015filik bir ate\u015f kurar<\/p>\n<p>Zindan sessiz &#8211; zindan canl\u0131 bir mezar<br \/>G\u00f6ky\u00fcz\u00fcnde bir anda d\u00f6rt y\u0131ld\u0131z kayar<br \/>B\u00fct\u00fcn dostlar uykuda<br \/>D\u00f6rtlerin g\u00f6zlerinde yaln\u0131z ate\u015f var<br \/>Dimdik ba\u015flarla<br \/>Emin ve kararl\u0131 bak\u0131\u015flarla<br \/>\u0130haneti durdurmak i\u00e7in ate\u015fe y\u00fcr\u00fcyorlar<br \/>D\u00f6rd\u00fc de ya\u015famaya sevdal\u0131<br \/>\u00d6zg\u00fcrl\u00fc\u011fe ni\u015fanl\u0131yd\u0131lar<br \/>Tutsakl\u0131k kesmi\u015fti mutluluk yollar\u0131n\u0131<br \/>Bu zindanda \u00f6l\u00fcme nikahl\u0131yd\u0131lar<br \/>Bu \u00f6l\u00fcm ki \u00f6zg\u00fcrl\u00fc\u011f\u00fcn ilk ad\u0131m\u0131<br \/>Tutsakl\u0131\u011f\u0131n ve ihanetin k\u0131r\u0131lma an\u0131<\/p>\n<p>Takvimde on yedi may\u0131s kalkar<br \/>On sekiz may\u0131s d\u00f6rtlere bakar<br \/>D\u0131\u015farda g\u00fcne haz\u0131rlan\u0131rken tomurcuklar<br \/>D\u00f6rt candan ba\u015fka uykudad\u0131r b\u00fct\u00fcn tutsaklar<br \/>Da\u011f &#8211; ta\u015f ve zindan uykudad\u0131r<br \/>Yaln\u0131zca d\u00f6rt \u00f6zg\u00fcrl\u00fck yolcusu<br \/>O gece \u00f6l\u00fcme hesap sormaktad\u0131r<\/p>\n<p>Y\u0131llar boyu i\u015fkenceler i\u00e7inde<br \/>\u0130hanetler ve direnmeler i\u00e7inde<br \/>Beklediler &#8211; beklediler de gelmedi \u00f6l\u00fcm<br \/>Tuttular yakas\u0131ndan koydular \u00f6nlerine<br \/>Konu\u015f be \u00f6l\u00fcm &#8211; konu\u015f dediler<br \/>Biz b\u00fcy\u00fcr\u00fcz sen b\u00f6yle k\u00fc\u00e7\u00fcld\u00fck\u00e7e<br \/>Seninle kavgam\u0131z insanl\u0131k tarihiyledir<br \/>Prometheus&#8217;tan Spartakus&#8217;e<br \/>Bruna&#8217;dan Che Guewera&#8217;ya<br \/>Vr Kawa&#8217;dan bizlere dek ate\u015f iledir<br \/>Gel de ba\u011fda\u015f kur sofram\u0131za ey \u00f6l\u00fcm<br \/>Senin al\u00e7ald\u0131\u011f\u0131n\u0131 g\u00f6rmek<br \/>\u00d6zg\u00fcrl\u00fck ad\u0131na sunulan canlar iledir<\/p>\n<p>Zindan sessiz &#8211; zindan canl\u0131 bir mezar<br \/>D\u00f6rt can el ele bir demire sar\u0131ld\u0131lar<br \/>Tinerler &#8211; neftler ve boyalar<br \/>Zindanda d\u00f6rt can<br \/>Kazan alt\u0131nda betona \u00e7ak\u0131lm\u0131\u015f birer \u00e7iviydiler<br \/>Demirin beline sar\u0131lm\u0131\u015f d\u00f6rt per\u00e7indiler<br \/>Ve bir potada erimeye haz\u0131r cevherdiler<\/p>\n<p>Hayk\u0131rd\u0131 \u00fc&#8221;\u00e7 kibrit yolunda \u00f6nde giden<br \/>Ate\u015fi zindanlardan kentlere g\u00f6t\u00fcren<br \/>Tamam m\u0131y\u0131z<br \/>\u00dc&#8221;\u00e7 yerine d\u00f6rt kibrit \u00e7\u0131kar\u0131p cebinden<br \/>Yakt\u0131 y\u00fcre\u011findeki korlanan ate\u015ften<br \/>Tutu\u015fan ate\u015f<br \/>Patlayan tinerlerin ve neftlerin sesi<br \/>Dokunmas\u0131n hi\u00e7 kimse<br \/>Bu gece d\u00f6rtlerin \u00f6zg\u00fcrl\u00fck gecesi<br \/>D\u00f6rt bin y\u0131lda yaz\u0131lm\u0131\u015f bir destan\u0131n<br \/>G\u00fcne\u015f diliyle s\u00f6ylenmi\u015f ilk hecesi<br \/>B\u00f6yle tutu\u015fur &#8211; b\u00f6yle yanar ancak<br \/>Uzay \u00e7a\u011f\u0131nda bir zindan gecesi<\/p>\n<p>&#8230;<\/p>\n<p>Bir havar y\u00fckseldi zindandan k\u0131rlara<br \/>D\u00f6rt ate\u015ften d\u00f6rt k\u0131v\u0131lc\u0131m d\u00fc\u015ft\u00fc da\u011flara<br \/>Da\u011flar tutu\u015fup indi ba\u011flara<br \/>D\u00f6rt ayr\u0131 ses y\u00fckseldi her ate\u015ften<br \/>S\u00f6nd\u00fcrmeyin ate\u015fi<br \/>\u00dcfleyin korlara &#8211; \u00fcfleyin korlara<\/p>\n<p>(&#8230;)<\/p>\n<p>Yak art\u0131k canlarla yak\u0131lan ate\u015fleri<br \/>Yak ki a\u00e7\u0131ls\u0131n d\u00fcnyan\u0131n k\u00f6relmi\u015f g\u00f6zleri<br \/>Yak ki y\u0131rt\u0131ls\u0131n geceler \u0131\u015f\u0131\u011f\u0131nla<br \/>Yak ki tarihi yeniden ba\u015flats\u0131n<br \/>Kawa&#8217;n\u0131n -\u00fc&#8221;\u00e7 kibritin ve d\u00f6rtlerin s\u00f6zleri<br \/>Yak ki yay\u0131ls\u0131n d\u00fcnyaya<br \/>Ate\u015fin ve g\u00fcne\u015fin \u00f6l\u00fcms\u00fcz sesi<\/p>\n<p>ADNAN Y\u00dcCEL<\/p>\n","protected":false},"excerpt":{"rendered":"<p>\u00a0 (Ate\u015fin ve G\u00fcne\u015fin \u00c7ocuklar\u0131) (&#8230;)\u00d6zlenen ate\u015f yak\u0131lm\u0131\u015ft\u0131 sonundaElden ele b\u00fct\u00fcn d\u00fcnyaya ta\u015f\u0131nm\u0131\u015ft\u0131K\u0131v\u0131lc\u0131m dans\u0131yd\u0131 g\u00f6zlerdeki sevin\u00e7Kavga da\u011flarda bilinci ku\u015fanm\u0131\u015fZindanlarda dirence sar\u0131lm\u0131\u015ft\u0131Ve hayk\u0131ran dudaklarHer ihanet vakti \u00e7\u00f6l \u00e7\u00f6l yar\u0131lm\u0131\u015ft\u0131 &#8230; Bir a\u011f\u0131tt\u0131r belki A\u011fr\u0131&#8217;da Zilan deresiDersim&#8217;de Lac deresi bir kanl\u0131 \u015fiirOysa bir destand\u0131 Diyarbak\u0131r kalesiVe Diyarbak\u0131r zindan\u0131ndaAte\u015fle sevi\u015fen &#8216;d\u00f6rtlerin gecesi&#8217; Ne ki zindan &#8211; ne ki [&hellip;]<\/p>\n","protected":false},"author":1,"featured_media":0,"comment_status":"open","ping_status":"open","sticky":false,"template":"","format":"standard","meta":{"footnotes":""},"categories":[3],"tags":[],"class_list":{"0":"post-14","1":"post","2":"type-post","3":"status-publish","4":"format-standard","6":"category-adnan-yucel"},"yoast_head":"<!-- This site is optimized with the Yoast SEO Premium plugin v24.9 (Yoast SEO v24.9) - https:\/\/yoast.com\/wordpress\/plugins\/seo\/ -->\n<title>D\u00d6RTLERIN GECESI - narteks.net<\/title>\n<meta name=\"robots\" content=\"index, follow, max-snippet:-1, max-image-preview:large, max-video-preview:-1\" \/>\n<link rel=\"canonical\" href=\"https:\/\/narteks.net\/index.php\/2009\/02\/27\/dortlerin-gecesi\/\" \/>\n<meta property=\"og:locale\" content=\"tr_TR\" \/>\n<meta property=\"og:type\" content=\"article\" \/>\n<meta property=\"og:title\" content=\"D\u00d6RTLERIN GECESI\" \/>\n<meta property=\"og:description\" content=\"\u00a0 (Ate\u015fin ve G\u00fcne\u015fin \u00c7ocuklar\u0131) (&#8230;)\u00d6zlenen ate\u015f yak\u0131lm\u0131\u015ft\u0131 sonundaElden ele b\u00fct\u00fcn d\u00fcnyaya ta\u015f\u0131nm\u0131\u015ft\u0131K\u0131v\u0131lc\u0131m dans\u0131yd\u0131 g\u00f6zlerdeki sevin\u00e7Kavga da\u011flarda bilinci ku\u015fanm\u0131\u015fZindanlarda dirence sar\u0131lm\u0131\u015ft\u0131Ve hayk\u0131ran dudaklarHer ihanet vakti \u00e7\u00f6l \u00e7\u00f6l yar\u0131lm\u0131\u015ft\u0131 &#8230; Bir a\u011f\u0131tt\u0131r belki A\u011fr\u0131&#8217;da Zilan deresiDersim&#8217;de Lac deresi bir kanl\u0131 \u015fiirOysa bir destand\u0131 Diyarbak\u0131r kalesiVe Diyarbak\u0131r zindan\u0131ndaAte\u015fle sevi\u015fen &#8216;d\u00f6rtlerin gecesi&#8217; Ne ki zindan &#8211; ne ki [&hellip;]\" \/>\n<meta property=\"og:url\" content=\"https:\/\/narteks.net\/index.php\/2009\/02\/27\/dortlerin-gecesi\/\" \/>\n<meta property=\"og:site_name\" content=\"narteks.net\" \/>\n<meta property=\"article:published_time\" content=\"2009-02-27T10:11:28+00:00\" \/>\n<meta property=\"og:image\" content=\"https:\/\/narteks.net\/wp-content\/uploads\/narteks.png\" \/>\n\t<meta property=\"og:image:width\" content=\"300\" \/>\n\t<meta property=\"og:image:height\" content=\"90\" \/>\n\t<meta property=\"og:image:type\" content=\"image\/png\" \/>\n<meta name=\"author\" content=\"Tar\u0131k\" \/>\n<meta name=\"twitter:card\" content=\"summary_large_image\" \/>\n<meta name=\"twitter:creator\" content=\"@narteks\" \/>\n<meta name=\"twitter:site\" content=\"@narteks\" \/>\n<meta name=\"twitter:label1\" content=\"Yazan:\" \/>\n\t<meta name=\"twitter:data1\" content=\"Tar\u0131k\" \/>\n\t<meta name=\"twitter:label2\" content=\"Tahmini okuma s\u00fcresi\" \/>\n\t<meta name=\"twitter:data2\" content=\"9 dakika\" \/>\n<script type=\"application\/ld+json\" class=\"yoast-schema-graph\">{\"@context\":\"https:\/\/schema.org\",\"@graph\":[{\"@type\":\"Article\",\"@id\":\"https:\/\/narteks.net\/index.php\/2009\/02\/27\/dortlerin-gecesi\/#article\",\"isPartOf\":{\"@id\":\"https:\/\/narteks.net\/index.php\/2009\/02\/27\/dortlerin-gecesi\/\"},\"author\":{\"name\":\"Tar\u0131k\",\"@id\":\"https:\/\/narteks.net\/#\/schema\/person\/61f37d9834294b72d31d274e7ed79bca\"},\"headline\":\"D\u00d6RTLERIN GECESI\",\"datePublished\":\"2009-02-27T10:11:28+00:00\",\"mainEntityOfPage\":{\"@id\":\"https:\/\/narteks.net\/index.php\/2009\/02\/27\/dortlerin-gecesi\/\"},\"wordCount\":1929,\"commentCount\":0,\"publisher\":{\"@id\":\"https:\/\/narteks.net\/#organization\"},\"articleSection\":[\"Adnan Y\u00dcCEL\"],\"inLanguage\":\"tr\",\"potentialAction\":[{\"@type\":\"CommentAction\",\"name\":\"Comment\",\"target\":[\"https:\/\/narteks.net\/index.php\/2009\/02\/27\/dortlerin-gecesi\/#respond\"]}]},{\"@type\":\"WebPage\",\"@id\":\"https:\/\/narteks.net\/index.php\/2009\/02\/27\/dortlerin-gecesi\/\",\"url\":\"https:\/\/narteks.net\/index.php\/2009\/02\/27\/dortlerin-gecesi\/\",\"name\":\"D\u00d6RTLERIN GECESI - narteks.net\",\"isPartOf\":{\"@id\":\"https:\/\/narteks.net\/#website\"},\"datePublished\":\"2009-02-27T10:11:28+00:00\",\"breadcrumb\":{\"@id\":\"https:\/\/narteks.net\/index.php\/2009\/02\/27\/dortlerin-gecesi\/#breadcrumb\"},\"inLanguage\":\"tr\",\"potentialAction\":[{\"@type\":\"ReadAction\",\"target\":[\"https:\/\/narteks.net\/index.php\/2009\/02\/27\/dortlerin-gecesi\/\"]}]},{\"@type\":\"BreadcrumbList\",\"@id\":\"https:\/\/narteks.net\/index.php\/2009\/02\/27\/dortlerin-gecesi\/#breadcrumb\",\"itemListElement\":[{\"@type\":\"ListItem\",\"position\":1,\"name\":\"Anasayfa\",\"item\":\"https:\/\/narteks.net\/\"},{\"@type\":\"ListItem\",\"position\":2,\"name\":\"D\u00d6RTLERIN GECESI\"}]},{\"@type\":\"WebSite\",\"@id\":\"https:\/\/narteks.net\/#website\",\"url\":\"https:\/\/narteks.net\/\",\"name\":\"narteks.net\",\"description\":\"K\u00fclt\u00fcr Sanat Edebiyat Felsefe\",\"publisher\":{\"@id\":\"https:\/\/narteks.net\/#organization\"},\"alternateName\":\"K\u00fclt\u00fcr Sanat Edebiyat Felsefe\",\"potentialAction\":[{\"@type\":\"SearchAction\",\"target\":{\"@type\":\"EntryPoint\",\"urlTemplate\":\"https:\/\/narteks.net\/?s={search_term_string}\"},\"query-input\":{\"@type\":\"PropertyValueSpecification\",\"valueRequired\":true,\"valueName\":\"search_term_string\"}}],\"inLanguage\":\"tr\"},{\"@type\":\"Organization\",\"@id\":\"https:\/\/narteks.net\/#organization\",\"name\":\"narteks.net\",\"url\":\"https:\/\/narteks.net\/\",\"logo\":{\"@type\":\"ImageObject\",\"inLanguage\":\"tr\",\"@id\":\"https:\/\/narteks.net\/#\/schema\/logo\/image\/\",\"url\":\"https:\/\/narteks.net\/wp-content\/uploads\/narteks.png\",\"contentUrl\":\"https:\/\/narteks.net\/wp-content\/uploads\/narteks.png\",\"width\":300,\"height\":90,\"caption\":\"narteks.net\"},\"image\":{\"@id\":\"https:\/\/narteks.net\/#\/schema\/logo\/image\/\"},\"sameAs\":[\"https:\/\/x.com\/narteks\",\"https:\/\/instagram.com\/narteksnet\"]},{\"@type\":\"Person\",\"@id\":\"https:\/\/narteks.net\/#\/schema\/person\/61f37d9834294b72d31d274e7ed79bca\",\"name\":\"Tar\u0131k\",\"image\":{\"@type\":\"ImageObject\",\"inLanguage\":\"tr\",\"@id\":\"https:\/\/narteks.net\/#\/schema\/person\/image\/\",\"url\":\"https:\/\/secure.gravatar.com\/avatar\/50865afb55632c4ae467e0af0930f6510aa2297d8014be502a55b14f3b7550cf?s=96&d=mm&r=g\",\"contentUrl\":\"https:\/\/secure.gravatar.com\/avatar\/50865afb55632c4ae467e0af0930f6510aa2297d8014be502a55b14f3b7550cf?s=96&d=mm&r=g\",\"caption\":\"Tar\u0131k\"},\"sameAs\":[\"http:\/\/narteks.net\"],\"url\":\"https:\/\/narteks.net\/index.php\/author\/narbak\/\"}]}<\/script>\n<!-- \/ Yoast SEO Premium plugin. -->","yoast_head_json":{"title":"D\u00d6RTLERIN GECESI - narteks.net","robots":{"index":"index","follow":"follow","max-snippet":"max-snippet:-1","max-image-preview":"max-image-preview:large","max-video-preview":"max-video-preview:-1"},"canonical":"https:\/\/narteks.net\/index.php\/2009\/02\/27\/dortlerin-gecesi\/","og_locale":"tr_TR","og_type":"article","og_title":"D\u00d6RTLERIN GECESI","og_description":"\u00a0 (Ate\u015fin ve G\u00fcne\u015fin \u00c7ocuklar\u0131) (&#8230;)\u00d6zlenen ate\u015f yak\u0131lm\u0131\u015ft\u0131 sonundaElden ele b\u00fct\u00fcn d\u00fcnyaya ta\u015f\u0131nm\u0131\u015ft\u0131K\u0131v\u0131lc\u0131m dans\u0131yd\u0131 g\u00f6zlerdeki sevin\u00e7Kavga da\u011flarda bilinci ku\u015fanm\u0131\u015fZindanlarda dirence sar\u0131lm\u0131\u015ft\u0131Ve hayk\u0131ran dudaklarHer ihanet vakti \u00e7\u00f6l \u00e7\u00f6l yar\u0131lm\u0131\u015ft\u0131 &#8230; Bir a\u011f\u0131tt\u0131r belki A\u011fr\u0131&#8217;da Zilan deresiDersim&#8217;de Lac deresi bir kanl\u0131 \u015fiirOysa bir destand\u0131 Diyarbak\u0131r kalesiVe Diyarbak\u0131r zindan\u0131ndaAte\u015fle sevi\u015fen &#8216;d\u00f6rtlerin gecesi&#8217; Ne ki zindan &#8211; ne ki [&hellip;]","og_url":"https:\/\/narteks.net\/index.php\/2009\/02\/27\/dortlerin-gecesi\/","og_site_name":"narteks.net","article_published_time":"2009-02-27T10:11:28+00:00","og_image":[{"width":300,"height":90,"url":"https:\/\/narteks.net\/wp-content\/uploads\/narteks.png","type":"image\/png"}],"author":"Tar\u0131k","twitter_card":"summary_large_image","twitter_creator":"@narteks","twitter_site":"@narteks","twitter_misc":{"Yazan:":"Tar\u0131k","Tahmini okuma s\u00fcresi":"9 dakika"},"schema":{"@context":"https:\/\/schema.org","@graph":[{"@type":"Article","@id":"https:\/\/narteks.net\/index.php\/2009\/02\/27\/dortlerin-gecesi\/#article","isPartOf":{"@id":"https:\/\/narteks.net\/index.php\/2009\/02\/27\/dortlerin-gecesi\/"},"author":{"name":"Tar\u0131k","@id":"https:\/\/narteks.net\/#\/schema\/person\/61f37d9834294b72d31d274e7ed79bca"},"headline":"D\u00d6RTLERIN GECESI","datePublished":"2009-02-27T10:11:28+00:00","mainEntityOfPage":{"@id":"https:\/\/narteks.net\/index.php\/2009\/02\/27\/dortlerin-gecesi\/"},"wordCount":1929,"commentCount":0,"publisher":{"@id":"https:\/\/narteks.net\/#organization"},"articleSection":["Adnan Y\u00dcCEL"],"inLanguage":"tr","potentialAction":[{"@type":"CommentAction","name":"Comment","target":["https:\/\/narteks.net\/index.php\/2009\/02\/27\/dortlerin-gecesi\/#respond"]}]},{"@type":"WebPage","@id":"https:\/\/narteks.net\/index.php\/2009\/02\/27\/dortlerin-gecesi\/","url":"https:\/\/narteks.net\/index.php\/2009\/02\/27\/dortlerin-gecesi\/","name":"D\u00d6RTLERIN GECESI - narteks.net","isPartOf":{"@id":"https:\/\/narteks.net\/#website"},"datePublished":"2009-02-27T10:11:28+00:00","breadcrumb":{"@id":"https:\/\/narteks.net\/index.php\/2009\/02\/27\/dortlerin-gecesi\/#breadcrumb"},"inLanguage":"tr","potentialAction":[{"@type":"ReadAction","target":["https:\/\/narteks.net\/index.php\/2009\/02\/27\/dortlerin-gecesi\/"]}]},{"@type":"BreadcrumbList","@id":"https:\/\/narteks.net\/index.php\/2009\/02\/27\/dortlerin-gecesi\/#breadcrumb","itemListElement":[{"@type":"ListItem","position":1,"name":"Anasayfa","item":"https:\/\/narteks.net\/"},{"@type":"ListItem","position":2,"name":"D\u00d6RTLERIN GECESI"}]},{"@type":"WebSite","@id":"https:\/\/narteks.net\/#website","url":"https:\/\/narteks.net\/","name":"narteks.net","description":"K\u00fclt\u00fcr Sanat Edebiyat Felsefe","publisher":{"@id":"https:\/\/narteks.net\/#organization"},"alternateName":"K\u00fclt\u00fcr Sanat Edebiyat Felsefe","potentialAction":[{"@type":"SearchAction","target":{"@type":"EntryPoint","urlTemplate":"https:\/\/narteks.net\/?s={search_term_string}"},"query-input":{"@type":"PropertyValueSpecification","valueRequired":true,"valueName":"search_term_string"}}],"inLanguage":"tr"},{"@type":"Organization","@id":"https:\/\/narteks.net\/#organization","name":"narteks.net","url":"https:\/\/narteks.net\/","logo":{"@type":"ImageObject","inLanguage":"tr","@id":"https:\/\/narteks.net\/#\/schema\/logo\/image\/","url":"https:\/\/narteks.net\/wp-content\/uploads\/narteks.png","contentUrl":"https:\/\/narteks.net\/wp-content\/uploads\/narteks.png","width":300,"height":90,"caption":"narteks.net"},"image":{"@id":"https:\/\/narteks.net\/#\/schema\/logo\/image\/"},"sameAs":["https:\/\/x.com\/narteks","https:\/\/instagram.com\/narteksnet"]},{"@type":"Person","@id":"https:\/\/narteks.net\/#\/schema\/person\/61f37d9834294b72d31d274e7ed79bca","name":"Tar\u0131k","image":{"@type":"ImageObject","inLanguage":"tr","@id":"https:\/\/narteks.net\/#\/schema\/person\/image\/","url":"https:\/\/secure.gravatar.com\/avatar\/50865afb55632c4ae467e0af0930f6510aa2297d8014be502a55b14f3b7550cf?s=96&d=mm&r=g","contentUrl":"https:\/\/secure.gravatar.com\/avatar\/50865afb55632c4ae467e0af0930f6510aa2297d8014be502a55b14f3b7550cf?s=96&d=mm&r=g","caption":"Tar\u0131k"},"sameAs":["http:\/\/narteks.net"],"url":"https:\/\/narteks.net\/index.php\/author\/narbak\/"}]}},"_links":{"self":[{"href":"https:\/\/narteks.net\/index.php\/wp-json\/wp\/v2\/posts\/14","targetHints":{"allow":["GET"]}}],"collection":[{"href":"https:\/\/narteks.net\/index.php\/wp-json\/wp\/v2\/posts"}],"about":[{"href":"https:\/\/narteks.net\/index.php\/wp-json\/wp\/v2\/types\/post"}],"author":[{"embeddable":true,"href":"https:\/\/narteks.net\/index.php\/wp-json\/wp\/v2\/users\/1"}],"replies":[{"embeddable":true,"href":"https:\/\/narteks.net\/index.php\/wp-json\/wp\/v2\/comments?post=14"}],"version-history":[{"count":0,"href":"https:\/\/narteks.net\/index.php\/wp-json\/wp\/v2\/posts\/14\/revisions"}],"wp:attachment":[{"href":"https:\/\/narteks.net\/index.php\/wp-json\/wp\/v2\/media?parent=14"}],"wp:term":[{"taxonomy":"category","embeddable":true,"href":"https:\/\/narteks.net\/index.php\/wp-json\/wp\/v2\/categories?post=14"},{"taxonomy":"post_tag","embeddable":true,"href":"https:\/\/narteks.net\/index.php\/wp-json\/wp\/v2\/tags?post=14"}],"curies":[{"name":"wp","href":"https:\/\/api.w.org\/{rel}","templated":true}]}}