{"id":1400,"date":"2009-11-13T15:02:57","date_gmt":"2009-11-13T12:02:57","guid":{"rendered":"http:\/\/localhost\/wordpress\/2009\/11\/13\/nesimi-cimen-hayat-ve-eserleri\/"},"modified":"2009-11-13T15:02:57","modified_gmt":"2009-11-13T12:02:57","slug":"nesimi-cimen-hayat-ve-eserleri","status":"publish","type":"post","link":"https:\/\/narteks.net\/index.php\/2009\/11\/13\/nesimi-cimen-hayat-ve-eserleri\/","title":{"rendered":"Nesimi \u00c7imen &#8211; Hayat\u0131 ve eserleri"},"content":{"rendered":"<p style=\"text-align: justify;\">Adana, Saimbeyli il\u00e7esinde 1931 y\u0131l\u0131nda do\u011fdu, Daha sonra t\u00fcm ailesiyle Kayseri, Sar\u0131z il\u00e7esine yerle\u015fti. Kadirli ve Elbistan il\u00e7elerinde uzun s\u00fcre kald\u0131ktan \u0130stanbul&#8217;a ta\u015f\u0131nd\u0131. K\u00fc\u00e7\u00fck ya\u015flar\u0131nda t\u00fcrk\u00fc derlemeleri yapt\u0131. \u0130stanbul&#8217;a naklinden sonra toplad\u0131klar\u0131 bu folklor de\u011ferlerini radyo ar\u015fivlerine kazand\u0131rd\u0131. Hatayi, pir Sultan Abdal ve di\u011fer usta ozanlar\u0131n nefeslerini s\u00f6yleyerek kendisini tan\u0131tt\u0131. Nefeslerini, t\u00fcrk\u00fclerini ba\u011flama ile de\u011fil, g\u00f6\u011fs\u00fcnde ta\u015f\u0131d\u0131\u011f\u0131 &#8221;Cura&#8221; e\u015fli\u011finde s\u00f6ylerdi. Cura \u00e7almada \u00fcn kazanm\u0131\u015ft\u0131. Kendi yazd\u0131\u011f\u0131 deyi\u015flerini de okuyup s\u00f6yleyen Nesimi \u00c7imen, Yurt i\u00e7inde ve d\u0131\u015f\u0131nda pek \u00e7ok programlar yapan bir ozand\u0131. Ya\u015fam\u0131 2.7.1993 g\u00fcn\u00fc Sivas KATL\u0130AMINDA noktaland\u0131.<\/p>\n<p>Nesimi \u00c7imen&#8217;den derlenen baz\u0131 t\u00fcrk\u00fcler:<\/p>\n<p style=\"text-align: justify;\">-Ayr\u0131l\u0131k hasreti kar etti cana<br \/>-Bin derdim var idi bin daha oldu<br \/>-Daha senden gayr\u0131 a\u015f\u0131k m\u0131 yoktur<br \/>-Deli g\u00f6n\u00fcl yine ah-\u00fc zar oldu<br \/> &#8230;<\/p>\n<p>Dinle beni kula\u011f\u0131n a\u00e7<br \/>Sev insanl\u0131\u011f\u0131 sev garda\u015f<br \/>\u0130nsan Kabe insan mira\u00e7<br \/>Sev insanl\u0131\u011f\u0131 sev garda\u015f.<\/p>\n<p>\u0130nsanlar Hakk&#8217;\u0131n mekan\u0131<br \/>\u0130nanmazsan a\u00e7 Kuran&#8217;\u0131<br \/>Sak\u0131n hor g\u00f6rme insan\u0131<br \/>Sev insanl\u0131\u011f\u0131 sev garda\u015f<\/p>\n<p>Meleklerin secdegah\u0131<br \/>Orda g\u00f6rd\u00fcler insan\u0131<br \/>B\u0131rak kusuru, g\u00fcnah\u0131<br \/>Sev insanl\u0131\u011f\u0131 sev garda\u015f<\/p>\n<p>Nesimi der her ya\u015f\u0131nda<br \/>\u0130nsan sevdas\u0131 ba\u015f\u0131nda<br \/>K\u00f6t\u00fc huylunun d\u0131\u015f\u0131nda<br \/>Sev insanl\u0131\u011f\u0131 sev garda\u015f<\/p>\n<p> Dostluklar kurulsun insanlar g\u00fcls\u00fcn<br \/>Bar\u0131\u015f g\u00fcvercini u\u00e7sun D\u00fcnya da<br \/>Yok olsun k\u00f6t\u00fcl\u00fck d\u00fc\u015fmanl\u0131k \u00f6ls\u00fcn<br \/>Bar\u0131\u015f g\u00fcvercini u\u00e7sun D\u00fcnya da<br \/>Dostluklar kurulsun insanlar g\u00fcls\u00fcn<br \/>Son bulsun sava\u015flar kimse \u00f6lmesin<\/p>\n<p>D\u00fcnya cennet olsun ya\u015fas\u0131n insan<br \/>Gelin bar\u0131\u015fal\u0131m d\u00f6k\u00fclmesin kan<br \/>Son bulsun sava\u015flar kesilsin figan<br \/>Bar\u0131\u015f g\u00fcvercini u\u00e7sun D\u00fcnya da<br \/>Dostluklar kurulsun insanlar g\u00fcls\u00fcn<br \/>Son bulsun sava\u015flar kimse \u00f6lmesin<\/p>\n<p>\u0130nsanc\u0131l insanlar bar\u0131\u015ftan yana<br \/>Ancak zalim olan k\u0131yar insana<br \/>Bar\u0131\u015f a\u015fk\u0131 yay\u0131lmal\u0131 cihana<br \/>Bar\u0131\u015f g\u00fcvercini u\u00e7sun D\u00fcnya da<br \/>Dostluklar kurulsun insanlar g\u00fcls\u00fcn<br \/>Son bulsun sava\u015flar kimse \u00f6lmesin<\/p>\n<p>Nesimi der ki ey f\u00fcze yapanlar<br \/>Ac\u0131mas\u0131z zalim cana k\u0131yanlar<br \/>B\u0131rak ey ya\u015fas\u0131n b\u00fct\u00fcn insanlar<br \/>Bar\u0131\u015f g\u00fcvercini u\u00e7sun D\u00fcnya da<br \/>Dostluklar kurulsun insanlar g\u00fcls\u00fcn<br \/>Son bulsun sava\u015flar kimse \u00f6lmesin<\/p>\n","protected":false},"excerpt":{"rendered":"<p>Adana, Saimbeyli il\u00e7esinde 1931 y\u0131l\u0131nda do\u011fdu, Daha sonra t\u00fcm ailesiyle Kayseri, Sar\u0131z il\u00e7esine yerle\u015fti. Kadirli ve Elbistan il\u00e7elerinde uzun s\u00fcre kald\u0131ktan \u0130stanbul&#8217;a ta\u015f\u0131nd\u0131. K\u00fc\u00e7\u00fck ya\u015flar\u0131nda t\u00fcrk\u00fc derlemeleri yapt\u0131. \u0130stanbul&#8217;a naklinden sonra toplad\u0131klar\u0131 bu folklor de\u011ferlerini radyo ar\u015fivlerine kazand\u0131rd\u0131. Hatayi, pir Sultan Abdal ve di\u011fer usta ozanlar\u0131n nefeslerini s\u00f6yleyerek kendisini tan\u0131tt\u0131. Nefeslerini, t\u00fcrk\u00fclerini ba\u011flama ile de\u011fil, [&hellip;]<\/p>\n","protected":false},"author":1,"featured_media":0,"comment_status":"open","ping_status":"open","sticky":false,"template":"","format":"standard","meta":{"footnotes":""},"categories":[172],"tags":[],"class_list":{"0":"post-1400","1":"post","2":"type-post","3":"status-publish","4":"format-standard","6":"category-ozanlar-ve-eserleri"},"yoast_head":"<!-- This site is optimized with the Yoast SEO Premium plugin v24.9 (Yoast SEO v24.9) - https:\/\/yoast.com\/wordpress\/plugins\/seo\/ -->\n<title>Nesimi \u00c7imen - Hayat\u0131 ve eserleri - narteks.net<\/title>\n<meta name=\"robots\" content=\"index, follow, max-snippet:-1, max-image-preview:large, max-video-preview:-1\" \/>\n<link rel=\"canonical\" href=\"https:\/\/narteks.net\/index.php\/2009\/11\/13\/nesimi-cimen-hayat-ve-eserleri\/\" \/>\n<meta property=\"og:locale\" content=\"tr_TR\" \/>\n<meta property=\"og:type\" content=\"article\" \/>\n<meta property=\"og:title\" content=\"Nesimi \u00c7imen - Hayat\u0131 ve eserleri\" \/>\n<meta property=\"og:description\" content=\"Adana, Saimbeyli il\u00e7esinde 1931 y\u0131l\u0131nda do\u011fdu, Daha sonra t\u00fcm ailesiyle Kayseri, Sar\u0131z il\u00e7esine yerle\u015fti. Kadirli ve Elbistan il\u00e7elerinde uzun s\u00fcre kald\u0131ktan \u0130stanbul&#8217;a ta\u015f\u0131nd\u0131. K\u00fc\u00e7\u00fck ya\u015flar\u0131nda t\u00fcrk\u00fc derlemeleri yapt\u0131. \u0130stanbul&#8217;a naklinden sonra toplad\u0131klar\u0131 bu folklor de\u011ferlerini radyo ar\u015fivlerine kazand\u0131rd\u0131. Hatayi, pir Sultan Abdal ve di\u011fer usta ozanlar\u0131n nefeslerini s\u00f6yleyerek kendisini tan\u0131tt\u0131. Nefeslerini, t\u00fcrk\u00fclerini ba\u011flama ile de\u011fil, [&hellip;]\" \/>\n<meta property=\"og:url\" content=\"https:\/\/narteks.net\/index.php\/2009\/11\/13\/nesimi-cimen-hayat-ve-eserleri\/\" \/>\n<meta property=\"og:site_name\" content=\"narteks.net\" \/>\n<meta property=\"article:published_time\" content=\"2009-11-13T12:02:57+00:00\" \/>\n<meta property=\"og:image\" content=\"https:\/\/narteks.net\/wp-content\/uploads\/narteks.png\" \/>\n\t<meta property=\"og:image:width\" content=\"300\" \/>\n\t<meta property=\"og:image:height\" content=\"90\" \/>\n\t<meta property=\"og:image:type\" content=\"image\/png\" \/>\n<meta name=\"author\" content=\"Tar\u0131k\" \/>\n<meta name=\"twitter:card\" content=\"summary_large_image\" \/>\n<meta name=\"twitter:creator\" content=\"@narteks\" \/>\n<meta name=\"twitter:site\" content=\"@narteks\" \/>\n<meta name=\"twitter:label1\" content=\"Yazan:\" \/>\n\t<meta name=\"twitter:data1\" content=\"Tar\u0131k\" \/>\n\t<meta name=\"twitter:label2\" content=\"Tahmini okuma s\u00fcresi\" \/>\n\t<meta name=\"twitter:data2\" content=\"2 dakika\" \/>\n<script type=\"application\/ld+json\" class=\"yoast-schema-graph\">{\"@context\":\"https:\/\/schema.org\",\"@graph\":[{\"@type\":\"Article\",\"@id\":\"https:\/\/narteks.net\/index.php\/2009\/11\/13\/nesimi-cimen-hayat-ve-eserleri\/#article\",\"isPartOf\":{\"@id\":\"https:\/\/narteks.net\/index.php\/2009\/11\/13\/nesimi-cimen-hayat-ve-eserleri\/\"},\"author\":{\"name\":\"Tar\u0131k\",\"@id\":\"https:\/\/narteks.net\/#\/schema\/person\/61f37d9834294b72d31d274e7ed79bca\"},\"headline\":\"Nesimi \u00c7imen &#8211; Hayat\u0131 ve eserleri\",\"datePublished\":\"2009-11-13T12:02:57+00:00\",\"mainEntityOfPage\":{\"@id\":\"https:\/\/narteks.net\/index.php\/2009\/11\/13\/nesimi-cimen-hayat-ve-eserleri\/\"},\"wordCount\":382,\"commentCount\":0,\"publisher\":{\"@id\":\"https:\/\/narteks.net\/#organization\"},\"articleSection\":[\"Ozanlar ve Eserleri\"],\"inLanguage\":\"tr\",\"potentialAction\":[{\"@type\":\"CommentAction\",\"name\":\"Comment\",\"target\":[\"https:\/\/narteks.net\/index.php\/2009\/11\/13\/nesimi-cimen-hayat-ve-eserleri\/#respond\"]}]},{\"@type\":\"WebPage\",\"@id\":\"https:\/\/narteks.net\/index.php\/2009\/11\/13\/nesimi-cimen-hayat-ve-eserleri\/\",\"url\":\"https:\/\/narteks.net\/index.php\/2009\/11\/13\/nesimi-cimen-hayat-ve-eserleri\/\",\"name\":\"Nesimi \u00c7imen - Hayat\u0131 ve eserleri - narteks.net\",\"isPartOf\":{\"@id\":\"https:\/\/narteks.net\/#website\"},\"datePublished\":\"2009-11-13T12:02:57+00:00\",\"breadcrumb\":{\"@id\":\"https:\/\/narteks.net\/index.php\/2009\/11\/13\/nesimi-cimen-hayat-ve-eserleri\/#breadcrumb\"},\"inLanguage\":\"tr\",\"potentialAction\":[{\"@type\":\"ReadAction\",\"target\":[\"https:\/\/narteks.net\/index.php\/2009\/11\/13\/nesimi-cimen-hayat-ve-eserleri\/\"]}]},{\"@type\":\"BreadcrumbList\",\"@id\":\"https:\/\/narteks.net\/index.php\/2009\/11\/13\/nesimi-cimen-hayat-ve-eserleri\/#breadcrumb\",\"itemListElement\":[{\"@type\":\"ListItem\",\"position\":1,\"name\":\"Anasayfa\",\"item\":\"https:\/\/narteks.net\/\"},{\"@type\":\"ListItem\",\"position\":2,\"name\":\"Nesimi \u00c7imen &#8211; Hayat\u0131 ve eserleri\"}]},{\"@type\":\"WebSite\",\"@id\":\"https:\/\/narteks.net\/#website\",\"url\":\"https:\/\/narteks.net\/\",\"name\":\"narteks.net\",\"description\":\"K\u00fclt\u00fcr Sanat Edebiyat Felsefe\",\"publisher\":{\"@id\":\"https:\/\/narteks.net\/#organization\"},\"alternateName\":\"K\u00fclt\u00fcr Sanat Edebiyat Felsefe\",\"potentialAction\":[{\"@type\":\"SearchAction\",\"target\":{\"@type\":\"EntryPoint\",\"urlTemplate\":\"https:\/\/narteks.net\/?s={search_term_string}\"},\"query-input\":{\"@type\":\"PropertyValueSpecification\",\"valueRequired\":true,\"valueName\":\"search_term_string\"}}],\"inLanguage\":\"tr\"},{\"@type\":\"Organization\",\"@id\":\"https:\/\/narteks.net\/#organization\",\"name\":\"narteks.net\",\"url\":\"https:\/\/narteks.net\/\",\"logo\":{\"@type\":\"ImageObject\",\"inLanguage\":\"tr\",\"@id\":\"https:\/\/narteks.net\/#\/schema\/logo\/image\/\",\"url\":\"https:\/\/narteks.net\/wp-content\/uploads\/narteks.png\",\"contentUrl\":\"https:\/\/narteks.net\/wp-content\/uploads\/narteks.png\",\"width\":300,\"height\":90,\"caption\":\"narteks.net\"},\"image\":{\"@id\":\"https:\/\/narteks.net\/#\/schema\/logo\/image\/\"},\"sameAs\":[\"https:\/\/x.com\/narteks\",\"https:\/\/instagram.com\/narteksnet\"]},{\"@type\":\"Person\",\"@id\":\"https:\/\/narteks.net\/#\/schema\/person\/61f37d9834294b72d31d274e7ed79bca\",\"name\":\"Tar\u0131k\",\"image\":{\"@type\":\"ImageObject\",\"inLanguage\":\"tr\",\"@id\":\"https:\/\/narteks.net\/#\/schema\/person\/image\/\",\"url\":\"https:\/\/secure.gravatar.com\/avatar\/50865afb55632c4ae467e0af0930f6510aa2297d8014be502a55b14f3b7550cf?s=96&d=mm&r=g\",\"contentUrl\":\"https:\/\/secure.gravatar.com\/avatar\/50865afb55632c4ae467e0af0930f6510aa2297d8014be502a55b14f3b7550cf?s=96&d=mm&r=g\",\"caption\":\"Tar\u0131k\"},\"sameAs\":[\"http:\/\/narteks.net\"],\"url\":\"https:\/\/narteks.net\/index.php\/author\/narbak\/\"}]}<\/script>\n<!-- \/ Yoast SEO Premium plugin. -->","yoast_head_json":{"title":"Nesimi \u00c7imen - Hayat\u0131 ve eserleri - narteks.net","robots":{"index":"index","follow":"follow","max-snippet":"max-snippet:-1","max-image-preview":"max-image-preview:large","max-video-preview":"max-video-preview:-1"},"canonical":"https:\/\/narteks.net\/index.php\/2009\/11\/13\/nesimi-cimen-hayat-ve-eserleri\/","og_locale":"tr_TR","og_type":"article","og_title":"Nesimi \u00c7imen - Hayat\u0131 ve eserleri","og_description":"Adana, Saimbeyli il\u00e7esinde 1931 y\u0131l\u0131nda do\u011fdu, Daha sonra t\u00fcm ailesiyle Kayseri, Sar\u0131z il\u00e7esine yerle\u015fti. Kadirli ve Elbistan il\u00e7elerinde uzun s\u00fcre kald\u0131ktan \u0130stanbul&#8217;a ta\u015f\u0131nd\u0131. K\u00fc\u00e7\u00fck ya\u015flar\u0131nda t\u00fcrk\u00fc derlemeleri yapt\u0131. \u0130stanbul&#8217;a naklinden sonra toplad\u0131klar\u0131 bu folklor de\u011ferlerini radyo ar\u015fivlerine kazand\u0131rd\u0131. Hatayi, pir Sultan Abdal ve di\u011fer usta ozanlar\u0131n nefeslerini s\u00f6yleyerek kendisini tan\u0131tt\u0131. Nefeslerini, t\u00fcrk\u00fclerini ba\u011flama ile de\u011fil, [&hellip;]","og_url":"https:\/\/narteks.net\/index.php\/2009\/11\/13\/nesimi-cimen-hayat-ve-eserleri\/","og_site_name":"narteks.net","article_published_time":"2009-11-13T12:02:57+00:00","og_image":[{"width":300,"height":90,"url":"https:\/\/narteks.net\/wp-content\/uploads\/narteks.png","type":"image\/png"}],"author":"Tar\u0131k","twitter_card":"summary_large_image","twitter_creator":"@narteks","twitter_site":"@narteks","twitter_misc":{"Yazan:":"Tar\u0131k","Tahmini okuma s\u00fcresi":"2 dakika"},"schema":{"@context":"https:\/\/schema.org","@graph":[{"@type":"Article","@id":"https:\/\/narteks.net\/index.php\/2009\/11\/13\/nesimi-cimen-hayat-ve-eserleri\/#article","isPartOf":{"@id":"https:\/\/narteks.net\/index.php\/2009\/11\/13\/nesimi-cimen-hayat-ve-eserleri\/"},"author":{"name":"Tar\u0131k","@id":"https:\/\/narteks.net\/#\/schema\/person\/61f37d9834294b72d31d274e7ed79bca"},"headline":"Nesimi \u00c7imen &#8211; Hayat\u0131 ve eserleri","datePublished":"2009-11-13T12:02:57+00:00","mainEntityOfPage":{"@id":"https:\/\/narteks.net\/index.php\/2009\/11\/13\/nesimi-cimen-hayat-ve-eserleri\/"},"wordCount":382,"commentCount":0,"publisher":{"@id":"https:\/\/narteks.net\/#organization"},"articleSection":["Ozanlar ve Eserleri"],"inLanguage":"tr","potentialAction":[{"@type":"CommentAction","name":"Comment","target":["https:\/\/narteks.net\/index.php\/2009\/11\/13\/nesimi-cimen-hayat-ve-eserleri\/#respond"]}]},{"@type":"WebPage","@id":"https:\/\/narteks.net\/index.php\/2009\/11\/13\/nesimi-cimen-hayat-ve-eserleri\/","url":"https:\/\/narteks.net\/index.php\/2009\/11\/13\/nesimi-cimen-hayat-ve-eserleri\/","name":"Nesimi \u00c7imen - Hayat\u0131 ve eserleri - narteks.net","isPartOf":{"@id":"https:\/\/narteks.net\/#website"},"datePublished":"2009-11-13T12:02:57+00:00","breadcrumb":{"@id":"https:\/\/narteks.net\/index.php\/2009\/11\/13\/nesimi-cimen-hayat-ve-eserleri\/#breadcrumb"},"inLanguage":"tr","potentialAction":[{"@type":"ReadAction","target":["https:\/\/narteks.net\/index.php\/2009\/11\/13\/nesimi-cimen-hayat-ve-eserleri\/"]}]},{"@type":"BreadcrumbList","@id":"https:\/\/narteks.net\/index.php\/2009\/11\/13\/nesimi-cimen-hayat-ve-eserleri\/#breadcrumb","itemListElement":[{"@type":"ListItem","position":1,"name":"Anasayfa","item":"https:\/\/narteks.net\/"},{"@type":"ListItem","position":2,"name":"Nesimi \u00c7imen &#8211; Hayat\u0131 ve eserleri"}]},{"@type":"WebSite","@id":"https:\/\/narteks.net\/#website","url":"https:\/\/narteks.net\/","name":"narteks.net","description":"K\u00fclt\u00fcr Sanat Edebiyat Felsefe","publisher":{"@id":"https:\/\/narteks.net\/#organization"},"alternateName":"K\u00fclt\u00fcr Sanat Edebiyat Felsefe","potentialAction":[{"@type":"SearchAction","target":{"@type":"EntryPoint","urlTemplate":"https:\/\/narteks.net\/?s={search_term_string}"},"query-input":{"@type":"PropertyValueSpecification","valueRequired":true,"valueName":"search_term_string"}}],"inLanguage":"tr"},{"@type":"Organization","@id":"https:\/\/narteks.net\/#organization","name":"narteks.net","url":"https:\/\/narteks.net\/","logo":{"@type":"ImageObject","inLanguage":"tr","@id":"https:\/\/narteks.net\/#\/schema\/logo\/image\/","url":"https:\/\/narteks.net\/wp-content\/uploads\/narteks.png","contentUrl":"https:\/\/narteks.net\/wp-content\/uploads\/narteks.png","width":300,"height":90,"caption":"narteks.net"},"image":{"@id":"https:\/\/narteks.net\/#\/schema\/logo\/image\/"},"sameAs":["https:\/\/x.com\/narteks","https:\/\/instagram.com\/narteksnet"]},{"@type":"Person","@id":"https:\/\/narteks.net\/#\/schema\/person\/61f37d9834294b72d31d274e7ed79bca","name":"Tar\u0131k","image":{"@type":"ImageObject","inLanguage":"tr","@id":"https:\/\/narteks.net\/#\/schema\/person\/image\/","url":"https:\/\/secure.gravatar.com\/avatar\/50865afb55632c4ae467e0af0930f6510aa2297d8014be502a55b14f3b7550cf?s=96&d=mm&r=g","contentUrl":"https:\/\/secure.gravatar.com\/avatar\/50865afb55632c4ae467e0af0930f6510aa2297d8014be502a55b14f3b7550cf?s=96&d=mm&r=g","caption":"Tar\u0131k"},"sameAs":["http:\/\/narteks.net"],"url":"https:\/\/narteks.net\/index.php\/author\/narbak\/"}]}},"_links":{"self":[{"href":"https:\/\/narteks.net\/index.php\/wp-json\/wp\/v2\/posts\/1400","targetHints":{"allow":["GET"]}}],"collection":[{"href":"https:\/\/narteks.net\/index.php\/wp-json\/wp\/v2\/posts"}],"about":[{"href":"https:\/\/narteks.net\/index.php\/wp-json\/wp\/v2\/types\/post"}],"author":[{"embeddable":true,"href":"https:\/\/narteks.net\/index.php\/wp-json\/wp\/v2\/users\/1"}],"replies":[{"embeddable":true,"href":"https:\/\/narteks.net\/index.php\/wp-json\/wp\/v2\/comments?post=1400"}],"version-history":[{"count":0,"href":"https:\/\/narteks.net\/index.php\/wp-json\/wp\/v2\/posts\/1400\/revisions"}],"wp:attachment":[{"href":"https:\/\/narteks.net\/index.php\/wp-json\/wp\/v2\/media?parent=1400"}],"wp:term":[{"taxonomy":"category","embeddable":true,"href":"https:\/\/narteks.net\/index.php\/wp-json\/wp\/v2\/categories?post=1400"},{"taxonomy":"post_tag","embeddable":true,"href":"https:\/\/narteks.net\/index.php\/wp-json\/wp\/v2\/tags?post=1400"}],"curies":[{"name":"wp","href":"https:\/\/api.w.org\/{rel}","templated":true}]}}