{"id":1407,"date":"2009-11-13T15:14:10","date_gmt":"2009-11-13T12:14:10","guid":{"rendered":"http:\/\/localhost\/wordpress\/2009\/11\/13\/virani-hayat-ve-eserleri\/"},"modified":"2009-11-13T15:14:10","modified_gmt":"2009-11-13T12:14:10","slug":"virani-hayat-ve-eserleri","status":"publish","type":"post","link":"https:\/\/narteks.net\/index.php\/2009\/11\/13\/virani-hayat-ve-eserleri\/","title":{"rendered":"Virani &#8211; Hayat\u0131 ve eserleri"},"content":{"rendered":"<p style=\"text-align: justify;\">Gel Dilber A\u011flatma Beni \u015eah-I Merdan A\u015fk\u0131na <br \/> D\u00fc Cihan\u0131n Ranimasi \u015eii Yezdan A\u015fk\u0131na<br \/> \u015eah\u0131m Hasan Pir H\u00fcseyin Kerbela Meydan \u0130\u00e7in<br \/> L\u00fctfedip Ba\u011f\u0131\u015fla C\u00fcrm\u00fcm Ali S\u00fcphan A\u015fk\u0131na<\/p>\n<p> Virani, 16. yy.&#8217;\u0131n sonu ile 17. yy .ba\u015flar\u0131nda ya\u015fayan g\u00fc\u00e7l\u00fc bir ozand\u0131r.\u00a0 <\/p>\n<p> Bekta\u015fili\u011fin ikinci piri Bal\u0131m Sultan&#8217;dan el alm\u0131\u015ft\u0131r. Bir s\u00fcre Necef-i E\u015fref de Hz. Ali T\u00fcrbesi&#8217;nde t\u00fcrbedarl\u0131k, babal\u0131k yapm\u0131\u015ft\u0131r, (1587-1618) y\u0131llar\u0131nda \u0130ran&#8217;da saltanat s\u00fcren \u015eah Abbas&#8217;la g\u00f6r\u00fc\u015f\u00adm\u00fc\u015ft\u00fcr. Anadolu&#8217;nun bir \u00e7ok yerlerini ve daha sonra da, Bulgaris\u00adtan&#8217;da Deliorman ve Debruca&#8217;y\u0131 dola\u015fm\u0131\u015ft\u0131r. Neceften d\u00f6n\u00fc\u015f\u00fcnde, Deliorman y\u00f6resinde bulunan Demir Baba tekkesini ziyaret etmi\u015f ve ondan bilgilenmi\u015ftir. Demir Baba, soy zinciri itibariyle Peygam\u00adber&#8217;e ula\u015f\u0131r.<\/p>\n<p> Demir Baba Velayetnamesi&#8217;nde, Virani&#8217;nin Demir Baba ile g\u00f6r\u00fc\u015fmesi \u015f\u00f6yle anlat\u0131l\u0131r: Demir Baba&#8217;ya, Arap ve A\u00e7em dillerini bi\u00adlen bir kimse geldi\u011fi ve m\u00fcridleriyle Rumeli&#8217;ye ge\u00e7ti\u011fi ve bu ki\u015fi\u00adnin ad\u0131n\u0131n da Viran\u0131 olarak s\u00f6ylendi\u011fi bildirilir. Ancak gaflet i\u00e7inde oldu\u011fu ve &#8220;Kutupluk&#8221; davas\u0131 g\u00fctt\u00fc\u011f\u00fc de ilave edilir. Demir Baba manevi y\u00f6nden kendisinin daha \u00fcst\u00fcn oldu\u011funu g\u00f6stermek ister. Demir Baba, o tarihlerde y\u00fcz yirmi ya\u015f\u0131na ula\u015fm\u0131\u015f ulu bir ihtiyar\u00add\u0131r.<\/p>\n<p> Virani, onun bat\u0131n k\u0131l\u0131c\u0131yla yenilir, yere ge\u00e7er. Huzurunda di\u00advan durup, niyaz eder. Demir Baba&#8217;dan icazet ister. Ancak, \u00f6nce Virani&#8217;ye nasihatler verir &#8221;ki\u015fi b\u00f6yle sevdalarda olmasa gerek. Kur&#8217;an&#8217;a uy Sure-i Fatiha&#8217;da ne kadar harf oldu\u011funu bilir misin? Onlardan ge\u00e7meyen veli olmaz. Bu kadar suhufla (hartle) d\u00f6rt kita\u00adb\u0131 yutsa bile. Kap\u0131dan girmeyen, i\u00e7eride ne oldu\u011funu bilmez. Bilen a\u015f\u0131k da, dava k\u0131lmaz. Kimse kusuruna kalmaz,..&#8221; Bu nasihatten sonra Demir Baba, Virani&#8217;ye icazet verir.<\/p>\n<p> Virani, oradan Otman Baba Sultan&#8217;\u0131 ziyaret etmek i\u00e7in yola \u00e7\u0131\u00adkar. Sabahleyin Karl\u0131ova&#8217;da Haf\u0131z Zade T\u00fcrbesi&#8217;ne gelir. Ancak Virani rahats\u0131zlan\u0131r ve \u00f6\u011fleden sonra orada hakka y\u00fcr\u00fcr. Avlu kap\u0131s\u0131 \u00f6n\u00fcne g\u00f6m\u00fcl\u00fcr.<\/p>\n<p> Demir Baba Velayetnamesi&#8217;nde de s\u00f6z edildi\u011fi \u00fczere, Virani, Arap\u00e7a, Fars\u00e7a bilen g\u00fc\u00e7l\u00fc bir \u015fairdir. &#8220;Virani Baba Divan\u0131&#8221; ile &#8221;Virani Baba Risalesi&#8221;adl\u0131 bas\u0131lm\u0131\u015f eserleri g\u00fcn\u00fcm\u00fcze kadar gelmi\u015ftir, \u00d6zellikle Hz. Ali&#8217;yi \u00f6ven, On iki \u0130mam&#8217;\u0131 dile getiren co\u015fkulu methiyeleri vard\u0131r.<\/p>\n<p>Eserlerinden baz\u0131lar\u0131:<\/p>\n<p>Dilinde canan olubdur<\/p>\n<p>Dilinde canan olubdur<br \/>S\u00fccudum sacidim insan olubdur<br \/>V\u00fccudum \u015fehrine \u015eah\u0131-muhakkak<br \/>Bilin ki fazl-\u0131 Hak Yezdan olubdur\u00a0 <\/p>\n<p>G\u00f6n\u00fcl didara kar\u015f\u0131 ol sebebden<br \/>Ayr\u0131lmaz Vallahi hayran olubdur<br \/>Virani dervi\u015fe l\u00fctfetti Haydar<br \/>Eri\u015fti \u00fc\u00e7lere Selman olubdur.<\/p>\n<p>\u0130stemem alemde gayr\u0131 meyvay\u0131<\/p>\n<p>\u0130stemem alemde gayr\u0131 meyvay\u0131<br \/>Tad\u0131na doyulmaz bal\u0131md\u0131r Ali<br \/>\u0130stemem e\u015fyay\u0131 verseler dahi<br \/>Kokmazam s\u00fcnb\u00fcl\u00fc g\u00fcl\u00fcmd\u00fcr Ali<\/p>\n<p>Ali&#8217;mdir kadehim Ali&#8217;mdir \u015fi\u015fe<br \/>Ali&#8217;m sahralarda morlu menek\u015fe<br \/>Ali&#8217;m dolu yedi iklim d\u00f6rt k\u00f6\u015fe<br \/>Ali&#8217;m saki Kevser dolumdur Ali<\/p>\n<p>Ali vahid \u015fah-\u0131 Resul kibriya<br \/>\u0130mam Hasan H\u00fcseyn \u015eah-\u0131 Kerbela<br \/>\u0130mam Zeynel-Aba ol sahib-liva<br \/>B\u00fck\u00fcld\u00fc kametim dal\u0131md\u0131r Ali<\/p>\n<p>Muhamrned Bak\u0131r&#8217;d\u0131r tendeki can\u0131m<br \/>Ca&#8217;fer\u00fcs -Sad\u0131k&#8217;t\u0131r dinim iman\u0131m<br \/>Musa-i Kaz\u0131m&#8217;d\u0131r derde derman\u0131m<br \/>Varl\u0131\u011f\u0131m kalmad\u0131 mal\u0131md\u0131r Ali<\/p>\n<p>Aliyy\u00fcr -R\u0131za&#8217;d\u0131r \u015eah-\u0131 Horasan<br \/>Taki ile Naki g\u00f6sterdi burhan<br \/>Hasan\u00fcl-Askeri mah-\u0131 d\u0131rah\u015fan<br \/>Yoklad\u0131m talihim fal\u0131md\u0131r Ali<\/p>\n<p>Muhamrned Mehdi&#8217;dir sahib\u00fcz-zaman<br \/>Oniki \u0130mam&#8217;a kul oldum heman<br \/>Ma&#8217;sum-\u0131 pakand\u0131r envar -\u0131 cihan<br \/>Esrar-\u0131 Huda&#8217;ya alemdir Ali<\/p>\n<p>Virani&#8217;yem d\u00fc\u015ft\u00fcm \u015fimdi derdine<br \/>V\u00fccudum gark oldu \u00e7ile bendine<br \/>G\u00f6n\u00fcl sormaz oldu kendi kendine<br \/>S\u00f6yler dehan\u0131mda dilimdir Ali<br \/> Gel Dilber A\u011flatma Beni<\/p>\n<p>Gel Dilber A\u011flatma Beni \u015eah-I Merdan A\u015fk\u0131na <br \/>D\u00fc Cihan\u0131n Ranimasi \u015eii Yezdan A\u015fk\u0131na<br \/>\u015eah\u0131m Hasan Pir H\u00fcseyin Kerbela Meydan \u0130\u00e7in<br \/>L\u00fctfedip Ba\u011f\u0131\u015fla C\u00fcrm\u00fcm Ali S\u00fcphan A\u015fk\u0131na<\/p>\n<p>\u0130mam Zeynel Abidin&#8217;in Abina Umdumusa <br \/>Aray\u0131p \u00d6z\u00fcnde Bakiri Buldunusa <br \/>Ceddin Evlad-I Muhammet Cafer&#8217;i Bildin \u0130se <br \/>Rahme Gel Ol \u015eah-I Merdan Ali \u00dcmran A\u015fk\u0131na <\/p>\n<p>Seyit Musa&#8217;y\u0131 Kaz\u0131m&#8217;d\u0131r Ehl-\u0130 Beytin Serveri<br \/>Cani A\u015fk\u0131 Nu\u015f Edenler M\u00fcptelad\u0131r Ekseri<br \/>Sahi \u015eehidi Horasan \u0130mam R\u0131za&#8217;dan Beri<br \/>M\u00fcptelay\u0131 Merhamet K\u0131l Kalb-\u0130 Viran A\u015fk\u0131na<\/p>\n<p>Ey Virani \u00c7\u0131kma Yoldan Do\u011fru Raha Gel Beri <br \/>Muhabbet \u015eevkat Senindir Ey Hasan-\u00dcl Askeri <br \/>Evliyalar Serfirazi Haci Bekta\u015f-\u0131 Veli <br \/>Sen Ganisin Ver Murad\u0131 Devri Mihtan A\u015fk\u0131na <\/p>\n<p>Nedir Ey Gaziler Benim Yand\u0131\u011f\u0131m<\/p>\n<p>Nedir Ey Gaziler Benim Yand\u0131\u011f\u0131m <br \/>Haldan Bilmez Yar Elinden Dertliyim <br \/>Bu A\u015fk\u0131n Ate\u015fi Yakt\u0131 Sinemi <br \/>Pervaneyim Nar Elinden Dertliyim<\/p>\n<p>Gafletten Uyand\u0131m G\u00f6z\u00fcm\u00fc A\u00e7t\u0131m <br \/>A\u015fk\u0131n K\u00fcresinde Kaynad\u0131m Pi\u015ftim <br \/>Yavru \u015eahan Gibi Tuza\u011fa D\u00fc\u015ft\u00fcm <br \/>Kurtulamam Tor Elinden Dertliyim<\/p>\n<p>Binbir Niyaz Ettin E\u011fledin Beni<br \/>Bir Kad\u0131m \u0130krara Ba\u011flad\u0131n Beni<br \/>G\u00fcl Diye Tikene Da\u011flad\u0131n Beni <br \/>Kokulatmaz Har Elinden Dertliyim<\/p>\n<p>\u00c7\u0131kt\u0131m \u015eu Alemi Seyran Etmeye <br \/>\u0130krar Verdim Bu \u0130krar\u0131 G\u00fctmeye <br \/>\u0130ndim Bedest Ana Pazar Etmeye <br \/>\u015eenli\u011fi Yok \u015ear Elinden Dertliyim<\/p>\n<p>Virani&#8217;yem \u00c7ekem Yar\u0131n Kahr\u0131n\u0131 <br \/>Ver Doldur \u0130\u00e7eyim A\u015fk\u0131n Zehrini <br \/>Muhabbete Sald\u0131k G\u00f6n\u00fcl Bahr\u0131n\u0131 <br \/>Ge\u00e7ti Zaman Zar Elinden Dertliyim<\/p>\n","protected":false},"excerpt":{"rendered":"<p>Gel Dilber A\u011flatma Beni \u015eah-I Merdan A\u015fk\u0131na D\u00fc Cihan\u0131n Ranimasi \u015eii Yezdan A\u015fk\u0131na \u015eah\u0131m Hasan Pir H\u00fcseyin Kerbela Meydan \u0130\u00e7in L\u00fctfedip Ba\u011f\u0131\u015fla C\u00fcrm\u00fcm Ali S\u00fcphan A\u015fk\u0131na Virani, 16. yy.&#8217;\u0131n sonu ile 17. yy .ba\u015flar\u0131nda ya\u015fayan g\u00fc\u00e7l\u00fc bir ozand\u0131r.\u00a0 Bekta\u015fili\u011fin ikinci piri Bal\u0131m Sultan&#8217;dan el alm\u0131\u015ft\u0131r. Bir s\u00fcre Necef-i E\u015fref de Hz. Ali T\u00fcrbesi&#8217;nde t\u00fcrbedarl\u0131k, babal\u0131k [&hellip;]<\/p>\n","protected":false},"author":1,"featured_media":0,"comment_status":"open","ping_status":"open","sticky":false,"template":"","format":"standard","meta":{"footnotes":""},"categories":[172],"tags":[],"class_list":{"0":"post-1407","1":"post","2":"type-post","3":"status-publish","4":"format-standard","6":"category-ozanlar-ve-eserleri"},"yoast_head":"<!-- This site is optimized with the Yoast SEO Premium plugin v24.9 (Yoast SEO v24.9) - https:\/\/yoast.com\/wordpress\/plugins\/seo\/ -->\n<title>Virani - Hayat\u0131 ve eserleri - narteks.net<\/title>\n<meta name=\"robots\" content=\"index, follow, max-snippet:-1, max-image-preview:large, max-video-preview:-1\" \/>\n<link rel=\"canonical\" href=\"https:\/\/narteks.net\/index.php\/2009\/11\/13\/virani-hayat-ve-eserleri\/\" \/>\n<meta property=\"og:locale\" content=\"tr_TR\" \/>\n<meta property=\"og:type\" content=\"article\" \/>\n<meta property=\"og:title\" content=\"Virani - Hayat\u0131 ve eserleri\" \/>\n<meta property=\"og:description\" content=\"Gel Dilber A\u011flatma Beni \u015eah-I Merdan A\u015fk\u0131na D\u00fc Cihan\u0131n Ranimasi \u015eii Yezdan A\u015fk\u0131na \u015eah\u0131m Hasan Pir H\u00fcseyin Kerbela Meydan \u0130\u00e7in L\u00fctfedip Ba\u011f\u0131\u015fla C\u00fcrm\u00fcm Ali S\u00fcphan A\u015fk\u0131na Virani, 16. yy.&#8217;\u0131n sonu ile 17. yy .ba\u015flar\u0131nda ya\u015fayan g\u00fc\u00e7l\u00fc bir ozand\u0131r.\u00a0 Bekta\u015fili\u011fin ikinci piri Bal\u0131m Sultan&#8217;dan el alm\u0131\u015ft\u0131r. Bir s\u00fcre Necef-i E\u015fref de Hz. Ali T\u00fcrbesi&#8217;nde t\u00fcrbedarl\u0131k, babal\u0131k [&hellip;]\" \/>\n<meta property=\"og:url\" content=\"https:\/\/narteks.net\/index.php\/2009\/11\/13\/virani-hayat-ve-eserleri\/\" \/>\n<meta property=\"og:site_name\" content=\"narteks.net\" \/>\n<meta property=\"article:published_time\" content=\"2009-11-13T12:14:10+00:00\" \/>\n<meta property=\"og:image\" content=\"https:\/\/narteks.net\/wp-content\/uploads\/narteks.png\" \/>\n\t<meta property=\"og:image:width\" content=\"300\" \/>\n\t<meta property=\"og:image:height\" content=\"90\" \/>\n\t<meta property=\"og:image:type\" content=\"image\/png\" \/>\n<meta name=\"author\" content=\"Tar\u0131k\" \/>\n<meta name=\"twitter:card\" content=\"summary_large_image\" \/>\n<meta name=\"twitter:creator\" content=\"@narteks\" \/>\n<meta name=\"twitter:site\" content=\"@narteks\" \/>\n<meta name=\"twitter:label1\" content=\"Yazan:\" \/>\n\t<meta name=\"twitter:data1\" content=\"Tar\u0131k\" \/>\n\t<meta name=\"twitter:label2\" content=\"Tahmini okuma s\u00fcresi\" \/>\n\t<meta name=\"twitter:data2\" content=\"4 dakika\" \/>\n<script type=\"application\/ld+json\" class=\"yoast-schema-graph\">{\"@context\":\"https:\/\/schema.org\",\"@graph\":[{\"@type\":\"Article\",\"@id\":\"https:\/\/narteks.net\/index.php\/2009\/11\/13\/virani-hayat-ve-eserleri\/#article\",\"isPartOf\":{\"@id\":\"https:\/\/narteks.net\/index.php\/2009\/11\/13\/virani-hayat-ve-eserleri\/\"},\"author\":{\"name\":\"Tar\u0131k\",\"@id\":\"https:\/\/narteks.net\/#\/schema\/person\/61f37d9834294b72d31d274e7ed79bca\"},\"headline\":\"Virani &#8211; Hayat\u0131 ve eserleri\",\"datePublished\":\"2009-11-13T12:14:10+00:00\",\"mainEntityOfPage\":{\"@id\":\"https:\/\/narteks.net\/index.php\/2009\/11\/13\/virani-hayat-ve-eserleri\/\"},\"wordCount\":892,\"commentCount\":0,\"publisher\":{\"@id\":\"https:\/\/narteks.net\/#organization\"},\"articleSection\":[\"Ozanlar ve Eserleri\"],\"inLanguage\":\"tr\",\"potentialAction\":[{\"@type\":\"CommentAction\",\"name\":\"Comment\",\"target\":[\"https:\/\/narteks.net\/index.php\/2009\/11\/13\/virani-hayat-ve-eserleri\/#respond\"]}]},{\"@type\":\"WebPage\",\"@id\":\"https:\/\/narteks.net\/index.php\/2009\/11\/13\/virani-hayat-ve-eserleri\/\",\"url\":\"https:\/\/narteks.net\/index.php\/2009\/11\/13\/virani-hayat-ve-eserleri\/\",\"name\":\"Virani - Hayat\u0131 ve eserleri - narteks.net\",\"isPartOf\":{\"@id\":\"https:\/\/narteks.net\/#website\"},\"datePublished\":\"2009-11-13T12:14:10+00:00\",\"breadcrumb\":{\"@id\":\"https:\/\/narteks.net\/index.php\/2009\/11\/13\/virani-hayat-ve-eserleri\/#breadcrumb\"},\"inLanguage\":\"tr\",\"potentialAction\":[{\"@type\":\"ReadAction\",\"target\":[\"https:\/\/narteks.net\/index.php\/2009\/11\/13\/virani-hayat-ve-eserleri\/\"]}]},{\"@type\":\"BreadcrumbList\",\"@id\":\"https:\/\/narteks.net\/index.php\/2009\/11\/13\/virani-hayat-ve-eserleri\/#breadcrumb\",\"itemListElement\":[{\"@type\":\"ListItem\",\"position\":1,\"name\":\"Anasayfa\",\"item\":\"https:\/\/narteks.net\/\"},{\"@type\":\"ListItem\",\"position\":2,\"name\":\"Virani &#8211; Hayat\u0131 ve eserleri\"}]},{\"@type\":\"WebSite\",\"@id\":\"https:\/\/narteks.net\/#website\",\"url\":\"https:\/\/narteks.net\/\",\"name\":\"narteks.net\",\"description\":\"K\u00fclt\u00fcr Sanat Edebiyat Felsefe\",\"publisher\":{\"@id\":\"https:\/\/narteks.net\/#organization\"},\"alternateName\":\"K\u00fclt\u00fcr Sanat Edebiyat Felsefe\",\"potentialAction\":[{\"@type\":\"SearchAction\",\"target\":{\"@type\":\"EntryPoint\",\"urlTemplate\":\"https:\/\/narteks.net\/?s={search_term_string}\"},\"query-input\":{\"@type\":\"PropertyValueSpecification\",\"valueRequired\":true,\"valueName\":\"search_term_string\"}}],\"inLanguage\":\"tr\"},{\"@type\":\"Organization\",\"@id\":\"https:\/\/narteks.net\/#organization\",\"name\":\"narteks.net\",\"url\":\"https:\/\/narteks.net\/\",\"logo\":{\"@type\":\"ImageObject\",\"inLanguage\":\"tr\",\"@id\":\"https:\/\/narteks.net\/#\/schema\/logo\/image\/\",\"url\":\"https:\/\/narteks.net\/wp-content\/uploads\/narteks.png\",\"contentUrl\":\"https:\/\/narteks.net\/wp-content\/uploads\/narteks.png\",\"width\":300,\"height\":90,\"caption\":\"narteks.net\"},\"image\":{\"@id\":\"https:\/\/narteks.net\/#\/schema\/logo\/image\/\"},\"sameAs\":[\"https:\/\/x.com\/narteks\",\"https:\/\/instagram.com\/narteksnet\"]},{\"@type\":\"Person\",\"@id\":\"https:\/\/narteks.net\/#\/schema\/person\/61f37d9834294b72d31d274e7ed79bca\",\"name\":\"Tar\u0131k\",\"image\":{\"@type\":\"ImageObject\",\"inLanguage\":\"tr\",\"@id\":\"https:\/\/narteks.net\/#\/schema\/person\/image\/\",\"url\":\"https:\/\/secure.gravatar.com\/avatar\/50865afb55632c4ae467e0af0930f6510aa2297d8014be502a55b14f3b7550cf?s=96&d=mm&r=g\",\"contentUrl\":\"https:\/\/secure.gravatar.com\/avatar\/50865afb55632c4ae467e0af0930f6510aa2297d8014be502a55b14f3b7550cf?s=96&d=mm&r=g\",\"caption\":\"Tar\u0131k\"},\"sameAs\":[\"http:\/\/narteks.net\"],\"url\":\"https:\/\/narteks.net\/index.php\/author\/narbak\/\"}]}<\/script>\n<!-- \/ Yoast SEO Premium plugin. -->","yoast_head_json":{"title":"Virani - Hayat\u0131 ve eserleri - narteks.net","robots":{"index":"index","follow":"follow","max-snippet":"max-snippet:-1","max-image-preview":"max-image-preview:large","max-video-preview":"max-video-preview:-1"},"canonical":"https:\/\/narteks.net\/index.php\/2009\/11\/13\/virani-hayat-ve-eserleri\/","og_locale":"tr_TR","og_type":"article","og_title":"Virani - Hayat\u0131 ve eserleri","og_description":"Gel Dilber A\u011flatma Beni \u015eah-I Merdan A\u015fk\u0131na D\u00fc Cihan\u0131n Ranimasi \u015eii Yezdan A\u015fk\u0131na \u015eah\u0131m Hasan Pir H\u00fcseyin Kerbela Meydan \u0130\u00e7in L\u00fctfedip Ba\u011f\u0131\u015fla C\u00fcrm\u00fcm Ali S\u00fcphan A\u015fk\u0131na Virani, 16. yy.&#8217;\u0131n sonu ile 17. yy .ba\u015flar\u0131nda ya\u015fayan g\u00fc\u00e7l\u00fc bir ozand\u0131r.\u00a0 Bekta\u015fili\u011fin ikinci piri Bal\u0131m Sultan&#8217;dan el alm\u0131\u015ft\u0131r. Bir s\u00fcre Necef-i E\u015fref de Hz. Ali T\u00fcrbesi&#8217;nde t\u00fcrbedarl\u0131k, babal\u0131k [&hellip;]","og_url":"https:\/\/narteks.net\/index.php\/2009\/11\/13\/virani-hayat-ve-eserleri\/","og_site_name":"narteks.net","article_published_time":"2009-11-13T12:14:10+00:00","og_image":[{"width":300,"height":90,"url":"https:\/\/narteks.net\/wp-content\/uploads\/narteks.png","type":"image\/png"}],"author":"Tar\u0131k","twitter_card":"summary_large_image","twitter_creator":"@narteks","twitter_site":"@narteks","twitter_misc":{"Yazan:":"Tar\u0131k","Tahmini okuma s\u00fcresi":"4 dakika"},"schema":{"@context":"https:\/\/schema.org","@graph":[{"@type":"Article","@id":"https:\/\/narteks.net\/index.php\/2009\/11\/13\/virani-hayat-ve-eserleri\/#article","isPartOf":{"@id":"https:\/\/narteks.net\/index.php\/2009\/11\/13\/virani-hayat-ve-eserleri\/"},"author":{"name":"Tar\u0131k","@id":"https:\/\/narteks.net\/#\/schema\/person\/61f37d9834294b72d31d274e7ed79bca"},"headline":"Virani &#8211; Hayat\u0131 ve eserleri","datePublished":"2009-11-13T12:14:10+00:00","mainEntityOfPage":{"@id":"https:\/\/narteks.net\/index.php\/2009\/11\/13\/virani-hayat-ve-eserleri\/"},"wordCount":892,"commentCount":0,"publisher":{"@id":"https:\/\/narteks.net\/#organization"},"articleSection":["Ozanlar ve Eserleri"],"inLanguage":"tr","potentialAction":[{"@type":"CommentAction","name":"Comment","target":["https:\/\/narteks.net\/index.php\/2009\/11\/13\/virani-hayat-ve-eserleri\/#respond"]}]},{"@type":"WebPage","@id":"https:\/\/narteks.net\/index.php\/2009\/11\/13\/virani-hayat-ve-eserleri\/","url":"https:\/\/narteks.net\/index.php\/2009\/11\/13\/virani-hayat-ve-eserleri\/","name":"Virani - Hayat\u0131 ve eserleri - narteks.net","isPartOf":{"@id":"https:\/\/narteks.net\/#website"},"datePublished":"2009-11-13T12:14:10+00:00","breadcrumb":{"@id":"https:\/\/narteks.net\/index.php\/2009\/11\/13\/virani-hayat-ve-eserleri\/#breadcrumb"},"inLanguage":"tr","potentialAction":[{"@type":"ReadAction","target":["https:\/\/narteks.net\/index.php\/2009\/11\/13\/virani-hayat-ve-eserleri\/"]}]},{"@type":"BreadcrumbList","@id":"https:\/\/narteks.net\/index.php\/2009\/11\/13\/virani-hayat-ve-eserleri\/#breadcrumb","itemListElement":[{"@type":"ListItem","position":1,"name":"Anasayfa","item":"https:\/\/narteks.net\/"},{"@type":"ListItem","position":2,"name":"Virani &#8211; Hayat\u0131 ve eserleri"}]},{"@type":"WebSite","@id":"https:\/\/narteks.net\/#website","url":"https:\/\/narteks.net\/","name":"narteks.net","description":"K\u00fclt\u00fcr Sanat Edebiyat Felsefe","publisher":{"@id":"https:\/\/narteks.net\/#organization"},"alternateName":"K\u00fclt\u00fcr Sanat Edebiyat Felsefe","potentialAction":[{"@type":"SearchAction","target":{"@type":"EntryPoint","urlTemplate":"https:\/\/narteks.net\/?s={search_term_string}"},"query-input":{"@type":"PropertyValueSpecification","valueRequired":true,"valueName":"search_term_string"}}],"inLanguage":"tr"},{"@type":"Organization","@id":"https:\/\/narteks.net\/#organization","name":"narteks.net","url":"https:\/\/narteks.net\/","logo":{"@type":"ImageObject","inLanguage":"tr","@id":"https:\/\/narteks.net\/#\/schema\/logo\/image\/","url":"https:\/\/narteks.net\/wp-content\/uploads\/narteks.png","contentUrl":"https:\/\/narteks.net\/wp-content\/uploads\/narteks.png","width":300,"height":90,"caption":"narteks.net"},"image":{"@id":"https:\/\/narteks.net\/#\/schema\/logo\/image\/"},"sameAs":["https:\/\/x.com\/narteks","https:\/\/instagram.com\/narteksnet"]},{"@type":"Person","@id":"https:\/\/narteks.net\/#\/schema\/person\/61f37d9834294b72d31d274e7ed79bca","name":"Tar\u0131k","image":{"@type":"ImageObject","inLanguage":"tr","@id":"https:\/\/narteks.net\/#\/schema\/person\/image\/","url":"https:\/\/secure.gravatar.com\/avatar\/50865afb55632c4ae467e0af0930f6510aa2297d8014be502a55b14f3b7550cf?s=96&d=mm&r=g","contentUrl":"https:\/\/secure.gravatar.com\/avatar\/50865afb55632c4ae467e0af0930f6510aa2297d8014be502a55b14f3b7550cf?s=96&d=mm&r=g","caption":"Tar\u0131k"},"sameAs":["http:\/\/narteks.net"],"url":"https:\/\/narteks.net\/index.php\/author\/narbak\/"}]}},"_links":{"self":[{"href":"https:\/\/narteks.net\/index.php\/wp-json\/wp\/v2\/posts\/1407","targetHints":{"allow":["GET"]}}],"collection":[{"href":"https:\/\/narteks.net\/index.php\/wp-json\/wp\/v2\/posts"}],"about":[{"href":"https:\/\/narteks.net\/index.php\/wp-json\/wp\/v2\/types\/post"}],"author":[{"embeddable":true,"href":"https:\/\/narteks.net\/index.php\/wp-json\/wp\/v2\/users\/1"}],"replies":[{"embeddable":true,"href":"https:\/\/narteks.net\/index.php\/wp-json\/wp\/v2\/comments?post=1407"}],"version-history":[{"count":0,"href":"https:\/\/narteks.net\/index.php\/wp-json\/wp\/v2\/posts\/1407\/revisions"}],"wp:attachment":[{"href":"https:\/\/narteks.net\/index.php\/wp-json\/wp\/v2\/media?parent=1407"}],"wp:term":[{"taxonomy":"category","embeddable":true,"href":"https:\/\/narteks.net\/index.php\/wp-json\/wp\/v2\/categories?post=1407"},{"taxonomy":"post_tag","embeddable":true,"href":"https:\/\/narteks.net\/index.php\/wp-json\/wp\/v2\/tags?post=1407"}],"curies":[{"name":"wp","href":"https:\/\/api.w.org\/{rel}","templated":true}]}}